{"id":69531,"date":"2024-08-13T15:18:21","date_gmt":"2024-08-13T21:18:21","guid":{"rendered":"https:\/\/www.grieta.org.mx\/?p=69531"},"modified":"2024-08-31T15:26:02","modified_gmt":"2024-08-31T21:26:02","slug":"por-tercera-ocasion-bloquean-pobladores-carretera-limones-chacchoben-por-falta-de-energia-electrica-quintana-roo","status":"publish","type":"post","link":"https:\/\/www.grieta.org.mx\/index.php\/2024\/08\/13\/por-tercera-ocasion-bloquean-pobladores-carretera-limones-chacchoben-por-falta-de-energia-electrica-quintana-roo\/","title":{"rendered":"Por tercera ocasi\u00f3n: Bloquean pobladores carretera Limones-Chacchoben por falta de energ\u00eda el\u00e9ctrica (Quintana Roo)"},"content":{"rendered":"<p>BACALAR, MX.\u2013 Pobladores de Chacchoben bloquearon por tercera ocasi\u00f3n la carretera que los une a Limones, en el municipio de Bacalar, con la queja de que Comisi\u00f3n Federal de Electricidad (CFE) los tiene sin energ\u00eda desde hace varios d\u00edas.<\/p>\n<p>Con troncos, llantas y piedras, los pobladores iniciaron este bloqueo que est\u00e1 ocasionando largas filas de autom\u00f3viles varados, sobre todo de camiones de volteo que prestan servicio para las obras del Tren Maya.<\/p>\n<p>En ese contexto, los manifestantes advierten que no levantar\u00e1n el bloqueo hasta que tengan energ\u00eda el\u00e9ctrica, pues recordaron ya en dos ocasiones anteriores han sido \u201cenga\u00f1ados\u201d por personal de la paraestatal.<\/p>\n<p>Resaltaron que, desde febrero pasado, iniciaron las fallas en el suministro de electricidad y la CFE a\u00fan no ha atendido su llamado para normalizar el servicio.<\/p>\n<p>Adem\u00e1s, aseguraron que la interrupci\u00f3n en el suministro y las variaciones de voltaje han causado da\u00f1os en el patrimonio de las familias.<\/p>\n<p>Los m\u00e1s afectados, seg\u00fan los manifestantes, son los comerciantes y microempresarios de la comunidad, pues sus insumos se descomponen de manera frecuente.<\/p>\n<p>Ante esta situaci\u00f3n, los manifestantes aseguraron que se mantendr\u00e1n en este punto y no permitir\u00e1n el paso de ning\u00fan veh\u00edculo, salvo que sea para alguna emergencia.<\/p>\n<p>Finalmente, los pobladores exigieron la presencia de trabajadores de la CFE, a quienes no les permitir\u00e1n salir hasta que se haya resarcido la problem\u00e1tica. (Agencia SIM)<\/p>\n<p><a href=\"https:\/\/noticaribe.com.mx\/2024\/08\/13\/por-tercera-ocasion-bloquean-pobladores-carretera-limones-chacchoben-por-falta-de-energia-electrica\/\" rel=\"noopener\" target=\"_blank\">https:\/\/noticaribe.com.mx\/2024\/08\/13\/por-tercera-ocasion-bloquean-pobladores-carretera-limones-chacchoben-por-falta-de-energia-electrica\/<\/a><\/p>\n","protected":false},"excerpt":{"rendered":"<p>BACALAR, MX.\u2013 Pobladores de Chacchoben bloquearon por tercera ocasi\u00f3n la carretera que los une a Limones, en el municipio de Bacalar, con la queja de que Comisi\u00f3n Federal de Electricidad &hellip; <a href=\"https:\/\/www.grieta.org.mx\/index.php\/2024\/08\/13\/por-tercera-ocasion-bloquean-pobladores-carretera-limones-chacchoben-por-falta-de-energia-electrica-quintana-roo\/\" class=\"more-link\">Leer m\u00e1s<\/a><\/p>\n","protected":false},"author":2,"featured_media":69532,"comment_status":"closed","ping_status":"closed","sticky":false,"template":"","format":"standard","meta":{"ngg_post_thumbnail":0,"_jetpack_newsletter_access":"","_jetpack_dont_email_post_to_subs":false,"_jetpack_newsletter_tier_id":0,"_jetpack_memberships_contains_paywalled_content":false,"_jetpack_memberships_contains_paid_content":false,"footnotes":""},"categories":[80,2905,2,28],"tags":[137,291,2849],"class_list":["post-69531","post","type-post","status-publish","format-standard","has-post-thumbnail","hentry","category-cintillo","category-conflictos-con-la-cfe-en-quintana-roo","category-noticias-nacionales","category-quintana-roo","tag-bloqueo-carretero","tag-cfe","tag-conflictos-con-la-cfe","entry"],"jetpack_featured_media_url":"https:\/\/www.grieta.org.mx\/wp-content\/uploads\/2024\/08\/Bloqueo-e1725139406799.jpg","jetpack_sharing_enabled":true,"jetpack_shortlink":"https:\/\/wp.me\/p7ZJR4-i5t","jetpack_likes_enabled":false,"jetpack-related-posts":[{"id":72230,"url":"https:\/\/www.grieta.org.mx\/index.php\/2025\/08\/16\/bloquean-carretera-tras-apagones-constantes-quintana-roo\/","url_meta":{"origin":69531,"position":0},"title":"Bloquean carretera tras apagones constantes (Quintana Roo)","author":"grieta","date":"16 agosto, 2025","format":false,"excerpt":"Sol Quintana Roo Habitantes de Bacalar bloquean la v\u00eda corta en protesta por constantes apagones y mal servicio el\u00e9ctrico, por lo que exigen a la CFE soluciones inmediatas para garantizar suministro estable Bacalar.\u2014 Habitantes de la comunidad Divorciados mantienen bloqueada la carretera de la v\u00eda corta, como protesta ante los\u2026","rel":"","context":"En &quot;CINTILLO&quot;","block_context":{"text":"CINTILLO","link":"https:\/\/www.grieta.org.mx\/index.php\/category\/cintillo\/"},"img":{"alt_text":"","src":"https:\/\/i0.wp.com\/www.grieta.org.mx\/wp-content\/uploads\/2025\/08\/Bloquean-e1755898483617.jpg?resize=350%2C200&ssl=1","width":350,"height":200,"srcset":"https:\/\/i0.wp.com\/www.grieta.org.mx\/wp-content\/uploads\/2025\/08\/Bloquean-e1755898483617.jpg?resize=350%2C200&ssl=1 1x, https:\/\/i0.wp.com\/www.grieta.org.mx\/wp-content\/uploads\/2025\/08\/Bloquean-e1755898483617.jpg?resize=525%2C300&ssl=1 1.5x, https:\/\/i0.wp.com\/www.grieta.org.mx\/wp-content\/uploads\/2025\/08\/Bloquean-e1755898483617.jpg?resize=700%2C400&ssl=1 2x"},"classes":[]},{"id":67066,"url":"https:\/\/www.grieta.org.mx\/index.php\/2023\/06\/18\/bloquearon-carretera-federal-en-bacalar-en-protesta-contra-apagones-de-cfe-quintana-roo\/","url_meta":{"origin":69531,"position":1},"title":"Bloquearon carretera Federal en Bacalar en Protesta contra Apagones de CFE (Quintana Roo)","author":"grieta","date":"18 junio, 2023","format":false,"excerpt":"Redacci\u00f3n\/CAMBIO 22 CHETUMAL, 18 de junio.- Habitantes de la ciudad de Bacalar bloquearon el paso de la carretera Federal 307 Chetumal-Canc\u00fan en las primeras horas de la madrugada de este domingo, en protesta por los apagones que se han registrado en los \u00faltimos d\u00edas y en medio del intenso calor.\u2026","rel":"","context":"En &quot;CINTILLO&quot;","block_context":{"text":"CINTILLO","link":"https:\/\/www.grieta.org.mx\/index.php\/category\/cintillo\/"},"img":{"alt_text":"","src":"https:\/\/i0.wp.com\/www.grieta.org.mx\/wp-content\/uploads\/2023\/06\/cfe2.jpg?resize=350%2C200&ssl=1","width":350,"height":200,"srcset":"https:\/\/i0.wp.com\/www.grieta.org.mx\/wp-content\/uploads\/2023\/06\/cfe2.jpg?resize=350%2C200&ssl=1 1x, https:\/\/i0.wp.com\/www.grieta.org.mx\/wp-content\/uploads\/2023\/06\/cfe2.jpg?resize=525%2C300&ssl=1 1.5x, https:\/\/i0.wp.com\/www.grieta.org.mx\/wp-content\/uploads\/2023\/06\/cfe2.jpg?resize=700%2C400&ssl=1 2x, https:\/\/i0.wp.com\/www.grieta.org.mx\/wp-content\/uploads\/2023\/06\/cfe2.jpg?resize=1050%2C600&ssl=1 3x, https:\/\/i0.wp.com\/www.grieta.org.mx\/wp-content\/uploads\/2023\/06\/cfe2.jpg?resize=1400%2C800&ssl=1 4x"},"classes":[]},{"id":69827,"url":"https:\/\/www.grieta.org.mx\/index.php\/2024\/09\/06\/ejidatarios-de-limones-bloquean-acceso-al-tren-maya-quintana-roo\/","url_meta":{"origin":69531,"position":2},"title":"Ejidatarios de Limones bloquean acceso al Tren Maya (Quintana Roo)","author":"grieta","date":"6 septiembre, 2024","format":false,"excerpt":"Christian Christ \/ De Peso Quintana Roo Este viernes 6 de septiembre habitantes del poblado de Limones, en el municipio de Bacalar, bloquearon temporalmente la entrada principal que conduce a la estaci\u00f3n del Tren Maya, debido al incumplimiento de acuerdos previamente pactados. El bloqueo se realiz\u00f3 en la carretera Chetumal-Canc\u00fan,\u2026","rel":"","context":"En &quot;CINTILLO&quot;","block_context":{"text":"CINTILLO","link":"https:\/\/www.grieta.org.mx\/index.php\/category\/cintillo\/"},"img":{"alt_text":"","src":"https:\/\/i0.wp.com\/www.grieta.org.mx\/wp-content\/uploads\/2024\/09\/bloqueo-e1727228798471.jpg?resize=350%2C200&ssl=1","width":350,"height":200,"srcset":"https:\/\/i0.wp.com\/www.grieta.org.mx\/wp-content\/uploads\/2024\/09\/bloqueo-e1727228798471.jpg?resize=350%2C200&ssl=1 1x, https:\/\/i0.wp.com\/www.grieta.org.mx\/wp-content\/uploads\/2024\/09\/bloqueo-e1727228798471.jpg?resize=525%2C300&ssl=1 1.5x, https:\/\/i0.wp.com\/www.grieta.org.mx\/wp-content\/uploads\/2024\/09\/bloqueo-e1727228798471.jpg?resize=700%2C400&ssl=1 2x"},"classes":[]},{"id":69375,"url":"https:\/\/www.grieta.org.mx\/index.php\/2024\/08\/02\/tuvieron-que-bloquear-la-carretera-para-que-la-cfe-les-devolviera-la-luz-yucatan\/","url_meta":{"origin":69531,"position":3},"title":"Tuvieron que bloquear la carretera para que la CFE les devolviera la luz (Yucat\u00e1n)","author":"grieta","date":"2 agosto, 2024","format":false,"excerpt":"Haz Ruido Pobladores de X-Calakoop ten\u00edan 15 d\u00edas sin energ\u00eda el\u00e9ctrica. No es la primera vez que la ciudadan\u00eda recurre al cierre de calles para exigir la presencia de la paraestatal. Tinum, Yucat\u00e1n, 2 de agosto de 2024.-Habitantes de la comisar\u00eda de X-Calakoop ubicada en Tinum tuvieron que recurrir a\u2026","rel":"","context":"En &quot;CINTILLO&quot;","block_context":{"text":"CINTILLO","link":"https:\/\/www.grieta.org.mx\/index.php\/category\/cintillo\/"},"img":{"alt_text":"","src":"https:\/\/i0.wp.com\/www.grieta.org.mx\/wp-content\/uploads\/2024\/08\/Xcalakoop-e1722883180455.jpg?resize=350%2C200&ssl=1","width":350,"height":200,"srcset":"https:\/\/i0.wp.com\/www.grieta.org.mx\/wp-content\/uploads\/2024\/08\/Xcalakoop-e1722883180455.jpg?resize=350%2C200&ssl=1 1x, https:\/\/i0.wp.com\/www.grieta.org.mx\/wp-content\/uploads\/2024\/08\/Xcalakoop-e1722883180455.jpg?resize=525%2C300&ssl=1 1.5x, https:\/\/i0.wp.com\/www.grieta.org.mx\/wp-content\/uploads\/2024\/08\/Xcalakoop-e1722883180455.jpg?resize=700%2C400&ssl=1 2x"},"classes":[]},{"id":69013,"url":"https:\/\/www.grieta.org.mx\/index.php\/2024\/05\/24\/vecinos-de-xcalak-bloquean-carretera-a-mahahual-llevan-30-dias-sin-luz-y-agua-quintana-roo\/","url_meta":{"origin":69531,"position":4},"title":"Vecinos de Xcalak bloquean carretera a Mahahual: llevan 30 d\u00edas sin luz y agua (Quintana Roo)","author":"grieta","date":"24 mayo, 2024","format":false,"excerpt":"Daniel Tejada. \/ Sipse En las primeras horas de este viernes, 24 de mayo, habitantes de la comunidad de Xcalak tomaron medidas dr\u00e1sticas al bloquear la carretera que conecta su localidad con Mahahual. La raz\u00f3n de esta manifestaci\u00f3n es la falta de energ\u00eda el\u00e9ctrica y agua potable, situaci\u00f3n que se\u2026","rel":"","context":"En &quot;CINTILLO&quot;","block_context":{"text":"CINTILLO","link":"https:\/\/www.grieta.org.mx\/index.php\/category\/cintillo\/"},"img":{"alt_text":"","src":"https:\/\/i0.wp.com\/www.grieta.org.mx\/wp-content\/uploads\/2024\/05\/Xcalac-e1716851745271.jpg?resize=350%2C200&ssl=1","width":350,"height":200,"srcset":"https:\/\/i0.wp.com\/www.grieta.org.mx\/wp-content\/uploads\/2024\/05\/Xcalac-e1716851745271.jpg?resize=350%2C200&ssl=1 1x, https:\/\/i0.wp.com\/www.grieta.org.mx\/wp-content\/uploads\/2024\/05\/Xcalac-e1716851745271.jpg?resize=525%2C300&ssl=1 1.5x, https:\/\/i0.wp.com\/www.grieta.org.mx\/wp-content\/uploads\/2024\/05\/Xcalac-e1716851745271.jpg?resize=700%2C400&ssl=1 2x"},"classes":[]},{"id":65651,"url":"https:\/\/www.grieta.org.mx\/index.php\/2022\/11\/02\/ejidatarios-continuan-por-segundo-dia-con-el-bloqueo-vial-en-kantunilkin-quintana-roo\/","url_meta":{"origin":69531,"position":5},"title":"Ejidatarios contin\u00faan por segundo d\u00eda con el bloqueo vial en Kantunilk\u00edn (Quintana Roo)","author":"grieta","date":"2 noviembre, 2022","format":false,"excerpt":"Luis Enrique Cauich \/ Por Esto! Los ciudadanos mantienen bloqueada la carretera al puerto de Chiquil\u00e1, se permiti\u00f3 el paso de las unidades a las diez de la ma\u00f1ana para desahogar el congestionamiento Por segundo d\u00eda, los ejidatarios de Kantunilkin mantienen bloqueada la carretera al puerto de Chiquil\u00e1, en exigencia\u2026","rel":"","context":"En &quot;CINTILLO&quot;","block_context":{"text":"CINTILLO","link":"https:\/\/www.grieta.org.mx\/index.php\/category\/cintillo\/"},"img":{"alt_text":"","src":"https:\/\/i0.wp.com\/www.grieta.org.mx\/wp-content\/uploads\/2022\/11\/Kantunilkin-e1667518119835.jpg?resize=350%2C200&ssl=1","width":350,"height":200,"srcset":"https:\/\/i0.wp.com\/www.grieta.org.mx\/wp-content\/uploads\/2022\/11\/Kantunilkin-e1667518119835.jpg?resize=350%2C200&ssl=1 1x, https:\/\/i0.wp.com\/www.grieta.org.mx\/wp-content\/uploads\/2022\/11\/Kantunilkin-e1667518119835.jpg?resize=525%2C300&ssl=1 1.5x, https:\/\/i0.wp.com\/www.grieta.org.mx\/wp-content\/uploads\/2022\/11\/Kantunilkin-e1667518119835.jpg?resize=700%2C400&ssl=1 2x"},"classes":[]}],"_links":{"self":[{"href":"https:\/\/www.grieta.org.mx\/index.php\/wp-json\/wp\/v2\/posts\/69531","targetHints":{"allow":["GET"]}}],"collection":[{"href":"https:\/\/www.grieta.org.mx\/index.php\/wp-json\/wp\/v2\/posts"}],"about":[{"href":"https:\/\/www.grieta.org.mx\/index.php\/wp-json\/wp\/v2\/types\/post"}],"author":[{"embeddable":true,"href":"https:\/\/www.grieta.org.mx\/index.php\/wp-json\/wp\/v2\/users\/2"}],"replies":[{"embeddable":true,"href":"https:\/\/www.grieta.org.mx\/index.php\/wp-json\/wp\/v2\/comments?post=69531"}],"version-history":[{"count":1,"href":"https:\/\/www.grieta.org.mx\/index.php\/wp-json\/wp\/v2\/posts\/69531\/revisions"}],"predecessor-version":[{"id":69533,"href":"https:\/\/www.grieta.org.mx\/index.php\/wp-json\/wp\/v2\/posts\/69531\/revisions\/69533"}],"wp:featuredmedia":[{"embeddable":true,"href":"https:\/\/www.grieta.org.mx\/index.php\/wp-json\/wp\/v2\/media\/69532"}],"wp:attachment":[{"href":"https:\/\/www.grieta.org.mx\/index.php\/wp-json\/wp\/v2\/media?parent=69531"}],"wp:term":[{"taxonomy":"category","embeddable":true,"href":"https:\/\/www.grieta.org.mx\/index.php\/wp-json\/wp\/v2\/categories?post=69531"},{"taxonomy":"post_tag","embeddable":true,"href":"https:\/\/www.grieta.org.mx\/index.php\/wp-json\/wp\/v2\/tags?post=69531"}],"curies":[{"name":"wp","href":"https:\/\/api.w.org\/{rel}","templated":true}]}}