{"id":69510,"date":"2024-08-23T10:58:19","date_gmt":"2024-08-23T16:58:19","guid":{"rendered":"https:\/\/www.grieta.org.mx\/?p=69510"},"modified":"2024-08-29T11:11:42","modified_gmt":"2024-08-29T17:11:42","slug":"familia-de-fallecido-en-la-fosa-septica-de-bachoco-en-la-via-merida-uman-exige-justicia-yucatan","status":"publish","type":"post","link":"https:\/\/www.grieta.org.mx\/index.php\/2024\/08\/23\/familia-de-fallecido-en-la-fosa-septica-de-bachoco-en-la-via-merida-uman-exige-justicia-yucatan\/","title":{"rendered":"Familia de fallecido en la fosa s\u00e9ptica de Bachoco en la v\u00eda M\u00e9rida-Um\u00e1n exige justicia (Yucat\u00e1n)"},"content":{"rendered":"<p>Jos\u00e9 Luis L\u00f3pez Quintal \/ Por Esto!<\/p>\n<p>Dos personas fallecieron y otra result\u00f3 gravemente herida, mientras laboraban en las instalaciones de la empresa av\u00edcola Bachoco, ubicada en la carretera M\u00e9rida-Um\u00e1n.<\/p>\n<p>Seg\u00fan datos obtenidos, los ahora difuntos hac\u00edan labores de limpieza en la fosa de desperdicios de la planta, pero sin portar los implementos necesarios de seguridad para cumplir con esa actividad.<\/p>\n<p>Las v\u00edctimas fueron identificadas como Juan, de 29 a\u00f1os de edad, originario del municipio de Hunucm\u00e1, y Pedro Chal\u00e9, vecino del fraccionamiento Acim en Um\u00e1n.<\/p>\n<p>De acuerdo con algunos testimonios, uno de los trabajadores se desmay\u00f3 a consecuencia de la inhalaci\u00f3n de gases t\u00f3xicos. Su compa\u00f1ero, al intentar rescatarlo, tambi\u00e9n se arriesg\u00f3 a las condiciones peligrosas. Un tercer empleado, que intent\u00f3 ayudar, result\u00f3 atrapado, pero fue rescatado por los Bomberos y est\u00e1 en estado grave.<\/p>\n<figure id=\"attachment_69512\" aria-describedby=\"caption-attachment-69512\" style=\"width: 800px\" class=\"wp-caption alignnone\"><img loading=\"lazy\" decoding=\"async\" data-attachment-id=\"69512\" data-permalink=\"https:\/\/www.grieta.org.mx\/index.php\/2024\/08\/23\/familia-de-fallecido-en-la-fosa-septica-de-bachoco-en-la-via-merida-uman-exige-justicia-yucatan\/screenshot-107\/\" data-orig-file=\"https:\/\/www.grieta.org.mx\/wp-content\/uploads\/2024\/08\/Bachoco2-e1724951037979.jpg\" data-orig-size=\"800,295\" data-comments-opened=\"0\" data-image-meta=\"{&quot;aperture&quot;:&quot;0&quot;,&quot;credit&quot;:&quot;&quot;,&quot;camera&quot;:&quot;&quot;,&quot;caption&quot;:&quot;Screenshot&quot;,&quot;created_timestamp&quot;:&quot;0&quot;,&quot;copyright&quot;:&quot;&quot;,&quot;focal_length&quot;:&quot;0&quot;,&quot;iso&quot;:&quot;0&quot;,&quot;shutter_speed&quot;:&quot;0&quot;,&quot;title&quot;:&quot;Screenshot&quot;,&quot;orientation&quot;:&quot;1&quot;}\" data-image-title=\"Screenshot\" data-image-description=\"\" data-image-caption=\"&lt;p&gt;La SSP y FGE Yucat\u00e1n realiz\u00f3 un operativo en la planta de Bachoco \/ Especial&lt;\/p&gt;\n\" data-medium-file=\"https:\/\/www.grieta.org.mx\/wp-content\/uploads\/2024\/08\/Bachoco2-300x111.jpg\" data-large-file=\"https:\/\/www.grieta.org.mx\/wp-content\/uploads\/2024\/08\/Bachoco2-1024x378.jpg\" src=\"http:\/\/www.grieta.org.mx\/wp-content\/uploads\/2024\/08\/Bachoco2-e1724951037979.jpg\" alt=\"\" width=\"800\" height=\"295\" class=\"size-full wp-image-69512\" \/><figcaption id=\"caption-attachment-69512\" class=\"wp-caption-text\">La SSP y FGE Yucat\u00e1n realiz\u00f3 un operativo en la planta de Bachoco \/ Especial<\/figcaption><\/figure>\n<p>Equipos de emergencia acudieron al sitio para tomar cartas en el asunto y agentes de la Secretar\u00eda de Seguridad P\u00fablica (SSP). Se habl\u00f3 de que los uniformados tuvieron dificultades para que cumplieran con su labor, porque en primera instancia se les neg\u00f3 la entrada a las instalaciones de la empresa, especialmente de los oficiales de la Polic\u00eda Estatal Investigadora (PEI).<\/p>\n<p>Esa reticencia del personal de la empresa gener\u00f3 tensiones, ya que se esperaba la colaboraci\u00f3n total para agilizar el rescate. Los Bomberos lograron rescatar el cuerpo de uno de los empleados, pero el segundo tard\u00f3 un poco recuperarlo<\/p>\n<p>Los uniformados delimitaron el inmueble para que se llevaran a cabo las maniobras de rescate de los cuerpos y las diligencias para esclarecer las circunstancias de c\u00f3mo ocurrieron los hechos. Las labores en la planta se interrumpieron y el acceso a cualquier veh\u00edculo o persona estuvo restringida.<\/p>\n<p><strong>Pronunciamiento familiar<\/strong><\/p>\n<p>Luego de enterarse del deceso, familiares de Juan invitaron a representantes de comunicaci\u00f3n a su domicilio de la calle 37 entre 32 y 34 del Centro de esa ciudad. Los padres dijeron que llevaba cinco a\u00f1os de laborar en la empresa y que lo pusieron a limpiar ca\u00f1os del sumidero, cunado esa no es su labor.<\/p>\n<p>Pidieron que se d\u00e9 a conocer su situaci\u00f3n econ\u00f3mica, con la esperanza de que alg\u00fan abogado los asista para atender este caso. \u201cSomos personas de escasos recursos y no sabemos qu\u00e9 hacer para exigir los derechos que corresponden. Esperamos que por estos medios de comunicaci\u00f3n alguna persona de buenos sentimientos nos asista ante las autoridades correspondientes\u201d, manifestaron.<\/p>\n<figure id=\"attachment_69513\" aria-describedby=\"caption-attachment-69513\" style=\"width: 800px\" class=\"wp-caption alignnone\"><img loading=\"lazy\" decoding=\"async\" data-attachment-id=\"69513\" data-permalink=\"https:\/\/www.grieta.org.mx\/index.php\/2024\/08\/23\/familia-de-fallecido-en-la-fosa-septica-de-bachoco-en-la-via-merida-uman-exige-justicia-yucatan\/screenshot-108\/\" data-orig-file=\"https:\/\/www.grieta.org.mx\/wp-content\/uploads\/2024\/08\/Bachoco3-e1724951204888.jpg\" data-orig-size=\"800,297\" data-comments-opened=\"0\" data-image-meta=\"{&quot;aperture&quot;:&quot;0&quot;,&quot;credit&quot;:&quot;&quot;,&quot;camera&quot;:&quot;&quot;,&quot;caption&quot;:&quot;Screenshot&quot;,&quot;created_timestamp&quot;:&quot;0&quot;,&quot;copyright&quot;:&quot;&quot;,&quot;focal_length&quot;:&quot;0&quot;,&quot;iso&quot;:&quot;0&quot;,&quot;shutter_speed&quot;:&quot;0&quot;,&quot;title&quot;:&quot;Screenshot&quot;,&quot;orientation&quot;:&quot;1&quot;}\" data-image-title=\"Screenshot\" data-image-description=\"\" data-image-caption=\"&lt;p&gt;Bachoco no ha informado sobre el accidente en la planta de la M\u00e9rida-Um\u00e1n \/ Especial&lt;\/p&gt;\n\" data-medium-file=\"https:\/\/www.grieta.org.mx\/wp-content\/uploads\/2024\/08\/Bachoco3-300x111.jpg\" data-large-file=\"https:\/\/www.grieta.org.mx\/wp-content\/uploads\/2024\/08\/Bachoco3-1024x380.jpg\" src=\"http:\/\/www.grieta.org.mx\/wp-content\/uploads\/2024\/08\/Bachoco3-e1724951204888.jpg\" alt=\"\" width=\"800\" height=\"297\" class=\"size-full wp-image-69513\" \/><figcaption id=\"caption-attachment-69513\" class=\"wp-caption-text\">Bachoco no ha informado sobre el accidente en la planta de la M\u00e9rida-Um\u00e1n \/ Especial<\/figcaption><\/figure>\n<p>A su vez, el hermano del ahora fallecido declar\u00f3 que ayer a las 5:00 horas, Juan sali\u00f3 de la casa rumbo a su trabajo, como de costumbre, pero al mediod\u00eda les avisaron de su fallecimiento. Sin embargo, ning\u00fan representante de la empresa av\u00edcola les ha informado c\u00f3mo resolver el asunto.<\/p>\n<p>\u201cSomos gente de trabajo y mi hermano siempre fue muy atento a las \u00f3rdenes de sus superiores en la granja y, de hecho, hasta donde s\u00e9, a \u00e9l no le correspond\u00eda limpiar los ca\u00f1os. Pero si alg\u00fan jefe se lo ordenaba obedec\u00eda sin replicar, como seguramente ocurri\u00f3. Ahora estamos ac\u00e1 en la casa sin saber qu\u00e9 hacer; necesitamos ayuda y asesor\u00eda adecuada para pedir justicia por la tragedia\u201d, puntualiz\u00f3.<\/p>\n<p>GC<\/p>\n<p><a href=\"https:\/\/www.poresto.net\/yucatan\/merida\/2024\/8\/23\/familia-fallecido-tras-caer-en-la-fosa-septica-de-bachoco-en-la-via-merida-uman-exige-justicia.html\" rel=\"noopener\" target=\"_blank\">https:\/\/www.poresto.net\/yucatan\/merida\/2024\/8\/23\/familia-fallecido-tras-caer-en-la-fosa-septica-de-bachoco-en-la-via-merida-uman-exige-justicia.html<\/a><\/p>\n","protected":false},"excerpt":{"rendered":"<p>Jos\u00e9 Luis L\u00f3pez Quintal \/ Por Esto! Dos personas fallecieron y otra result\u00f3 gravemente herida, mientras laboraban en las instalaciones de la empresa av\u00edcola Bachoco, ubicada en la carretera M\u00e9rida-Um\u00e1n. &hellip; <a href=\"https:\/\/www.grieta.org.mx\/index.php\/2024\/08\/23\/familia-de-fallecido-en-la-fosa-septica-de-bachoco-en-la-via-merida-uman-exige-justicia-yucatan\/\" class=\"more-link\">Leer m\u00e1s<\/a><\/p>\n","protected":false},"author":2,"featured_media":69511,"comment_status":"closed","ping_status":"closed","sticky":false,"template":"","format":"standard","meta":{"ngg_post_thumbnail":0,"_jetpack_newsletter_access":"","_jetpack_dont_email_post_to_subs":false,"_jetpack_newsletter_tier_id":0,"_jetpack_memberships_contains_paywalled_content":false,"_jetpack_memberships_contains_paid_content":false,"footnotes":""},"categories":[42,80,910,1020,3,922,952,2,3211,83,36],"tags":[882,281,3778,634,2841],"class_list":["post-69510","post","type-post","status-publish","format-standard","has-post-thumbnail","hentry","category-agroindustria","category-cintillo","category-explotacion-y-precariedad-laboral","category-granja-porcicola","category-megaproyectos","category-megaproyectos-estados","category-mp-yucatan","category-noticias-nacionales","category-precariedad-laboral-en-yucatan","category-temas-nacionales","category-yucatan","tag-accidentes-laborales","tag-agroindustria","tag-bachoco","tag-condiciones-laborales","tag-explotacion-y-precariedad-laboral","entry"],"jetpack_featured_media_url":"https:\/\/www.grieta.org.mx\/wp-content\/uploads\/2024\/08\/Bachoco-e1724950934511.jpg","jetpack_sharing_enabled":true,"jetpack_shortlink":"https:\/\/wp.me\/p7ZJR4-i58","jetpack_likes_enabled":false,"jetpack-related-posts":[{"id":71825,"url":"https:\/\/www.grieta.org.mx\/index.php\/2025\/06\/05\/maestros-bloquean-acceso-al-aeropuerto-de-merida-yucatan\/","url_meta":{"origin":69510,"position":0},"title":"Maestros bloquean acceso al aeropuerto de M\u00e9rida (Yucat\u00e1n)","author":"grieta","date":"5 junio, 2025","format":false,"excerpt":"Herbeth Escalante \/ Haz Ruido Desde temprana hora, docentes de la CNTE han tomado la avenida Aviaci\u00f3n e incluso protestaron en las puertas del aeropuerto. M\u00e9rida, Yucat\u00e1n, 5 de junio de 2025.- Aproximadamente 3 mil maestros de la Coordinadora Nacional de Trabajadores de la Educaci\u00f3n (CNTE) mantienen bloqueado el acceso\u2026","rel":"","context":"En &quot;CINTILLO&quot;","block_context":{"text":"CINTILLO","link":"https:\/\/www.grieta.org.mx\/index.php\/category\/cintillo\/"},"img":{"alt_text":"","src":"https:\/\/i0.wp.com\/www.grieta.org.mx\/wp-content\/uploads\/2025\/06\/Maestros-e1749477518770.jpg?resize=350%2C200&ssl=1","width":350,"height":200,"srcset":"https:\/\/i0.wp.com\/www.grieta.org.mx\/wp-content\/uploads\/2025\/06\/Maestros-e1749477518770.jpg?resize=350%2C200&ssl=1 1x, https:\/\/i0.wp.com\/www.grieta.org.mx\/wp-content\/uploads\/2025\/06\/Maestros-e1749477518770.jpg?resize=525%2C300&ssl=1 1.5x, https:\/\/i0.wp.com\/www.grieta.org.mx\/wp-content\/uploads\/2025\/06\/Maestros-e1749477518770.jpg?resize=700%2C400&ssl=1 2x"},"classes":[]},{"id":68296,"url":"https:\/\/www.grieta.org.mx\/index.php\/2024\/01\/08\/bachoco-continua-bloqueo-contra-campesinos-a-tierras-ejidales-en-hunucma-yucatan\/","url_meta":{"origin":69510,"position":1},"title":"Bachoco contin\u00faa bloqueo contra campesinos a tierras ejidales en Hunucm\u00e1 (Yucat\u00e1n)","author":"grieta","date":"8 enero, 2024","format":false,"excerpt":"Armando P\u00e9rez \/ Por Esto! Luego de fallar en su intento de cercar un camino en San Eduardo, Bachoco no parece dispuesto cesar en su intento de limitar el acceso a tierras ejidales en Hunucm\u00e1, cuyos propietarios habitan y trabajan ah\u00ed todos los d\u00edas. Como POR ESTO!, inform\u00f3, la productora\u2026","rel":"","context":"En &quot;Agroindustria&quot;","block_context":{"text":"Agroindustria","link":"https:\/\/www.grieta.org.mx\/index.php\/category\/megaproyectos\/agroindustria\/"},"img":{"alt_text":"","src":"https:\/\/i0.wp.com\/www.grieta.org.mx\/wp-content\/uploads\/2024\/01\/Bachoco-e1704992026145.jpg?resize=350%2C200&ssl=1","width":350,"height":200,"srcset":"https:\/\/i0.wp.com\/www.grieta.org.mx\/wp-content\/uploads\/2024\/01\/Bachoco-e1704992026145.jpg?resize=350%2C200&ssl=1 1x, https:\/\/i0.wp.com\/www.grieta.org.mx\/wp-content\/uploads\/2024\/01\/Bachoco-e1704992026145.jpg?resize=525%2C300&ssl=1 1.5x, https:\/\/i0.wp.com\/www.grieta.org.mx\/wp-content\/uploads\/2024\/01\/Bachoco-e1704992026145.jpg?resize=700%2C400&ssl=1 2x"},"classes":[]},{"id":71828,"url":"https:\/\/www.grieta.org.mx\/index.php\/2025\/06\/10\/ahora-la-utm-se-une-al-paro-yucatan\/","url_meta":{"origin":69510,"position":2},"title":"Ahora la UTM se une al paro (Yucat\u00e1n)","author":"grieta","date":"10 junio, 2025","format":false,"excerpt":"Herbeth Escalante \/ Haz Ruido Los docentes y el personal administrativo exigen mejores condiciones laborales y mejorar la infraestructura para sus estudiantes M\u00e9rida, Yucat\u00e1n, 10 de junio de 2025.- Desde temprana hora, docentes y personal administrativo cerraron con candados las rejas de las instalaciones de la Universidad Tecnol\u00f3gica Metropolitana (UTM)\u2026","rel":"","context":"En &quot;CINTILLO&quot;","block_context":{"text":"CINTILLO","link":"https:\/\/www.grieta.org.mx\/index.php\/category\/cintillo\/"},"img":{"alt_text":"","src":"https:\/\/i0.wp.com\/www.grieta.org.mx\/wp-content\/uploads\/2025\/06\/Utm-e1749645096482.jpg?resize=350%2C200&ssl=1","width":350,"height":200,"srcset":"https:\/\/i0.wp.com\/www.grieta.org.mx\/wp-content\/uploads\/2025\/06\/Utm-e1749645096482.jpg?resize=350%2C200&ssl=1 1x, https:\/\/i0.wp.com\/www.grieta.org.mx\/wp-content\/uploads\/2025\/06\/Utm-e1749645096482.jpg?resize=525%2C300&ssl=1 1.5x, https:\/\/i0.wp.com\/www.grieta.org.mx\/wp-content\/uploads\/2025\/06\/Utm-e1749645096482.jpg?resize=700%2C400&ssl=1 2x"},"classes":[]},{"id":65626,"url":"https:\/\/www.grieta.org.mx\/index.php\/2022\/10\/24\/denuncian-que-empresas-porcicolas-ademas-de-contaminar-vulneran-los-derechos-de-trabajadores-en-yucatan\/","url_meta":{"origin":69510,"position":3},"title":"Denuncian que empresas porc\u00edcolas adem\u00e1s de contaminar, vulneran los derechos de trabajadores en Yucat\u00e1n","author":"grieta","date":"24 octubre, 2022","format":false,"excerpt":"Itzel Chan \/ Noticaribe M\u00c9RIDA, MX.- Adem\u00e1s de las quejas que ya se han presentado en relaci\u00f3n a la contaminaci\u00f3n que generan empresas porc\u00edcolas en Yucat\u00e1n, tambi\u00e9n vulneran los derechos de quienes trabajan en ellas, as\u00ed lo denuncian excolaboradores y asociaciones civiles. Empleados y exempleados de la empresa \u201cProductos Pecuarios\u2026","rel":"","context":"En &quot;Agroindustria&quot;","block_context":{"text":"Agroindustria","link":"https:\/\/www.grieta.org.mx\/index.php\/category\/megaproyectos\/agroindustria\/"},"img":{"alt_text":"","src":"https:\/\/i0.wp.com\/www.grieta.org.mx\/wp-content\/uploads\/2022\/10\/Granjas-e1666889007207.jpg?resize=350%2C200&ssl=1","width":350,"height":200,"srcset":"https:\/\/i0.wp.com\/www.grieta.org.mx\/wp-content\/uploads\/2022\/10\/Granjas-e1666889007207.jpg?resize=350%2C200&ssl=1 1x, https:\/\/i0.wp.com\/www.grieta.org.mx\/wp-content\/uploads\/2022\/10\/Granjas-e1666889007207.jpg?resize=525%2C300&ssl=1 1.5x, https:\/\/i0.wp.com\/www.grieta.org.mx\/wp-content\/uploads\/2022\/10\/Granjas-e1666889007207.jpg?resize=700%2C400&ssl=1 2x"},"classes":[]},{"id":71764,"url":"https:\/\/www.grieta.org.mx\/index.php\/2025\/05\/27\/maestros-protestan-en-merida-e-intentan-arrollarlos-yucatan\/","url_meta":{"origin":69510,"position":4},"title":"Maestros protestan en M\u00e9rida e intentan arrollarlos (Yucat\u00e1n)","author":"grieta","date":"27 mayo, 2025","format":false,"excerpt":"Herbeth Escalante \/ Haz Ruido Las y los maestros yucatecos se han sumado a la huelga nacional convocada por la CNTE, aunque tambi\u00e9n est\u00e1n protestando profesores del SNTE. M\u00e1s de 180 escuelas de Yucat\u00e1n est\u00e1n en paro desde hace una semana. M\u00e9rida, Yucat\u00e1n, 27 de mayo de 2025.- M\u00e1s de\u2026","rel":"","context":"En &quot;CINTILLO&quot;","block_context":{"text":"CINTILLO","link":"https:\/\/www.grieta.org.mx\/index.php\/category\/cintillo\/"},"img":{"alt_text":"","src":"https:\/\/i0.wp.com\/www.grieta.org.mx\/wp-content\/uploads\/2025\/06\/Paro-e1749035806353.jpg?resize=350%2C200&ssl=1","width":350,"height":200,"srcset":"https:\/\/i0.wp.com\/www.grieta.org.mx\/wp-content\/uploads\/2025\/06\/Paro-e1749035806353.jpg?resize=350%2C200&ssl=1 1x, https:\/\/i0.wp.com\/www.grieta.org.mx\/wp-content\/uploads\/2025\/06\/Paro-e1749035806353.jpg?resize=525%2C300&ssl=1 1.5x, https:\/\/i0.wp.com\/www.grieta.org.mx\/wp-content\/uploads\/2025\/06\/Paro-e1749035806353.jpg?resize=700%2C400&ssl=1 2x"},"classes":[]},{"id":68579,"url":"https:\/\/www.grieta.org.mx\/index.php\/2024\/03\/04\/aeropuerto-de-merida-trabajadores-de-la-empresa-menzies-aviation-se-declaran-en-paro-yucatan\/","url_meta":{"origin":69510,"position":5},"title":"Aeropuerto de M\u00e9rida: Trabajadores de la empresa Menzies Aviation se declaran en paro (Yucat\u00e1n)","author":"grieta","date":"4 marzo, 2024","format":false,"excerpt":"V\u00edctor Lara Mart\u00ednez \/ Por Esto! Esta empresa tiene a su cargo los servicios esenciales en tierra de las aerol\u00edneas que operan en este aeropuerto. Sin embargo, desde el mes de diciembre enfrenta diversas demoras en sus servicios tras la renuncia masiva de trabajadores, quienes han denunciado malas condiciones generales\u2026","rel":"","context":"En &quot;CINTILLO&quot;","block_context":{"text":"CINTILLO","link":"https:\/\/www.grieta.org.mx\/index.php\/category\/cintillo\/"},"img":{"alt_text":"","src":"https:\/\/i0.wp.com\/www.grieta.org.mx\/wp-content\/uploads\/2024\/03\/trabajadoresAeropuerto-e1709581109641.jpg?resize=350%2C200&ssl=1","width":350,"height":200,"srcset":"https:\/\/i0.wp.com\/www.grieta.org.mx\/wp-content\/uploads\/2024\/03\/trabajadoresAeropuerto-e1709581109641.jpg?resize=350%2C200&ssl=1 1x, https:\/\/i0.wp.com\/www.grieta.org.mx\/wp-content\/uploads\/2024\/03\/trabajadoresAeropuerto-e1709581109641.jpg?resize=525%2C300&ssl=1 1.5x, https:\/\/i0.wp.com\/www.grieta.org.mx\/wp-content\/uploads\/2024\/03\/trabajadoresAeropuerto-e1709581109641.jpg?resize=700%2C400&ssl=1 2x"},"classes":[]}],"_links":{"self":[{"href":"https:\/\/www.grieta.org.mx\/index.php\/wp-json\/wp\/v2\/posts\/69510","targetHints":{"allow":["GET"]}}],"collection":[{"href":"https:\/\/www.grieta.org.mx\/index.php\/wp-json\/wp\/v2\/posts"}],"about":[{"href":"https:\/\/www.grieta.org.mx\/index.php\/wp-json\/wp\/v2\/types\/post"}],"author":[{"embeddable":true,"href":"https:\/\/www.grieta.org.mx\/index.php\/wp-json\/wp\/v2\/users\/2"}],"replies":[{"embeddable":true,"href":"https:\/\/www.grieta.org.mx\/index.php\/wp-json\/wp\/v2\/comments?post=69510"}],"version-history":[{"count":1,"href":"https:\/\/www.grieta.org.mx\/index.php\/wp-json\/wp\/v2\/posts\/69510\/revisions"}],"predecessor-version":[{"id":69514,"href":"https:\/\/www.grieta.org.mx\/index.php\/wp-json\/wp\/v2\/posts\/69510\/revisions\/69514"}],"wp:featuredmedia":[{"embeddable":true,"href":"https:\/\/www.grieta.org.mx\/index.php\/wp-json\/wp\/v2\/media\/69511"}],"wp:attachment":[{"href":"https:\/\/www.grieta.org.mx\/index.php\/wp-json\/wp\/v2\/media?parent=69510"}],"wp:term":[{"taxonomy":"category","embeddable":true,"href":"https:\/\/www.grieta.org.mx\/index.php\/wp-json\/wp\/v2\/categories?post=69510"},{"taxonomy":"post_tag","embeddable":true,"href":"https:\/\/www.grieta.org.mx\/index.php\/wp-json\/wp\/v2\/tags?post=69510"}],"curies":[{"name":"wp","href":"https:\/\/api.w.org\/{rel}","templated":true}]}}