{"id":69476,"date":"2024-08-09T13:59:17","date_gmt":"2024-08-09T19:59:17","guid":{"rendered":"https:\/\/www.grieta.org.mx\/?p=69476"},"modified":"2024-08-28T14:10:58","modified_gmt":"2024-08-28T20:10:58","slug":"el-precio-del-activismo-ambiental-en-veracruz-persecucion-o-muerte","status":"publish","type":"post","link":"https:\/\/www.grieta.org.mx\/index.php\/2024\/08\/09\/el-precio-del-activismo-ambiental-en-veracruz-persecucion-o-muerte\/","title":{"rendered":"El precio del activismo ambiental en Veracruz: persecuci\u00f3n o muerte"},"content":{"rendered":"<p>Fernanda Malpica \/ La silla rota Veracruz<\/p>\n<p><strong>Defender los recursos naturales y el territorio en Veracruz muta a una actividad de alto riesgo en las poblaciones m\u00e1s peque\u00f1as<\/strong><\/p>\n<p>XALAPA, VER.- Ambrosio sali\u00f3 corriendo todav\u00eda con los shorts puestos que usaba para descansar en su casa. Segundos antes recibi\u00f3 el llamado urgente de la esposa de su primo, avis\u00e1ndole que sujetos vestidos de civiles lo sacaron a jalones de su domicilio: un \u201clevant\u00f3n\u201d, es lo \u00fanico que pens\u00f3. En realidad, se trat\u00f3 de la detenci\u00f3n de Minervo Cantor Pe\u00f1a, de 62 a\u00f1os, acusado por la empresa Agroindustrias Unidas de M\u00e9xico Sociedad An\u00f3nima de Capital Variable (AMSA SA de CV) de un incendio a sus instalaciones.<\/p>\n<p>Ambrosio y Minervo se dedican a la siembra, cosecha y venta de caf\u00e9 en Ixhuatl\u00e1n del Caf\u00e9, Veracruz. Por el nombre del municipio, queda claro cu\u00e1l es la actividad de la que dependen las familias, donde la escultura de una taza de caf\u00e9 en el parque principal es uno de los \u00edconos.<\/p>\n<p>Los dos campesinos trabajan en la regi\u00f3n de las Altas Monta\u00f1as, en las faldas del Pico de Orizaba, lo que el Servicio de Informaci\u00f3n Agroalimentaria y Pesquera (SIAP) denomina como el \u201cdistrito Fort\u00edn\u201d. Esta regi\u00f3n se posicion\u00f3 \u2013 seg\u00fan el informe m\u00e1s actual de junio del 2024 \u2013 como el primer lugar nacional productor de caf\u00e9 cereza, lo que signific\u00f3 128 mil 889.53 toneladas del fruto.<\/p>\n<p>La compra de este empuje de productividad es monopolizado por una empresa mexicana, AMSA, instalada en el municipio desde hace 20 a\u00f1os, y forma parte del grupo ECOM Trading, compa\u00f1\u00eda de origen catal\u00e1n fundada en 1849 por la familia Esteves, con presencia en 40 pa\u00edses, dedicada al procesamiento y comercializaci\u00f3n a escala mundial principalmente de algod\u00f3n, cacao y caf\u00e9.<\/p>\n<p><img loading=\"lazy\" decoding=\"async\" data-attachment-id=\"69477\" data-permalink=\"https:\/\/www.grieta.org.mx\/index.php\/2024\/08\/09\/el-precio-del-activismo-ambiental-en-veracruz-persecucion-o-muerte\/screenshot-2024-08-28-at-14-00-56-el-precio-del-activismo-ambiental-en-veracruz-persecucion-o-muerte-la-silla-rota\/\" data-orig-file=\"https:\/\/www.grieta.org.mx\/wp-content\/uploads\/2024\/08\/Screenshot-2024-08-28-at-14-00-56-El-precio-del-activismo-ambiental-en-Veracruz-persecucion-o-muerte-La-Silla-Rota.png\" data-orig-size=\"960,721\" data-comments-opened=\"0\" data-image-meta=\"{&quot;aperture&quot;:&quot;0&quot;,&quot;credit&quot;:&quot;&quot;,&quot;camera&quot;:&quot;&quot;,&quot;caption&quot;:&quot;&quot;,&quot;created_timestamp&quot;:&quot;0&quot;,&quot;copyright&quot;:&quot;&quot;,&quot;focal_length&quot;:&quot;0&quot;,&quot;iso&quot;:&quot;0&quot;,&quot;shutter_speed&quot;:&quot;0&quot;,&quot;title&quot;:&quot;&quot;,&quot;orientation&quot;:&quot;0&quot;}\" data-image-title=\"Screenshot 2024-08-28 at 14-00-56 El precio del activismo ambiental en Veracruz persecuci\u00f3n o muerte La Silla Rota\" data-image-description=\"\" data-image-caption=\"\" data-medium-file=\"https:\/\/www.grieta.org.mx\/wp-content\/uploads\/2024\/08\/Screenshot-2024-08-28-at-14-00-56-El-precio-del-activismo-ambiental-en-Veracruz-persecucion-o-muerte-La-Silla-Rota-300x225.png\" data-large-file=\"https:\/\/www.grieta.org.mx\/wp-content\/uploads\/2024\/08\/Screenshot-2024-08-28-at-14-00-56-El-precio-del-activismo-ambiental-en-Veracruz-persecucion-o-muerte-La-Silla-Rota.png\" src=\"http:\/\/www.grieta.org.mx\/wp-content\/uploads\/2024\/08\/Screenshot-2024-08-28-at-14-00-56-El-precio-del-activismo-ambiental-en-Veracruz-persecucion-o-muerte-La-Silla-Rota.png\" alt=\"\" width=\"960\" height=\"721\" class=\"alignnone size-full wp-image-69477\" srcset=\"https:\/\/www.grieta.org.mx\/wp-content\/uploads\/2024\/08\/Screenshot-2024-08-28-at-14-00-56-El-precio-del-activismo-ambiental-en-Veracruz-persecucion-o-muerte-La-Silla-Rota.png 960w, https:\/\/www.grieta.org.mx\/wp-content\/uploads\/2024\/08\/Screenshot-2024-08-28-at-14-00-56-El-precio-del-activismo-ambiental-en-Veracruz-persecucion-o-muerte-La-Silla-Rota-300x225.png 300w, https:\/\/www.grieta.org.mx\/wp-content\/uploads\/2024\/08\/Screenshot-2024-08-28-at-14-00-56-El-precio-del-activismo-ambiental-en-Veracruz-persecucion-o-muerte-La-Silla-Rota-768x577.png 768w\" sizes=\"auto, (max-width: 960px) 100vw, 960px\" \/><\/p>\n<p>Los compromisos de ECOM de \u201cmejorar los medios de vida de trabajadores y granjeros\u201d, as\u00ed como de \u201cproteger y regenerar la naturaleza\u201d \u2013 seg\u00fan su p\u00e1gina oficial\u2013 contrastan con las denuncias por pagos injustos y contaminaci\u00f3n del r\u00edo que los campesinos en Ixhuatl\u00e1n del Caf\u00e9, acusan que causa las instalaciones del beneficio que tiene en el municipio.<\/p>\n<p>Esta investigaci\u00f3n documenta por primera vez dos casos recientes de represalias que sufrieron campesinos veracruzanos tras tomar las instalaciones de empresas trasnacionales, en la c\u00faspide de sus demandas acumuladas por a\u00f1os en esta entidad. Las quejas fueron silenciadas tras la liberaci\u00f3n de \u00f3rdenes de aprehensi\u00f3n y dos cr\u00edmenes.<\/p>\n<p>Ambos casos abren la cloaca de un problema m\u00e1s profundo. Las autoridades estatales han sumado a infundir el terror en peque\u00f1as poblaciones, donde protestar puede costar la tranquilidad o la vida, contrario a la \u201cpol\u00edtica de no represi\u00f3n\u201d del presidente Andr\u00e9s Manuel L\u00f3pez Obrador.<\/p>\n<p>Las detenciones<br \/>\nAmbrosio Pe\u00f1a cuenta con una orden de aprehensi\u00f3n acusado por el delito de estragos. Est\u00e1 seguro que, si aquella ma\u00f1ana del 26 de mayo del 2023 no hubiera salido de casa en auxilio de su primo, tambi\u00e9n lo habr\u00edan detenido frente a su esposa, hijos y nietos menores de edad.<\/p>\n<p>Polic\u00edas ministeriales se presentaron en su casa y le marcaron para intentar hacerlo regresar; dijeron que \u201csupuestamente estaba acusado de un secuestro\u201d, recuerda. No era as\u00ed. En realidad era parte de las 12 detenciones que se buscaban ejecutar y de las cuales se lograron cinco.<\/p>\n<p>Minervo Cantor Pe\u00f1a, Crisanto Valiente Miram\u00f3n, Abraham Cabal Pulido, Ciro Ruiz Gonz\u00e1lez y Viridiana Bret\u00f3n Feito fueron detenidos y acusados de provocar el incendio de una oficina de AMSA el 24 de enero del 2022. Viridiana Bret\u00f3n es exalcaldesa de Ixhuatl\u00e1n del Caf\u00e9 &#8211; abanderada por el Partido Acci\u00f3n Nacional -, mientras que el resto son campesinos caficultores, destacando Ciro Ru\u00edz, fuerte activista y presidente del Consejo Regional del Caf\u00e9 de Coatepec.<\/p>\n<p>Previo al incendio, hubo tres d\u00edas de protestas con la toma de las instalaciones de AMSA para exigir que el caf\u00e9 tuviera un valor justo, pues pasaron de pagar 16 a 11 pesos por kilo. Tambi\u00e9n ped\u00edan un trato digno y solidario a los trabajadores del campo, y un alto a la contaminaci\u00f3n con aguas negras del r\u00edo. El plant\u00f3n fue levantado cuando les alertaron por la presencia de elementos policiacos.<\/p>\n<p>El 31 de enero del mismo a\u00f1o, el gobernador Cuitl\u00e1huac Garc\u00eda asever\u00f3 en rueda de prensa que Viridiana Bret\u00f3n alent\u00f3 a \u201ccoyotes\u201d a causar el incendio. As\u00ed es como se les conoce a los intermediarios entre la compra del caf\u00e9 de los productores para revenderlo y despu\u00e9s quedarse con la diferencia del dinero en el proceso.<\/p>\n<p>Francisco Faus Sotelo &#8211; director de operaciones de AMSA &#8211; fue consultado por una postura sobre las quejas del pago de la empresa, a lo que respondi\u00f3: \u201cel d\u00eda domingo 23 de enero del 2022, se tuvo una reuni\u00f3n en la Secretar\u00eda de Agricultura del Estado de Veracruz, con las autoridades estatales, el Secretario de SEDECOP (Secretar\u00eda de Desarrollo Econ\u00f3mico y Portuario), el Subsecretario de Agricultura, Director de Pol\u00edtica Regional, la presidenta municipal de Ixhuat\u00e1n, un comit\u00e9 de los manifestantes donde estuvo Cirio Ruiz, Lucio Garc\u00eda, entre otros. Ah\u00ed se vieron las peticiones de los manifestantes y se concluy\u00f3 que AMSA no hab\u00eda bajado los precios, sino que fueron intermediarios\/coyotes y que al contrario, era la empresa que mejor pagaba.\u201d<\/p>\n<p>Antes de que acabara enero el problema lo atendi\u00f3 personalmente Santiago Jos\u00e9 Arg\u00fcello Campos, director de Fomento a la Agricultura de la Secretar\u00eda de Agricultura y Desarrollo Rural (SADER). Tras una reuni\u00f3n con los cafetaleros, lo que cre\u00edan que concluir\u00eda con acuerdos en favor de ellos, termin\u00f3 en un respaldo p\u00fablico de la autoridad federal a la postura de Faus.<\/p>\n<p>\u201cYo veo los precios de la empresa acorde con el mercado internacional, lo que hay de diferencia son centavos, entonces por esa raz\u00f3n no entendemos el conflicto\u201d, dijo, y se\u00f1al\u00f3 \u201cimportante\u201d la presencia de la empresa para la derrama econ\u00f3mica del municipio.<\/p>\n<p>Arg\u00fcello Campos trabaj\u00f3 en \u201cgesti\u00f3n de la cadena de suministro\u201d de AMSA del 2005 al 2008, en sus instalaciones en Chiapas. Luego, del 2009 al 2014, fue el gerente nacional de la empresa, de la divisi\u00f3n de caf\u00e9, desde la Ciudad de M\u00e9xico.<\/p>\n<p>\u201cYo le estorbaba a AMSA porque estaba buscando oportunidades (para los caficultores)\u201d, dice la exalcaldesa, quien no duda que la orden de aprehensi\u00f3n en su contra responde a una venganza por las acciones implementadas en su administraci\u00f3n para dar otras v\u00edas de comercializaci\u00f3n a los productores. Ella comprob\u00f3 que no estaba en el estado el d\u00eda del incendio del que se le acus\u00f3.<\/p>\n<p>Los cinco fueron llevados al penal de mediana seguridad de La Toma, en Amatl\u00e1n de Los Reyes. \u201c\u00cdbamos con 20 patrullas adelante y atr\u00e1s, como si fu\u00e9ramos los peores delincuentes\u201d, narr\u00f3 la exedil.<\/p>\n<p>Luego de que el tema fue expuesto en la conferencia \u201cma\u00f1anera\u201d del presidente Andr\u00e9s Manuel L\u00f3pez Obrador, autoridades federales atendieron el problema y fueron liberados a tres de ellos en un mes y al resto en cuatro meses. El 4 de abril del 2024 un juez de control los absolvi\u00f3 al decretar un sobreseimiento por el delito de estragos, es decir desestim\u00f3 las acusaciones que hizo la fiscal\u00eda contra ellos.<\/p>\n<p>Irregularidades en las investigaciones tira acusaci\u00f3n de Fiscal\u00eda<br \/>\nNinguno de los campesinos detenidos se explica c\u00f3mo una denuncia de AMSA, por un incendio que no se ha podido comprobar, motiv\u00f3 a la Fiscal\u00eda General del Estado (FGE) a solicitar las \u00f3rdenes de aprehensi\u00f3n y, posteriormente, las vinculaciones a proceso contra cinco de ellos. <\/p>\n<p><img loading=\"lazy\" decoding=\"async\" data-attachment-id=\"69478\" data-permalink=\"https:\/\/www.grieta.org.mx\/index.php\/2024\/08\/09\/el-precio-del-activismo-ambiental-en-veracruz-persecucion-o-muerte\/screenshot-2024-08-28-at-14-01-56-el-precio-del-activismo-ambiental-en-veracruz-persecucion-o-muerte-la-silla-rota\/\" data-orig-file=\"https:\/\/www.grieta.org.mx\/wp-content\/uploads\/2024\/08\/Screenshot-2024-08-28-at-14-01-56-El-precio-del-activismo-ambiental-en-Veracruz-persecucion-o-muerte-La-Silla-Rota.png\" data-orig-size=\"960,720\" data-comments-opened=\"0\" data-image-meta=\"{&quot;aperture&quot;:&quot;0&quot;,&quot;credit&quot;:&quot;&quot;,&quot;camera&quot;:&quot;&quot;,&quot;caption&quot;:&quot;&quot;,&quot;created_timestamp&quot;:&quot;0&quot;,&quot;copyright&quot;:&quot;&quot;,&quot;focal_length&quot;:&quot;0&quot;,&quot;iso&quot;:&quot;0&quot;,&quot;shutter_speed&quot;:&quot;0&quot;,&quot;title&quot;:&quot;&quot;,&quot;orientation&quot;:&quot;0&quot;}\" data-image-title=\"Screenshot 2024-08-28 at 14-01-56 El precio del activismo ambiental en Veracruz persecuci\u00f3n o muerte La Silla Rota\" data-image-description=\"\" data-image-caption=\"\" data-medium-file=\"https:\/\/www.grieta.org.mx\/wp-content\/uploads\/2024\/08\/Screenshot-2024-08-28-at-14-01-56-El-precio-del-activismo-ambiental-en-Veracruz-persecucion-o-muerte-La-Silla-Rota-300x225.png\" data-large-file=\"https:\/\/www.grieta.org.mx\/wp-content\/uploads\/2024\/08\/Screenshot-2024-08-28-at-14-01-56-El-precio-del-activismo-ambiental-en-Veracruz-persecucion-o-muerte-La-Silla-Rota.png\" src=\"http:\/\/www.grieta.org.mx\/wp-content\/uploads\/2024\/08\/Screenshot-2024-08-28-at-14-01-56-El-precio-del-activismo-ambiental-en-Veracruz-persecucion-o-muerte-La-Silla-Rota.png\" alt=\"\" width=\"960\" height=\"720\" class=\"alignnone size-full wp-image-69478\" srcset=\"https:\/\/www.grieta.org.mx\/wp-content\/uploads\/2024\/08\/Screenshot-2024-08-28-at-14-01-56-El-precio-del-activismo-ambiental-en-Veracruz-persecucion-o-muerte-La-Silla-Rota.png 960w, https:\/\/www.grieta.org.mx\/wp-content\/uploads\/2024\/08\/Screenshot-2024-08-28-at-14-01-56-El-precio-del-activismo-ambiental-en-Veracruz-persecucion-o-muerte-La-Silla-Rota-300x225.png 300w, https:\/\/www.grieta.org.mx\/wp-content\/uploads\/2024\/08\/Screenshot-2024-08-28-at-14-01-56-El-precio-del-activismo-ambiental-en-Veracruz-persecucion-o-muerte-La-Silla-Rota-768x576.png 768w\" sizes=\"auto, (max-width: 960px) 100vw, 960px\" \/><\/p>\n<p>Los cinco campesinos salieron de prisi\u00f3n debido a que un juez les vari\u00f3 la medida cautelar de prisi\u00f3n preventiva justificada y despu\u00e9s, el juez Daniel Orlando Garc\u00eda, adscrito al juzgado de Huatusco consider\u00f3 qu\u00e9 exist\u00eda \u201catipicidad\u201d del delito de estragos, porque los datos aportados por la fiscal\u00eda de Veracruz eran contradictorios, de los que destacan puntualmente cuatro puntos.<\/p>\n<p>Entre los datos de prueba que present\u00f3 la fiscal\u00eda destacan los testimonios de dos trabajadores. De Omar Xaca Xaca, con fecha del 21 de enero, es decir, tres d\u00edas antes del incendio. Despu\u00e9s fue la de Miguel Ramos Cabrera, quien narr\u00f3 del d\u00eda 20 al 25, sin embargo, tampoco se acot\u00f3 el d\u00eda exacto en el que se levant\u00f3 su testimonio.<\/p>\n<p>El juez consider\u00f3 estas pruebas como \u201cno id\u00f3neas\u201d al no aportar datos del d\u00eda 24, cuando fue el incendio.<\/p>\n<p>El otro punto aseverado en el documento es que la fiscal\u00eda y el personal de la polic\u00eda ministerial no cumplieron con su obligaci\u00f3n de preservar el lugar donde sucedi\u00f3 el incendio despu\u00e9s de ser notificados, con el fin de impedir que se perdieran o alteraran las pruebas y la escena.<\/p>\n<p>El trabajo de la criminalista Faride Ch\u00e1vez Gal\u00e1n se document\u00f3 dos d\u00edas despu\u00e9s del incendio, con apoyo de fotograf\u00edas de cristales rotos, cenizas, muebles y papeles quemados, pero el juez enfatiz\u00f3 que el lugar no fue preservado.<\/p>\n<p>Otra de las irregularidades halladas por el juez en los antecedentes de investigaci\u00f3n fue el dictamen de incendio y explosivos, en el que se concluy\u00f3 que el incendio fue originado por quema de papel y pl\u00e1stico y no con gasolina, como sostuvo la fiscal\u00eda y narraron testimonios.<\/p>\n<p>Por \u00faltimo, se habla sobre cinco testigos de identidad resguardada que reconocieron haber estado presentes durante el delito, tras recibir el pago de una persona \u2013 acusada \u2013 de 500 pesos para manifestarse. Despu\u00e9s los habr\u00edan incitado a hacer el incendio, a lo que se negaron.<\/p>\n<p>El juez consider\u00f3 que los testimonios no son aptos para considerarse como pruebas, pues la fiscal\u00eda no los investig\u00f3 y tampoco se consideraron bajo alg\u00fan \u201ccriterio de oportunidad\u201d. A esto, a\u00f1adi\u00f3 el juez, que dichos testimonios insistieron en el uso de gasolina y bombas molotov, que no coincide con el dictamen.<\/p>\n<p>Francisco Faus duda que en el par de horas de receso que el juez pidi\u00f3 en la audiencia para analizar &#8220;haya podido leer los cientos de hojas del expediente a conciencia&#8221;. Asegur\u00f3 que &#8220;al igual que cuando el primer Juez dicto las ordenes de aprehensiones los denunciados se opusieron, de igual forma nosotros nos opondremos&#8221;.<\/p>\n<p>Viven escondidos<br \/>\nAs\u00ed como Ambrosio hay otras seis \u00f3rdenes de aprehensi\u00f3n pendientes por ser ejecutadas. Viven con miedo constante y confiar en la fiscal\u00eda si se deciden entregar no es opci\u00f3n. El sobreseimiento dictado al resto del grupo es considerado algo \u201cparcial\u201d, pues no exime que la fiscal\u00eda pueda detener al resto de los campesinos. <\/p>\n<p>Los caficultores consideran que las irregularidades que determin\u00f3 el juez deber\u00edan ser suficientes para que la autoridad desista de las acusaciones contra todos, y que incluso, cancele las seis \u00f3rdenes de aprehensi\u00f3n pendientes.<\/p>\n<p>AMSA puede interponer un amparo para apelar a seguir con la denuncia, por lo que temen que el pleito legal se alargue, mermando sus bolsillos &#8211; a\u00fan m\u00e1s tras descuidar su trabajo en el campo &#8211; con la contrataci\u00f3n de abogados.<\/p>\n<p>El art\u00edculo 145 del C\u00f3digo Nacional de Procedimientos Penales contempla que la fiscal\u00eda puede solicitar la cancelaci\u00f3n de las \u00f3rdenes de aprehensi\u00f3n \u201ccuando estime su improcedencia por la aparici\u00f3n de nuevos datos\u201d, es decir, reconocer su error.<\/p>\n<p>Jos\u00e9 Adolfo Herrera, otro de los caficultores que hoy cuenta con una orden de aprehensi\u00f3n, 20 a\u00f1os atr\u00e1s increp\u00f3 y llam\u00f3 mentiroso a Francisco Faus Sotelo en una reuni\u00f3n p\u00fablica. La queja era el paso de un tubo de agua para AMSA por su terreno.<\/p>\n<p>\u201cSi te corto el tubo me vas a acabar, porque yo soy David y t\u00fa eres Goliat, como lo est\u00e1n viendo todos\u201d, lo que qued\u00f3 grabado en un video de medio local.<\/p>\n<p><img loading=\"lazy\" decoding=\"async\" data-attachment-id=\"69479\" data-permalink=\"https:\/\/www.grieta.org.mx\/index.php\/2024\/08\/09\/el-precio-del-activismo-ambiental-en-veracruz-persecucion-o-muerte\/screenshot-2024-08-28-at-14-03-10-el-precio-del-activismo-ambiental-en-veracruz-persecucion-o-muerte-la-silla-rota\/\" data-orig-file=\"https:\/\/www.grieta.org.mx\/wp-content\/uploads\/2024\/08\/Screenshot-2024-08-28-at-14-03-10-El-precio-del-activismo-ambiental-en-Veracruz-persecucion-o-muerte-La-Silla-Rota.png\" data-orig-size=\"960,547\" data-comments-opened=\"0\" data-image-meta=\"{&quot;aperture&quot;:&quot;0&quot;,&quot;credit&quot;:&quot;&quot;,&quot;camera&quot;:&quot;&quot;,&quot;caption&quot;:&quot;&quot;,&quot;created_timestamp&quot;:&quot;0&quot;,&quot;copyright&quot;:&quot;&quot;,&quot;focal_length&quot;:&quot;0&quot;,&quot;iso&quot;:&quot;0&quot;,&quot;shutter_speed&quot;:&quot;0&quot;,&quot;title&quot;:&quot;&quot;,&quot;orientation&quot;:&quot;0&quot;}\" data-image-title=\"Screenshot 2024-08-28 at 14-03-10 El precio del activismo ambiental en Veracruz persecuci\u00f3n o muerte La Silla Rota\" data-image-description=\"\" data-image-caption=\"\" data-medium-file=\"https:\/\/www.grieta.org.mx\/wp-content\/uploads\/2024\/08\/Screenshot-2024-08-28-at-14-03-10-El-precio-del-activismo-ambiental-en-Veracruz-persecucion-o-muerte-La-Silla-Rota-300x171.png\" data-large-file=\"https:\/\/www.grieta.org.mx\/wp-content\/uploads\/2024\/08\/Screenshot-2024-08-28-at-14-03-10-El-precio-del-activismo-ambiental-en-Veracruz-persecucion-o-muerte-La-Silla-Rota.png\" src=\"http:\/\/www.grieta.org.mx\/wp-content\/uploads\/2024\/08\/Screenshot-2024-08-28-at-14-03-10-El-precio-del-activismo-ambiental-en-Veracruz-persecucion-o-muerte-La-Silla-Rota.png\" alt=\"\" width=\"960\" height=\"547\" class=\"alignnone size-full wp-image-69479\" srcset=\"https:\/\/www.grieta.org.mx\/wp-content\/uploads\/2024\/08\/Screenshot-2024-08-28-at-14-03-10-El-precio-del-activismo-ambiental-en-Veracruz-persecucion-o-muerte-La-Silla-Rota.png 960w, https:\/\/www.grieta.org.mx\/wp-content\/uploads\/2024\/08\/Screenshot-2024-08-28-at-14-03-10-El-precio-del-activismo-ambiental-en-Veracruz-persecucion-o-muerte-La-Silla-Rota-300x171.png 300w, https:\/\/www.grieta.org.mx\/wp-content\/uploads\/2024\/08\/Screenshot-2024-08-28-at-14-03-10-El-precio-del-activismo-ambiental-en-Veracruz-persecucion-o-muerte-La-Silla-Rota-768x438.png 768w\" sizes=\"auto, (max-width: 960px) 100vw, 960px\" \/><\/p>\n<p>Luego de cuatro cirug\u00edas del est\u00f3mago, Herrera vive las secuelas f\u00edsicas de una recuperaci\u00f3n larga que le impide su movilizaci\u00f3n normal e, incluso, el uso de silla de ruedas. No da cr\u00e9dito de c\u00f3mo se le puede acusar de participar en una manifestaci\u00f3n, y menos de provocar un incendio.<\/p>\n<p>AMSA SA de CV<br \/>\nSeg\u00fan el Registro \u00danico de Comercio, AMSA SA de CV fue constituida como empresa el 30 de noviembre de 1998, en la oficina registral de Jalacingo, en el municipio de Perote, Veracruz.<\/p>\n<p>Eduardo Andres Esteves fue el representante de un contrato de cr\u00e9dito refaccionario por hasta 100 millones de d\u00f3lares, lo que const\u00f3 en el documento 1003D. Como garant\u00eda se qued\u00f3 la hipoteca de una propiedad en Perote.<\/p>\n<p>CAP\u00cdTULO 2: AMSA y Granjas Carroll<br \/>\n\u201cEs Fuerza Civil la que est\u00e1 tirando a matar, es Fuerza Civil\u201d, se escucha gritar a una mujer en un video grabado en vivo por el portal La Voz del Pinahuizapan. Manifestantes intentan resguardarse en las instalaciones de Seguridad Alimentaria Mexicana (Segalmex) para evadir las balas. El tiroteo fue estruendoso; polic\u00edas estatales a bordo de patrullas que persiguieron a j\u00f3venes y adultos, como si de delincuentes se tratara.<\/p>\n<p><img loading=\"lazy\" decoding=\"async\" data-attachment-id=\"69480\" data-permalink=\"https:\/\/www.grieta.org.mx\/index.php\/2024\/08\/09\/el-precio-del-activismo-ambiental-en-veracruz-persecucion-o-muerte\/f768x1-623810_623937_5050\/\" data-orig-file=\"https:\/\/www.grieta.org.mx\/wp-content\/uploads\/2024\/08\/f768x1-623810_623937_5050.webp\" data-orig-size=\"768,1136\" data-comments-opened=\"0\" data-image-meta=\"{&quot;aperture&quot;:&quot;0&quot;,&quot;credit&quot;:&quot;&quot;,&quot;camera&quot;:&quot;&quot;,&quot;caption&quot;:&quot;&quot;,&quot;created_timestamp&quot;:&quot;0&quot;,&quot;copyright&quot;:&quot;&quot;,&quot;focal_length&quot;:&quot;0&quot;,&quot;iso&quot;:&quot;0&quot;,&quot;shutter_speed&quot;:&quot;0&quot;,&quot;title&quot;:&quot;&quot;,&quot;orientation&quot;:&quot;0&quot;}\" data-image-title=\"f768x1-623810_623937_5050\" data-image-description=\"\" data-image-caption=\"\" data-medium-file=\"https:\/\/www.grieta.org.mx\/wp-content\/uploads\/2024\/08\/f768x1-623810_623937_5050-203x300.webp\" data-large-file=\"https:\/\/www.grieta.org.mx\/wp-content\/uploads\/2024\/08\/f768x1-623810_623937_5050-692x1024.webp\" src=\"http:\/\/www.grieta.org.mx\/wp-content\/uploads\/2024\/08\/f768x1-623810_623937_5050.webp\" alt=\"\" width=\"768\" height=\"1136\" class=\"alignnone size-full wp-image-69480\" srcset=\"https:\/\/www.grieta.org.mx\/wp-content\/uploads\/2024\/08\/f768x1-623810_623937_5050.webp 768w, https:\/\/www.grieta.org.mx\/wp-content\/uploads\/2024\/08\/f768x1-623810_623937_5050-203x300.webp 203w, https:\/\/www.grieta.org.mx\/wp-content\/uploads\/2024\/08\/f768x1-623810_623937_5050-692x1024.webp 692w\" sizes=\"auto, (max-width: 768px) 100vw, 768px\" \/><\/p>\n<p>Se ve a algunas personas con piedra en mano, con la esperanza de poder defenderse en caso de que una de las armas les apunte. El plant\u00f3n de protesta en la carretera Perote &#8211; Puebla aqu\u00e9l 20 de junio cumpl\u00eda 24 horas cuando arribaron los polic\u00edas, siendo al menos dos los acusados de haber asesinado a los hermanos Jorge y Alberto Cortina Vazquez.<\/p>\n<p>Integrantes de la Cuenca Libres &#8211; Oriental tomaron la entrada de las instalaciones de Granjas Carroll de M\u00e9xico (GMC). AMSA SA de CV tambi\u00e9n es due\u00f1a parcial de Granjas Carroll, seg\u00fan consta en la p\u00e1gina oficial de la empresa porc\u00edcola. El segundo grupo es Smithfield, originario de Estados Unidos con parte de participaci\u00f3n de empresarios chinos, informaci\u00f3n avalada con una fotograf\u00eda tomada el 18 de mayo del 2016 cuando los representantes dieron un recorrido en las instalaciones.<\/p>\n<p>En el recorrido de la planta estuvieron quienes entonces fung\u00edan como presidente de Shuanghui Foods, Wan Long; el presidente del consejo de ECOM, Jos\u00e9 Esteve; el presidente de ECOM, Jorge Esteve; el presidente de Smithfield Foods, Ken Sullivan; el presidente de GCM, Pedro Tabares-Ju\u00e1rez Hern\u00e1ndez; y el director general de Granjas Carroll, V\u00edctor Ochoa Calder\u00f3n. Destaca la familia Esteve, creadora de ECOM y representantes de AMSA SA de CV.<\/p>\n<p>Las quejas y denuncias contra Granjas Carroll datan desde hace 15 a\u00f1os y las escenas se repiten. En 2005, habitantes de Veracruz y Puebla se manifestaron para exigir un alto a la contaminaci\u00f3n de aire, suelo y agua por las granjas porc\u00edcolas que escalaron a enfermedades. Incluso, el entonces gobernador de Veracruz, Fidel Herrera, reconoci\u00f3 que el \u201cpaciente cero\u201d del virus H1N1, conocido como gripe porcina, fue un ni\u00f1o en La Gloria, Perote.<\/p>\n<p>Para el 2007 se tuvo el registro de una persecuci\u00f3n de protestantes cuando bloquearon la carretera Alchichica &#8211; Perote. Se giraron \u00f3rdenes de aprehensi\u00f3n por difamaci\u00f3n en contra de Margarita Hern\u00e1ndez Burgos, Luis Mart\u00ednez Cris\u00f3stomo, Mar\u00eda Ver\u00f3nica Hern\u00e1ndez y Bertha Cris\u00f3stomo; estas \u00faltimas eran maestra de Telebachillerato y agente municipal, respectivamente, en la localidad de La Gloria.<\/p>\n<p>Atanacio Garc\u00eda Dur\u00e1n, el padre del ahora gobernador, Cuitl\u00e1huac Garc\u00eda Jim\u00e9nez, era entonces diputado local por el Partido de la Revoluci\u00f3n Democr\u00e1tica (PRD) e intervino desde el Congreso para su liberaci\u00f3n.<\/p>\n<p>Ahora en 2024, Jorge, de 32 a\u00f1os, se manifest\u00f3 como en ocasiones anteriores lo hab\u00eda hecho, contra las actividades de Granjas Carroll. Cuando lo atacaron a balazos, su hermano Alberto no dud\u00f3 en ir al lugar y tambi\u00e9n fue asesinado. Ambos eran campesinos.<\/p>\n<p>En la conferencia \u201cma\u00f1anera\u201d del 16 de julio, el presidente Andr\u00e9s Manuel L\u00f3pez Obrador reconoci\u00f3 que las acciones de los polic\u00edas fue un acto de represi\u00f3n.<\/p>\n<p>\u201cNo debi\u00f3 actuar as\u00ed la polic\u00eda del estado (de Veracruz), nosotros hemos llevado a la pr\u00e1ctica una pol\u00edtica de no represi\u00f3n, no se debe utilizar la fuerza y en este caso lamentablemente hubo represi\u00f3n y fallecieron dos campesinos (&#8230;) Hoy en la ma\u00f1ana me informaron sobre esta detenci\u00f3n, sobre dos polic\u00edas que participaron en estos hechos y va a hacerse justicia&#8221;, dijo.<\/p>\n<p>A ra\u00edz de los hechos la Secretar\u00eda de Gobierno de Veracruz anunci\u00f3 la desaparici\u00f3n de la Fuerza Civil, aunque pobladores de Totalco aseguran que todav\u00eda los ven, pero ahora vestidos de civiles.<\/p>\n<p>Ley Antigranizo<br \/>\nPedro Romero Cortina, agente municipal de Totalco, cuenta con videos de c\u00f3mo son los artefactos usados por granjeros para inhibir las lluvias en la zona. El 11 de octubre del 2023 aprovech\u00f3 la visita del presidente L\u00f3pez Obrador a la fortaleza de San Carlos para exponerle el problema.<\/p>\n<p>\u201cAyuda AMLO, ayuda para que los rancheros dejen que llueva, nos est\u00e1n matando de hambre\u201d, dec\u00eda una lona que fue puesta en una de las bardas perimetrales. Tambi\u00e9n le hizo llegar un documento para pedirle que atendiera.<\/p>\n<p>Estas pr\u00e1cticas eran un rumor desde a\u00f1os anteriores, pero \u00e9l logr\u00f3 documentar &#8211; y desalojar- algunos artefactos. Cohetes de trueno, bombas expansores de qu\u00edmicos y lanza nitr\u00f3genos -conocidos como antigranizo &#8211; forman parte de la lista.<\/p>\n<p>Estos son usados para evitar que llueva cuando las nubes se cargan, pues impiden que los pesticidas perduren en los sembrad\u00edos. Romero asegura que \u00e9l tiene conocimiento de que se usan desde hace al menos 5 a\u00f1os, que \u00e9l le ha dado seguimiento.  <\/p>\n<p>Tras la represi\u00f3n de la manifestaci\u00f3n, el agente llev\u00f3 la propuesta de ley para castigar a quien modifique el ciclo del agua al diputado de Morena Paul Mart\u00ednez Marie, quien a su vez present\u00f3 una iniciativa en el Congreso de Veracruz y fue aprobada.<\/p>\n<p>El d\u00eda que asesinaron a sus sobrinos y compadres, los hermanos Cortina, asegura que fue un \u201cd\u00eda imborrable para Totalco\u201d pues nunca se hab\u00eda suscitado algo similar; era un caos la gente pidiendo auxilio, pues polic\u00edas se estaban llevando a personas a bordo de las patrullas en medio de los balazos sobre la carretera.<\/p>\n<p>Aunque reconoci\u00f3 que la poblaci\u00f3n tiene temor despu\u00e9s de ese d\u00eda, dijo que \u201cla gente est\u00e1 enfurecida (&#8230;) tan es as\u00ed que est\u00e1n pidiendo que las patrullas ya no entren a Totalco\u201d. A la par, siguen las exigencias para que las autoridades atiendan los reclamos contra Granjas Carroll, pero protestar ya no es opci\u00f3n.<\/p>\n<p>Entre Totalco e Ixhuatl\u00e1n del Caf\u00e9 hay una distancia aproximada de 150 kil\u00f3metros, que se traduce en un viaje en auto de poco m\u00e1s de tres horas. Ambos casos comparten la similitud de las represal\u00edas tras oponerse.<\/p>\n<p>Una desaparici\u00f3n en silencio<br \/>\nAmparo Salinas Hern\u00e1ndez desapareci\u00f3 el jueves 23 de mayo del 2024 en la localidad de Rinc\u00f3n Mariano, perteneciente al municipio de Zentla, ubicado entre la regi\u00f3n de Las Altas Monta\u00f1as y el puerto de Veracruz. Era agente municipal y activista reconocida que buscaba principalmente la defensa de los r\u00edos.<\/p>\n<p>Su hermana public\u00f3 desde Facebook que la mujer de 38 a\u00f1os dej\u00f3 abierta su casa con las llaves pegadas a la puerta, un pescado en la estufa y su coche estacionado. Arrancaron la c\u00e1mara de vigilancia de su negocio.<\/p>\n<p>Luego de que en notas se mencion\u00f3 que desapareci\u00f3 tras denuncias contra AMSA, Nestl\u00e9 public\u00f3 un posicionamiento deslind\u00e1ndose de ser filial de la empresa mexicana.<\/p>\n<p>\u201cEn las publicaciones se sugiere un posible v\u00ednculo entre ese terrible hecho y la empresa AMSA y se menciona err\u00f3neamente que es filial de Nestl\u00e9. Informamos que AMSA NO es ninguna filial de Nestl\u00e9 y, por lo tanto, Nestl\u00e9 no participa en la operaci\u00f3n, control, administraci\u00f3n y\/o toma de decisiones de dicha empresa\u201d.<\/p>\n<p>Amparo Salinas el 31 de marzo mantuvo una reuni\u00f3n con la Secretar\u00eda de Gobierno de Veracruz, para pedir la protecci\u00f3n de los r\u00edos Jamapa y Chiquihuite. El portal local La Nigua logr\u00f3 publicar un video de las exigencias de la activista:<\/p>\n<p>&#8220;Creo yo que todav\u00eda estamos a tiempo de detenerlo, pero no podemos dejarlo pasar porque este a\u00f1o el problema de contaminaci\u00f3n fue m\u00e1s fuerte que otros a\u00f1os y si lo dejamos pasar pues no nos imaginamos el da\u00f1o que puede causar el pr\u00f3ximo a\u00f1o, tenemos que dimensionar que esta vez el da\u00f1o fue muy grande y tenemos que poner un alto, y espero que ustedes como autoridades competentes puedan hacer alguna aportaci\u00f3n en beneficio de nosotros que somos muchos municipios afectados porque el problema se genera en el r\u00edo Jamapa pero este r\u00edo su afluente pasa por varios municipios, hasta desembocar en el mar, pasa por el municipio de Ixhuatl\u00e1n, Apatlaxco, Paso del Macho, Camar\u00f3n, Zentla, Soledad de Doblado, Medell\u00edn, etc\u00e9tera.<\/p>\n<p>&#8220;Y pues mucha gente incluso no tiene conocimiento de eso que est\u00e1 sucediendo, porque es algo que ni siquiera le han dado la difusi\u00f3n, hay personas de otros municipios que yo les he platicado y me dicen \u2018no, yo no sab\u00eda de ese tema\u2019, y van y as\u00ed se meten al r\u00edo. Hay gente que a\u00fan as\u00ed va y pesca, igual y est\u00e1n comiendo pescado contaminado. Tenemos un problema muy fuerte de contaminaci\u00f3n y tenemos que detenerlo.&#8221;<\/p>\n<p><a href=\"https:\/\/lasillarota.com\/veracruz\/estado\/2024\/8\/9\/el-precio-del-activismo-ambiental-en-veracruz-persecucion-muerte-496540.html\" rel=\"noopener\" target=\"_blank\">https:\/\/lasillarota.com\/veracruz\/estado\/2024\/8\/9\/el-precio-del-activismo-ambiental-en-veracruz-persecucion-muerte-496540.html<\/a><\/p>\n","protected":false},"excerpt":{"rendered":"<p>Fernanda Malpica \/ La silla rota Veracruz Defender los recursos naturales y el territorio en Veracruz muta a una actividad de alto riesgo en las poblaciones m\u00e1s peque\u00f1as XALAPA, VER.- &hellip; <a href=\"https:\/\/www.grieta.org.mx\/index.php\/2024\/08\/09\/el-precio-del-activismo-ambiental-en-veracruz-persecucion-o-muerte\/\" class=\"more-link\">Leer m\u00e1s<\/a><\/p>\n","protected":false},"author":2,"featured_media":69481,"comment_status":"closed","ping_status":"closed","sticky":false,"template":"","format":"standard","meta":{"ngg_post_thumbnail":0,"_jetpack_newsletter_access":"","_jetpack_dont_email_post_to_subs":false,"_jetpack_newsletter_tier_id":0,"_jetpack_memberships_contains_paywalled_content":false,"_jetpack_memberships_contains_paid_content":false,"footnotes":""},"categories":[2502,80,2500,2624,2,35],"tags":[4005,2860,2140],"class_list":["post-69476","post","type-post","status-publish","format-standard","has-post-thumbnail","hentry","category-asesinato-de-activistas-en-veracruz","category-cintillo","category-danos-ambientales-por-desarrollo-industrial","category-explotacion-y-precariedad-laboral-en-veracruz","category-noticias-nacionales","category-veracruz","tag-agresiones-a-defensores-y-activistas","tag-amenazas-contra-activistas","tag-asesinato-de-activistas","entry"],"jetpack_featured_media_url":"https:\/\/www.grieta.org.mx\/wp-content\/uploads\/2024\/08\/Screenshot-2024-08-28-at-14-10-37-El-precio-del-activismo-ambiental-en-Veracruz-persecucion-o-muerte-La-Silla-Rota.png","jetpack_sharing_enabled":true,"jetpack_shortlink":"https:\/\/wp.me\/p7ZJR4-i4A","jetpack_likes_enabled":false,"jetpack-related-posts":[{"id":43699,"url":"https:\/\/www.grieta.org.mx\/index.php\/2020\/01\/26\/brujas-del-mar-exigen-justicia-por-asesinato-de-activistas-veracruz\/","url_meta":{"origin":69476,"position":0},"title":"Brujas del Mar exigen justicia por asesinato de activistas (Veracruz)","author":"grieta","date":"26 enero, 2020","format":false,"excerpt":"Andr\u00e9s Salom\u00f3n \/ Vanguardia Veracruz, Ver.- Con mantas y algunas cruces en color rosa, el colectivo Brujas del Mar realiz\u00f3 una protesta pac\u00edfica en el z\u00f3calo de la ciudad, para exigir justicia en apoyo a la movilizaci\u00f3n nacional por los feminicidios de dos activistas, asegur\u00f3 Arussi Unda, vocera del colectivo.\u2026","rel":"","context":"En &quot;Asesinato de activistas en Veracruz&quot;","block_context":{"text":"Asesinato de activistas en Veracruz","link":"https:\/\/www.grieta.org.mx\/index.php\/category\/noticias-nacionales\/veracruz\/asesinato-de-activistas-en-veracruz\/"},"img":{"alt_text":"","src":"https:\/\/i0.wp.com\/www.grieta.org.mx\/wp-content\/uploads\/2020\/01\/https-_www.vanguardiaveracruz.mx_wp-content_uploads_2020_01_ver-brujas.jpg?resize=350%2C200&ssl=1","width":350,"height":200,"srcset":"https:\/\/i0.wp.com\/www.grieta.org.mx\/wp-content\/uploads\/2020\/01\/https-_www.vanguardiaveracruz.mx_wp-content_uploads_2020_01_ver-brujas.jpg?resize=350%2C200&ssl=1 1x, https:\/\/i0.wp.com\/www.grieta.org.mx\/wp-content\/uploads\/2020\/01\/https-_www.vanguardiaveracruz.mx_wp-content_uploads_2020_01_ver-brujas.jpg?resize=525%2C300&ssl=1 1.5x, https:\/\/i0.wp.com\/www.grieta.org.mx\/wp-content\/uploads\/2020\/01\/https-_www.vanguardiaveracruz.mx_wp-content_uploads_2020_01_ver-brujas.jpg?resize=700%2C400&ssl=1 2x, https:\/\/i0.wp.com\/www.grieta.org.mx\/wp-content\/uploads\/2020\/01\/https-_www.vanguardiaveracruz.mx_wp-content_uploads_2020_01_ver-brujas.jpg?resize=1050%2C600&ssl=1 3x"},"classes":[]},{"id":32481,"url":"https:\/\/www.grieta.org.mx\/index.php\/2019\/04\/03\/temen-activistas-que-crimen-de-abiram-quede-impune-veracruz\/","url_meta":{"origin":69476,"position":1},"title":"Temen activistas que crimen de Abir\u00e1m quede impune (Veracruz)","author":"grieta","date":"3 abril, 2019","format":false,"excerpt":"Juan David Castilla \/ El Dem\u00f3crata Un grupo de activistas protest\u00f3 frente a Palacio de Gobierno para exigir a las autoridades que el crimen de Abir\u00e1m Hern\u00e1ndez no quede en la impunidad. Ana\u00eds Palacios P\u00e9rez, quien ha formado parte de colectivos de familiares de desaparecidos, denunci\u00f3 que a cinco d\u00edas\u2026","rel":"","context":"En &quot;CINTILLO&quot;","block_context":{"text":"CINTILLO","link":"https:\/\/www.grieta.org.mx\/index.php\/category\/cintillo\/"},"img":{"alt_text":"","src":"https:\/\/i0.wp.com\/www.grieta.org.mx\/wp-content\/uploads\/2019\/04\/Screenshot_2019-04-25-Temen-activistas-que-crimen-de-Abir%C3%A1m-quede-impune-El-Dem%C3%B3crata.jpg?resize=350%2C200&ssl=1","width":350,"height":200,"srcset":"https:\/\/i0.wp.com\/www.grieta.org.mx\/wp-content\/uploads\/2019\/04\/Screenshot_2019-04-25-Temen-activistas-que-crimen-de-Abir%C3%A1m-quede-impune-El-Dem%C3%B3crata.jpg?resize=350%2C200&ssl=1 1x, https:\/\/i0.wp.com\/www.grieta.org.mx\/wp-content\/uploads\/2019\/04\/Screenshot_2019-04-25-Temen-activistas-que-crimen-de-Abir%C3%A1m-quede-impune-El-Dem%C3%B3crata.jpg?resize=525%2C300&ssl=1 1.5x, https:\/\/i0.wp.com\/www.grieta.org.mx\/wp-content\/uploads\/2019\/04\/Screenshot_2019-04-25-Temen-activistas-que-crimen-de-Abir%C3%A1m-quede-impune-El-Dem%C3%B3crata.jpg?resize=700%2C400&ssl=1 2x, https:\/\/i0.wp.com\/www.grieta.org.mx\/wp-content\/uploads\/2019\/04\/Screenshot_2019-04-25-Temen-activistas-que-crimen-de-Abir%C3%A1m-quede-impune-El-Dem%C3%B3crata.jpg?resize=1050%2C600&ssl=1 3x, https:\/\/i0.wp.com\/www.grieta.org.mx\/wp-content\/uploads\/2019\/04\/Screenshot_2019-04-25-Temen-activistas-que-crimen-de-Abir%C3%A1m-quede-impune-El-Dem%C3%B3crata.jpg?resize=1400%2C800&ssl=1 4x"},"classes":[]},{"id":32524,"url":"https:\/\/www.grieta.org.mx\/index.php\/2019\/03\/30\/asesinan-en-veracruz-a-activista-abiram-hernandez-activista-por-los-desaparecidos\/","url_meta":{"origin":69476,"position":2},"title":"Asesinan en Veracruz a activista Abir\u00e1m Hern\u00e1ndez, activista por los desaparecidos","author":"grieta","date":"30 marzo, 2019","format":false,"excerpt":"Abir\u00e1m Hern\u00e1ndez, ex integrante del colectivo Por la Paz de Xalapa, fue asesinado el d\u00eda de ayer de manera artera: su cuerpo fue encontrado en la sala de su casa con un golpe en la cabeza que le quit\u00f3 la vida, luego de que fueran forzadas las entradas a su\u2026","rel":"","context":"En &quot;Asesinato de activistas en Veracruz&quot;","block_context":{"text":"Asesinato de activistas en Veracruz","link":"https:\/\/www.grieta.org.mx\/index.php\/category\/noticias-nacionales\/veracruz\/asesinato-de-activistas-en-veracruz\/"},"img":{"alt_text":"","src":"https:\/\/i0.wp.com\/www.grieta.org.mx\/wp-content\/uploads\/2019\/04\/36539725_10160675006530442_3325318810486964224_n.jpg?resize=350%2C200&ssl=1","width":350,"height":200,"srcset":"https:\/\/i0.wp.com\/www.grieta.org.mx\/wp-content\/uploads\/2019\/04\/36539725_10160675006530442_3325318810486964224_n.jpg?resize=350%2C200&ssl=1 1x, https:\/\/i0.wp.com\/www.grieta.org.mx\/wp-content\/uploads\/2019\/04\/36539725_10160675006530442_3325318810486964224_n.jpg?resize=525%2C300&ssl=1 1.5x, https:\/\/i0.wp.com\/www.grieta.org.mx\/wp-content\/uploads\/2019\/04\/36539725_10160675006530442_3325318810486964224_n.jpg?resize=700%2C400&ssl=1 2x"},"classes":[]},{"id":53473,"url":"https:\/\/www.grieta.org.mx\/index.php\/2020\/08\/28\/integrantes-de-la-comunidad-lgbt-protestan-por-asesinato-de-transgenero-en-veracruz\/","url_meta":{"origin":69476,"position":3},"title":"Integrantes de la comunidad LGBT protestan por asesinato de transg\u00e9nero en Veracruz","author":"grieta","date":"28 agosto, 2020","format":false,"excerpt":"No\u00e9 Zavaleta \/ Proceso XALAPA, Ver. (apro).- Activistas LGTB y amigos de Brandy Carolina Melchor protestaron este viernes en la explanada de la Fiscal\u00eda General del estado (FGE) para exigir justicia por el asesinato de la mujer transg\u00e9nero y su madre, Mar\u00eda Luisa Huerta, el pasado mi\u00e9rcoles 26. Brandy, de\u2026","rel":"","context":"En &quot;CINTILLO&quot;","block_context":{"text":"CINTILLO","link":"https:\/\/www.grieta.org.mx\/index.php\/category\/cintillo\/"},"img":{"alt_text":"","src":"https:\/\/i0.wp.com\/www.grieta.org.mx\/wp-content\/uploads\/2020\/09\/asesinato-transexual-protesta-870x522-1.jpg?resize=350%2C200&ssl=1","width":350,"height":200,"srcset":"https:\/\/i0.wp.com\/www.grieta.org.mx\/wp-content\/uploads\/2020\/09\/asesinato-transexual-protesta-870x522-1.jpg?resize=350%2C200&ssl=1 1x, https:\/\/i0.wp.com\/www.grieta.org.mx\/wp-content\/uploads\/2020\/09\/asesinato-transexual-protesta-870x522-1.jpg?resize=525%2C300&ssl=1 1.5x, https:\/\/i0.wp.com\/www.grieta.org.mx\/wp-content\/uploads\/2020\/09\/asesinato-transexual-protesta-870x522-1.jpg?resize=700%2C400&ssl=1 2x"},"classes":[]},{"id":42879,"url":"https:\/\/www.grieta.org.mx\/index.php\/2019\/12\/17\/indignacion-causa-homicidio-del-musico-josue-bernardo-tio-bad-veracruz\/","url_meta":{"origin":69476,"position":4},"title":"Indignaci\u00f3n causa homicidio del m\u00fasico Josu\u00e9 Bernardo, T\u00edo Bad (Veracruz)","author":"grieta","date":"17 diciembre, 2019","format":false,"excerpt":"Redacci\u00f3n \/ Formato 7 San Juan Evangelista, Ver.- Indignaci\u00f3n entre la comunidad jaranera del sur de Veracruz provoc\u00f3 el hallazgo sin vida de Josu\u00e9 Bernardo Marcial Santos, \u201cT\u00edo Bad\u201d, un reconocido m\u00fasico de Sayula de Alem\u00e1n. El hallazgo tuvo lugar la noche de este lunes, cuando el cuerpo fue localizado\u2026","rel":"","context":"En &quot;Asesinato de activistas en Veracruz&quot;","block_context":{"text":"Asesinato de activistas en Veracruz","link":"https:\/\/www.grieta.org.mx\/index.php\/category\/noticias-nacionales\/veracruz\/asesinato-de-activistas-en-veracruz\/"},"img":{"alt_text":"","src":"https:\/\/i0.wp.com\/www.grieta.org.mx\/wp-content\/uploads\/2020\/01\/2019-12-17_1327.png?resize=350%2C200&ssl=1","width":350,"height":200,"srcset":"https:\/\/i0.wp.com\/www.grieta.org.mx\/wp-content\/uploads\/2020\/01\/2019-12-17_1327.png?resize=350%2C200&ssl=1 1x, https:\/\/i0.wp.com\/www.grieta.org.mx\/wp-content\/uploads\/2020\/01\/2019-12-17_1327.png?resize=525%2C300&ssl=1 1.5x, https:\/\/i0.wp.com\/www.grieta.org.mx\/wp-content\/uploads\/2020\/01\/2019-12-17_1327.png?resize=700%2C400&ssl=1 2x"},"classes":[]},{"id":51050,"url":"https:\/\/www.grieta.org.mx\/index.php\/2020\/04\/09\/ambientalistas-claman-justicia-por-asesinato-de-activista-veracruz\/","url_meta":{"origin":69476,"position":5},"title":"Ambientalistas claman justicia por asesinato de activista (Veracruz)","author":"grieta","date":"9 abril, 2020","format":false,"excerpt":"Cinthya Trinidad \/ Vanguardia Xalapa, Ver.- Organizaciones ambientalistas y personas dedicadas al cuidado del medio ambiente exigen a las autoridades el esclarecimiento del asesinato del activista Ad\u00e1n Vez Lira, ocurrido este mi\u00e9rcoles 8 de abril, cerca de La Mancha, en el municipio de Actopan. En una carta firmada por diferentes\u2026","rel":"","context":"En &quot;Asesinato de activistas en Veracruz&quot;","block_context":{"text":"Asesinato de activistas en Veracruz","link":"https:\/\/www.grieta.org.mx\/index.php\/category\/noticias-nacionales\/veracruz\/asesinato-de-activistas-en-veracruz\/"},"img":{"alt_text":"","src":"https:\/\/i0.wp.com\/www.grieta.org.mx\/wp-content\/uploads\/2020\/06\/Screenshot_2020-06-19-adan-vez-lira-B%C3%BAsqueda-de-Google.png?resize=350%2C200&ssl=1","width":350,"height":200,"srcset":"https:\/\/i0.wp.com\/www.grieta.org.mx\/wp-content\/uploads\/2020\/06\/Screenshot_2020-06-19-adan-vez-lira-B%C3%BAsqueda-de-Google.png?resize=350%2C200&ssl=1 1x, https:\/\/i0.wp.com\/www.grieta.org.mx\/wp-content\/uploads\/2020\/06\/Screenshot_2020-06-19-adan-vez-lira-B%C3%BAsqueda-de-Google.png?resize=525%2C300&ssl=1 1.5x, https:\/\/i0.wp.com\/www.grieta.org.mx\/wp-content\/uploads\/2020\/06\/Screenshot_2020-06-19-adan-vez-lira-B%C3%BAsqueda-de-Google.png?resize=700%2C400&ssl=1 2x"},"classes":[]}],"_links":{"self":[{"href":"https:\/\/www.grieta.org.mx\/index.php\/wp-json\/wp\/v2\/posts\/69476","targetHints":{"allow":["GET"]}}],"collection":[{"href":"https:\/\/www.grieta.org.mx\/index.php\/wp-json\/wp\/v2\/posts"}],"about":[{"href":"https:\/\/www.grieta.org.mx\/index.php\/wp-json\/wp\/v2\/types\/post"}],"author":[{"embeddable":true,"href":"https:\/\/www.grieta.org.mx\/index.php\/wp-json\/wp\/v2\/users\/2"}],"replies":[{"embeddable":true,"href":"https:\/\/www.grieta.org.mx\/index.php\/wp-json\/wp\/v2\/comments?post=69476"}],"version-history":[{"count":1,"href":"https:\/\/www.grieta.org.mx\/index.php\/wp-json\/wp\/v2\/posts\/69476\/revisions"}],"predecessor-version":[{"id":69482,"href":"https:\/\/www.grieta.org.mx\/index.php\/wp-json\/wp\/v2\/posts\/69476\/revisions\/69482"}],"wp:featuredmedia":[{"embeddable":true,"href":"https:\/\/www.grieta.org.mx\/index.php\/wp-json\/wp\/v2\/media\/69481"}],"wp:attachment":[{"href":"https:\/\/www.grieta.org.mx\/index.php\/wp-json\/wp\/v2\/media?parent=69476"}],"wp:term":[{"taxonomy":"category","embeddable":true,"href":"https:\/\/www.grieta.org.mx\/index.php\/wp-json\/wp\/v2\/categories?post=69476"},{"taxonomy":"post_tag","embeddable":true,"href":"https:\/\/www.grieta.org.mx\/index.php\/wp-json\/wp\/v2\/tags?post=69476"}],"curies":[{"name":"wp","href":"https:\/\/api.w.org\/{rel}","templated":true}]}}