{"id":69473,"date":"2024-08-11T13:48:13","date_gmt":"2024-08-11T19:48:13","guid":{"rendered":"https:\/\/www.grieta.org.mx\/?p=69473"},"modified":"2024-08-28T13:55:59","modified_gmt":"2024-08-28T19:55:59","slug":"preocupa-en-la-zona-centro-de-veracruz-la-desaparicion-de-menores-de-edad-colectivo","status":"publish","type":"post","link":"https:\/\/www.grieta.org.mx\/index.php\/2024\/08\/11\/preocupa-en-la-zona-centro-de-veracruz-la-desaparicion-de-menores-de-edad-colectivo\/","title":{"rendered":"Preocupa en la zona centro de Veracruz la desaparici\u00f3n de menores de edad: Colectivo"},"content":{"rendered":"<p>Editor: Javier Dom\u00ednguez \/ XEU Noticias<\/p>\n<p>La desaparici\u00f3n de menores se ha recrudecido de manera dr\u00e1stica durante los \u00faltimos d\u00edas en Orizaba y la regi\u00f3n de Altas Monta\u00f1as, situaci\u00f3n ha desencadenado una gran preocupaci\u00f3n entre padres y padres de familia.<\/p>\n<p>Integrantes del Colectivo de Familias de Personas Desaparecidas en la Zona C\u00f3rdoba-Orizaba, piden al Gobierno del Estado que enciendan las alarmas al ser cada vez m\u00e1s frecuente est\u00e1 problem\u00e1tica, en lugar de estar en constante negaci\u00f3n de los hechos.<\/p>\n<p>Las madres buscadoras de esta agrupaci\u00f3n, aseguran que por desgracia todo parece ser que esto, es parte del uso de redes sociales en el que pueden ser presas f\u00e1ciles de alg\u00fan enga\u00f1o, enamorar a las jovencitas y sin saber ser enganchadas por personas con otras intenciones.<\/p>\n<p>&#8220;De manera generalizada hemos visto que en el caso de menores de edad a veces son por cuestiones de redes sociales, que a trav\u00e9s de estas plataformas, conocen a chicos de los cuales se hacen sus novias y eso sabemos que es un gancho, no se ha descubierto en gran parte que esto ha sido as\u00ed&#8221;, dijeron las activistas.<\/p>\n<p>Subrayaron que, pocos son los casos en los que las chicas salen, huyen de sus casas por cuestiones familiares y optan por escapar de casa lo cual resulta un fuerte golpe para los padres de familia que hoy viven la angustia de no saber con su paradero.<\/p>\n<p>El Colectivo FDOC, hasta el momento no ha recibido la solicitud de apoyo para la elaboraci\u00f3n de fichas de b\u00fasqueda pero eso no significa que no este ocurriendo ya que su labor adem\u00e1s de buscar a sus seres queridos se orienta cuando as\u00ed lo solicitan a brindar la asesor\u00eda para hacer la denuncia la cual es indispensable para poder iniciar la b\u00fasqueda.<\/p>\n<p>Por lo que resulta lamentable que, a pesar de que estos hechos se registren en Veracruz siga habiendo opacidad del Gobierno que encabeza Cuitl\u00e1huac Garc\u00eda Jim\u00e9nez, que sigue negando las estad\u00edsticas reales que existen al respecto y se nieguen a aceptar la Tercera Alerta de Genero por desaparici\u00f3n de mujeres, cuando esto se est\u00e1 haciendo palpable.<\/p>\n<p>Y que a la par, la Fiscal General del Estado, Ver\u00f3nica Hern\u00e1ndez Giad\u00e1ns este m\u00e1s preocupada en permanecer los a\u00f1os que le restan al frente de la Fiscal\u00eda, que en resolver las carpetas de investigaci\u00f3n entorno al tema.<\/p>\n<p>&#8220;En la recta final este actual Gobierno, que no ha hecho absolutamente nada y sigue en la negativa no al grado de no querer con las alertas de g\u00e9nero y que pues de nada han servido las que ya hay, la Fiscal\u00eda General del Estado tampoco se ha pronunciado, yo creo que est\u00e1 m\u00e1s preocupada en ver si se queda por los a\u00f1os que le restan de acuerdo a los mandatos o sabe que peligra su estad\u00eda como pasa con cada cambio de administraci\u00f3n&#8221;.<\/p>\n<p>Fuente y foto: AVC<\/p>\n<p><a href=\"https:\/\/xeu.mx\/estado-de-veracruz\/1335810\/preocupa-en-la-zona-centro-de-veracruz-la-desaparicin-de-menores-de-edad-colectivo\" rel=\"noopener\" target=\"_blank\">https:\/\/xeu.mx\/estado-de-veracruz\/1335810\/preocupa-en-la-zona-centro-de-veracruz-la-desaparicin-de-menores-de-edad-colectivo<\/a><\/p>\n","protected":false},"excerpt":{"rendered":"<p>Editor: Javier Dom\u00ednguez \/ XEU Noticias La desaparici\u00f3n de menores se ha recrudecido de manera dr\u00e1stica durante los \u00faltimos d\u00edas en Orizaba y la regi\u00f3n de Altas Monta\u00f1as, situaci\u00f3n ha &hellip; <a href=\"https:\/\/www.grieta.org.mx\/index.php\/2024\/08\/11\/preocupa-en-la-zona-centro-de-veracruz-la-desaparicion-de-menores-de-edad-colectivo\/\" class=\"more-link\">Leer m\u00e1s<\/a><\/p>\n","protected":false},"author":2,"featured_media":69474,"comment_status":"closed","ping_status":"closed","sticky":false,"template":"","format":"standard","meta":{"ngg_post_thumbnail":0,"_jetpack_newsletter_access":"","_jetpack_dont_email_post_to_subs":false,"_jetpack_newsletter_tier_id":0,"_jetpack_memberships_contains_paywalled_content":false,"_jetpack_memberships_contains_paid_content":false,"footnotes":""},"categories":[80,87,1012,1827,2,83,35],"tags":[2484,1828,3018,2220,631],"class_list":["post-69473","post","type-post","status-publish","format-standard","has-post-thumbnail","hentry","category-cintillo","category-desaparecidos","category-desaparecidos-en-veracruz","category-la-ninez-en-la-tormenta-capitalista","category-noticias-nacionales","category-temas-nacionales","category-veracruz","tag-buscadoras","tag-busqueda-de-desaparecidos","tag-colectivos-de-busqueda-de-desaparecidos","tag-colectivos-rastreadores-de-desaparecidos","tag-desaparecidas","entry"],"jetpack_featured_media_url":"https:\/\/www.grieta.org.mx\/wp-content\/uploads\/2024\/08\/Screenshot-2024-08-28-at-13-51-55-Preocupa-en-la-zona-centro-de-Veracruz-la-desaparicion-de-menores-de-edad-Colectivo-xeu-noticias-veracruz.png","jetpack_sharing_enabled":true,"jetpack_shortlink":"https:\/\/wp.me\/p7ZJR4-i4x","jetpack_likes_enabled":false,"jetpack-related-posts":[{"id":53337,"url":"https:\/\/www.grieta.org.mx\/index.php\/2020\/09\/14\/integrantes-de-colectivo-de-familias-de-desaparecidos-convocan-a-marcha-veracruz\/","url_meta":{"origin":69473,"position":0},"title":"Integrantes de colectivo de Familias de desaparecidos, convocan a marcha (Veracruz)","author":"grieta","date":"14 septiembre, 2020","format":false,"excerpt":"\u00a0 Mayra Figueiras Hern\u00e1ndez | El Sol de Orizaba Orizaba, Ver.- La b\u00fasqueda de los desaparecidos en Veracruz es simulada, pues ni el gobierno estatal ni las instituciones que fueron creadas para ello los buscan, asever\u00f3 Ana Lilia Jim\u00e9nez Sandoval, integrante del Colectivo Familias de Desaparecidos Orizaba-C\u00f3rdoba. Por ello, pese\u2026","rel":"","context":"En &quot;CINTILLO&quot;","block_context":{"text":"CINTILLO","link":"https:\/\/www.grieta.org.mx\/index.php\/category\/cintillo\/"},"img":{"alt_text":"","src":"https:\/\/i0.wp.com\/www.grieta.org.mx\/wp-content\/uploads\/2020\/09\/desaparecidos1-marcha.gif?resize=350%2C200&ssl=1","width":350,"height":200,"srcset":"https:\/\/i0.wp.com\/www.grieta.org.mx\/wp-content\/uploads\/2020\/09\/desaparecidos1-marcha.gif?resize=350%2C200&ssl=1 1x, https:\/\/i0.wp.com\/www.grieta.org.mx\/wp-content\/uploads\/2020\/09\/desaparecidos1-marcha.gif?resize=525%2C300&ssl=1 1.5x, https:\/\/i0.wp.com\/www.grieta.org.mx\/wp-content\/uploads\/2020\/09\/desaparecidos1-marcha.gif?resize=700%2C400&ssl=1 2x"},"classes":[]},{"id":53343,"url":"https:\/\/www.grieta.org.mx\/index.php\/2020\/08\/25\/preocupa-aumento-en-desapariciones-de-menores-en-veracruz-solecito\/","url_meta":{"origin":69473,"position":1},"title":"Preocupa aumento en desapariciones de menores en Veracruz: Solecito","author":"grieta","date":"25 agosto, 2020","format":false,"excerpt":"MARCELO L. BERMUDEZ \/ La Silla Rota Por medio de sus redes sociales, integrantes del Colectivo Solecito de b\u00fasqueda de desaparecidos, expresaron su preocupaci\u00f3n por las recientes desapariciones de menores de edad en Veracruz, que en los dos meses anteriores suman al menos 21 casos reportados por la Comisi\u00f3n Estatal\u2026","rel":"","context":"En &quot;CINTILLO&quot;","block_context":{"text":"CINTILLO","link":"https:\/\/www.grieta.org.mx\/index.php\/category\/cintillo\/"},"img":{"alt_text":"","src":"https:\/\/i0.wp.com\/www.grieta.org.mx\/wp-content\/uploads\/2020\/09\/screenshot20200825facebook-focus-0-0-983-557.jpg?resize=350%2C200&ssl=1","width":350,"height":200,"srcset":"https:\/\/i0.wp.com\/www.grieta.org.mx\/wp-content\/uploads\/2020\/09\/screenshot20200825facebook-focus-0-0-983-557.jpg?resize=350%2C200&ssl=1 1x, https:\/\/i0.wp.com\/www.grieta.org.mx\/wp-content\/uploads\/2020\/09\/screenshot20200825facebook-focus-0-0-983-557.jpg?resize=525%2C300&ssl=1 1.5x, https:\/\/i0.wp.com\/www.grieta.org.mx\/wp-content\/uploads\/2020\/09\/screenshot20200825facebook-focus-0-0-983-557.jpg?resize=700%2C400&ssl=1 2x"},"classes":[]},{"id":63470,"url":"https:\/\/www.grieta.org.mx\/index.php\/2022\/02\/18\/persiste-desaparicion-de-mujeres-en-zona-centro-de-veracruz-y-esta-relacionada-con-industria-de-trata-de-personas-acusa-colectivo\/","url_meta":{"origin":69473,"position":2},"title":"Persiste desaparici\u00f3n de mujeres en zona centro de Veracruz y est\u00e1 relacionada con industria de trata de personas, acusa colectivo","author":"grieta","date":"18 febrero, 2022","format":false,"excerpt":"Nora Gabriela Lira \/ Imagen de Veracruz La desaparici\u00f3n de mujeres, principalmente j\u00f3venes, persiste en la zona centro de Veracruz, lo que hace pensar en trata de personas, indic\u00f3 Araceli Salcedo Jim\u00e9nez, representante del Colectivo de Familiares de Desaparecidos en Orizaba-C\u00f3rdoba. Record\u00f3 que apenas el mi\u00e9rcoles hubo una marcha por\u2026","rel":"","context":"En &quot;CINTILLO&quot;","block_context":{"text":"CINTILLO","link":"https:\/\/www.grieta.org.mx\/index.php\/category\/cintillo\/"},"img":{"alt_text":"","src":"https:\/\/i0.wp.com\/www.grieta.org.mx\/wp-content\/uploads\/2022\/02\/e1797428-8f98-4c56-b8ee-a3308d21127f-focus-0-0-732-549.jpg?resize=350%2C200&ssl=1","width":350,"height":200,"srcset":"https:\/\/i0.wp.com\/www.grieta.org.mx\/wp-content\/uploads\/2022\/02\/e1797428-8f98-4c56-b8ee-a3308d21127f-focus-0-0-732-549.jpg?resize=350%2C200&ssl=1 1x, https:\/\/i0.wp.com\/www.grieta.org.mx\/wp-content\/uploads\/2022\/02\/e1797428-8f98-4c56-b8ee-a3308d21127f-focus-0-0-732-549.jpg?resize=525%2C300&ssl=1 1.5x, https:\/\/i0.wp.com\/www.grieta.org.mx\/wp-content\/uploads\/2022\/02\/e1797428-8f98-4c56-b8ee-a3308d21127f-focus-0-0-732-549.jpg?resize=700%2C400&ssl=1 2x"},"classes":[]},{"id":70659,"url":"https:\/\/www.grieta.org.mx\/index.php\/2024\/11\/29\/en-24-anos-van-casi-7-mil-desaparecidos-en-veracruz-colectivos\/","url_meta":{"origin":69473,"position":3},"title":"En 24 a\u00f1os, van casi 7 mil desaparecidos en Veracruz: colectivos","author":"Admin","date":"29 noviembre, 2024","format":false,"excerpt":"Colectivos denunciaron que en el per\u00edodo de los \u00faltimos 24 a\u00f1os, se han registrado casi 7 mil desaparecidos en Veracruz. Francisco de Luna \/ E-consulta Veracruz Xalapa, Ver.- En los \u00faltimos 24 a\u00f1os suman un promedio de 6 mil 864 personas desparecidas en el estado de Veracruz, de acuerdo con\u2026","rel":"","context":"En &quot;CINTILLO&quot;","block_context":{"text":"CINTILLO","link":"https:\/\/www.grieta.org.mx\/index.php\/category\/cintillo\/"},"img":{"alt_text":"","src":"https:\/\/i0.wp.com\/www.grieta.org.mx\/wp-content\/uploads\/2024\/12\/desaparecidos1_3.webp?resize=350%2C200&ssl=1","width":350,"height":200,"srcset":"https:\/\/i0.wp.com\/www.grieta.org.mx\/wp-content\/uploads\/2024\/12\/desaparecidos1_3.webp?resize=350%2C200&ssl=1 1x, https:\/\/i0.wp.com\/www.grieta.org.mx\/wp-content\/uploads\/2024\/12\/desaparecidos1_3.webp?resize=525%2C300&ssl=1 1.5x, https:\/\/i0.wp.com\/www.grieta.org.mx\/wp-content\/uploads\/2024\/12\/desaparecidos1_3.webp?resize=700%2C400&ssl=1 2x, https:\/\/i0.wp.com\/www.grieta.org.mx\/wp-content\/uploads\/2024\/12\/desaparecidos1_3.webp?resize=1050%2C600&ssl=1 3x"},"classes":[]},{"id":72262,"url":"https:\/\/www.grieta.org.mx\/index.php\/2025\/08\/28\/doscientos-artistas-academicos-y-activistas-de-colima-firman-carta-de-solidaridad-con-madres-buscadoras\/","url_meta":{"origin":69473,"position":4},"title":"Doscientos artistas, acad\u00e9micos y activistas de Colima firman carta de solidaridad con madres buscadoras","author":"grieta","date":"28 agosto, 2025","format":false,"excerpt":"Imagen: Cerca de 200 activistas e integrantes de la comunidad art\u00edstica y acad\u00e9mica del estado de Colima emitieron una carta p\u00fablica de respaldo y solidaridad con las madres buscadoras y colectivos de b\u00fasqueda locales, con motivo del D\u00eda Internacional de las V\u00edctimas de Desaparici\u00f3n Forzada, pr\u00f3ximo a conmemorarse este 30\u2026","rel":"","context":"En &quot;CINTILLO&quot;","block_context":{"text":"CINTILLO","link":"https:\/\/www.grieta.org.mx\/index.php\/category\/cintillo\/"},"img":{"alt_text":"","src":"https:\/\/i0.wp.com\/www.grieta.org.mx\/wp-content\/uploads\/2025\/08\/IMG-20250828-WA0024.webp?resize=350%2C200&ssl=1","width":350,"height":200,"srcset":"https:\/\/i0.wp.com\/www.grieta.org.mx\/wp-content\/uploads\/2025\/08\/IMG-20250828-WA0024.webp?resize=350%2C200&ssl=1 1x, https:\/\/i0.wp.com\/www.grieta.org.mx\/wp-content\/uploads\/2025\/08\/IMG-20250828-WA0024.webp?resize=525%2C300&ssl=1 1.5x, https:\/\/i0.wp.com\/www.grieta.org.mx\/wp-content\/uploads\/2025\/08\/IMG-20250828-WA0024.webp?resize=700%2C400&ssl=1 2x, https:\/\/i0.wp.com\/www.grieta.org.mx\/wp-content\/uploads\/2025\/08\/IMG-20250828-WA0024.webp?resize=1050%2C600&ssl=1 3x, https:\/\/i0.wp.com\/www.grieta.org.mx\/wp-content\/uploads\/2025\/08\/IMG-20250828-WA0024.webp?resize=1400%2C800&ssl=1 4x"},"classes":[]},{"id":56869,"url":"https:\/\/www.grieta.org.mx\/index.php\/2021\/01\/31\/solo-en-elecciones-politicos-de-veracruz-se-acuerdan-de-desaparecidos-critican\/","url_meta":{"origin":69473,"position":5},"title":"S\u00f3lo en elecciones pol\u00edticos de Veracruz se acuerdan de desaparecidos, critican","author":"grieta","date":"31 enero, 2021","format":false,"excerpt":"La activista Araceli Salcedo advirti\u00f3 que no habr\u00e1 votos para quien no lo merezca Tania Guzm\u00e1n \/ Al calor pol\u00edtico La representante del Colectivo de Familiares de Desaparecidos Orizaba-C\u00f3rdoba, Araceli Salcedo, critic\u00f3 que durante las \u00e9pocas electorales los pol\u00edticos se acuerdan de las v\u00edctimas de desapariciones. Seg\u00fan la activistas, ahora\u2026","rel":"","context":"En &quot;CINTILLO&quot;","block_context":{"text":"CINTILLO","link":"https:\/\/www.grieta.org.mx\/index.php\/category\/cintillo\/"},"img":{"alt_text":"","src":"https:\/\/i0.wp.com\/www.grieta.org.mx\/wp-content\/uploads\/2021\/02\/Screenshot_2021-02-09-Solo-en-elecciones-politicos-de-Veracruz-se-acuerdan-de-desaparecidos-critican.png?resize=350%2C200&ssl=1","width":350,"height":200,"srcset":"https:\/\/i0.wp.com\/www.grieta.org.mx\/wp-content\/uploads\/2021\/02\/Screenshot_2021-02-09-Solo-en-elecciones-politicos-de-Veracruz-se-acuerdan-de-desaparecidos-critican.png?resize=350%2C200&ssl=1 1x, https:\/\/i0.wp.com\/www.grieta.org.mx\/wp-content\/uploads\/2021\/02\/Screenshot_2021-02-09-Solo-en-elecciones-politicos-de-Veracruz-se-acuerdan-de-desaparecidos-critican.png?resize=525%2C300&ssl=1 1.5x, https:\/\/i0.wp.com\/www.grieta.org.mx\/wp-content\/uploads\/2021\/02\/Screenshot_2021-02-09-Solo-en-elecciones-politicos-de-Veracruz-se-acuerdan-de-desaparecidos-critican.png?resize=700%2C400&ssl=1 2x"},"classes":[]}],"_links":{"self":[{"href":"https:\/\/www.grieta.org.mx\/index.php\/wp-json\/wp\/v2\/posts\/69473","targetHints":{"allow":["GET"]}}],"collection":[{"href":"https:\/\/www.grieta.org.mx\/index.php\/wp-json\/wp\/v2\/posts"}],"about":[{"href":"https:\/\/www.grieta.org.mx\/index.php\/wp-json\/wp\/v2\/types\/post"}],"author":[{"embeddable":true,"href":"https:\/\/www.grieta.org.mx\/index.php\/wp-json\/wp\/v2\/users\/2"}],"replies":[{"embeddable":true,"href":"https:\/\/www.grieta.org.mx\/index.php\/wp-json\/wp\/v2\/comments?post=69473"}],"version-history":[{"count":1,"href":"https:\/\/www.grieta.org.mx\/index.php\/wp-json\/wp\/v2\/posts\/69473\/revisions"}],"predecessor-version":[{"id":69475,"href":"https:\/\/www.grieta.org.mx\/index.php\/wp-json\/wp\/v2\/posts\/69473\/revisions\/69475"}],"wp:featuredmedia":[{"embeddable":true,"href":"https:\/\/www.grieta.org.mx\/index.php\/wp-json\/wp\/v2\/media\/69474"}],"wp:attachment":[{"href":"https:\/\/www.grieta.org.mx\/index.php\/wp-json\/wp\/v2\/media?parent=69473"}],"wp:term":[{"taxonomy":"category","embeddable":true,"href":"https:\/\/www.grieta.org.mx\/index.php\/wp-json\/wp\/v2\/categories?post=69473"},{"taxonomy":"post_tag","embeddable":true,"href":"https:\/\/www.grieta.org.mx\/index.php\/wp-json\/wp\/v2\/tags?post=69473"}],"curies":[{"name":"wp","href":"https:\/\/api.w.org\/{rel}","templated":true}]}}