{"id":69463,"date":"2024-08-25T12:53:01","date_gmt":"2024-08-25T18:53:01","guid":{"rendered":"https:\/\/www.grieta.org.mx\/?p=69463"},"modified":"2024-08-26T13:06:53","modified_gmt":"2024-08-26T19:06:53","slug":"alarman-danos-a-estero-de-chac-hay-visible-coloracion-de-agua-quintna-roo","status":"publish","type":"post","link":"https:\/\/www.grieta.org.mx\/index.php\/2024\/08\/25\/alarman-danos-a-estero-de-chac-hay-visible-coloracion-de-agua-quintna-roo\/","title":{"rendered":"Alarman da\u00f1os a Estero de Chac, hay visible coloraci\u00f3n de agua (Quintna Roo)"},"content":{"rendered":"<p>REDACCI\u00d3N \/ GRUPO CANT\u00d3N \/ Quintana Roo Hoy<\/p>\n<blockquote><p>Acusan expertos que los espacios para las obras interfieren con el flujo de agua, afectando al cauce y a la laguna<\/p><\/blockquote>\n<p>CANC\u00daN.- Las obras del Tren Maya en Quintana Roo han sido se\u00f1aladas de afectar de nuevo los humedales, en este caso el Estero de Chac, en el que los especialistas advierten que se afectar\u00e1 la Laguna de Bacalar, conocida por sus siete colores.<\/p>\n<p>Guillermo DChristy, ambientalista y consultor en calida del agua, alert\u00f3 de las afectaciones que se est\u00e1n generando en el estero Chac, donde present\u00f3 im\u00e1genes del radical cambio de coloraci\u00f3n.<\/p>\n<p>\u201cLos cambios en coloraci\u00f3n del agua en el estero Chac, parte del sistema lagunar de Bacalar, a partir de las obras del mal llamado Tren Maya son muy notorias\u201d, lament\u00f3 el especialista.<\/p>\n<p>Relat\u00f3 que los terraplenes que fueron creados para el paso de la maquinaria y los materiales, a fin de poder realizar las perforaciones para el hincado de los pilotes, han generado diversas afectaciones.<\/p>\n<p>Una de las m\u00e1s graves es la interrupci\u00f3n del flujo de agua, lo que implica que al ser estero Chac un canal vital que conecta la Laguna de Bacalar con el R\u00edo Hondo, ha generado inundaciones.<\/p>\n<p>\u201cEsto ha llevado a inundaciones en las comunidades cercanas, con reportes de que algunas \u00e1reas han estado inundadas por m\u00e1s de 30 d\u00edas, especialmente agravado antes de eventos como el hurac\u00e1n Beryl\u201d, record\u00f3 el ambientalista.<\/p>\n<p>Pero esta condici\u00f3n, revel\u00f3 DChristy, se ha alterado el ecosistema, lo que podr\u00eda impactar en el cambio de los majestuosos colores de la Lagua de los Siete Colores de Bacalar.<\/p>\n<p>\u201cLa alteraci\u00f3n del estero no solo ha tenido efectos ambientales, como la potencial p\u00e9rdida de los colores caracter\u00edsticos de la Laguna de Bacalar debido a la interrupci\u00f3n del flujo de agua, afectaci\u00f3n a las colonias de estromatolitos sino que tambi\u00e9n ha afectado a las comunidades locales.<\/p>\n<p>\u201cEstas han enfrentado inundaciones, desplazamiento, y una especulaci\u00f3n inmobiliaria que ha cambiado la din\u00e1mica social y econ\u00f3mica de la regi\u00f3n\u201d, afirm\u00f3.<\/p>\n<p>Reiter\u00f3 que como han venido denunciando desde hace tiempo con las obras del Tren Maya, las obras no tienen los estudios requeridos que consideren el delicado entorno ecol\u00f3gico del sistema lagunar y de existir, hay una gran opacidad en torno a ellos.<\/p>\n<p>\u201cA estas afectaciones se suman las miles de hect\u00e1reas de selva desmontada al oeste de la Laguna de Bacalar para la agricultura por parte de la comunidad menonita, el aumento de embarcaciones con motor y la presi\u00f3n inmobiliaria\u201d, advirti\u00f3.<\/p>\n<p><a href=\"https:\/\/quintanaroohoy.com\/quintanaroo\/bacalar\/alarman-danos-a-estero-de-chac-hay-visible-coloracion-de-agua\/\" rel=\"noopener\" target=\"_blank\">https:\/\/quintanaroohoy.com\/quintanaroo\/bacalar\/alarman-danos-a-estero-de-chac-hay-visible-coloracion-de-agua\/<\/a><\/p>\n","protected":false},"excerpt":{"rendered":"<p>REDACCI\u00d3N \/ GRUPO CANT\u00d3N \/ Quintana Roo Hoy Acusan expertos que los espacios para las obras interfieren con el flujo de agua, afectando al cauce y a la laguna CANC\u00daN.- &hellip; <a href=\"https:\/\/www.grieta.org.mx\/index.php\/2024\/08\/25\/alarman-danos-a-estero-de-chac-hay-visible-coloracion-de-agua-quintna-roo\/\" class=\"more-link\">Leer m\u00e1s<\/a><\/p>\n","protected":false},"author":2,"featured_media":69464,"comment_status":"closed","ping_status":"closed","sticky":false,"template":"","format":"standard","meta":{"ngg_post_thumbnail":0,"_jetpack_newsletter_access":"","_jetpack_dont_email_post_to_subs":false,"_jetpack_newsletter_tier_id":0,"_jetpack_memberships_contains_paywalled_content":false,"_jetpack_memberships_contains_paid_content":false,"footnotes":""},"categories":[80,2749,3,922,926,944,952,2,28,1876,2026],"tags":[315,2987,881,1878],"class_list":["post-69463","post","type-post","status-publish","format-standard","has-post-thumbnail","hentry","category-cintillo","category-destruccion-y-contaminacion-ambiental-en-quintana-roo","category-megaproyectos","category-megaproyectos-estados","category-mp-campeche","category-mp-quintana-roo","category-mp-yucatan","category-noticias-nacionales","category-quintana-roo","category-resistencia-al-tren-maya-en-la-peninsula-de-yucatan-quintana-roo","category-tren-maya","tag-bacalar","tag-impacto-ecologico-por-tren-maya","tag-inundaciones","tag-tren-maya","entry"],"jetpack_featured_media_url":"https:\/\/www.grieta.org.mx\/wp-content\/uploads\/2024\/08\/Estero-e1724699059158.jpg","jetpack_sharing_enabled":true,"jetpack_shortlink":"https:\/\/wp.me\/p7ZJR4-i4n","jetpack_likes_enabled":false,"jetpack-related-posts":[{"id":67152,"url":"https:\/\/www.grieta.org.mx\/index.php\/2023\/07\/08\/ejercito-suspende-relleno-del-estero-de-chac-ante-quejas-de-habitantes-de-bacalar-quintana-roo\/","url_meta":{"origin":69463,"position":0},"title":"Ej\u00e9rcito suspende relleno del estero de Chac ante quejas de habitantes de Bacalar (Quintana Roo)","author":"grieta","date":"8 julio, 2023","format":false,"excerpt":"Emilio G\u00f3mez \/ Foto: Facebook Acci\u00f3n Juvenil Quintana Roo \/ La Jornada Maya Chetumal, Quintana Roo El Ej\u00e9rcito mexicano suspendi\u00f3 el relleno del estero de Chac, un canal de agua que parte de la ciudad de Chetumal, de norte a sur y que conecta a la laguna de Bacalar con\u2026","rel":"","context":"En &quot;CINTILLO&quot;","block_context":{"text":"CINTILLO","link":"https:\/\/www.grieta.org.mx\/index.php\/category\/cintillo\/"},"img":{"alt_text":"","src":"https:\/\/i0.wp.com\/www.grieta.org.mx\/wp-content\/uploads\/2023\/07\/RellenoChetumal-e1688839701794.jpg?resize=350%2C200&ssl=1","width":350,"height":200,"srcset":"https:\/\/i0.wp.com\/www.grieta.org.mx\/wp-content\/uploads\/2023\/07\/RellenoChetumal-e1688839701794.jpg?resize=350%2C200&ssl=1 1x, https:\/\/i0.wp.com\/www.grieta.org.mx\/wp-content\/uploads\/2023\/07\/RellenoChetumal-e1688839701794.jpg?resize=525%2C300&ssl=1 1.5x, https:\/\/i0.wp.com\/www.grieta.org.mx\/wp-content\/uploads\/2023\/07\/RellenoChetumal-e1688839701794.jpg?resize=700%2C400&ssl=1 2x"},"classes":[]},{"id":47874,"url":"https:\/\/www.grieta.org.mx\/index.php\/2020\/04\/13\/las-vias-torcidas-del-tren-maya-video\/","url_meta":{"origin":69463,"position":1},"title":"Las v\u00edas torcidas del tren maya (Video)","author":"grieta","date":"13 abril, 2020","format":false,"excerpt":"https:\/\/www.youtube.com\/watch?v=k8FRX9eT0YY","rel":"","context":"En &quot;16. Pueblo Maya&quot;","block_context":{"text":"16. Pueblo Maya","link":"https:\/\/www.grieta.org.mx\/index.php\/category\/espejos-de-la-resistencia\/16-pueblo-maya\/"},"img":{"alt_text":"","src":"https:\/\/i0.wp.com\/www.grieta.org.mx\/wp-content\/uploads\/2020\/04\/ViasTorcidasTrenMaya.png?resize=350%2C200&ssl=1","width":350,"height":200,"srcset":"https:\/\/i0.wp.com\/www.grieta.org.mx\/wp-content\/uploads\/2020\/04\/ViasTorcidasTrenMaya.png?resize=350%2C200&ssl=1 1x, https:\/\/i0.wp.com\/www.grieta.org.mx\/wp-content\/uploads\/2020\/04\/ViasTorcidasTrenMaya.png?resize=525%2C300&ssl=1 1.5x, https:\/\/i0.wp.com\/www.grieta.org.mx\/wp-content\/uploads\/2020\/04\/ViasTorcidasTrenMaya.png?resize=700%2C400&ssl=1 2x"},"classes":[]},{"id":67351,"url":"https:\/\/www.grieta.org.mx\/index.php\/2023\/08\/05\/paraliza-obras-de-tren-maya-quema-de-maquinaria-en-tramo-6-quintana-roo\/","url_meta":{"origin":69463,"position":2},"title":"Paraliza obras de Tren Maya quema de maquinaria en tramo 6 (Quintana Roo)","author":"grieta","date":"5 agosto, 2023","format":false,"excerpt":"antonio.hernandez.press \/ Quadrat\u00edn Quintana Roo OTH\u00d3N P. BLANCO, QRoo, 5 de agosto de 2023.- Cinco maquinarias pesadas fueron incendiadas en las obras del Tren Maya, en el frente seis del Tramo 6, muy cerca de la comunidad de Buenavista, supuestamente por parte de trabajadores inconformes por falta de pago. De\u2026","rel":"","context":"En &quot;CINTILLO&quot;","block_context":{"text":"CINTILLO","link":"https:\/\/www.grieta.org.mx\/index.php\/category\/cintillo\/"},"img":{"alt_text":"","src":"https:\/\/i0.wp.com\/www.grieta.org.mx\/wp-content\/uploads\/2023\/08\/Quema-e1691331646543.jpg?resize=350%2C200&ssl=1","width":350,"height":200,"srcset":"https:\/\/i0.wp.com\/www.grieta.org.mx\/wp-content\/uploads\/2023\/08\/Quema-e1691331646543.jpg?resize=350%2C200&ssl=1 1x, https:\/\/i0.wp.com\/www.grieta.org.mx\/wp-content\/uploads\/2023\/08\/Quema-e1691331646543.jpg?resize=525%2C300&ssl=1 1.5x, https:\/\/i0.wp.com\/www.grieta.org.mx\/wp-content\/uploads\/2023\/08\/Quema-e1691331646543.jpg?resize=700%2C400&ssl=1 2x"},"classes":[]},{"id":69310,"url":"https:\/\/www.grieta.org.mx\/index.php\/2024\/07\/21\/culpan-a-obras-del-tren-maya-de-inundaciones-en-bacalar-quintana-roo\/","url_meta":{"origin":69463,"position":3},"title":"Culpan a obras del Tren Maya de inundaciones en Bacalar (Quintana Roo)","author":"grieta","date":"21 julio, 2024","format":false,"excerpt":"Carolina Carrasco \/ Foto: @VisionRedTez \/ Infobae Los pobladores de la zona advirtieron a los ingenieros del Tren Maya que esto pod\u00eda ocurrir. Comunidades de la zona de Bacalar que llevan poco m\u00e1s de 10 d\u00edas inundadas aseguran que este fen\u00f3meno ha sido culpa de las construcciones del Tren Maya,\u2026","rel":"","context":"En &quot;CINTILLO&quot;","block_context":{"text":"CINTILLO","link":"https:\/\/www.grieta.org.mx\/index.php\/category\/cintillo\/"},"img":{"alt_text":"","src":"https:\/\/i0.wp.com\/www.grieta.org.mx\/wp-content\/uploads\/2024\/07\/Bacalar-e1721568433550.jpg?resize=350%2C200&ssl=1","width":350,"height":200,"srcset":"https:\/\/i0.wp.com\/www.grieta.org.mx\/wp-content\/uploads\/2024\/07\/Bacalar-e1721568433550.jpg?resize=350%2C200&ssl=1 1x, https:\/\/i0.wp.com\/www.grieta.org.mx\/wp-content\/uploads\/2024\/07\/Bacalar-e1721568433550.jpg?resize=525%2C300&ssl=1 1.5x, https:\/\/i0.wp.com\/www.grieta.org.mx\/wp-content\/uploads\/2024\/07\/Bacalar-e1721568433550.jpg?resize=700%2C400&ssl=1 2x"},"classes":[]},{"id":68588,"url":"https:\/\/www.grieta.org.mx\/index.php\/2024\/02\/09\/colapsa-estructura-del-tren-maya-cerca-de-bacalar-hay-dos-personas-lesionadas-videoquintana-roo\/","url_meta":{"origin":69463,"position":4},"title":"Colapsa estructura del Tren Maya cerca de Bacalar; hay dos personas lesionadas (Video)(Quintana Roo)","author":"grieta","date":"9 febrero, 2024","format":false,"excerpt":"Octavio Mart\u00ednez \/ Revista Proceso El desplome de una estructura de concreto en las obras del Tren Maya cerca de Bacalar, en Quintana Roo, dej\u00f3 un saldo de dos trabajadores lesionados. CANC\u00daN, Qroo. (apro).\u2013 El desplome de una estructura de concreto en las obras del Tren Maya cerca de Bacalar,\u2026","rel":"","context":"En &quot;CINTILLO&quot;","block_context":{"text":"CINTILLO","link":"https:\/\/www.grieta.org.mx\/index.php\/category\/cintillo\/"},"img":{"alt_text":"","src":"https:\/\/i0.wp.com\/www.grieta.org.mx\/wp-content\/uploads\/2024\/03\/TrenAccidente-e1709625311972.jpg?resize=350%2C200&ssl=1","width":350,"height":200,"srcset":"https:\/\/i0.wp.com\/www.grieta.org.mx\/wp-content\/uploads\/2024\/03\/TrenAccidente-e1709625311972.jpg?resize=350%2C200&ssl=1 1x, https:\/\/i0.wp.com\/www.grieta.org.mx\/wp-content\/uploads\/2024\/03\/TrenAccidente-e1709625311972.jpg?resize=525%2C300&ssl=1 1.5x, https:\/\/i0.wp.com\/www.grieta.org.mx\/wp-content\/uploads\/2024\/03\/TrenAccidente-e1709625311972.jpg?resize=700%2C400&ssl=1 2x"},"classes":[]},{"id":70705,"url":"https:\/\/www.grieta.org.mx\/index.php\/2024\/12\/13\/trabajadores-del-tren-maya-bloquean-la-carretera-chetumal-bacalar-por-salarios-atrasados-quintana-roo\/","url_meta":{"origin":69463,"position":5},"title":"Trabajadores del Tren Maya Bloquean la Carretera Chetumal-Bacalar por Salarios Atrasados (Quintana Roo)","author":"grieta","date":"13 diciembre, 2024","format":false,"excerpt":"Antonio Brice\u00f1o \/ CAMBIO 22 Trabajadores del Tren Maya bloquearon esta ma\u00f1ana la carretera Chetumal-Bacalar, en protesta por la falta de pago de sus salarios desde octubre Exigen una soluci\u00f3n inmediata para poder reanudar su labor CHETUMAL, 13 de diciembre.- Un grupo de trabajadores del Tren Maya bloque\u00f3 esta ma\u00f1ana\u2026","rel":"","context":"En &quot;CINTILLO&quot;","block_context":{"text":"CINTILLO","link":"https:\/\/www.grieta.org.mx\/index.php\/category\/cintillo\/"},"img":{"alt_text":"","src":"https:\/\/i0.wp.com\/www.grieta.org.mx\/wp-content\/uploads\/2024\/12\/Bloqueo.jpg?resize=350%2C200&ssl=1","width":350,"height":200},"classes":[]}],"_links":{"self":[{"href":"https:\/\/www.grieta.org.mx\/index.php\/wp-json\/wp\/v2\/posts\/69463","targetHints":{"allow":["GET"]}}],"collection":[{"href":"https:\/\/www.grieta.org.mx\/index.php\/wp-json\/wp\/v2\/posts"}],"about":[{"href":"https:\/\/www.grieta.org.mx\/index.php\/wp-json\/wp\/v2\/types\/post"}],"author":[{"embeddable":true,"href":"https:\/\/www.grieta.org.mx\/index.php\/wp-json\/wp\/v2\/users\/2"}],"replies":[{"embeddable":true,"href":"https:\/\/www.grieta.org.mx\/index.php\/wp-json\/wp\/v2\/comments?post=69463"}],"version-history":[{"count":1,"href":"https:\/\/www.grieta.org.mx\/index.php\/wp-json\/wp\/v2\/posts\/69463\/revisions"}],"predecessor-version":[{"id":69465,"href":"https:\/\/www.grieta.org.mx\/index.php\/wp-json\/wp\/v2\/posts\/69463\/revisions\/69465"}],"wp:featuredmedia":[{"embeddable":true,"href":"https:\/\/www.grieta.org.mx\/index.php\/wp-json\/wp\/v2\/media\/69464"}],"wp:attachment":[{"href":"https:\/\/www.grieta.org.mx\/index.php\/wp-json\/wp\/v2\/media?parent=69463"}],"wp:term":[{"taxonomy":"category","embeddable":true,"href":"https:\/\/www.grieta.org.mx\/index.php\/wp-json\/wp\/v2\/categories?post=69463"},{"taxonomy":"post_tag","embeddable":true,"href":"https:\/\/www.grieta.org.mx\/index.php\/wp-json\/wp\/v2\/tags?post=69463"}],"curies":[{"name":"wp","href":"https:\/\/api.w.org\/{rel}","templated":true}]}}