{"id":69453,"date":"2024-08-23T11:51:27","date_gmt":"2024-08-23T17:51:27","guid":{"rendered":"https:\/\/www.grieta.org.mx\/?p=69453"},"modified":"2024-08-26T12:04:29","modified_gmt":"2024-08-26T18:04:29","slug":"habitantes-de-telchaquillo-se-oponen-a-que-el-inah-expropie-terrenos-de-mayapan-yucatan","status":"publish","type":"post","link":"https:\/\/www.grieta.org.mx\/index.php\/2024\/08\/23\/habitantes-de-telchaquillo-se-oponen-a-que-el-inah-expropie-terrenos-de-mayapan-yucatan\/","title":{"rendered":"Habitantes de Telchaquillo se oponen a que el INAH expropie terrenos de Mayap\u00e1n (Yucat\u00e1n)"},"content":{"rendered":"<p> Herbeth Escalante \/ Haz Ruido<\/p>\n<blockquote><p>Est\u00e1n en contra de que dicho instituto le compre esas tierras a los ejidatarios, m\u00e1s bien exigen un pago por los 40 a\u00f1os de ocupaci\u00f3n del territorio a toda la comunidad y que \u00e9sta se encargue de administrar la zona arqueol\u00f3gica.<\/p><\/blockquote>\n<p>M\u00e9rida, Yucat\u00e1n, 23 de agosto de 2024.- Habitantes de la comisar\u00eda maya de Telchaquillo, perteneciente al municipio de Tecoh, manifestaron que est\u00e1n en contra de que el Instituto Nacional de Antropolog\u00eda e Historia (INAH) expropie y se quede con los terrenos de la zona arqueol\u00f3gica de Mayap\u00e1n, pues no consideran justo que los ejidatarios vendan esas tierras sin considerar que tambi\u00e9n pertenecen al resto de la poblaci\u00f3n. Por tal raz\u00f3n, exigen que la comunidad se encargue de ahora en adelante de la administraci\u00f3n de este sitio prehisp\u00e1nico. <\/p>\n<p>Advirtieron que el pr\u00f3ximo domingo 25 de agosto se realizar\u00e1 una reuni\u00f3n entre las autoridades del INAH y los ejidatarios, quienes tienen bloqueado ese lugar desde hace meses. En la reuni\u00f3n abordar\u00e1n cu\u00e1l ser\u00e1 el destino de las tierras en donde se encuentra esa zona arqueol\u00f3gica, pero excluyendo de los acuerdos al resto de las y los pobladores.<\/p>\n<p>El grupo de defensa del territorio de Telchaquillo extern\u00f3 que se opone al intento de expropiar esos terrenos, pues muchas personas se quedar\u00edan sin ese patrimonio. <\/p>\n<p>En ese sentido, plantearon otras propuestas, como que el INAH pague lo correspondientes a 40 a\u00f1os de ocupaci\u00f3n del territorio a toda la poblaci\u00f3n, no solo a los ejidatarios, y que todo lo relacionado con la administraci\u00f3n del sitio est\u00e9 a cargo de la comunidad.<\/p>\n<p>\u201cMayap\u00e1n, m\u00e1s all\u00e1 de un sitio tur\u00edstico, es parte de nuestra cultura, de nuestra historia, herencia y patrimonio, est\u00e1 vinculado estrechamente a nuestra forma de pensar y de relacionarnos con nuestro territorio, al igual que el cenote, el monte y otros elementos que nos dan identidad como pueblo maya. Por tal raz\u00f3n, hemos decidido llevar a cabo el proceso para recuperar lo correspondiente a los 40 a\u00f1os de ocupaci\u00f3n de nuestro territorio y concretar un acuerdo con el INAH\u201d, se\u00f1alaron.<\/p>\n<p>Las y los pobladores dijeron que durante todo este tiempo, dicha dependencia ha ocupado esa zona arqueol\u00f3gica sin el consentimiento previo, libre e informado de la comunidad. Adem\u00e1s, nunca ha otorgado beneficios ni informaci\u00f3n sobre los descubrimientos o sobre el destino de las piezas que han extra\u00eddo de ah\u00ed.<\/p>\n<p>Sobre el pago por ocupaci\u00f3n, exigen que se realice un acuerdo por escrito que describa el monto y la informaci\u00f3n detallada de c\u00f3mo se calcul\u00f3 dicha cantidad. Eso s\u00ed, recalcaron que por ning\u00fan motivo se entender\u00e1 que ese acuerdo significa la venta de las tierras  de la zona arqueol\u00f3gica.  \u201cLa comunidad es propietaria de las tierras y lo seguir\u00e1 siendo\u201d, exclamaron.<\/p>\n<p>Explicaron que la comunidad, en asamblea general, decidir\u00e1 el destino de esos recursos recibidos y que la entrega de fondos no estar\u00e1 condicionada a decisiones del INAH o la negociaci\u00f3n de la propiedad de la tierra.<\/p>\n<p>De igual manera indicaron que est\u00e1n a favor de la reapertura del sitio prehisp\u00e1nico, el cual est\u00e1 tomado por los ejidatarios, pero bajo un acuerdo que establezca que tanto las \u00e1reas de estacionamiento, el cobro de entradas, la vigilancia, los gu\u00edas y todo lo relacionado con la administraci\u00f3n del sitio estar\u00e1 a cargo de la comunidad de Telchaquillo a trav\u00e9s de los comit\u00e9s que conformen para este fin.<\/p>\n<p>\u201cEn el mismo acuerdo quedar\u00e1 asentado que todo lo relacionado con excavaci\u00f3n, restauraci\u00f3n, medidas de protecci\u00f3n, cuidado, mantenimiento de las estructuras, de los monumentos hist\u00f3ricos, etc\u00e9tera, estar\u00e1n a cargo del INAH, quienes deber\u00e1n rendir informes a la comunidad de las actividades que desarrollen en la zona arqueol\u00f3gica\u201d, abundaron.<\/p>\n<p>Asimismo, piden que en las contrataciones de personal de apoyo para las excavaciones, restauraci\u00f3n, mantenimiento de las estructuras y monumentos hist\u00f3ricos de Mayap\u00e1n, los habitantes de Telchaquillo tengan derecho de preferencia.<\/p>\n<p>\u201cLa comunidad de Telchaquillo tenemos plena conciencia de la importancia que tiene este sitio como patrimonio cultural, estamos conscientes de que es importante que todos los mexicanos la conozcan como parte de la historia de nuestro pa\u00eds, pero esto no tiene que ser a costa de nuestros derechos como comunidad maya. Por ello consideramos que este nuevo acuerdo ser\u00e1 de beneficio para la comunidad y para el pa\u00eds\u201d, enfatizaron.<\/p>\n<p>Por \u00faltimo, dijeron que no van a poner en riesgo el patrimonio de sus hijas e hijos, ni el futuro de la comunidad, por lo que la mejor manera para mantenerlo es que el sitio prehisp\u00e1nico se encuentre bajo administraci\u00f3n comunitaria.<\/p>\n<p><a href=\"https:\/\/www.hazruido.mx\/reportes\/habitantes-de-telchaquillo-se-oponen-a-que-el-inah-expropie-terrenos-de-mayapan\/\" rel=\"noopener\" target=\"_blank\">https:\/\/www.hazruido.mx\/reportes\/habitantes-de-telchaquillo-se-oponen-a-que-el-inah-expropie-terrenos-de-mayapan\/<\/a><\/p>\n","protected":false},"excerpt":{"rendered":"<p>Herbeth Escalante \/ Haz Ruido Est\u00e1n en contra de que dicho instituto le compre esas tierras a los ejidatarios, m\u00e1s bien exigen un pago por los 40 a\u00f1os de ocupaci\u00f3n &hellip; <a href=\"https:\/\/www.grieta.org.mx\/index.php\/2024\/08\/23\/habitantes-de-telchaquillo-se-oponen-a-que-el-inah-expropie-terrenos-de-mayapan-yucatan\/\" class=\"more-link\">Leer m\u00e1s<\/a><\/p>\n","protected":false},"author":2,"featured_media":69454,"comment_status":"closed","ping_status":"closed","sticky":false,"template":"","format":"standard","meta":{"ngg_post_thumbnail":0,"_jetpack_newsletter_access":"","_jetpack_dont_email_post_to_subs":false,"_jetpack_newsletter_tier_id":0,"_jetpack_memberships_contains_paywalled_content":false,"_jetpack_memberships_contains_paid_content":false,"footnotes":""},"categories":[80,2,3952,36],"tags":[175,208,4208,3664],"class_list":["post-69453","post","type-post","status-publish","format-standard","has-post-thumbnail","hentry","category-cintillo","category-noticias-nacionales","category-problemas-por-zonas-arqueologicas-en-tierras-ejidales-en-yucatan","category-yucatan","tag-ejidatarios","tag-inah","tag-mayapan","tag-zonas-arqueologicas","entry"],"jetpack_featured_media_url":"https:\/\/www.grieta.org.mx\/wp-content\/uploads\/2024\/08\/Mayapan-e1724695299857.jpg","jetpack_sharing_enabled":true,"jetpack_shortlink":"https:\/\/wp.me\/p7ZJR4-i4d","jetpack_likes_enabled":false,"jetpack-related-posts":[{"id":71276,"url":"https:\/\/www.grieta.org.mx\/index.php\/2025\/03\/13\/yucatan-ejidatarios-de-telchaquillo-rechazan-nuevamente-propuesta-del-inah-sobre-mayapan-se-prolonga-cierre-del-sitio-arqueologico\/","url_meta":{"origin":69453,"position":0},"title":"Yucat\u00e1n| Ejidatarios de Telchaquillo rechazan nuevamente propuesta del INAH sobre Mayap\u00e1n; se prolonga cierre del sitio arqueol\u00f3gico","author":"grieta","date":"13 marzo, 2025","format":false,"excerpt":"Itzel Chan \/ Noticaribe M\u00c9RIDA, MX.- Las negociaciones para reabrir la zona arqueol\u00f3gica de Mayap\u00e1n siguen estancadas luego de que ejidatarios de Telchaquillo rechazaran una nueva propuesta presentada por el director general del Instituto Nacional de Antropolog\u00eda e Historia (INAH), Diego Prieto Hern\u00e1ndez. A pesar de la intenci\u00f3n de lograr\u2026","rel":"","context":"En &quot;CINTILLO&quot;","block_context":{"text":"CINTILLO","link":"https:\/\/www.grieta.org.mx\/index.php\/category\/cintillo\/"},"img":{"alt_text":"","src":"https:\/\/i0.wp.com\/www.grieta.org.mx\/wp-content\/uploads\/2025\/03\/Mayapan-e1741914003243.jpg?resize=350%2C200&ssl=1","width":350,"height":200,"srcset":"https:\/\/i0.wp.com\/www.grieta.org.mx\/wp-content\/uploads\/2025\/03\/Mayapan-e1741914003243.jpg?resize=350%2C200&ssl=1 1x, https:\/\/i0.wp.com\/www.grieta.org.mx\/wp-content\/uploads\/2025\/03\/Mayapan-e1741914003243.jpg?resize=525%2C300&ssl=1 1.5x, https:\/\/i0.wp.com\/www.grieta.org.mx\/wp-content\/uploads\/2025\/03\/Mayapan-e1741914003243.jpg?resize=700%2C400&ssl=1 2x"},"classes":[]},{"id":70690,"url":"https:\/\/www.grieta.org.mx\/index.php\/2024\/12\/11\/exigen-coadministracion-de-mayapan-yucatan\/","url_meta":{"origin":69453,"position":1},"title":"Exigen coadministraci\u00f3n de Mayap\u00e1n (Yucat\u00e1n)","author":"grieta","date":"11 diciembre, 2024","format":false,"excerpt":"24 Horas Yucat\u00e1n Foto: Tom\u00e1s Mart\u00edn Un grupo de 287 ejidatarios del municipio de Telchaquillo lanz\u00f3 un llamado al Instituto Nacional de Antropolog\u00eda e Historia (INAH) para exigir la coadministraci\u00f3n de la zona arqueol\u00f3gica de Mayap\u00e1n, as\u00ed como el pago de una indemnizaci\u00f3n por los \u00faltimos 40 a\u00f1os de ocupaci\u00f3n\u2026","rel":"","context":"En &quot;CINTILLO&quot;","block_context":{"text":"CINTILLO","link":"https:\/\/www.grieta.org.mx\/index.php\/category\/cintillo\/"},"img":{"alt_text":"","src":"https:\/\/i0.wp.com\/www.grieta.org.mx\/wp-content\/uploads\/2024\/12\/Mayapan-e1734216177254.jpg?resize=350%2C200&ssl=1","width":350,"height":200,"srcset":"https:\/\/i0.wp.com\/www.grieta.org.mx\/wp-content\/uploads\/2024\/12\/Mayapan-e1734216177254.jpg?resize=350%2C200&ssl=1 1x, https:\/\/i0.wp.com\/www.grieta.org.mx\/wp-content\/uploads\/2024\/12\/Mayapan-e1734216177254.jpg?resize=525%2C300&ssl=1 1.5x, https:\/\/i0.wp.com\/www.grieta.org.mx\/wp-content\/uploads\/2024\/12\/Mayapan-e1734216177254.jpg?resize=700%2C400&ssl=1 2x"},"classes":[]},{"id":70512,"url":"https:\/\/www.grieta.org.mx\/index.php\/2024\/11\/22\/ejidatarios-le-dicen-no-a-la-expropiacion-de-mayapan-a-diego-prieto-yucatan\/","url_meta":{"origin":69453,"position":2},"title":"Ejidatarios le dicen no a la expropiaci\u00f3n de Mayap\u00e1n a Diego Prieto (Yucat\u00e1n)","author":"grieta","date":"22 noviembre, 2024","format":false,"excerpt":"Sandra Gayou Soto \/ Haz Ruido El director del INAH les ofreci\u00f3 9 millones 896 mil pesos por las 14 hect\u00e1reas de la zona arqueol\u00f3gica, pero los pobladores de Telchaquillo rechazaron la propuesta. Telchaquillo, Yucat\u00e1n, 22 de noviembre de 2024.-El pasado domingo 17 de noviembre pobladores de Telchaquillo en el\u2026","rel":"","context":"En &quot;CINTILLO&quot;","block_context":{"text":"CINTILLO","link":"https:\/\/www.grieta.org.mx\/index.php\/category\/cintillo\/"},"img":{"alt_text":"","src":"https:\/\/i0.wp.com\/www.grieta.org.mx\/wp-content\/uploads\/2024\/11\/Mayapan-e1732359084309.jpg?resize=350%2C200&ssl=1","width":350,"height":200,"srcset":"https:\/\/i0.wp.com\/www.grieta.org.mx\/wp-content\/uploads\/2024\/11\/Mayapan-e1732359084309.jpg?resize=350%2C200&ssl=1 1x, https:\/\/i0.wp.com\/www.grieta.org.mx\/wp-content\/uploads\/2024\/11\/Mayapan-e1732359084309.jpg?resize=525%2C300&ssl=1 1.5x, https:\/\/i0.wp.com\/www.grieta.org.mx\/wp-content\/uploads\/2024\/11\/Mayapan-e1732359084309.jpg?resize=700%2C400&ssl=1 2x"},"classes":[]},{"id":71159,"url":"https:\/\/www.grieta.org.mx\/index.php\/2025\/02\/27\/paran-obras-en-mayapan-yucatan\/","url_meta":{"origin":69453,"position":3},"title":"Paran obras en Mayap\u00e1n (Yucat\u00e1n)","author":"grieta","date":"27 febrero, 2025","format":false,"excerpt":"Sol Yucat\u00e1n Ejidatarios de telcahquillo comisaria de Tecoh, frenaron las obras que el Instituto Nacional de Antropolog\u00eda e Historia (INAH) realiza en la zona arqueol\u00f3gica de Mayap\u00e1n, que se encuentra cerrada desde hace un a\u00f1o. Los pobladores optaron por tomar las instalaciones en forma de protesta, por la falta de\u2026","rel":"","context":"En &quot;CINTILLO&quot;","block_context":{"text":"CINTILLO","link":"https:\/\/www.grieta.org.mx\/index.php\/category\/cintillo\/"},"img":{"alt_text":"","src":"https:\/\/i0.wp.com\/www.grieta.org.mx\/wp-content\/uploads\/2025\/02\/Telchaquillo-e1740754566364.jpg?resize=350%2C200&ssl=1","width":350,"height":200,"srcset":"https:\/\/i0.wp.com\/www.grieta.org.mx\/wp-content\/uploads\/2025\/02\/Telchaquillo-e1740754566364.jpg?resize=350%2C200&ssl=1 1x, https:\/\/i0.wp.com\/www.grieta.org.mx\/wp-content\/uploads\/2025\/02\/Telchaquillo-e1740754566364.jpg?resize=525%2C300&ssl=1 1.5x, https:\/\/i0.wp.com\/www.grieta.org.mx\/wp-content\/uploads\/2025\/02\/Telchaquillo-e1740754566364.jpg?resize=700%2C400&ssl=1 2x"},"classes":[]},{"id":71224,"url":"https:\/\/www.grieta.org.mx\/index.php\/2025\/03\/04\/inah-y-guardia-nacional-hostigan-a-ejidatarios-de-telchaquillo-yucatan\/","url_meta":{"origin":69453,"position":4},"title":"INAH y Guardia Nacional hostigan a ejidatarios de Telchaquillo (Yucat\u00e1n)","author":"grieta","date":"4 marzo, 2025","format":false,"excerpt":"Haz Ruido A pesar de que el conflicto por la situaci\u00f3n de los terrenos de la zona arqueol\u00f3gica de Mayap\u00e1n se desarrolla en el Tribunal Agrario, los funcionarios llegaron con agentes armados para presionar a los campesinos M\u00e9rida, Yucat\u00e1n, 4 de marzo de 2025.\u2013 Pobladoras y pobladores de la comunidad\u2026","rel":"","context":"En &quot;CINTILLO&quot;","block_context":{"text":"CINTILLO","link":"https:\/\/www.grieta.org.mx\/index.php\/category\/cintillo\/"},"img":{"alt_text":"","src":"https:\/\/i0.wp.com\/www.grieta.org.mx\/wp-content\/uploads\/2025\/03\/Telchaquillo-e1741540138696.jpg?resize=350%2C200&ssl=1","width":350,"height":200,"srcset":"https:\/\/i0.wp.com\/www.grieta.org.mx\/wp-content\/uploads\/2025\/03\/Telchaquillo-e1741540138696.jpg?resize=350%2C200&ssl=1 1x, https:\/\/i0.wp.com\/www.grieta.org.mx\/wp-content\/uploads\/2025\/03\/Telchaquillo-e1741540138696.jpg?resize=525%2C300&ssl=1 1.5x, https:\/\/i0.wp.com\/www.grieta.org.mx\/wp-content\/uploads\/2025\/03\/Telchaquillo-e1741540138696.jpg?resize=700%2C400&ssl=1 2x"},"classes":[]},{"id":71679,"url":"https:\/\/www.grieta.org.mx\/index.php\/2025\/05\/17\/telchaquillo-contra-el-inah-lucha-por-la-zona-arqueologica-de-mayapan-yucatan\/","url_meta":{"origin":69453,"position":5},"title":"Telchaquillo contra el INAH: Lucha por la zona arqueol\u00f3gica de Mayap\u00e1n (Yucat\u00e1n)","author":"grieta","date":"17 mayo, 2025","format":false,"excerpt":"Joaqu\u00edn Chan Caamal \/ Diario de Yucat\u00e1n La comunidad y ejidatarios de Telchaquillo tramitaron un amparo contra el Tribunal Unitario Agrario n\u00famero 34 de M\u00e9rida por su negativa que dictar medidas cautelares contra el Instituto Nacional de Antropolog\u00eda e Historia (INAH) y otras instituciones involucradas en el proceso de expropiaci\u00f3n\u2026","rel":"","context":"En &quot;CINTILLO&quot;","block_context":{"text":"CINTILLO","link":"https:\/\/www.grieta.org.mx\/index.php\/category\/cintillo\/"},"img":{"alt_text":"","src":"https:\/\/i0.wp.com\/www.grieta.org.mx\/wp-content\/uploads\/2025\/05\/Telchaquillo.jpg?resize=350%2C200&ssl=1","width":350,"height":200,"srcset":"https:\/\/i0.wp.com\/www.grieta.org.mx\/wp-content\/uploads\/2025\/05\/Telchaquillo.jpg?resize=350%2C200&ssl=1 1x, https:\/\/i0.wp.com\/www.grieta.org.mx\/wp-content\/uploads\/2025\/05\/Telchaquillo.jpg?resize=525%2C300&ssl=1 1.5x, https:\/\/i0.wp.com\/www.grieta.org.mx\/wp-content\/uploads\/2025\/05\/Telchaquillo.jpg?resize=700%2C400&ssl=1 2x"},"classes":[]}],"_links":{"self":[{"href":"https:\/\/www.grieta.org.mx\/index.php\/wp-json\/wp\/v2\/posts\/69453","targetHints":{"allow":["GET"]}}],"collection":[{"href":"https:\/\/www.grieta.org.mx\/index.php\/wp-json\/wp\/v2\/posts"}],"about":[{"href":"https:\/\/www.grieta.org.mx\/index.php\/wp-json\/wp\/v2\/types\/post"}],"author":[{"embeddable":true,"href":"https:\/\/www.grieta.org.mx\/index.php\/wp-json\/wp\/v2\/users\/2"}],"replies":[{"embeddable":true,"href":"https:\/\/www.grieta.org.mx\/index.php\/wp-json\/wp\/v2\/comments?post=69453"}],"version-history":[{"count":1,"href":"https:\/\/www.grieta.org.mx\/index.php\/wp-json\/wp\/v2\/posts\/69453\/revisions"}],"predecessor-version":[{"id":69455,"href":"https:\/\/www.grieta.org.mx\/index.php\/wp-json\/wp\/v2\/posts\/69453\/revisions\/69455"}],"wp:featuredmedia":[{"embeddable":true,"href":"https:\/\/www.grieta.org.mx\/index.php\/wp-json\/wp\/v2\/media\/69454"}],"wp:attachment":[{"href":"https:\/\/www.grieta.org.mx\/index.php\/wp-json\/wp\/v2\/media?parent=69453"}],"wp:term":[{"taxonomy":"category","embeddable":true,"href":"https:\/\/www.grieta.org.mx\/index.php\/wp-json\/wp\/v2\/categories?post=69453"},{"taxonomy":"post_tag","embeddable":true,"href":"https:\/\/www.grieta.org.mx\/index.php\/wp-json\/wp\/v2\/tags?post=69453"}],"curies":[{"name":"wp","href":"https:\/\/api.w.org\/{rel}","templated":true}]}}