{"id":69437,"date":"2024-08-10T19:11:32","date_gmt":"2024-08-11T01:11:32","guid":{"rendered":"https:\/\/www.grieta.org.mx\/?p=69437"},"modified":"2024-08-19T19:51:59","modified_gmt":"2024-08-20T01:51:59","slug":"madres-buscadoras-se-manifiestan-en-la-zona-hotelera-de-cancun-quintana-roo","status":"publish","type":"post","link":"https:\/\/www.grieta.org.mx\/index.php\/2024\/08\/10\/madres-buscadoras-se-manifiestan-en-la-zona-hotelera-de-cancun-quintana-roo\/","title":{"rendered":"Madres Buscadoras se manifiestan en la zona hotelera de Canc\u00fan (Quintana Roo)"},"content":{"rendered":"<p>Sipse<\/p>\n<blockquote><p>A ra\u00edz de una injusticia, las activistas se vieron en la necesidad de bloquear la vialidad.<\/p><\/blockquote>\n<p>El grupo de activistas Madres Buscadoras de Canc\u00fan, se manifest\u00f3 esta tarde de s\u00e1bado, en el Boulevard Kukulkan ya que piden justicia ante un acto cometido en contra de una de las integrantes por parte de las autoridades.<\/p>\n<p>El d\u00eda de ayer viernes, la presidenta del colectivo, Mar\u00eda Dolores Patr\u00f3n Pat acompa\u00f1ada de una de las activistas de nombre Dana L\u00f3pez, dieron a conocer mediante un En Vivo de Facebook, que un grupo de personas, entre ellas, elementos del Geavig y de la polic\u00eda municipal, ingresaron violentamente al domicilio de una integrante de las Madres Buscadoras. <\/p>\n<p>Durante la transmisi\u00f3n mencionaron que los que irrumpieron en el lugar no ten\u00edan un oficio para agredir de esa forma, pero las autoridades alegaron que s\u00ed estaban autorizadas para hacerlo.<\/p>\n<p>De acuerdo al video y a declaraciones por parte del colectivo, todo se deriva a un desacuerdo por la custodia de una menor de 4 a\u00f1os; una de las v\u00edctimas es la abuela paterna, y los polic\u00edas, acompa\u00f1ados de un grupo feminista, entraron al domicilio de la se\u00f1ora en el fraccionamiento Los H\u00e9roes, golpeando a una de las hijas de la se\u00f1ora e intentando llevarse a la ni\u00f1a.<\/p>\n<p>Hasta el momento, las Madres Buscadoras permanecen protestando en la zona hotelera de Canc\u00fan, habilitando \u00fanicamente un carril, esto hasta que autoridades dialoguen con ellas y les den una soluci\u00f3n por los inconvenientes previos.<\/p>\n<p><a href=\"https:\/\/sipse.com\/novedades\/madres-buscadoras-se-manifiestan-en-la-zona-hotelera-de-cancun-474964.html\" rel=\"noopener\" target=\"_blank\">https:\/\/sipse.com\/novedades\/madres-buscadoras-se-manifiestan-en-la-zona-hotelera-de-cancun-474964.html<\/a><\/p>\n","protected":false},"excerpt":{"rendered":"<p>Sipse A ra\u00edz de una injusticia, las activistas se vieron en la necesidad de bloquear la vialidad. El grupo de activistas Madres Buscadoras de Canc\u00fan, se manifest\u00f3 esta tarde de &hellip; <a href=\"https:\/\/www.grieta.org.mx\/index.php\/2024\/08\/10\/madres-buscadoras-se-manifiestan-en-la-zona-hotelera-de-cancun-quintana-roo\/\" class=\"more-link\">Leer m\u00e1s<\/a><\/p>\n","protected":false},"author":2,"featured_media":69438,"comment_status":"closed","ping_status":"closed","sticky":false,"template":"","format":"standard","meta":{"ngg_post_thumbnail":0,"_jetpack_newsletter_access":"","_jetpack_dont_email_post_to_subs":false,"_jetpack_newsletter_tier_id":0,"_jetpack_memberships_contains_paywalled_content":false,"_jetpack_memberships_contains_paid_content":false,"footnotes":""},"categories":[2809,80,2,28],"tags":[324,199,354,2484],"class_list":["post-69437","post","type-post","status-publish","format-standard","has-post-thumbnail","hentry","category-abuso-policiaco-en-quintana-roo","category-cintillo","category-noticias-nacionales","category-quintana-roo","tag-abuso-de-autoridad","tag-abuso-policiaco","tag-bloqueo","tag-buscadoras","entry"],"jetpack_featured_media_url":"https:\/\/www.grieta.org.mx\/wp-content\/uploads\/2024\/08\/Buscadoras-e1724118568880.jpg","jetpack_sharing_enabled":true,"jetpack_shortlink":"https:\/\/wp.me\/p7ZJR4-i3X","jetpack_likes_enabled":false,"jetpack-related-posts":[{"id":69329,"url":"https:\/\/www.grieta.org.mx\/index.php\/2024\/05\/31\/cancun-madres-buscadoras-responden-a-amenazas-de-los-hoteleros-quintana-roo\/","url_meta":{"origin":69437,"position":0},"title":"Canc\u00fan: Madres Buscadoras responden a amenazas de los hoteleros (Quintana Roo)","author":"grieta","date":"31 mayo, 2024","format":false,"excerpt":"Sipse Haciendo frente a las amenazas de presuntas denuncias en contra de los manifestantes o protestantes que cierren vialidades en la zona hotelera de Canc\u00fan, el colectivo Madres Buscadoras no dud\u00f3 en responder a los empresarios al indicar que continuar\u00e1n cerrando vialidades ante el mal trabajo del gobierno \u201cincompetente, represor\u2026","rel":"","context":"En &quot;CINTILLO&quot;","block_context":{"text":"CINTILLO","link":"https:\/\/www.grieta.org.mx\/index.php\/category\/cintillo\/"},"img":{"alt_text":"","src":"https:\/\/i0.wp.com\/www.grieta.org.mx\/wp-content\/uploads\/2024\/07\/MadresBuscadoras-e1721778349591.jpg?resize=350%2C200&ssl=1","width":350,"height":200,"srcset":"https:\/\/i0.wp.com\/www.grieta.org.mx\/wp-content\/uploads\/2024\/07\/MadresBuscadoras-e1721778349591.jpg?resize=350%2C200&ssl=1 1x, https:\/\/i0.wp.com\/www.grieta.org.mx\/wp-content\/uploads\/2024\/07\/MadresBuscadoras-e1721778349591.jpg?resize=525%2C300&ssl=1 1.5x, https:\/\/i0.wp.com\/www.grieta.org.mx\/wp-content\/uploads\/2024\/07\/MadresBuscadoras-e1721778349591.jpg?resize=700%2C400&ssl=1 2x"},"classes":[]},{"id":68905,"url":"https:\/\/www.grieta.org.mx\/index.php\/2024\/05\/10\/cancun-madres-buscadoras-bloquean-la-av-xcaret-para-reclamar-por-desaparecidos-quintana-roo\/","url_meta":{"origin":69437,"position":1},"title":"Canc\u00fan: Madres buscadoras bloquean la av. Xcaret para reclamar por desaparecidos (Quintana Roo)","author":"grieta","date":"10 mayo, 2024","format":false,"excerpt":"Eduardo del Valle \/ Novedades Quintana Roo Un bloqueo de un carril de la avenida Xcaret de Canc\u00fan se hizo ayer, por Madres Buscadoras de Quintana Roo como un reclamo m\u00e1s a las autoridades por la falta de resultados en la b\u00fasqueda de desaparecidos. El carril de la Xcaret, con\u2026","rel":"","context":"En &quot;CINTILLO&quot;","block_context":{"text":"CINTILLO","link":"https:\/\/www.grieta.org.mx\/index.php\/category\/cintillo\/"},"img":{"alt_text":"","src":"https:\/\/i0.wp.com\/www.grieta.org.mx\/wp-content\/uploads\/2024\/05\/Desaparecidos-e1715553297915.jpg?resize=350%2C200&ssl=1","width":350,"height":200,"srcset":"https:\/\/i0.wp.com\/www.grieta.org.mx\/wp-content\/uploads\/2024\/05\/Desaparecidos-e1715553297915.jpg?resize=350%2C200&ssl=1 1x, https:\/\/i0.wp.com\/www.grieta.org.mx\/wp-content\/uploads\/2024\/05\/Desaparecidos-e1715553297915.jpg?resize=525%2C300&ssl=1 1.5x, https:\/\/i0.wp.com\/www.grieta.org.mx\/wp-content\/uploads\/2024\/05\/Desaparecidos-e1715553297915.jpg?resize=700%2C400&ssl=1 2x"},"classes":[]},{"id":67802,"url":"https:\/\/www.grieta.org.mx\/index.php\/2023\/09\/16\/madres-buscadores-de-cancun-irrumpen-desfile-civico-militar-reclaman-justicia-a-autoridades-quintana-roo\/","url_meta":{"origin":69437,"position":2},"title":"Madres Buscadores de Canc\u00fan irrumpen Desfile C\u00edvico-Militar; reclaman justicia a autoridades (Quintana Roo)","author":"grieta","date":"16 septiembre, 2023","format":false,"excerpt":"Mart\u00edn Chi \/ Foto David P\u00e9rez \/ Por Esto! Las Madres Buscadoras de Canc\u00fan irrumpieron entre los participantes del Desfile C\u00edvico-Militar por el 213 aniversario del inicio de la Independencia de M\u00e9xico y se manifestaron frente al pres\u00eddium, clamando justicia por los desaparecidos. Las madres gritaron consignas buscando justicia y\u2026","rel":"","context":"En &quot;CINTILLO&quot;","block_context":{"text":"CINTILLO","link":"https:\/\/www.grieta.org.mx\/index.php\/category\/cintillo\/"},"img":{"alt_text":"","src":"https:\/\/i0.wp.com\/www.grieta.org.mx\/wp-content\/uploads\/2023\/09\/MadresBuscadoras-e1695694298833.jpg?resize=350%2C200&ssl=1","width":350,"height":200,"srcset":"https:\/\/i0.wp.com\/www.grieta.org.mx\/wp-content\/uploads\/2023\/09\/MadresBuscadoras-e1695694298833.jpg?resize=350%2C200&ssl=1 1x, https:\/\/i0.wp.com\/www.grieta.org.mx\/wp-content\/uploads\/2023\/09\/MadresBuscadoras-e1695694298833.jpg?resize=525%2C300&ssl=1 1.5x, https:\/\/i0.wp.com\/www.grieta.org.mx\/wp-content\/uploads\/2023\/09\/MadresBuscadoras-e1695694298833.jpg?resize=700%2C400&ssl=1 2x"},"classes":[]},{"id":69534,"url":"https:\/\/www.grieta.org.mx\/index.php\/2024\/08\/30\/marchan-por-desaparecidos-en-cancun-y-chetumal-quintana-roo\/","url_meta":{"origin":69437,"position":3},"title":"Marchan por desaparecidos en Canc\u00fan y Chetumal (Quintana Roo)","author":"grieta","date":"30 agosto, 2024","format":false,"excerpt":"Noticaribe CANC\u00daN, MX.- Madres y otros familiares de personas desaparecidos marcharon hoy en Canc\u00fan y en Chetumal para conmemorar el D\u00eda de la B\u00fasqueda de Personas. En Canc\u00fan, dos colectivos, el \u201d Verdad y Justicia\u201d, as\u00ed como las \u201cMadres Buscadoras\u201d marcharon por separado rumbo al Palacio Municipal. Integrantes de \u201cVerdad,\u2026","rel":"","context":"En &quot;CINTILLO&quot;","block_context":{"text":"CINTILLO","link":"https:\/\/www.grieta.org.mx\/index.php\/category\/cintillo\/"},"img":{"alt_text":"","src":"https:\/\/i0.wp.com\/www.grieta.org.mx\/wp-content\/uploads\/2024\/08\/Marchan-e1725139943721.jpg?resize=350%2C200&ssl=1","width":350,"height":200,"srcset":"https:\/\/i0.wp.com\/www.grieta.org.mx\/wp-content\/uploads\/2024\/08\/Marchan-e1725139943721.jpg?resize=350%2C200&ssl=1 1x, https:\/\/i0.wp.com\/www.grieta.org.mx\/wp-content\/uploads\/2024\/08\/Marchan-e1725139943721.jpg?resize=525%2C300&ssl=1 1.5x, https:\/\/i0.wp.com\/www.grieta.org.mx\/wp-content\/uploads\/2024\/08\/Marchan-e1725139943721.jpg?resize=700%2C400&ssl=1 2x"},"classes":[]},{"id":70482,"url":"https:\/\/www.grieta.org.mx\/index.php\/2024\/11\/13\/cancun-no-es-un-paraiso-es-un-infierno-donde-desaparecen-a-nuestros-hijos-e-hijas-llevan-madres-buscadoras-por-quintana-roo-demandas-al-zocalo-de-la-ciudad-de-mexico\/","url_meta":{"origin":69437,"position":4},"title":"&#8220;Canc\u00fan no es un para\u00edso, es un infierno donde desaparecen a nuestros hijos e hijas&#8221; Llevan \u2018Madres Buscadoras por Quintana Roo\u2019 demandas al Z\u00f3calo de la Ciudad de M\u00e9xico","author":"grieta","date":"13 noviembre, 2024","format":false,"excerpt":"CIUDAD DE M\u00c9XICO, MX.- Representantes del colectivo \u201cMadres Buscadoras por Quintana Roo\u201d acudieron este d\u00eda a la Ciudad de M\u00e9xico para participar en las manifestaciones que se realizan por la Convenci\u00f3n Nacional Activista. Los integrantes del colectivo expusieron en el Z\u00f3calo capitalino la situaci\u00f3n que se vive en Quintana Roo\u2026","rel":"","context":"En &quot;acciones por desaparecidos&quot;","block_context":{"text":"acciones por desaparecidos","link":"https:\/\/www.grieta.org.mx\/index.php\/category\/noticias-nacionales\/quintana-roo\/acciones-por-desaparecidos\/"},"img":{"alt_text":"","src":"https:\/\/i0.wp.com\/www.grieta.org.mx\/wp-content\/uploads\/2024\/11\/Infierno-e1731970401834.jpg?resize=350%2C200&ssl=1","width":350,"height":200,"srcset":"https:\/\/i0.wp.com\/www.grieta.org.mx\/wp-content\/uploads\/2024\/11\/Infierno-e1731970401834.jpg?resize=350%2C200&ssl=1 1x, https:\/\/i0.wp.com\/www.grieta.org.mx\/wp-content\/uploads\/2024\/11\/Infierno-e1731970401834.jpg?resize=525%2C300&ssl=1 1.5x, https:\/\/i0.wp.com\/www.grieta.org.mx\/wp-content\/uploads\/2024\/11\/Infierno-e1731970401834.jpg?resize=700%2C400&ssl=1 2x"},"classes":[]},{"id":67078,"url":"https:\/\/www.grieta.org.mx\/index.php\/2023\/06\/23\/mantendran-planton-frente-a-la-fge-en-cancun-madres-buscadoras-hasta-que-las-autoridades-encuentren-a-francisca-mariner-patron-quintana-roo\/","url_meta":{"origin":69437,"position":5},"title":"Mantendr\u00e1n Plant\u00f3n Frente a la FGE en Canc\u00fan, Madres Buscadoras hasta que las Autoridades Encuentren a Francisca Mariner Patr\u00f3n  (Quintana Roo)","author":"grieta","date":"23 junio, 2023","format":false,"excerpt":"Rafael Garc\u00eda\/Cambio 22 Canc\u00fan, Q. Roo a 23 de junio.- La presidenta del Colectivo de Madres Buscadoras, Mar\u00eda Dolores Patr\u00f3n, sentenci\u00f3 que no retiraran el plant\u00f3n que mantienen en la avenida Xcaret frente a las instalaciones de la Fiscal\u00eda General del estado (FGE), hasta que el entreguen a su hija,\u2026","rel":"","context":"En &quot;CINTILLO&quot;","block_context":{"text":"CINTILLO","link":"https:\/\/www.grieta.org.mx\/index.php\/category\/cintillo\/"},"img":{"alt_text":"","src":"https:\/\/i0.wp.com\/www.grieta.org.mx\/wp-content\/uploads\/2023\/06\/Planton-e1687635912426.jpg?resize=350%2C200&ssl=1","width":350,"height":200,"srcset":"https:\/\/i0.wp.com\/www.grieta.org.mx\/wp-content\/uploads\/2023\/06\/Planton-e1687635912426.jpg?resize=350%2C200&ssl=1 1x, https:\/\/i0.wp.com\/www.grieta.org.mx\/wp-content\/uploads\/2023\/06\/Planton-e1687635912426.jpg?resize=525%2C300&ssl=1 1.5x, https:\/\/i0.wp.com\/www.grieta.org.mx\/wp-content\/uploads\/2023\/06\/Planton-e1687635912426.jpg?resize=700%2C400&ssl=1 2x"},"classes":[]}],"_links":{"self":[{"href":"https:\/\/www.grieta.org.mx\/index.php\/wp-json\/wp\/v2\/posts\/69437","targetHints":{"allow":["GET"]}}],"collection":[{"href":"https:\/\/www.grieta.org.mx\/index.php\/wp-json\/wp\/v2\/posts"}],"about":[{"href":"https:\/\/www.grieta.org.mx\/index.php\/wp-json\/wp\/v2\/types\/post"}],"author":[{"embeddable":true,"href":"https:\/\/www.grieta.org.mx\/index.php\/wp-json\/wp\/v2\/users\/2"}],"replies":[{"embeddable":true,"href":"https:\/\/www.grieta.org.mx\/index.php\/wp-json\/wp\/v2\/comments?post=69437"}],"version-history":[{"count":1,"href":"https:\/\/www.grieta.org.mx\/index.php\/wp-json\/wp\/v2\/posts\/69437\/revisions"}],"predecessor-version":[{"id":69439,"href":"https:\/\/www.grieta.org.mx\/index.php\/wp-json\/wp\/v2\/posts\/69437\/revisions\/69439"}],"wp:featuredmedia":[{"embeddable":true,"href":"https:\/\/www.grieta.org.mx\/index.php\/wp-json\/wp\/v2\/media\/69438"}],"wp:attachment":[{"href":"https:\/\/www.grieta.org.mx\/index.php\/wp-json\/wp\/v2\/media?parent=69437"}],"wp:term":[{"taxonomy":"category","embeddable":true,"href":"https:\/\/www.grieta.org.mx\/index.php\/wp-json\/wp\/v2\/categories?post=69437"},{"taxonomy":"post_tag","embeddable":true,"href":"https:\/\/www.grieta.org.mx\/index.php\/wp-json\/wp\/v2\/tags?post=69437"}],"curies":[{"name":"wp","href":"https:\/\/api.w.org\/{rel}","templated":true}]}}