{"id":69391,"date":"2024-08-11T18:37:41","date_gmt":"2024-08-12T00:37:41","guid":{"rendered":"https:\/\/www.grieta.org.mx\/?p=69391"},"modified":"2024-08-13T18:57:57","modified_gmt":"2024-08-14T00:57:57","slug":"crio-y-su-deposito-de-excrementos-a-cielo-abierto-en-yucatan","status":"publish","type":"post","link":"https:\/\/www.grieta.org.mx\/index.php\/2024\/08\/11\/crio-y-su-deposito-de-excrementos-a-cielo-abierto-en-yucatan\/","title":{"rendered":"Cr\u00edo y su dep\u00f3sito de excrementos a cielo abierto en Yucat\u00e1n"},"content":{"rendered":"<p>Texto y fotos: Patricio Eleisegui \/ Pie de P\u00e1gina<\/p>\n<blockquote><p>La empresa av\u00edcola Cr\u00edo, propiedad de la familia Fern\u00e1ndez mont\u00f3 una mega granja de pollos muy cerca de Kinchil pese a no tener todos los permisos pertinentes; usan la selva cercana para descargar a diario toneladas de excremento de pollo<\/p><\/blockquote>\n<p>YUCAT\u00c1N. \u2013 El olor nauseabundo pega en el rostro, incluso mucho antes de dar con el acceso que, desde la carretera que une a M\u00e9rida con Celest\u00fan, lleva hasta las naves montadas por la empresa. A los lados del camino, la selva, la poca que a\u00fan queda en pie en ese tramo, hace las veces de muro para invisibilizar otro foco de contaminaci\u00f3n ambiental que se agiganta. Al ritmo de convoyes de camiones que van y vienen, la av\u00edcola Cr\u00edo ha hecho del monte cercano a la comunidad maya de Kinchil un aut\u00e9ntico dep\u00f3sito de excrementos de pollos. <\/p>\n<p>Apenas 7 kil\u00f3metros separan a los habitantes de ese municipio de una sucesi\u00f3n de terrenos que a cada hora y durante toda la semana reciben el vertido de toneladas de residuos generados por una mega granja que funciona fuera de toda legalidad: la Procuradur\u00eda Federal de Protecci\u00f3n al Ambiente (Profepa) estableci\u00f3 la clausura definitiva de esas instalaciones en junio de este a\u00f1o.<\/p>\n<p>La medida lejos estuvo de frenar las acciones de Cr\u00edo, que pese a recibir una suspensi\u00f3n inicial en octubre de 2023, sigui\u00f3 adelante con su plan de radicaci\u00f3n de una factor\u00eda que hoy totaliza 6 mega galpones construidos y presenta al menos dos predios m\u00e1s deforestados para el desarrollo de futuras nuevas naves.<\/p>\n<p><img loading=\"lazy\" decoding=\"async\" data-attachment-id=\"69393\" data-permalink=\"https:\/\/www.grieta.org.mx\/index.php\/2024\/08\/11\/crio-y-su-deposito-de-excrementos-a-cielo-abierto-en-yucatan\/screenshot-61\/\" data-orig-file=\"https:\/\/www.grieta.org.mx\/wp-content\/uploads\/2024\/08\/Crio2-e1723596529868.jpg\" data-orig-size=\"800,441\" data-comments-opened=\"0\" data-image-meta=\"{&quot;aperture&quot;:&quot;0&quot;,&quot;credit&quot;:&quot;&quot;,&quot;camera&quot;:&quot;&quot;,&quot;caption&quot;:&quot;Screenshot&quot;,&quot;created_timestamp&quot;:&quot;0&quot;,&quot;copyright&quot;:&quot;&quot;,&quot;focal_length&quot;:&quot;0&quot;,&quot;iso&quot;:&quot;0&quot;,&quot;shutter_speed&quot;:&quot;0&quot;,&quot;title&quot;:&quot;Screenshot&quot;,&quot;orientation&quot;:&quot;1&quot;}\" data-image-title=\"Screenshot\" data-image-description=\"\" data-image-caption=\"&lt;p&gt;Screenshot&lt;\/p&gt;\n\" data-medium-file=\"https:\/\/www.grieta.org.mx\/wp-content\/uploads\/2024\/08\/Crio2-300x166.jpg\" data-large-file=\"https:\/\/www.grieta.org.mx\/wp-content\/uploads\/2024\/08\/Crio2-1024x565.jpg\" src=\"http:\/\/www.grieta.org.mx\/wp-content\/uploads\/2024\/08\/Crio2-e1723596529868.jpg\" alt=\"\" width=\"800\" height=\"441\" class=\"size-full wp-image-69393\" \/><br \/>\nCr\u00edo utiliza la selva cercana a Kinchil como un vertedero de excrementos de pollos. Foto: Patricio Eleisegui.<\/p>\n<p>Ocupaci\u00f3n ilegal<\/p>\n<p>La instalaci\u00f3n se completa con un puesto de ingreso que a ra\u00edz de la decisi\u00f3n judicial tambi\u00e9n deber\u00eda estar desocupado, pero que en la actualidad opera como base para los empleados que cumplen funciones en los galpones y el personal ejecutivo de la compa\u00f1\u00eda. <\/p>\n<p>\u201cAunque tiene una clausura establecida, la mega granja lleva 4 meses funcionando sin parar. Hasta cuenta con un servicio de transporte para sus empleados. Muchos de ellos son j\u00f3venes de Kinchil\u201d, cuentan vecinos de esa comunidad.<\/p>\n<p>Las hect\u00e1reas ya ocupadas con construcciones son linderas a los espacios que la misma Cr\u00edo utiliza para esparcir el excremento de pollo. La pestilencia generada por las descargas se percibe a lo largo de kil\u00f3metros. <\/p>\n<p>Y llega a confundirse con el hedor que genera la mega factor\u00eda de cerdos que la monop\u00f3lica Kek\u00e9n explota, tambi\u00e9n, a escasa distancia de Kinchil. Son tiempos de presi\u00f3n ambiental y ecocidio multiplicado para esa comunidad maya.<\/p>\n<p>La afectaci\u00f3n que Cr\u00edo lleva a cabo en la selva cercana a, justamente, Kinchil fue denunciada por primera vez ante la Profepa en noviembre de 2021. <\/p>\n<p>La acci\u00f3n fue promovida por el colectivo de organizaciones ap\u00edcolas mayas de la Pen\u00ednsula de Yucat\u00e1n Kabn\u00e1alo\u2019on, que adem\u00e1s de dar cuenta de la deforestaci\u00f3n efectuada por Cr\u00edo, revel\u00f3 que el proyecto carece de permisos de cambio de uso de suelo y estudios de impacto ambiental, adem\u00e1s de desarrollarse sin ning\u00fan tipo de consulta previa a la comunidad maya.<\/p>\n<p>La representaci\u00f3n y asesor\u00eda legal del colectivo expuso, tambi\u00e9n, que la destrucci\u00f3n de amplias superficies arb\u00f3reas perpetrada por Cr\u00edo afecta de un modo letal a la poblaci\u00f3n de abejas y otros polinizadores en esa \u00e1rea del estado en tanto \u201cpropicia la p\u00e9rdida de zonas de alimentaci\u00f3n\u201d.<\/p>\n<p>En simult\u00e1neo, se indic\u00f3 que la av\u00edcola utiliza plaguicidas para combatir la inmensa plaga de moscas que generan los desechos de los pollos, por lo que la operatividad de la mega granja pone en riesgo la supervivencia econ\u00f3mica de las y los apicultores de Kinchil. <\/p>\n<p>El resultado de aquella denuncia fue la intervenci\u00f3n de Profepa y una serie de inspecciones que derivaron en la clausura total de la factor\u00eda y la aplicaci\u00f3n de una multa a la empresa propietaria. <\/p>\n<p>Atentado ambiental<\/p>\n<p>Pero nada de lo dispuesto ha sido cumplido y una muestra de ello est\u00e1 tanto en el testimonio de las y los vecinos afectados por el cementerio de excrementos que promueve Cr\u00edo, como en las im\u00e1genes que prueban el tenor de ese atentado ambiental y la continuidad de las operaciones en la mega granja m\u00e1s all\u00e1 de lo dispuesto por el organismo federal.<\/p>\n<p> \u201cLa denuncia inicial y el proceso que sigui\u00f3 se basa en que la empresa no cuenta con los permisos correspondientes. De hecho, la primera denuncia fue puesta previa a toda construcci\u00f3n. En 2021 ya se ten\u00edan indicios de que Cr\u00edo instalar\u00eda una mega granja en el predio que ocupa actualmente. La empresa sigui\u00f3 adelante con la deforestaci\u00f3n y el desarrollo del proyecto aun sin tener habilitado el cambio de uso de suelo y sin el aval de impacto ambiental\u201d, comentan a Pie de P\u00e1gina los abogados del colectivo.<\/p>\n<p><img loading=\"lazy\" decoding=\"async\" data-attachment-id=\"69394\" data-permalink=\"https:\/\/www.grieta.org.mx\/index.php\/2024\/08\/11\/crio-y-su-deposito-de-excrementos-a-cielo-abierto-en-yucatan\/screenshot-62\/\" data-orig-file=\"https:\/\/www.grieta.org.mx\/wp-content\/uploads\/2024\/08\/Crio3-e1723596734310.jpg\" data-orig-size=\"800,530\" data-comments-opened=\"0\" data-image-meta=\"{&quot;aperture&quot;:&quot;0&quot;,&quot;credit&quot;:&quot;&quot;,&quot;camera&quot;:&quot;&quot;,&quot;caption&quot;:&quot;Screenshot&quot;,&quot;created_timestamp&quot;:&quot;0&quot;,&quot;copyright&quot;:&quot;&quot;,&quot;focal_length&quot;:&quot;0&quot;,&quot;iso&quot;:&quot;0&quot;,&quot;shutter_speed&quot;:&quot;0&quot;,&quot;title&quot;:&quot;Screenshot&quot;,&quot;orientation&quot;:&quot;1&quot;}\" data-image-title=\"Screenshot\" data-image-description=\"\" data-image-caption=\"&lt;p&gt;Screenshot&lt;\/p&gt;\n\" data-medium-file=\"https:\/\/www.grieta.org.mx\/wp-content\/uploads\/2024\/08\/Crio3-300x199.jpg\" data-large-file=\"https:\/\/www.grieta.org.mx\/wp-content\/uploads\/2024\/08\/Crio3-1024x679.jpg\" src=\"http:\/\/www.grieta.org.mx\/wp-content\/uploads\/2024\/08\/Crio3-e1723596734310.jpg\" alt=\"\" width=\"800\" height=\"530\" class=\"size-full wp-image-69394\" \/><br \/>\nEncharcamientos de agua f\u00e9tida y devastaci\u00f3n forestal, el paisaje en torno a la mega granja de Cr\u00edo vecina a Kinchil. Foto: Patricio Eleisegui.<\/p>\n<p>Si bien los predios donde la firma descarga sus camiones pertenecen a un vecino de Kinchil, los asesores legales del colectivo Kabn\u00e1alo\u2019on sostienen que ese status de propiedad privada no habilita pr\u00e1cticas contaminantes u otros potenciales atentados a la salud p\u00fablica. <\/p>\n<p>\u201cEs falso que el propietario de un terreno puede hacer a su antojo. Hay criterios de impacto ambiental que deben respetarse. Una actividad as\u00ed afecta al suelo k\u00e1rstico de la zona y esa contaminaci\u00f3n va a parar al agua. Profepa debe intensificar su control\u201d, argumentan.<\/p>\n<p>Las consecuencias para la av\u00edcola<\/p>\n<p>Respecto de los pasos a seguir ante el incumplimiento de la clausura definitiva por parte de Cr\u00edo, los asesores legales anticiparon que insistir\u00e1n ante la Profepa para que se respete lo dictaminado y, en paralelo, exigir\u00e1n la restauraci\u00f3n del \u00e1rea deforestada.<\/p>\n<p>\u201cLa violaci\u00f3n a la clausura definitiva que Cr\u00edo est\u00e1 llevando a cabo habilitar\u00eda la presentaci\u00f3n de una querella por delitos de contaminaci\u00f3n ambiental\u201d, concluyeron. <\/p>\n<p><img loading=\"lazy\" decoding=\"async\" data-attachment-id=\"69395\" data-permalink=\"https:\/\/www.grieta.org.mx\/index.php\/2024\/08\/11\/crio-y-su-deposito-de-excrementos-a-cielo-abierto-en-yucatan\/screenshot-63\/\" data-orig-file=\"https:\/\/www.grieta.org.mx\/wp-content\/uploads\/2024\/08\/Crio4-e1723596830272.jpg\" data-orig-size=\"800,531\" data-comments-opened=\"0\" data-image-meta=\"{&quot;aperture&quot;:&quot;0&quot;,&quot;credit&quot;:&quot;&quot;,&quot;camera&quot;:&quot;&quot;,&quot;caption&quot;:&quot;Screenshot&quot;,&quot;created_timestamp&quot;:&quot;0&quot;,&quot;copyright&quot;:&quot;&quot;,&quot;focal_length&quot;:&quot;0&quot;,&quot;iso&quot;:&quot;0&quot;,&quot;shutter_speed&quot;:&quot;0&quot;,&quot;title&quot;:&quot;Screenshot&quot;,&quot;orientation&quot;:&quot;1&quot;}\" data-image-title=\"Screenshot\" data-image-description=\"\" data-image-caption=\"&lt;p&gt;Screenshot&lt;\/p&gt;\n\" data-medium-file=\"https:\/\/www.grieta.org.mx\/wp-content\/uploads\/2024\/08\/Crio4-300x199.jpg\" data-large-file=\"https:\/\/www.grieta.org.mx\/wp-content\/uploads\/2024\/08\/Crio4-1024x680.jpg\" src=\"http:\/\/www.grieta.org.mx\/wp-content\/uploads\/2024\/08\/Crio4-e1723596830272.jpg\" alt=\"\" width=\"800\" height=\"531\" class=\"size-full wp-image-69395\" \/><br \/>\nPese a que rige una clausura definitiva, Cr\u00edo sigue deforestando y construyendo su mega granja cerca de Kinchil. Foto: Patricio Eleisegui.<\/p>\n<p>Propiedad de la familia Fern\u00e1ndez, Cr\u00edo es una empresa yucateca que funciona desde principios de los a\u00f1os 60. Seg\u00fan una investigaci\u00f3n reciente de la organizaci\u00f3n Brighter Green, la firma opera en Tabasco, Veracruz y Chiapas, adem\u00e1s de Yucat\u00e1n. <\/p>\n<p>Con protagonismo clave en su segmento comercial, Cr\u00edo reconoce 13 mega granjas propias de crianza de pollos y producci\u00f3n de huevos, una planta procesadora de carne, otra de alimentos y al menos 14 centros de distribuci\u00f3n.<\/p>\n<p>Junto con Bachoco, la compa\u00f1\u00eda controla el 60 por ciento del mercado mexicano de comercializaci\u00f3n de pollos. Combinadas, se\u00f1ala Brighter Green, ambas empresas han colocado al estado en el cuarto lugar en cuanto a generaci\u00f3n de carne de pollo en M\u00e9xico y en el quinto en t\u00e9rminos de producci\u00f3n de huevos, seg\u00fan los datos m\u00e1s recientes de la Asociaci\u00f3n de Avicultores de Yucat\u00e1n.<\/p>\n<p><a href=\"https:\/\/piedepagina.mx\/crio-y-su-deposito-de-excrementos-a-cielo-abierto-en-yucatan\/\" rel=\"noopener\" target=\"_blank\">https:\/\/piedepagina.mx\/crio-y-su-deposito-de-excrementos-a-cielo-abierto-en-yucatan\/<\/a><\/p>\n","protected":false},"excerpt":{"rendered":"<p>Texto y fotos: Patricio Eleisegui \/ Pie de P\u00e1gina La empresa av\u00edcola Cr\u00edo, propiedad de la familia Fern\u00e1ndez mont\u00f3 una mega granja de pollos muy cerca de Kinchil pese a &hellip; <a href=\"https:\/\/www.grieta.org.mx\/index.php\/2024\/08\/11\/crio-y-su-deposito-de-excrementos-a-cielo-abierto-en-yucatan\/\" class=\"more-link\">Leer m\u00e1s<\/a><\/p>\n","protected":false},"author":2,"featured_media":69392,"comment_status":"closed","ping_status":"closed","sticky":false,"template":"","format":"standard","meta":{"ngg_post_thumbnail":0,"_jetpack_newsletter_access":"","_jetpack_dont_email_post_to_subs":false,"_jetpack_newsletter_tier_id":0,"_jetpack_memberships_contains_paywalled_content":false,"_jetpack_memberships_contains_paid_content":false,"footnotes":""},"categories":[42,80,2943,1020,1023,3,922,952,2,36],"tags":[281,91,2177,3779,3785],"class_list":["post-69391","post","type-post","status-publish","format-standard","has-post-thumbnail","hentry","category-agroindustria","category-cintillo","category-destruccion-y-contaminacion-ambiental-en-yucatan","category-granja-porcicola","category-lucha-contra-granja-porcicola","category-megaproyectos","category-megaproyectos-estados","category-mp-yucatan","category-noticias-nacionales","category-yucatan","tag-agroindustria","tag-contaminacion-ambiental","tag-contaminacion-de-acuiferos","tag-granja-avicola","tag-megagranja","entry"],"jetpack_featured_media_url":"https:\/\/www.grieta.org.mx\/wp-content\/uploads\/2024\/08\/Crio-e1723596454146.jpg","jetpack_sharing_enabled":true,"jetpack_shortlink":"https:\/\/wp.me\/p7ZJR4-i3d","jetpack_likes_enabled":false,"jetpack-related-posts":[{"id":68171,"url":"https:\/\/www.grieta.org.mx\/index.php\/2023\/11\/20\/juzgado-federal-frena-a-bachoco-en-yucatan\/","url_meta":{"origin":69391,"position":0},"title":"Juzgado Federal frena a Bachoco en Yucat\u00e1n","author":"grieta","date":"20 noviembre, 2023","format":false,"excerpt":"Pie de P\u00e1gina La autoridad federal otorg\u00f3 el ampar\u00f3 porque consider\u00f3 que se viol\u00f3 el derecho de consulta libre e informada a comunidades mayas. Los pobladores denuncian que las granjas av\u00edcolas provocan enfermedades y da\u00f1os al medio ambiente, por la filtraci\u00f3n de aguas residuales a la Laguna de Chichankanab y\u2026","rel":"","context":"En &quot;Agroindustria&quot;","block_context":{"text":"Agroindustria","link":"https:\/\/www.grieta.org.mx\/index.php\/category\/megaproyectos\/agroindustria\/"},"img":{"alt_text":"","src":"https:\/\/i0.wp.com\/www.grieta.org.mx\/wp-content\/uploads\/2023\/11\/Chichancanab-e1700962665533.jpg?resize=350%2C200&ssl=1","width":350,"height":200,"srcset":"https:\/\/i0.wp.com\/www.grieta.org.mx\/wp-content\/uploads\/2023\/11\/Chichancanab-e1700962665533.jpg?resize=350%2C200&ssl=1 1x, https:\/\/i0.wp.com\/www.grieta.org.mx\/wp-content\/uploads\/2023\/11\/Chichancanab-e1700962665533.jpg?resize=525%2C300&ssl=1 1.5x, https:\/\/i0.wp.com\/www.grieta.org.mx\/wp-content\/uploads\/2023\/11\/Chichancanab-e1700962665533.jpg?resize=700%2C400&ssl=1 2x"},"classes":[]},{"id":72413,"url":"https:\/\/www.grieta.org.mx\/index.php\/2025\/11\/08\/nos-dejan-mierda-pestilencia-y-moscas-la-batalla-de-kinchil-contra-granja-avicola-en-yucatan\/","url_meta":{"origin":69391,"position":1},"title":"\u201cNos dejan mierda, pestilencia y moscas\u201d: La batalla de Kinchil contra granja av\u00edcola en Yucat\u00e1n","author":"grieta","date":"8 noviembre, 2025","format":false,"excerpt":"Claudia V. Arriaga Dur\u00e1n \/ Proceso KINCHIL, Yuc (Proceso).\u2013 El Consejo Comunitario de Kinchil denunci\u00f3 a la empresa av\u00edcola CR\u00cdO por destruir los basamentos de Kolotso, \u201cel lugar donde canta el pavo\u201d, que son parte de la zona arqueol\u00f3gica maya Tzem\u00e9, antigua capital poniente de Yucat\u00e1n. En respuesta, el Instituto\u2026","rel":"","context":"En &quot;Agroindustria&quot;","block_context":{"text":"Agroindustria","link":"https:\/\/www.grieta.org.mx\/index.php\/category\/megaproyectos\/agroindustria\/"},"img":{"alt_text":"","src":"https:\/\/i0.wp.com\/www.grieta.org.mx\/wp-content\/uploads\/2025\/11\/Kinchil-e1762622006467.jpg?resize=350%2C200&ssl=1","width":350,"height":200,"srcset":"https:\/\/i0.wp.com\/www.grieta.org.mx\/wp-content\/uploads\/2025\/11\/Kinchil-e1762622006467.jpg?resize=350%2C200&ssl=1 1x, https:\/\/i0.wp.com\/www.grieta.org.mx\/wp-content\/uploads\/2025\/11\/Kinchil-e1762622006467.jpg?resize=525%2C300&ssl=1 1.5x, https:\/\/i0.wp.com\/www.grieta.org.mx\/wp-content\/uploads\/2025\/11\/Kinchil-e1762622006467.jpg?resize=700%2C400&ssl=1 2x"},"classes":[]},{"id":64282,"url":"https:\/\/www.grieta.org.mx\/index.php\/2022\/05\/17\/habitantes-de-sitilpech-exigen-cerrar-granjas-porcicolas-en-yucatan-afuera-del-poder-judicial\/","url_meta":{"origin":69391,"position":2},"title":"Habitantes de Sitilpech exigen cerrar granjas porc\u00edcolas en Yucat\u00e1n afuera del Poder Judicial","author":"grieta","date":"17 mayo, 2022","format":false,"excerpt":"Ruben Dar\u00edo Hau \/ Por Esto! Habitantes de Sitilpech, comisar\u00eda de Izamal, se manifiestan frente a la sede del Poder Judicial de la Federal, en M\u00e9rida, para insistir en que el Juez Primero de Distrito conceda la suspensi\u00f3n definitiva de la granja porc\u00edcola, Kancabch\u00e9n II, aparcera de Kek\u00e9n. El pasado\u2026","rel":"","context":"En &quot;16. Pueblo Maya&quot;","block_context":{"text":"16. Pueblo Maya","link":"https:\/\/www.grieta.org.mx\/index.php\/category\/espejos-de-la-resistencia\/16-pueblo-maya\/"},"img":{"alt_text":"","src":"https:\/\/i0.wp.com\/www.grieta.org.mx\/wp-content\/uploads\/2022\/05\/Sitilpech-e1653577169242.png?resize=350%2C200&ssl=1","width":350,"height":200,"srcset":"https:\/\/i0.wp.com\/www.grieta.org.mx\/wp-content\/uploads\/2022\/05\/Sitilpech-e1653577169242.png?resize=350%2C200&ssl=1 1x, https:\/\/i0.wp.com\/www.grieta.org.mx\/wp-content\/uploads\/2022\/05\/Sitilpech-e1653577169242.png?resize=525%2C300&ssl=1 1.5x, https:\/\/i0.wp.com\/www.grieta.org.mx\/wp-content\/uploads\/2022\/05\/Sitilpech-e1653577169242.png?resize=700%2C400&ssl=1 2x"},"classes":[]},{"id":68379,"url":"https:\/\/www.grieta.org.mx\/index.php\/2024\/01\/17\/hunucma-el-pueblo-indigena-en-guerra-contra-empresa-avicola-en-yucatan-reporta-agresiones\/","url_meta":{"origin":69391,"position":3},"title":"Hunucm\u00e1, el pueblo ind\u00edgena en guerra contra empresa av\u00edcola en Yucat\u00e1n; reporta agresiones","author":"grieta","date":"17 enero, 2024","format":false,"excerpt":"CLAUDIA ARRIAGA \/ CORRESPONSAL \/ La Silla Rota Hunucm\u00e1.- Hace 40 a\u00f1os que el pueblo de Hunucm\u00e1, en Yucat\u00e1n, lucha contra el despojo de sus tierras y la contaminaci\u00f3n de las industrias que se instalan en sus periferias. Un ejemplo son las agresiones de la empresa av\u00edcola Bachoco en contra\u2026","rel":"","context":"En &quot;Agroindustria&quot;","block_context":{"text":"Agroindustria","link":"https:\/\/www.grieta.org.mx\/index.php\/category\/megaproyectos\/agroindustria\/"},"img":{"alt_text":"","src":"https:\/\/i0.wp.com\/www.grieta.org.mx\/wp-content\/uploads\/2024\/01\/Hunucma-e1706290453524.jpg?resize=350%2C200&ssl=1","width":350,"height":200,"srcset":"https:\/\/i0.wp.com\/www.grieta.org.mx\/wp-content\/uploads\/2024\/01\/Hunucma-e1706290453524.jpg?resize=350%2C200&ssl=1 1x, https:\/\/i0.wp.com\/www.grieta.org.mx\/wp-content\/uploads\/2024\/01\/Hunucma-e1706290453524.jpg?resize=525%2C300&ssl=1 1.5x, https:\/\/i0.wp.com\/www.grieta.org.mx\/wp-content\/uploads\/2024\/01\/Hunucma-e1706290453524.jpg?resize=700%2C400&ssl=1 2x"},"classes":[]},{"id":56486,"url":"https:\/\/www.grieta.org.mx\/index.php\/2021\/01\/28\/poblacion-maya-paraliza-granja-de-cerdos-que-contamina-chapab-yucatan\/","url_meta":{"origin":69391,"position":4},"title":"Poblaci\u00f3n maya paraliza granja de cerdos que contamina Chapab (Yucat\u00e1n)","author":"grieta","date":"28 enero, 2021","format":false,"excerpt":"Haz Ruido Promovieron un juicio de amparo ante la contaminaci\u00f3n, el uso indebido de sus tierras y porque las autoridades les negaron informaci\u00f3n sobre permisos ambientales. M\u00e9rida, Yucat\u00e1n, 28 de enero de 2021.-El Juzgado Tercero de Distrito, con sede en Yucat\u00e1n, admiti\u00f3 una demanda de amparo y concedi\u00f3 la suspensi\u00f3n\u2026","rel":"","context":"En &quot;Agroindustria&quot;","block_context":{"text":"Agroindustria","link":"https:\/\/www.grieta.org.mx\/index.php\/category\/megaproyectos\/agroindustria\/"},"img":{"alt_text":"","src":"https:\/\/i0.wp.com\/www.grieta.org.mx\/wp-content\/uploads\/2021\/01\/Chapab.png?resize=350%2C200&ssl=1","width":350,"height":200,"srcset":"https:\/\/i0.wp.com\/www.grieta.org.mx\/wp-content\/uploads\/2021\/01\/Chapab.png?resize=350%2C200&ssl=1 1x, https:\/\/i0.wp.com\/www.grieta.org.mx\/wp-content\/uploads\/2021\/01\/Chapab.png?resize=525%2C300&ssl=1 1.5x, https:\/\/i0.wp.com\/www.grieta.org.mx\/wp-content\/uploads\/2021\/01\/Chapab.png?resize=700%2C400&ssl=1 2x"},"classes":[]},{"id":58215,"url":"https:\/\/www.grieta.org.mx\/index.php\/2021\/02\/05\/empresa-porcicola-disfraza-dano-ambiental-en-chapab-yucatan\/","url_meta":{"origin":69391,"position":5},"title":"Empresa porc\u00edcola disfraza da\u00f1o ambiental en Chapab (Yucat\u00e1n)","author":"grieta","date":"5 febrero, 2021","format":false,"excerpt":"Karla Regina Aguilar \/ PorEsto! La intenci\u00f3n de una empresa porc\u00edcola para contratar a personas con discapacidad no es m\u00e1s que un disfraz, asegura el asesor jur\u00eddico de la asamblea M\u00fauch\u2019 X\u00edinbal, Miguel Anguas, quien consider\u00f3 que \u201ces para tratar de desviar su deuda ambiental de la opini\u00f3n p\u00fablica y\u2026","rel":"","context":"En &quot;Agroindustria&quot;","block_context":{"text":"Agroindustria","link":"https:\/\/www.grieta.org.mx\/index.php\/category\/megaproyectos\/agroindustria\/"},"img":{"alt_text":"","src":"https:\/\/i0.wp.com\/www.grieta.org.mx\/wp-content\/uploads\/2021\/04\/Chapab-e1617983746156.png?resize=350%2C200&ssl=1","width":350,"height":200,"srcset":"https:\/\/i0.wp.com\/www.grieta.org.mx\/wp-content\/uploads\/2021\/04\/Chapab-e1617983746156.png?resize=350%2C200&ssl=1 1x, https:\/\/i0.wp.com\/www.grieta.org.mx\/wp-content\/uploads\/2021\/04\/Chapab-e1617983746156.png?resize=525%2C300&ssl=1 1.5x, https:\/\/i0.wp.com\/www.grieta.org.mx\/wp-content\/uploads\/2021\/04\/Chapab-e1617983746156.png?resize=700%2C400&ssl=1 2x"},"classes":[]}],"_links":{"self":[{"href":"https:\/\/www.grieta.org.mx\/index.php\/wp-json\/wp\/v2\/posts\/69391","targetHints":{"allow":["GET"]}}],"collection":[{"href":"https:\/\/www.grieta.org.mx\/index.php\/wp-json\/wp\/v2\/posts"}],"about":[{"href":"https:\/\/www.grieta.org.mx\/index.php\/wp-json\/wp\/v2\/types\/post"}],"author":[{"embeddable":true,"href":"https:\/\/www.grieta.org.mx\/index.php\/wp-json\/wp\/v2\/users\/2"}],"replies":[{"embeddable":true,"href":"https:\/\/www.grieta.org.mx\/index.php\/wp-json\/wp\/v2\/comments?post=69391"}],"version-history":[{"count":1,"href":"https:\/\/www.grieta.org.mx\/index.php\/wp-json\/wp\/v2\/posts\/69391\/revisions"}],"predecessor-version":[{"id":69396,"href":"https:\/\/www.grieta.org.mx\/index.php\/wp-json\/wp\/v2\/posts\/69391\/revisions\/69396"}],"wp:featuredmedia":[{"embeddable":true,"href":"https:\/\/www.grieta.org.mx\/index.php\/wp-json\/wp\/v2\/media\/69392"}],"wp:attachment":[{"href":"https:\/\/www.grieta.org.mx\/index.php\/wp-json\/wp\/v2\/media?parent=69391"}],"wp:term":[{"taxonomy":"category","embeddable":true,"href":"https:\/\/www.grieta.org.mx\/index.php\/wp-json\/wp\/v2\/categories?post=69391"},{"taxonomy":"post_tag","embeddable":true,"href":"https:\/\/www.grieta.org.mx\/index.php\/wp-json\/wp\/v2\/tags?post=69391"}],"curies":[{"name":"wp","href":"https:\/\/api.w.org\/{rel}","templated":true}]}}