{"id":69383,"date":"2024-08-07T17:58:48","date_gmt":"2024-08-07T23:58:48","guid":{"rendered":"https:\/\/www.grieta.org.mx\/?p=69383"},"modified":"2024-08-13T18:05:58","modified_gmt":"2024-08-14T00:05:58","slug":"vecinos-de-calakmul-denuncian-que-el-agua-potable-sale-con-lodo-exigen-solucion-campeche","status":"publish","type":"post","link":"https:\/\/www.grieta.org.mx\/index.php\/2024\/08\/07\/vecinos-de-calakmul-denuncian-que-el-agua-potable-sale-con-lodo-exigen-solucion-campeche\/","title":{"rendered":"Vecinos de Calakmul denuncian que el agua potable sale con lodo; exigen soluci\u00f3n (Campeche)"},"content":{"rendered":"<p>Joaqu\u00edn Guevara \/ Por Esto!<\/p>\n<p>Habitantes de la Regi\u00f3n de Xpujil, Calakmul, desde hace tres d\u00edas tienen problemas por el servicio de mala calidad del agua potable debido a que, de sus llaves, ha salido agua con lodo, que no puede ser utilizada para consumo humano y el Servicio de Agua Potable y Alcantarillado de Calakmul (SMAPAC) no le ha dado una soluci\u00f3n al problema.<\/p>\n<p>Desde hace varios d\u00edas, los habitantes de la regi\u00f3n de Xpujil, perteneciente al municipio de Calakmul, han tenido problemas debido a la mala calidad del agua, que sale acompa\u00f1ada de lodo, que m\u00e1s bien parece pozol o chocoimilk con leche, y este no puede ser para consumo humano.<br \/>\nLa mala calidad del agua impide su uso para consumo humano, ba\u00f1o y limpieza.<\/p>\n<p>Mientras padecen la escasez del vital l\u00edquido, es imposible que lo utilicen para el ba\u00f1o y lavar su ropa y trastes, debido a que en lugar de limpiarlos m\u00e1s lo ensucian. Esta situaci\u00f3n es constante, pues en ocasiones dos o tres d\u00edas el agua sale limpia de las tomas y puede ser utilizada en las viviendas.<\/p>\n<p>Pero de un momento a otro empieza a salir sucia y en esta ocasi\u00f3n hasta acompa\u00f1ada de lodo, que perjudica a los pobladores, ya que no les sirve para los quehaceres de las casas. Ante esta situaci\u00f3n, la direcci\u00f3n del SMAPAC no hace nada para encontrar una pronta soluci\u00f3n y que estos problemas se terminen. Cada vez se da una situaci\u00f3n de estas y los habitantes no est\u00e1n dispuestos a seguir aguantando.<\/p>\n<p>Aparte de la escasez del vital l\u00edquido, las autoridades municipales no dotan a los vecinos de pipas con agua potable para ayudarles a soportar esta dif\u00edcil situaci\u00f3n, que cada d\u00eda empeora m\u00e1s. Antes el agua solo llegaba sucia, pero ahora hasta con lodo, que es imposible de utilizar en los hogares.<\/p>\n<p>JGH<\/p>\n<p><a href=\"https:\/\/www.poresto.net\/campeche\/2024\/8\/7\/-vecinos-de-calakmul-denuncian-que-el-agua-potable-sale-con-lodo-exigen-solucion.html\" rel=\"noopener\" target=\"_blank\">https:\/\/www.poresto.net\/campeche\/2024\/8\/7\/-vecinos-de-calakmul-denuncian-que-el-agua-potable-sale-con-lodo-exigen-solucion.html<\/a><\/p>\n","protected":false},"excerpt":{"rendered":"<p>Joaqu\u00edn Guevara \/ Por Esto! Habitantes de la Regi\u00f3n de Xpujil, Calakmul, desde hace tres d\u00edas tienen problemas por el servicio de mala calidad del agua potable debido a que, &hellip; <a href=\"https:\/\/www.grieta.org.mx\/index.php\/2024\/08\/07\/vecinos-de-calakmul-denuncian-que-el-agua-potable-sale-con-lodo-exigen-solucion-campeche\/\" class=\"more-link\">Leer m\u00e1s<\/a><\/p>\n","protected":false},"author":2,"featured_media":69384,"comment_status":"closed","ping_status":"closed","sticky":false,"template":"","format":"standard","meta":{"ngg_post_thumbnail":0,"_jetpack_newsletter_access":"","_jetpack_dont_email_post_to_subs":false,"_jetpack_newsletter_tier_id":0,"_jetpack_memberships_contains_paywalled_content":false,"_jetpack_memberships_contains_paid_content":false,"footnotes":""},"categories":[11,80,2548,1311,3009,3,922,926,2,83,2026],"tags":[2171,2403,200],"class_list":["post-69383","post","type-post","status-publish","format-standard","has-post-thumbnail","hentry","category-campeche","category-cintillo","category-conflictos-por-agua-en-campeche","category-contaminacion-y-danos-a-la-salud-en-campeche","category-crisis-del-agua-en-campeche","category-megaproyectos","category-megaproyectos-estados","category-mp-campeche","category-noticias-nacionales","category-temas-nacionales","category-tren-maya","tag-agua-insalubre","tag-crisis-del-agua","tag-xpujil","entry"],"jetpack_featured_media_url":"https:\/\/www.grieta.org.mx\/wp-content\/uploads\/2024\/08\/XpujilAgua-e1723593774495.jpg","jetpack_sharing_enabled":true,"jetpack_shortlink":"https:\/\/wp.me\/p7ZJR4-i35","jetpack_likes_enabled":false,"jetpack-related-posts":[{"id":67166,"url":"https:\/\/www.grieta.org.mx\/index.php\/2023\/07\/03\/habitantes-de-xpujil-denuncian-que-militares-restringen-el-uso-del-agua-campeche\/","url_meta":{"origin":69383,"position":0},"title":"Habitantes de Xpujil denuncian que militares restringen el uso del agua (Campeche)","author":"grieta","date":"3 julio, 2023","format":false,"excerpt":"Itzel Chan \/ Haz Ruido Las y los pobladores observaron que ahora el agua es conducida a los hoteles en construcci\u00f3n cerca de Calakmul, los cuales forman parte del proyecto del Tren Maya. M\u00e9rida, Yucat\u00e1n, 3 de julio de 2023.-Habitantes de Xpujil, comunidad maya del sur de Campeche, denuncian que\u2026","rel":"","context":"En &quot;25. Xpujil&quot;","block_context":{"text":"25. Xpujil","link":"https:\/\/www.grieta.org.mx\/index.php\/category\/espejos-de-la-resistencia\/25-xpujil\/"},"img":{"alt_text":"","src":"https:\/\/i0.wp.com\/www.grieta.org.mx\/wp-content\/uploads\/2023\/07\/Xpujil-e1688848821346.jpg?resize=350%2C200&ssl=1","width":350,"height":200,"srcset":"https:\/\/i0.wp.com\/www.grieta.org.mx\/wp-content\/uploads\/2023\/07\/Xpujil-e1688848821346.jpg?resize=350%2C200&ssl=1 1x, https:\/\/i0.wp.com\/www.grieta.org.mx\/wp-content\/uploads\/2023\/07\/Xpujil-e1688848821346.jpg?resize=525%2C300&ssl=1 1.5x, https:\/\/i0.wp.com\/www.grieta.org.mx\/wp-content\/uploads\/2023\/07\/Xpujil-e1688848821346.jpg?resize=700%2C400&ssl=1 2x"},"classes":[]},{"id":67055,"url":"https:\/\/www.grieta.org.mx\/index.php\/2023\/06\/22\/sedena-continua-construccion-de-hotel-en-calakmul-pese-a-denuncias-de-ambientalistas-campeche\/","url_meta":{"origin":69383,"position":1},"title":"Sedena Contin\u00faa Construcci\u00f3n de Hotel en Calakmul, Pese a Denuncias de Ambientalistas (Campeche)","author":"grieta","date":"22 junio, 2023","format":false,"excerpt":"Cambio 22 CHETUMAL, 22 de junio.- La construcci\u00f3n de un hotel casino en asociado al Tren Maya medio de la Reserva de la Bi\u00f3sfera de Calakmul, en Campeche, contin\u00faa, pese a que ambientalistas han intensificado sus denuncias contra la Secretar\u00eda de la Defensa Nacional (Sedena), a la que acusan de\u2026","rel":"","context":"En &quot;25. Xpujil&quot;","block_context":{"text":"25. Xpujil","link":"https:\/\/www.grieta.org.mx\/index.php\/category\/espejos-de-la-resistencia\/25-xpujil\/"},"img":{"alt_text":"","src":"https:\/\/i0.wp.com\/www.grieta.org.mx\/wp-content\/uploads\/2023\/06\/Calakmul-e1687522585268.jpg?resize=350%2C200&ssl=1","width":350,"height":200,"srcset":"https:\/\/i0.wp.com\/www.grieta.org.mx\/wp-content\/uploads\/2023\/06\/Calakmul-e1687522585268.jpg?resize=350%2C200&ssl=1 1x, https:\/\/i0.wp.com\/www.grieta.org.mx\/wp-content\/uploads\/2023\/06\/Calakmul-e1687522585268.jpg?resize=525%2C300&ssl=1 1.5x, https:\/\/i0.wp.com\/www.grieta.org.mx\/wp-content\/uploads\/2023\/06\/Calakmul-e1687522585268.jpg?resize=700%2C400&ssl=1 2x"},"classes":[]},{"id":69294,"url":"https:\/\/www.grieta.org.mx\/index.php\/2024\/06\/30\/en-el-acueducto-xpujil-agua-contaminada-y-fuga-de-dinero-campeche\/","url_meta":{"origin":69383,"position":2},"title":"En el acueducto Xpujil, agua contaminada y fuga de dinero (Campeche)","author":"grieta","date":"30 junio, 2024","format":false,"excerpt":"Silke Grasreiner \/ Revista Proceso El \u201cNuevo Acueducto L\u00f3pez Mateos-Xpujil\u201d se iba a entregar en diciembre de 2022, pero hasta el mes pasado no estaba listo y los habitantes de Calakmul padecen escasez de agua desde hace meses. Adem\u00e1s, los militares no han rendido cuentas por 439 millones de pesos,\u2026","rel":"","context":"En &quot;25. Xpujil&quot;","block_context":{"text":"25. Xpujil","link":"https:\/\/www.grieta.org.mx\/index.php\/category\/espejos-de-la-resistencia\/25-xpujil\/"},"img":{"alt_text":"","src":"https:\/\/i0.wp.com\/www.grieta.org.mx\/wp-content\/uploads\/2024\/07\/AcueductoXpujil-e1720653722203.jpg?resize=350%2C200&ssl=1","width":350,"height":200,"srcset":"https:\/\/i0.wp.com\/www.grieta.org.mx\/wp-content\/uploads\/2024\/07\/AcueductoXpujil-e1720653722203.jpg?resize=350%2C200&ssl=1 1x, https:\/\/i0.wp.com\/www.grieta.org.mx\/wp-content\/uploads\/2024\/07\/AcueductoXpujil-e1720653722203.jpg?resize=525%2C300&ssl=1 1.5x, https:\/\/i0.wp.com\/www.grieta.org.mx\/wp-content\/uploads\/2024\/07\/AcueductoXpujil-e1720653722203.jpg?resize=700%2C400&ssl=1 2x"},"classes":[]},{"id":68141,"url":"https:\/\/www.grieta.org.mx\/index.php\/2023\/11\/02\/calakmul-el-acueducto-inconcluso-de-la-sedena-y-439-millones-de-pesos-por-comprobar-campeche\/","url_meta":{"origin":69383,"position":3},"title":"Calakmul: El acueducto inconcluso de la Sedena y 439 millones de pesos por comprobar (Campeche)","author":"grieta","date":"2 noviembre, 2023","format":false,"excerpt":"Mathieu Tourliere \/ Revista Proceso La Conagua, responsable de instalar 96.71 kil\u00f3metros de tuber\u00eda, deleg\u00f3 sus responsabilidades a la Sedena mediante un \u201cconvenio de colaboraci\u00f3n\u201d. La obra deb\u00eda entregarse el 31 de diciembre de 2022, se destinaron 956.3 mdp, pero la Sedena solo ha comprobado la ejecuci\u00f3n de 526 mdp,\u2026","rel":"","context":"En &quot;Campeche&quot;","block_context":{"text":"Campeche","link":"https:\/\/www.grieta.org.mx\/index.php\/category\/noticias-nacionales\/campeche\/"},"img":{"alt_text":"","src":"https:\/\/i0.wp.com\/www.grieta.org.mx\/wp-content\/uploads\/2023\/11\/TrenCalakmul-e1700518334628.jpg?resize=350%2C200&ssl=1","width":350,"height":200,"srcset":"https:\/\/i0.wp.com\/www.grieta.org.mx\/wp-content\/uploads\/2023\/11\/TrenCalakmul-e1700518334628.jpg?resize=350%2C200&ssl=1 1x, https:\/\/i0.wp.com\/www.grieta.org.mx\/wp-content\/uploads\/2023\/11\/TrenCalakmul-e1700518334628.jpg?resize=525%2C300&ssl=1 1.5x, https:\/\/i0.wp.com\/www.grieta.org.mx\/wp-content\/uploads\/2023\/11\/TrenCalakmul-e1700518334628.jpg?resize=700%2C400&ssl=1 2x"},"classes":[]},{"id":2822,"url":"https:\/\/www.grieta.org.mx\/index.php\/2016\/08\/23\/invierten-en-desarrollo-turistico-en-calakmul-campeche\/","url_meta":{"origin":69383,"position":4},"title":"Invierten en desarrollo tur\u00edstico en Calakmul, Campeche","author":"grieta","date":"23 agosto, 2016","format":false,"excerpt":"23\/08\/16. En medio del acoso y el despojo, etnias mayas luchan por mantener su autonom\u00eda (Campeche) La Jornada Maya 13\/03\/16. CRIPX exige respeto a compromisos en Reserva de Calakmul P\u00e1gin@bierta 24\/07\/15. Calakmul repuntar\u00e1 como sitio tur\u00edstico por excelencia en 2016 Comunica Campeche 24\/07\/15. Dan 120 mdp para rescatar selva de\u2026","rel":"","context":"En &quot;25. Xpujil&quot;","block_context":{"text":"25. Xpujil","link":"https:\/\/www.grieta.org.mx\/index.php\/category\/espejos-de-la-resistencia\/25-xpujil\/"},"img":{"alt_text":"","src":"https:\/\/i0.wp.com\/www.grieta.org.mx\/wp-content\/uploads\/2018\/03\/14524434_1106112876131411_958039263622046936_o.jpg?resize=350%2C200&ssl=1","width":350,"height":200,"srcset":"https:\/\/i0.wp.com\/www.grieta.org.mx\/wp-content\/uploads\/2018\/03\/14524434_1106112876131411_958039263622046936_o.jpg?resize=350%2C200&ssl=1 1x, https:\/\/i0.wp.com\/www.grieta.org.mx\/wp-content\/uploads\/2018\/03\/14524434_1106112876131411_958039263622046936_o.jpg?resize=525%2C300&ssl=1 1.5x, https:\/\/i0.wp.com\/www.grieta.org.mx\/wp-content\/uploads\/2018\/03\/14524434_1106112876131411_958039263622046936_o.jpg?resize=700%2C400&ssl=1 2x"},"classes":[]},{"id":41736,"url":"https:\/\/www.grieta.org.mx\/index.php\/2019\/11\/30\/la-prioridad-aqui-es-resolver-el-problema-del-agua-claman-en-campeche-frente-al-tren-maya\/","url_meta":{"origin":69383,"position":5},"title":"La prioridad aqu\u00ed es resolver el problema del agua, claman en Campeche frente al Tren Maya","author":"grieta","date":"30 noviembre, 2019","format":false,"excerpt":"Rosa Santana \/ Proceso CALAKMUL, Campeche .- Con la reticencia del Consejo Regional Ind\u00edgena y Popular de Xpujil (CRIPX) \u2013agrupaci\u00f3n con presencia en casi la mitad de las comunidades de la regi\u00f3n- al proyecto, concluy\u00f3 la segunda jornada de las asambleas informativas del Tren Maya en la entidad. Durante la\u2026","rel":"","context":"En &quot;16. Pueblo Maya&quot;","block_context":{"text":"16. Pueblo Maya","link":"https:\/\/www.grieta.org.mx\/index.php\/category\/espejos-de-la-resistencia\/16-pueblo-maya\/"},"img":{"alt_text":"","src":"https:\/\/i0.wp.com\/www.grieta.org.mx\/wp-content\/uploads\/2019\/12\/maya1-870x522-e1575244934844.jpg?resize=350%2C200&ssl=1","width":350,"height":200,"srcset":"https:\/\/i0.wp.com\/www.grieta.org.mx\/wp-content\/uploads\/2019\/12\/maya1-870x522-e1575244934844.jpg?resize=350%2C200&ssl=1 1x, https:\/\/i0.wp.com\/www.grieta.org.mx\/wp-content\/uploads\/2019\/12\/maya1-870x522-e1575244934844.jpg?resize=525%2C300&ssl=1 1.5x, https:\/\/i0.wp.com\/www.grieta.org.mx\/wp-content\/uploads\/2019\/12\/maya1-870x522-e1575244934844.jpg?resize=700%2C400&ssl=1 2x"},"classes":[]}],"_links":{"self":[{"href":"https:\/\/www.grieta.org.mx\/index.php\/wp-json\/wp\/v2\/posts\/69383","targetHints":{"allow":["GET"]}}],"collection":[{"href":"https:\/\/www.grieta.org.mx\/index.php\/wp-json\/wp\/v2\/posts"}],"about":[{"href":"https:\/\/www.grieta.org.mx\/index.php\/wp-json\/wp\/v2\/types\/post"}],"author":[{"embeddable":true,"href":"https:\/\/www.grieta.org.mx\/index.php\/wp-json\/wp\/v2\/users\/2"}],"replies":[{"embeddable":true,"href":"https:\/\/www.grieta.org.mx\/index.php\/wp-json\/wp\/v2\/comments?post=69383"}],"version-history":[{"count":1,"href":"https:\/\/www.grieta.org.mx\/index.php\/wp-json\/wp\/v2\/posts\/69383\/revisions"}],"predecessor-version":[{"id":69386,"href":"https:\/\/www.grieta.org.mx\/index.php\/wp-json\/wp\/v2\/posts\/69383\/revisions\/69386"}],"wp:featuredmedia":[{"embeddable":true,"href":"https:\/\/www.grieta.org.mx\/index.php\/wp-json\/wp\/v2\/media\/69384"}],"wp:attachment":[{"href":"https:\/\/www.grieta.org.mx\/index.php\/wp-json\/wp\/v2\/media?parent=69383"}],"wp:term":[{"taxonomy":"category","embeddable":true,"href":"https:\/\/www.grieta.org.mx\/index.php\/wp-json\/wp\/v2\/categories?post=69383"},{"taxonomy":"post_tag","embeddable":true,"href":"https:\/\/www.grieta.org.mx\/index.php\/wp-json\/wp\/v2\/tags?post=69383"}],"curies":[{"name":"wp","href":"https:\/\/api.w.org\/{rel}","templated":true}]}}