{"id":69322,"date":"2024-07-07T08:14:31","date_gmt":"2024-07-07T14:14:31","guid":{"rendered":"https:\/\/www.grieta.org.mx\/?p=69322"},"modified":"2024-07-22T06:36:38","modified_gmt":"2024-07-22T12:36:38","slug":"la-unacar-debe-siete-quincenas-a-trabajadores-jubilados-campeche","status":"publish","type":"post","link":"https:\/\/www.grieta.org.mx\/index.php\/2024\/07\/07\/la-unacar-debe-siete-quincenas-a-trabajadores-jubilados-campeche\/","title":{"rendered":"La Unacar debe siete quincenas a trabajadores jubilados (Campeche)"},"content":{"rendered":"<p>Fernando Kant\u00fan \/ <\/p>\n<blockquote><p>La Comisi\u00f3n Mixta y el Consejo Universitario no han llegado a ning\u00fan acuerdo con los trabajadores universitarios porque la rectora de la M\u00e1xima Casa de Estudios de Ciudad del Carmen, no tienen ning\u00fan proyecto para solucionar este problema<\/p><\/blockquote>\n<p>Ciudad del Carmen, Camp.__ En el mes de noviembre del presente a\u00f1o, la administraci\u00f3n actual de la Universidad Aut\u00f3noma del Carmen (Unacar), a cargo de Sandra Martha Laff\u00f3n Leal,  cumple dos a\u00f1os, sin embargo, carece de alg\u00fan proyecto a corto, mediano o largo plazo para solucionar el problema de incumplimiento de pago de jubilaciones a trabajadores de la Unacar, por ello, hasta la presente la Unacar no le ha podido pagar siete quincenas a todos los trabajadores jubilados, mencion\u00f3 Jos\u00e9 Ram\u00f3n Maga\u00f1a Mart\u00ednez, secretario general del Sindicato \u00danico de Trabajadores de la Unacar (Sutunacar).<\/p>\n<p>Indic\u00f3 que hasta el momento no existe certeza para que los trabajadores que se jubilen gocen del pago de jubilaciones, porque los trabajadores que ya est\u00e1n jubilados, les deben siete quincenas vencidas, pero la Unacar no busca la meneara de pagarle a los trabajadores ese derecho, a lo que han trabajado en la vida laboral.<\/p>\n<p>Quieren Comisi\u00f3n Mixta, pero esta no ha resuelto el problema<\/p>\n<p>Expres\u00f3 que la rector\u00eda de la Unacar quiere que se haga una Comisi\u00f3n Mixta de pensiones y jubilaciones, comisi\u00f3n que fue solicitada a inicio de esta administraci\u00f3n, para dirimir todo el tema de jubilaciones, sin embargo, la Comisi\u00f3n Mixta cuando se convocaba era un poco ociosa porque no se llegaba a ning\u00fan acuerdo, y esto se debe tambi\u00e9n a que la Universidad no tienen ning\u00fan proyecto.<\/p>\n<p>Apunt\u00f3 que, en las anteriores administraciones se trabajaba mediante un lineamiento a un trabajo previo, y se propuso a la actual administraci\u00f3n porque existe un estudio que puede servir de base, sin embargo, la Unacar es la debe decidir y llevar el proyecto, aunque la m\u00e1xima autoridad ser\u00eda el Consejo Universitario, pero quien toma decisiones y direcci\u00f3n es, la rectora, en ese sentido la Unacar debe llevar las propuestas o las gestiones, e informar a la comunidad universitaria y carmelita, sobre c\u00f3mo se debe resolver el problema de los jubilados.<\/p>\n<p><a href=\"https:\/\/lachispa.mx\/nacional\/campeche\/la-unacar-debe-siete-quincenas-a-trabajadores-jubilados\/\" rel=\"noopener\" target=\"_blank\">https:\/\/lachispa.mx\/nacional\/campeche\/la-unacar-debe-siete-quincenas-a-trabajadores-jubilados\/<\/a><\/p>\n","protected":false},"excerpt":{"rendered":"<p>Fernando Kant\u00fan \/ La Comisi\u00f3n Mixta y el Consejo Universitario no han llegado a ning\u00fan acuerdo con los trabajadores universitarios porque la rectora de la M\u00e1xima Casa de Estudios de &hellip; <a href=\"https:\/\/www.grieta.org.mx\/index.php\/2024\/07\/07\/la-unacar-debe-siete-quincenas-a-trabajadores-jubilados-campeche\/\" class=\"more-link\">Leer m\u00e1s<\/a><\/p>\n","protected":false},"author":2,"featured_media":69324,"comment_status":"closed","ping_status":"closed","sticky":false,"template":"","format":"standard","meta":{"ngg_post_thumbnail":0,"_jetpack_newsletter_access":"","_jetpack_dont_email_post_to_subs":false,"_jetpack_newsletter_tier_id":0,"_jetpack_memberships_contains_paywalled_content":false,"_jetpack_memberships_contains_paid_content":false,"footnotes":""},"categories":[11,80,4184,2,3212,1150,83],"tags":[2281,310,3792],"class_list":["post-69322","post","type-post","status-publish","format-standard","has-post-thumbnail","hentry","category-campeche","category-cintillo","category-crisis-de-la-educacion-publica-en-campeche","category-noticias-nacionales","category-precariedad-laboral-en-campeche","category-protestas-de-jubilados-en-campeche","category-temas-nacionales","tag-falta-de-pago-de-jubilaciones","tag-jubilados","tag-protestas-de-jubilados-y-pensionados","entry"],"jetpack_featured_media_url":"https:\/\/www.grieta.org.mx\/wp-content\/uploads\/2024\/07\/Unacar-e1721651314746.jpg","jetpack_sharing_enabled":true,"jetpack_shortlink":"https:\/\/wp.me\/p7ZJR4-i26","jetpack_likes_enabled":false,"jetpack-related-posts":[{"id":67735,"url":"https:\/\/www.grieta.org.mx\/index.php\/2023\/09\/14\/en-ciudad-del-carmen-jubilados-de-la-unacar-exigen-pagos-atrasados-campeche\/","url_meta":{"origin":69322,"position":0},"title":"En Ciudad del Carmen, jubilados de la Unacar exigen pagos atrasados (Campeche)","author":"grieta","date":"14 septiembre, 2023","format":false,"excerpt":"Un grupo de jubilados y pensionados de la Universidad Aut\u00f3noma del Carmen marcharon del Sindicato \u00danico de Trabajadores de la Unacar (Sutunacar) hasta rector\u00eda para exigir a las autoridades universitarias, encabezadas por Sandra Martha Laff\u00f3n Leal, como rectora, que cumpla con el pago de quincenas atrasadas, pues hay algunos a\u2026","rel":"","context":"En &quot;Campeche&quot;","block_context":{"text":"Campeche","link":"https:\/\/www.grieta.org.mx\/index.php\/category\/noticias-nacionales\/campeche\/"},"img":{"alt_text":"","src":"https:\/\/i0.wp.com\/www.grieta.org.mx\/wp-content\/uploads\/2023\/09\/CDCarmen-e1694802785883.jpg?resize=350%2C200&ssl=1","width":350,"height":200,"srcset":"https:\/\/i0.wp.com\/www.grieta.org.mx\/wp-content\/uploads\/2023\/09\/CDCarmen-e1694802785883.jpg?resize=350%2C200&ssl=1 1x, https:\/\/i0.wp.com\/www.grieta.org.mx\/wp-content\/uploads\/2023\/09\/CDCarmen-e1694802785883.jpg?resize=525%2C300&ssl=1 1.5x, https:\/\/i0.wp.com\/www.grieta.org.mx\/wp-content\/uploads\/2023\/09\/CDCarmen-e1694802785883.jpg?resize=700%2C400&ssl=1 2x"},"classes":[]},{"id":67964,"url":"https:\/\/www.grieta.org.mx\/index.php\/2023\/10\/18\/jubilados-toman-la-rectoria-de-la-unacar-campeche\/","url_meta":{"origin":69322,"position":1},"title":"Jubilados toman la Rector\u00eda de la Unacar (Campeche)","author":"grieta","date":"18 octubre, 2023","format":false,"excerpt":"CARMEN. \u201cSi las autoridades universitarias han perdido el poder de gesti\u00f3n o no pueden trabajar en nuestro beneficio, que se vayan\u201d, exigieron los trabajadores jubilados y pensionados de la Universidad Aut\u00f3noma del Carmen (Unacar), al tomar las instalaciones de la Rector\u00eda de la maxima casa de estudios en demanda del\u2026","rel":"","context":"En &quot;Campeche&quot;","block_context":{"text":"Campeche","link":"https:\/\/www.grieta.org.mx\/index.php\/category\/noticias-nacionales\/campeche\/"},"img":{"alt_text":"","src":"https:\/\/i0.wp.com\/www.grieta.org.mx\/wp-content\/uploads\/2023\/10\/Jubilados-e1697896122422.jpg?resize=350%2C200&ssl=1","width":350,"height":200,"srcset":"https:\/\/i0.wp.com\/www.grieta.org.mx\/wp-content\/uploads\/2023\/10\/Jubilados-e1697896122422.jpg?resize=350%2C200&ssl=1 1x, https:\/\/i0.wp.com\/www.grieta.org.mx\/wp-content\/uploads\/2023\/10\/Jubilados-e1697896122422.jpg?resize=525%2C300&ssl=1 1.5x, https:\/\/i0.wp.com\/www.grieta.org.mx\/wp-content\/uploads\/2023\/10\/Jubilados-e1697896122422.jpg?resize=700%2C400&ssl=1 2x"},"classes":[]},{"id":67383,"url":"https:\/\/www.grieta.org.mx\/index.php\/2023\/08\/03\/rectora-de-la-unacar-se-da-a-la-fuga-tras-manifestacion-de-sindicalizados-campeche\/","url_meta":{"origin":69322,"position":2},"title":"Rectora de la Unacar se da a la fuga tras manifestaci\u00f3n de sindicalizados (Campeche)","author":"grieta","date":"3 agosto, 2023","format":false,"excerpt":"Por Esto! As\u00ed huy\u00f3 la rectora de la Universidad Aut\u00f3noma del Carmen (Unacar), Sandra Martha Laff\u00f3n Leal, despu\u00e9s de que los extrabajadores cerraron los accesos a la rector\u00eda con candados y cadenas, en protesta por la falta de pago de hasta 14 quincenas Es decir, que la mayor\u00eda de los\u2026","rel":"","context":"En &quot;Campeche&quot;","block_context":{"text":"Campeche","link":"https:\/\/www.grieta.org.mx\/index.php\/category\/noticias-nacionales\/campeche\/"},"img":{"alt_text":"","src":"https:\/\/i0.wp.com\/www.grieta.org.mx\/wp-content\/uploads\/2023\/08\/Unacar-e1691365545385.jpg?resize=350%2C200&ssl=1","width":350,"height":200,"srcset":"https:\/\/i0.wp.com\/www.grieta.org.mx\/wp-content\/uploads\/2023\/08\/Unacar-e1691365545385.jpg?resize=350%2C200&ssl=1 1x, https:\/\/i0.wp.com\/www.grieta.org.mx\/wp-content\/uploads\/2023\/08\/Unacar-e1691365545385.jpg?resize=525%2C300&ssl=1 1.5x, https:\/\/i0.wp.com\/www.grieta.org.mx\/wp-content\/uploads\/2023\/08\/Unacar-e1691365545385.jpg?resize=700%2C400&ssl=1 2x"},"classes":[]},{"id":65623,"url":"https:\/\/www.grieta.org.mx\/index.php\/2022\/10\/22\/jubilados-de-la-unacar-denuncian-al-rector-por-corrupcion-campeche\/","url_meta":{"origin":69322,"position":3},"title":"Jubilados de la Unacar denuncian al Rector por corrupci\u00f3n (Campeche)","author":"grieta","date":"22 octubre, 2022","format":false,"excerpt":"Roberto Espinoza \/ Ricardo Jim\u00e9nez \/ Por Esto! Derivado del adeudo de dos quincenas que no ha pagado la Universidad Aut\u00f3noma de Carmen a los jubilados y pensionados de la m\u00e1xima casa de estudios carmelita, un grupo de al menos 15 inconformes de la Uni\u00f3n de jubilados de la UNACAR\u2026","rel":"","context":"En &quot;Campeche&quot;","block_context":{"text":"Campeche","link":"https:\/\/www.grieta.org.mx\/index.php\/category\/noticias-nacionales\/campeche\/"},"img":{"alt_text":"","src":"https:\/\/i0.wp.com\/www.grieta.org.mx\/wp-content\/uploads\/2022\/10\/Unacar-e1666888270396.jpg?resize=350%2C200&ssl=1","width":350,"height":200,"srcset":"https:\/\/i0.wp.com\/www.grieta.org.mx\/wp-content\/uploads\/2022\/10\/Unacar-e1666888270396.jpg?resize=350%2C200&ssl=1 1x, https:\/\/i0.wp.com\/www.grieta.org.mx\/wp-content\/uploads\/2022\/10\/Unacar-e1666888270396.jpg?resize=525%2C300&ssl=1 1.5x, https:\/\/i0.wp.com\/www.grieta.org.mx\/wp-content\/uploads\/2022\/10\/Unacar-e1666888270396.jpg?resize=700%2C400&ssl=1 2x"},"classes":[]},{"id":68612,"url":"https:\/\/www.grieta.org.mx\/index.php\/2024\/03\/03\/jubilados-y-pensionados-de-la-unacar-exigen-pagos-atrasados-desde-hace-tres-anos-campeche\/","url_meta":{"origin":69322,"position":4},"title":"Jubilados y pensionados de la Unacar exigen pagos atrasados desde hace tres a\u00f1os (Campeche)","author":"grieta","date":"3 marzo, 2024","format":false,"excerpt":"Gerardo Can \/ Por Esto! Ante la inacci\u00f3n de la rectora de la Universidad Aut\u00f3noma del Carmen (Unacar), Sandra Martha Laff\u00f3n Leal, lo cual se ha convertido en una situaci\u00f3n preocupante, los extrabajadores jubilados y pensionados sindicalizados han externado su enojo exigiendo los pagos pendientes del 2023, y las primeras\u2026","rel":"","context":"En &quot;Campeche&quot;","block_context":{"text":"Campeche","link":"https:\/\/www.grieta.org.mx\/index.php\/category\/noticias-nacionales\/campeche\/"},"img":{"alt_text":"","src":"https:\/\/i0.wp.com\/www.grieta.org.mx\/wp-content\/uploads\/2024\/03\/Jubilados-e1710725065743.jpg?resize=350%2C200&ssl=1","width":350,"height":200,"srcset":"https:\/\/i0.wp.com\/www.grieta.org.mx\/wp-content\/uploads\/2024\/03\/Jubilados-e1710725065743.jpg?resize=350%2C200&ssl=1 1x, https:\/\/i0.wp.com\/www.grieta.org.mx\/wp-content\/uploads\/2024\/03\/Jubilados-e1710725065743.jpg?resize=525%2C300&ssl=1 1.5x, https:\/\/i0.wp.com\/www.grieta.org.mx\/wp-content\/uploads\/2024\/03\/Jubilados-e1710725065743.jpg?resize=700%2C400&ssl=1 2x"},"classes":[]},{"id":68783,"url":"https:\/\/www.grieta.org.mx\/index.php\/2024\/03\/28\/en-campeche-extrabajadores-de-la-universidad-del-carmen-llevan-dos-quincenas-sin-cobrar\/","url_meta":{"origin":69322,"position":5},"title":"En Campeche, extrabajadores de la Universidad del Carmen llevan dos quincenas sin cobrar","author":"grieta","date":"28 marzo, 2024","format":false,"excerpt":"Gerardo Can \/ Por Esto! Una vez m\u00e1s, la rectora de la Universidad Aut\u00f3noma del Carmen, Sandra Martha Laff\u00f3n Leal y el secretario general, Juan Pablo Cetina Monterrey, incumplieron la promesa de pago de al menos dos quincenas del 2024 a los extrabajadores sindicalizados, con lo que ya suman tres\u2026","rel":"","context":"En &quot;Campeche&quot;","block_context":{"text":"Campeche","link":"https:\/\/www.grieta.org.mx\/index.php\/category\/noticias-nacionales\/campeche\/"},"img":{"alt_text":"","src":"https:\/\/i0.wp.com\/www.grieta.org.mx\/wp-content\/uploads\/2024\/04\/FaltaPago-e1712682131509.jpg?resize=350%2C200&ssl=1","width":350,"height":200,"srcset":"https:\/\/i0.wp.com\/www.grieta.org.mx\/wp-content\/uploads\/2024\/04\/FaltaPago-e1712682131509.jpg?resize=350%2C200&ssl=1 1x, https:\/\/i0.wp.com\/www.grieta.org.mx\/wp-content\/uploads\/2024\/04\/FaltaPago-e1712682131509.jpg?resize=525%2C300&ssl=1 1.5x, https:\/\/i0.wp.com\/www.grieta.org.mx\/wp-content\/uploads\/2024\/04\/FaltaPago-e1712682131509.jpg?resize=700%2C400&ssl=1 2x"},"classes":[]}],"_links":{"self":[{"href":"https:\/\/www.grieta.org.mx\/index.php\/wp-json\/wp\/v2\/posts\/69322","targetHints":{"allow":["GET"]}}],"collection":[{"href":"https:\/\/www.grieta.org.mx\/index.php\/wp-json\/wp\/v2\/posts"}],"about":[{"href":"https:\/\/www.grieta.org.mx\/index.php\/wp-json\/wp\/v2\/types\/post"}],"author":[{"embeddable":true,"href":"https:\/\/www.grieta.org.mx\/index.php\/wp-json\/wp\/v2\/users\/2"}],"replies":[{"embeddable":true,"href":"https:\/\/www.grieta.org.mx\/index.php\/wp-json\/wp\/v2\/comments?post=69322"}],"version-history":[{"count":1,"href":"https:\/\/www.grieta.org.mx\/index.php\/wp-json\/wp\/v2\/posts\/69322\/revisions"}],"predecessor-version":[{"id":69325,"href":"https:\/\/www.grieta.org.mx\/index.php\/wp-json\/wp\/v2\/posts\/69322\/revisions\/69325"}],"wp:featuredmedia":[{"embeddable":true,"href":"https:\/\/www.grieta.org.mx\/index.php\/wp-json\/wp\/v2\/media\/69324"}],"wp:attachment":[{"href":"https:\/\/www.grieta.org.mx\/index.php\/wp-json\/wp\/v2\/media?parent=69322"}],"wp:term":[{"taxonomy":"category","embeddable":true,"href":"https:\/\/www.grieta.org.mx\/index.php\/wp-json\/wp\/v2\/categories?post=69322"},{"taxonomy":"post_tag","embeddable":true,"href":"https:\/\/www.grieta.org.mx\/index.php\/wp-json\/wp\/v2\/tags?post=69322"}],"curies":[{"name":"wp","href":"https:\/\/api.w.org\/{rel}","templated":true}]}}