{"id":69180,"date":"2024-05-30T19:24:53","date_gmt":"2024-05-31T01:24:53","guid":{"rendered":"https:\/\/www.grieta.org.mx\/?p=69180"},"modified":"2024-06-17T19:47:56","modified_gmt":"2024-06-18T01:47:56","slug":"surgen-protestas-por-doquier-bloquean-pobladores-acceso-a-akumal-exigen-a-la-federacion-reparacion-de-calles-danadas-por-obras-del-tren-maya-quintana-roo","status":"publish","type":"post","link":"https:\/\/www.grieta.org.mx\/index.php\/2024\/05\/30\/surgen-protestas-por-doquier-bloquean-pobladores-acceso-a-akumal-exigen-a-la-federacion-reparacion-de-calles-danadas-por-obras-del-tren-maya-quintana-roo\/","title":{"rendered":"Surgen protestas por doquier: Bloquean pobladores acceso a Akumal; exigen a la Federaci\u00f3n reparaci\u00f3n de calles da\u00f1adas por obras del Tren Maya (Quintana Roo)"},"content":{"rendered":"<p>Noticaribe<br \/>\nTULUM, MX.- Habitantes de la comunidad de Akumal bloquearon esta ma\u00f1anael camino de acceso a dicho poblado y no permiten el acceso a los veh\u00edculos pesados que se dirigen a las obras del Tren Maya, como medida para exigir que la Federaci\u00f3n repare sus vialidades que han sido da\u00f1adas durante la construcci\u00f3n del proyecto ferroviario en esta zona.<\/p>\n<p>Los manifestantes, quienes bloquearon con piedras y tronco en acceso, se\u00f1alaron que la Federaci\u00f3n se hab\u00eda comprometido a reparar las vialidades,.sobre todo la carretera que conduce a Uxuxubi, Solidaridad, pero hasta el momento no lo ha hecho, a un mes de que concluyan las obras.<\/p>\n<p>En tal sentido, los pobladores comentaron que, debido a esta situaci\u00f3n, decidieron esta ma\u00f1ana emprender la manifestaci\u00f3n, a fin de que las autoridades se comprometan a cumplir esta reparaci\u00f3n.<\/p>\n<p>Afirmaron que temen que la Federaci\u00f3n termine por no realizar dicha reparaci\u00f3n, pues cada vez son menos los trabajadores y maquinarias que se logran observar en la zona.<\/p>\n<p>Por \u00faltimo, los manifestantes hicieron un llamado a la gobernadora Mara Lezama Espinosa, para que intervenga en esta problem\u00e1tica y logre concretar esta reparaci\u00f3n.<\/p>\n<p>Agregaron que no se mover\u00e1n de este sitio, hasta que alguna autoridad de alto rango acuda a dar fecha de cumplimiento. (Agencia SIM)<\/p>\n<p><a href=\"https:\/\/noticaribe.com.mx\/2024\/05\/30\/surgen-protestas-por-doquier-bloquean-pobladores-acceso-a-akumal-exigen-a-la-federacion-reparacion-de-calles-danadas-por-obras-del-tren-maya\/\" rel=\"noopener\" target=\"_blank\">https:\/\/noticaribe.com.mx\/2024\/05\/30\/surgen-protestas-por-doquier-bloquean-pobladores-acceso-a-akumal-exigen-a-la-federacion-reparacion-de-calles-danadas-por-obras-del-tren-maya\/<\/a><\/p>\n","protected":false},"excerpt":{"rendered":"<p>Noticaribe TULUM, MX.- Habitantes de la comunidad de Akumal bloquearon esta ma\u00f1anael camino de acceso a dicho poblado y no permiten el acceso a los veh\u00edculos pesados que se dirigen &hellip; <a href=\"https:\/\/www.grieta.org.mx\/index.php\/2024\/05\/30\/surgen-protestas-por-doquier-bloquean-pobladores-acceso-a-akumal-exigen-a-la-federacion-reparacion-de-calles-danadas-por-obras-del-tren-maya-quintana-roo\/\" class=\"more-link\">Leer m\u00e1s<\/a><\/p>\n","protected":false},"author":2,"featured_media":69181,"comment_status":"closed","ping_status":"closed","sticky":false,"template":"","format":"standard","meta":{"ngg_post_thumbnail":0,"_jetpack_newsletter_access":"","_jetpack_dont_email_post_to_subs":false,"_jetpack_newsletter_tier_id":0,"_jetpack_memberships_contains_paywalled_content":false,"_jetpack_memberships_contains_paid_content":false,"footnotes":""},"categories":[80,3,922,926,944,952,2,3722,28,1876,2026],"tags":[354,380,1878],"class_list":["post-69180","post","type-post","status-publish","format-standard","has-post-thumbnail","hentry","category-cintillo","category-megaproyectos","category-megaproyectos-estados","category-mp-campeche","category-mp-quintana-roo","category-mp-yucatan","category-noticias-nacionales","category-protestas-por-incumplimiento-de-las-autoridades-en-quintana-roo","category-quintana-roo","category-resistencia-al-tren-maya-en-la-peninsula-de-yucatan-quintana-roo","category-tren-maya","tag-bloqueo","tag-desprecio","tag-tren-maya","entry"],"jetpack_featured_media_url":"https:\/\/www.grieta.org.mx\/wp-content\/uploads\/2024\/06\/BloqueoAkumal-e1718675126960.jpg","jetpack_sharing_enabled":true,"jetpack_shortlink":"https:\/\/wp.me\/p7ZJR4-hZO","jetpack_likes_enabled":false,"jetpack-related-posts":[{"id":69827,"url":"https:\/\/www.grieta.org.mx\/index.php\/2024\/09\/06\/ejidatarios-de-limones-bloquean-acceso-al-tren-maya-quintana-roo\/","url_meta":{"origin":69180,"position":0},"title":"Ejidatarios de Limones bloquean acceso al Tren Maya (Quintana Roo)","author":"grieta","date":"6 septiembre, 2024","format":false,"excerpt":"Christian Christ \/ De Peso Quintana Roo Este viernes 6 de septiembre habitantes del poblado de Limones, en el municipio de Bacalar, bloquearon temporalmente la entrada principal que conduce a la estaci\u00f3n del Tren Maya, debido al incumplimiento de acuerdos previamente pactados. El bloqueo se realiz\u00f3 en la carretera Chetumal-Canc\u00fan,\u2026","rel":"","context":"En &quot;CINTILLO&quot;","block_context":{"text":"CINTILLO","link":"https:\/\/www.grieta.org.mx\/index.php\/category\/cintillo\/"},"img":{"alt_text":"","src":"https:\/\/i0.wp.com\/www.grieta.org.mx\/wp-content\/uploads\/2024\/09\/bloqueo-e1727228798471.jpg?resize=350%2C200&ssl=1","width":350,"height":200,"srcset":"https:\/\/i0.wp.com\/www.grieta.org.mx\/wp-content\/uploads\/2024\/09\/bloqueo-e1727228798471.jpg?resize=350%2C200&ssl=1 1x, https:\/\/i0.wp.com\/www.grieta.org.mx\/wp-content\/uploads\/2024\/09\/bloqueo-e1727228798471.jpg?resize=525%2C300&ssl=1 1.5x, https:\/\/i0.wp.com\/www.grieta.org.mx\/wp-content\/uploads\/2024\/09\/bloqueo-e1727228798471.jpg?resize=700%2C400&ssl=1 2x"},"classes":[]},{"id":67351,"url":"https:\/\/www.grieta.org.mx\/index.php\/2023\/08\/05\/paraliza-obras-de-tren-maya-quema-de-maquinaria-en-tramo-6-quintana-roo\/","url_meta":{"origin":69180,"position":1},"title":"Paraliza obras de Tren Maya quema de maquinaria en tramo 6 (Quintana Roo)","author":"grieta","date":"5 agosto, 2023","format":false,"excerpt":"antonio.hernandez.press \/ Quadrat\u00edn Quintana Roo OTH\u00d3N P. BLANCO, QRoo, 5 de agosto de 2023.- Cinco maquinarias pesadas fueron incendiadas en las obras del Tren Maya, en el frente seis del Tramo 6, muy cerca de la comunidad de Buenavista, supuestamente por parte de trabajadores inconformes por falta de pago. De\u2026","rel":"","context":"En &quot;CINTILLO&quot;","block_context":{"text":"CINTILLO","link":"https:\/\/www.grieta.org.mx\/index.php\/category\/cintillo\/"},"img":{"alt_text":"","src":"https:\/\/i0.wp.com\/www.grieta.org.mx\/wp-content\/uploads\/2023\/08\/Quema-e1691331646543.jpg?resize=350%2C200&ssl=1","width":350,"height":200,"srcset":"https:\/\/i0.wp.com\/www.grieta.org.mx\/wp-content\/uploads\/2023\/08\/Quema-e1691331646543.jpg?resize=350%2C200&ssl=1 1x, https:\/\/i0.wp.com\/www.grieta.org.mx\/wp-content\/uploads\/2023\/08\/Quema-e1691331646543.jpg?resize=525%2C300&ssl=1 1.5x, https:\/\/i0.wp.com\/www.grieta.org.mx\/wp-content\/uploads\/2023\/08\/Quema-e1691331646543.jpg?resize=700%2C400&ssl=1 2x"},"classes":[]},{"id":67075,"url":"https:\/\/www.grieta.org.mx\/index.php\/2023\/06\/04\/enrejan-obras-del-tramo-5-del-tren-maya\/","url_meta":{"origin":69180,"position":2},"title":"Enrejan obras del Tramo 5 del Tren Maya","author":"grieta","date":"4 junio, 2023","format":false,"excerpt":"Arturo Miranda\/Quadrat\u00edn Quintana Roo CANC\u00daN, QRoo, 4 de junio de 2023.- Se prohibi\u00f3 en definitiva el acceso al Tramo Cinco sur del Tren Maya mediante la colocaci\u00f3n de una reja met\u00e1lica, la cual impide transitar hacia los puntos en los que se ha denunciado el relleno de cuevas como la\u2026","rel":"","context":"En &quot;CINTILLO&quot;","block_context":{"text":"CINTILLO","link":"https:\/\/www.grieta.org.mx\/index.php\/category\/cintillo\/"},"img":{"alt_text":"","src":"https:\/\/i0.wp.com\/www.grieta.org.mx\/wp-content\/uploads\/2023\/06\/tramo5-e1687546162147.jpg?resize=350%2C200&ssl=1","width":350,"height":200,"srcset":"https:\/\/i0.wp.com\/www.grieta.org.mx\/wp-content\/uploads\/2023\/06\/tramo5-e1687546162147.jpg?resize=350%2C200&ssl=1 1x, https:\/\/i0.wp.com\/www.grieta.org.mx\/wp-content\/uploads\/2023\/06\/tramo5-e1687546162147.jpg?resize=525%2C300&ssl=1 1.5x, https:\/\/i0.wp.com\/www.grieta.org.mx\/wp-content\/uploads\/2023\/06\/tramo5-e1687546162147.jpg?resize=700%2C400&ssl=1 2x"},"classes":[]},{"id":64684,"url":"https:\/\/www.grieta.org.mx\/index.php\/2022\/08\/05\/ambientalistas-detienen-maquinaria-en-obras-del-tren-maya-quintana-roo\/","url_meta":{"origin":69180,"position":3},"title":"Ambientalistas detienen maquinaria en obras del Tren Maya (Quintana Roo)","author":"grieta","date":"5 agosto, 2022","format":false,"excerpt":"Octavio Mart\u00ednez \/ Novedades Quintana Roo Las obras del Tren Maya Tramo 5 Sur fueron detenidas temporalmente la ma\u00f1ana de ayer por ambientalistas en Akumal, tras la revocaci\u00f3n de las suspensiones definitivas otorgadas dentro de juicios de amparo. Los inconformes llegaron al desmonte de dicho poblado donde realizaron una protesta\u2026","rel":"","context":"En &quot;CINTILLO&quot;","block_context":{"text":"CINTILLO","link":"https:\/\/www.grieta.org.mx\/index.php\/category\/cintillo\/"},"img":{"alt_text":"","src":"https:\/\/i0.wp.com\/www.grieta.org.mx\/wp-content\/uploads\/2022\/08\/TrenAmbientalistas-e1659805095576.png?resize=350%2C200&ssl=1","width":350,"height":200,"srcset":"https:\/\/i0.wp.com\/www.grieta.org.mx\/wp-content\/uploads\/2022\/08\/TrenAmbientalistas-e1659805095576.png?resize=350%2C200&ssl=1 1x, https:\/\/i0.wp.com\/www.grieta.org.mx\/wp-content\/uploads\/2022\/08\/TrenAmbientalistas-e1659805095576.png?resize=525%2C300&ssl=1 1.5x, https:\/\/i0.wp.com\/www.grieta.org.mx\/wp-content\/uploads\/2022\/08\/TrenAmbientalistas-e1659805095576.png?resize=700%2C400&ssl=1 2x"},"classes":[]},{"id":68645,"url":"https:\/\/www.grieta.org.mx\/index.php\/2024\/03\/18\/basta-de-mentiras-bloquean-ejidatarios-de-chunyaxche-obras-del-tren-maya-acusan-al-gobierno-federal-de-incumplir-acuerdos-quintana-roo\/","url_meta":{"origin":69180,"position":4},"title":"&#8220;\u00a1Basta de mentiras!&#8221;: Bloquean ejidatarios de Chunyaxch\u00e9 obras del Tren Maya; acusan al gobierno federal de incumplir acuerdos (Quintana Roo)","author":"grieta","date":"18 marzo, 2024","format":false,"excerpt":"Noticaribe FELIPE CARRILLO PUERTO, MX.- Alrededor de 800 ejidatarios de Chunyaxch\u00e9 y anexos iniciaron esta ma\u00f1ana un bloqueo en las obras del Tren Maya en la zona, para exigir, entre otras cosas, que el gobierno federal cumpla regulando 5 mil 900 hect\u00e1reas de tierra que fueron parte del compromiso que\u2026","rel":"","context":"En &quot;CINTILLO&quot;","block_context":{"text":"CINTILLO","link":"https:\/\/www.grieta.org.mx\/index.php\/category\/cintillo\/"},"img":{"alt_text":"","src":"https:\/\/i0.wp.com\/www.grieta.org.mx\/wp-content\/uploads\/2024\/03\/Bloqueo-e1711308726930.jpg?resize=350%2C200&ssl=1","width":350,"height":200,"srcset":"https:\/\/i0.wp.com\/www.grieta.org.mx\/wp-content\/uploads\/2024\/03\/Bloqueo-e1711308726930.jpg?resize=350%2C200&ssl=1 1x, https:\/\/i0.wp.com\/www.grieta.org.mx\/wp-content\/uploads\/2024\/03\/Bloqueo-e1711308726930.jpg?resize=525%2C300&ssl=1 1.5x, https:\/\/i0.wp.com\/www.grieta.org.mx\/wp-content\/uploads\/2024\/03\/Bloqueo-e1711308726930.jpg?resize=700%2C400&ssl=1 2x"},"classes":[]},{"id":47874,"url":"https:\/\/www.grieta.org.mx\/index.php\/2020\/04\/13\/las-vias-torcidas-del-tren-maya-video\/","url_meta":{"origin":69180,"position":5},"title":"Las v\u00edas torcidas del tren maya (Video)","author":"grieta","date":"13 abril, 2020","format":false,"excerpt":"https:\/\/www.youtube.com\/watch?v=k8FRX9eT0YY","rel":"","context":"En &quot;16. Pueblo Maya&quot;","block_context":{"text":"16. Pueblo Maya","link":"https:\/\/www.grieta.org.mx\/index.php\/category\/espejos-de-la-resistencia\/16-pueblo-maya\/"},"img":{"alt_text":"","src":"https:\/\/i0.wp.com\/www.grieta.org.mx\/wp-content\/uploads\/2020\/04\/ViasTorcidasTrenMaya.png?resize=350%2C200&ssl=1","width":350,"height":200,"srcset":"https:\/\/i0.wp.com\/www.grieta.org.mx\/wp-content\/uploads\/2020\/04\/ViasTorcidasTrenMaya.png?resize=350%2C200&ssl=1 1x, https:\/\/i0.wp.com\/www.grieta.org.mx\/wp-content\/uploads\/2020\/04\/ViasTorcidasTrenMaya.png?resize=525%2C300&ssl=1 1.5x, https:\/\/i0.wp.com\/www.grieta.org.mx\/wp-content\/uploads\/2020\/04\/ViasTorcidasTrenMaya.png?resize=700%2C400&ssl=1 2x"},"classes":[]}],"_links":{"self":[{"href":"https:\/\/www.grieta.org.mx\/index.php\/wp-json\/wp\/v2\/posts\/69180","targetHints":{"allow":["GET"]}}],"collection":[{"href":"https:\/\/www.grieta.org.mx\/index.php\/wp-json\/wp\/v2\/posts"}],"about":[{"href":"https:\/\/www.grieta.org.mx\/index.php\/wp-json\/wp\/v2\/types\/post"}],"author":[{"embeddable":true,"href":"https:\/\/www.grieta.org.mx\/index.php\/wp-json\/wp\/v2\/users\/2"}],"replies":[{"embeddable":true,"href":"https:\/\/www.grieta.org.mx\/index.php\/wp-json\/wp\/v2\/comments?post=69180"}],"version-history":[{"count":1,"href":"https:\/\/www.grieta.org.mx\/index.php\/wp-json\/wp\/v2\/posts\/69180\/revisions"}],"predecessor-version":[{"id":69182,"href":"https:\/\/www.grieta.org.mx\/index.php\/wp-json\/wp\/v2\/posts\/69180\/revisions\/69182"}],"wp:featuredmedia":[{"embeddable":true,"href":"https:\/\/www.grieta.org.mx\/index.php\/wp-json\/wp\/v2\/media\/69181"}],"wp:attachment":[{"href":"https:\/\/www.grieta.org.mx\/index.php\/wp-json\/wp\/v2\/media?parent=69180"}],"wp:term":[{"taxonomy":"category","embeddable":true,"href":"https:\/\/www.grieta.org.mx\/index.php\/wp-json\/wp\/v2\/categories?post=69180"},{"taxonomy":"post_tag","embeddable":true,"href":"https:\/\/www.grieta.org.mx\/index.php\/wp-json\/wp\/v2\/tags?post=69180"}],"curies":[{"name":"wp","href":"https:\/\/api.w.org\/{rel}","templated":true}]}}