{"id":69120,"date":"2024-06-08T11:48:14","date_gmt":"2024-06-08T17:48:14","guid":{"rendered":"https:\/\/www.grieta.org.mx\/?p=69120"},"modified":"2024-06-10T12:48:15","modified_gmt":"2024-06-10T18:48:15","slug":"tren-maya-acrecienta-la-violencia-organizada-en-quintana-roo","status":"publish","type":"post","link":"https:\/\/www.grieta.org.mx\/index.php\/2024\/06\/08\/tren-maya-acrecienta-la-violencia-organizada-en-quintana-roo\/","title":{"rendered":"Tren Maya acrecienta la violencia organizada en Quintana Roo"},"content":{"rendered":"<p>Claudia V. Arriaga Dur\u00e1n \/Sol Yucat\u00e1n<\/p>\n<blockquote><p> Tramos 6 y 7 del Tren Maya trajeron delincuencia organizada, acoso sexual contra mujeres, militarizaci\u00f3n y encarecimiento de vida para las comunidades aleda\u00f1as. Deforestaci\u00f3n y la tala indiscriminada de la selva maya que antes les rodeaba y proteg\u00eda de las altas temperaturas.<\/p><\/blockquote>\n<blockquote><p> Hay gente de las comunidades que desaparecen y otras m\u00e1s que aparecen embolsadas. En voz de la propia comunidad el Tren Maya tambi\u00e9n trajo consigo una disputa del territorio para los c\u00e1rteles de la droga, el crimen organizado<\/p><\/blockquote>\n<blockquote><p>La presencia de la Guardia Nacional y el ej\u00e9rcito insistieron que, en lugar de inhibir la violencia, la genera. \u201cHay aumento de la intimidaci\u00f3n, llegan a las comunidades para hostigar y catear a las personas. Provocan la violencia hacia la poblaci\u00f3n y es parte del teatro al combate de la delincuencia\u201d\n<\/p><\/blockquote>\n<p>Quintana Roo, M\u00e9xico.- \u201cPara nosotros como comunidades mayas que nuestra vida est\u00e1 ligada a la naturaleza y que no la podemos concebir sin la selva, cenotes y sin la tierra, es doloroso ver la cantidad de \u00e1rboles talados que son de tantos a\u00f1os, que estaban ah\u00ed parados en la selva, que fueron derribados y hasta eso, no tuvieron la oportunidad de caer dignamente como \u00e1rboles. Les pasaron maquinarias que destruyeron todo a su paso\u201d, expres\u00f3 con tristeza Alexis Hoil, defensor del territorio que vive en la comunidad de Chunhuhub en Felipe Carrillo Puerto, Quintana Roo. <\/p>\n<p>Aunque el Tren, mal llamado \u201cMaya\u201d, no atraviesa su comunidad, s\u00ed tuvo efectos negativos y rompi\u00f3 el tejido comunitario. Todo, adem\u00e1s, de da\u00f1ar al medioambiente. Encareci\u00f3 las rentas de la vivienda, hay presencia del crimen organizado, militarizaci\u00f3n y acoso sexual contra las mujeres. <\/p>\n<p>El Tramo 6 y 7 del Tren Maya son los m\u00e1s cercanos a la comunidad de Chunhuhub en Felipe Carrillo Puerto, Quintana Roo. Obra que se supone se inaugur\u00f3 en diciembre de 2023, es decir, el a\u00f1o pasado, aunque en un recorrido que realiz\u00f3 este medio de comunicaci\u00f3n se constat\u00f3 que al menos, ingresando desde la carretera Chetumal se trabaja a marchas forzadas: solo se observa la deforestaci\u00f3n. <\/p>\n<p><img loading=\"lazy\" decoding=\"async\" data-attachment-id=\"69122\" data-permalink=\"https:\/\/www.grieta.org.mx\/index.php\/2024\/06\/08\/tren-maya-acrecienta-la-violencia-organizada-en-quintana-roo\/delincuenciatren2\/\" data-orig-file=\"https:\/\/www.grieta.org.mx\/wp-content\/uploads\/2024\/06\/DelincuenciaTren2-e1718042367661.jpg\" data-orig-size=\"800,285\" data-comments-opened=\"0\" data-image-meta=\"{&quot;aperture&quot;:&quot;0&quot;,&quot;credit&quot;:&quot;&quot;,&quot;camera&quot;:&quot;&quot;,&quot;caption&quot;:&quot;&quot;,&quot;created_timestamp&quot;:&quot;0&quot;,&quot;copyright&quot;:&quot;&quot;,&quot;focal_length&quot;:&quot;0&quot;,&quot;iso&quot;:&quot;0&quot;,&quot;shutter_speed&quot;:&quot;0&quot;,&quot;title&quot;:&quot;&quot;,&quot;orientation&quot;:&quot;1&quot;}\" data-image-title=\"DelincuenciaTren2\" data-image-description=\"\" data-image-caption=\"\" data-medium-file=\"https:\/\/www.grieta.org.mx\/wp-content\/uploads\/2024\/06\/DelincuenciaTren2-300x107.jpg\" data-large-file=\"https:\/\/www.grieta.org.mx\/wp-content\/uploads\/2024\/06\/DelincuenciaTren2-1024x365.jpg\" src=\"http:\/\/www.grieta.org.mx\/wp-content\/uploads\/2024\/06\/DelincuenciaTren2-e1718042367661.jpg\" alt=\"\" width=\"800\" height=\"285\" class=\"alignnone size-full wp-image-69122\" \/><br \/>\nHay gente de las comunidades que desaparecen y otras m\u00e1s que aparecen embolsadas.<\/p>\n<p>A kil\u00f3metros, siempre en el mismo estado de Quintana Roo est\u00e1 el Estero Chac, un humedal del que forma parte el R\u00edo Hondo, cuyos brazos de agua alimentan a la Laguna de Bacalar \u2013 famosa por sus siete colores-, y que en julio de 2023 fue rellenado con material de construcci\u00f3n por la Secretar\u00eda de la Defensa Nacional (Sedena). Lo que puso en riesgo la pureza del agua, su alimentaci\u00f3n y el bienestar de la comunidad. Tras ser confrontados por la ciudadan\u00eda, los militares dijeron que fue un error y dieron marcha atr\u00e1s. El da\u00f1o ya estaba hecho.<\/p>\n<p>\u201cNo siguen las leyes ambientales, no les importa ni la constituci\u00f3n, ni las normas establecidas para la protecci\u00f3n de los pueblos, medioambiente, agua y tierra. Lo hicieron bajo la ilegalidad, pero protegidos\u201d, declar\u00f3 Aldair Tuut, quien forma parte de la Asamblea Maya M\u00fauch\u2019 X\u00edinbal.<\/p>\n<p>El retiro del escombro del lado que fue visible para la ciudadan\u00eda inici\u00f3 en menos de 24 horas tras las protestas y por primera vez, la Sedena realiz\u00f3 un di\u00e1logo con la ciudadan\u00eda. Se comprometieron a cuidar del medioambiente o al menos de la parte que era visible.<\/p>\n<p><img loading=\"lazy\" decoding=\"async\" data-attachment-id=\"69123\" data-permalink=\"https:\/\/www.grieta.org.mx\/index.php\/2024\/06\/08\/tren-maya-acrecienta-la-violencia-organizada-en-quintana-roo\/delincuenciatren3\/\" data-orig-file=\"https:\/\/www.grieta.org.mx\/wp-content\/uploads\/2024\/06\/DelincuenciaTren3-e1718044614663.jpg\" data-orig-size=\"800,221\" data-comments-opened=\"0\" data-image-meta=\"{&quot;aperture&quot;:&quot;0&quot;,&quot;credit&quot;:&quot;&quot;,&quot;camera&quot;:&quot;&quot;,&quot;caption&quot;:&quot;&quot;,&quot;created_timestamp&quot;:&quot;0&quot;,&quot;copyright&quot;:&quot;&quot;,&quot;focal_length&quot;:&quot;0&quot;,&quot;iso&quot;:&quot;0&quot;,&quot;shutter_speed&quot;:&quot;0&quot;,&quot;title&quot;:&quot;&quot;,&quot;orientation&quot;:&quot;1&quot;}\" data-image-title=\"DelincuenciaTren3\" data-image-description=\"\" data-image-caption=\"\" data-medium-file=\"https:\/\/www.grieta.org.mx\/wp-content\/uploads\/2024\/06\/DelincuenciaTren3-300x83.jpg\" data-large-file=\"https:\/\/www.grieta.org.mx\/wp-content\/uploads\/2024\/06\/DelincuenciaTren3-1024x282.jpg\" src=\"http:\/\/www.grieta.org.mx\/wp-content\/uploads\/2024\/06\/DelincuenciaTren3-e1718044614663.jpg\" alt=\"\" width=\"800\" height=\"221\" class=\"alignnone size-full wp-image-69123\" \/><\/p>\n<p>Aldair explic\u00f3 que hay una parte del Estero Chac que est\u00e1 totalmente obstruida y que pas\u00f3 desapercibida ante el reclamo de las personas porque no era visible. <\/p>\n<p>\u201cYa hab\u00edan modificado el entorno del Estero, ten\u00eda como un brazo que sal\u00eda y se un\u00eda al canal principal y ahora est\u00e1 totalmente obstruido. Cortaron el manglar y destruyeron toda la zona. Lo ignoraron por completo los militares como si no importara. Lo otro no tuvo relevancia. No hay reparaci\u00f3n, ya est\u00e1 da\u00f1ado. El canal principal no est\u00e1 obstruido, quitaron lo que hab\u00edan echado de escombro\u201d, expuso. <\/p>\n<p>El Tren Maya trajo consigo gentrificaci\u00f3n y delincuencia organizada<\/p>\n<p>\u201cMe encuentro a 60 kil\u00f3metros de Chunhuhub sobre la carretera de v\u00eda corta entre M\u00e9rida y Chetumal, es de parte de Felipe Carrillo Puerto. Cuando nos pronunciamos en contra del Tren mal llamado Maya una de las cosas que nos cuestionaron, sobre todo a las comunidades que no estamos sobre el trazo del Tren era por qu\u00e9 nos oponemos si no pasar\u00eda en la comunidad\u201d, record\u00f3 en entrevista Alexis Hoil, defensor de territorio y medioambiente.<\/p>\n<p>Lo m\u00e1s cercano a la comunidad es el Tramo 6 del Tren Maya, que va desde la estaci\u00f3n de Tulum hasta la estaci\u00f3n de Chetumal \u00bfpero \u00bfqu\u00e9 tiene de negativo? <\/p>\n<p>Las personas presenciaron la deforestaci\u00f3n y la tala indiscriminada de la selva maya que antes les rodeaba y proteg\u00eda de las altas temperaturas. A escasos tres kil\u00f3metros y medio los \u00e1rboles fueron talados para dar paso a una subestaci\u00f3n que alimentar\u00e1 al Tren Maya. <\/p>\n<p>\u201cEn el ejido de Polyuc que est\u00e1 a escasos tres kil\u00f3metros se construy\u00f3 una subestaci\u00f3n que es para alimentar al tren. Uno pensar\u00eda que es una subestaci\u00f3n que no est\u00e1 en la comunidad y no nos afecta, pero pues una selva fue derribada. Talaron m\u00e1s de 20 hect\u00e1reas de selva\u201d, enfatiz\u00f3 Alexis. <\/p>\n<p>El encarecimiento de las rentas para hospedar a los trabajadores, que migraron con las empresas que forman parte del megaproyecto es otra de las consecuencias negativas. Por ejemplo, en Felipe Carrillo Puerto se quedaron sin espacios para recibirlos y empezaron a hospedarse en Chunhuhub; subieron los precios de las rentas y las personas locales ya no pod\u00edan pagarlas. Aunado a esto se rompi\u00f3 el tejido social comunitario.<\/p>\n<p><img loading=\"lazy\" decoding=\"async\" data-attachment-id=\"69124\" data-permalink=\"https:\/\/www.grieta.org.mx\/index.php\/2024\/06\/08\/tren-maya-acrecienta-la-violencia-organizada-en-quintana-roo\/delincuenciatren4\/\" data-orig-file=\"https:\/\/www.grieta.org.mx\/wp-content\/uploads\/2024\/06\/DelincuenciaTren4-e1718044760504.jpg\" data-orig-size=\"800,217\" data-comments-opened=\"0\" data-image-meta=\"{&quot;aperture&quot;:&quot;0&quot;,&quot;credit&quot;:&quot;&quot;,&quot;camera&quot;:&quot;&quot;,&quot;caption&quot;:&quot;&quot;,&quot;created_timestamp&quot;:&quot;0&quot;,&quot;copyright&quot;:&quot;&quot;,&quot;focal_length&quot;:&quot;0&quot;,&quot;iso&quot;:&quot;0&quot;,&quot;shutter_speed&quot;:&quot;0&quot;,&quot;title&quot;:&quot;&quot;,&quot;orientation&quot;:&quot;1&quot;}\" data-image-title=\"DelincuenciaTren4\" data-image-description=\"\" data-image-caption=\"\" data-medium-file=\"https:\/\/www.grieta.org.mx\/wp-content\/uploads\/2024\/06\/DelincuenciaTren4-300x81.jpg\" data-large-file=\"https:\/\/www.grieta.org.mx\/wp-content\/uploads\/2024\/06\/DelincuenciaTren4-1024x277.jpg\" src=\"http:\/\/www.grieta.org.mx\/wp-content\/uploads\/2024\/06\/DelincuenciaTren4-e1718044760504.jpg\" alt=\"\" width=\"800\" height=\"217\" class=\"alignnone size-full wp-image-69124\" \/><\/p>\n<p>\u201cTrajeron a gente a las comunidades para rentar y los transportaban diario, provocaron el aumento de precio de la vivienda y afect\u00f3 a los que rentan porque dispararon los precios y si no pod\u00edan pagar ten\u00edan que desocupar porque hab\u00eda demanda y se inundaron las comunidades de gente que no es de la comunidad, rompieron el tejido comunitario\u201d, relat\u00f3.<\/p>\n<p>\u201cLa vida cambio en consumo de droga, alcohol y la interacci\u00f3n, empez\u00f3 a existir acoso sexual de parte de los trabajadores a las mujeres. Ese fue el inicio de los efectos dentro de la comunidad, pese que est\u00e1bamos a 60 km del Tren Maya y de la estaci\u00f3n de Felipe Carrillo Puerto\u201d, reiter\u00f3.<\/p>\n<p>Hay gente de las comunidades que desaparecen y otras m\u00e1s que aparecen embolsadas. En voz de la propia comunidad el Tren Maya tambi\u00e9n trajo consigo una disputa del territorio para los c\u00e1rteles de la droga, el crimen organizado. <\/p>\n<p><img loading=\"lazy\" decoding=\"async\" data-attachment-id=\"69125\" data-permalink=\"https:\/\/www.grieta.org.mx\/index.php\/2024\/06\/08\/tren-maya-acrecienta-la-violencia-organizada-en-quintana-roo\/delincuenciatren5\/\" data-orig-file=\"https:\/\/www.grieta.org.mx\/wp-content\/uploads\/2024\/06\/DelincuenciaTren5-e1718044844709.jpg\" data-orig-size=\"800,595\" data-comments-opened=\"0\" data-image-meta=\"{&quot;aperture&quot;:&quot;0&quot;,&quot;credit&quot;:&quot;&quot;,&quot;camera&quot;:&quot;&quot;,&quot;caption&quot;:&quot;&quot;,&quot;created_timestamp&quot;:&quot;0&quot;,&quot;copyright&quot;:&quot;&quot;,&quot;focal_length&quot;:&quot;0&quot;,&quot;iso&quot;:&quot;0&quot;,&quot;shutter_speed&quot;:&quot;0&quot;,&quot;title&quot;:&quot;&quot;,&quot;orientation&quot;:&quot;1&quot;}\" data-image-title=\"DelincuenciaTren5\" data-image-description=\"\" data-image-caption=\"\" data-medium-file=\"https:\/\/www.grieta.org.mx\/wp-content\/uploads\/2024\/06\/DelincuenciaTren5-300x223.jpg\" data-large-file=\"https:\/\/www.grieta.org.mx\/wp-content\/uploads\/2024\/06\/DelincuenciaTren5-1024x762.jpg\" src=\"http:\/\/www.grieta.org.mx\/wp-content\/uploads\/2024\/06\/DelincuenciaTren5-e1718044844709.jpg\" alt=\"\" width=\"800\" height=\"595\" class=\"alignnone size-full wp-image-69125\" \/><\/p>\n<p>La presencia de la Guardia Nacional y el ej\u00e9rcito insistieron que, en lugar de inhibir la violencia, la genera. <\/p>\n<p>\u201cHay aumento de la intimidaci\u00f3n, llegan a las comunidades para hostigar y catear a las personas. Provocan la violencia hacia la poblaci\u00f3n y es parte del teatro al combate de la delincuencia\u201d, expres\u00f3 el defensor del territorio de la comunidad. <\/p>\n<p>El agua es extra\u00edda ilegalmente para el Tren Maya, la gente vive sequ\u00eda<\/p>\n<p>En las parcelas de los ejidos que colindan con el Estero Chac se observan las pipas de agua estacionadas, esperando su turno para acercarse y extraer agua. En los caminos de terracer\u00eda son visibles las huellas de su paso. No se trata de otra cosa, que la explotaci\u00f3n ilegal del agua, sin permisos de carga y descarga para construir el Tren Maya. <\/p>\n<p>Aldair Tuut de la Asamblea Maya M\u00fauch\u2019 X\u00edinbal record\u00f3 que las denuncias de los pobladores son constantes, sin embargo, no hay ninguna autoridad que los detenga: es el mismo gobierno federal y un proyecto militarizado.<\/p>\n<p>En Tramo 6 del Tren Maya, que va del aeropuerto de Tulum hasta Chetumal, y atraviesa Felipe Carrillo Puerto tambi\u00e9n exist\u00edan lagunas o cuerpos de agua, que fueron rellenados para que pueda pasar el megaproyecto.<\/p>\n<p><img loading=\"lazy\" decoding=\"async\" data-attachment-id=\"69126\" data-permalink=\"https:\/\/www.grieta.org.mx\/index.php\/2024\/06\/08\/tren-maya-acrecienta-la-violencia-organizada-en-quintana-roo\/delincuenciatren6\/\" data-orig-file=\"https:\/\/www.grieta.org.mx\/wp-content\/uploads\/2024\/06\/DelincuenciaTren6-e1718044954747.jpg\" data-orig-size=\"800,600\" data-comments-opened=\"0\" data-image-meta=\"{&quot;aperture&quot;:&quot;0&quot;,&quot;credit&quot;:&quot;&quot;,&quot;camera&quot;:&quot;&quot;,&quot;caption&quot;:&quot;&quot;,&quot;created_timestamp&quot;:&quot;0&quot;,&quot;copyright&quot;:&quot;&quot;,&quot;focal_length&quot;:&quot;0&quot;,&quot;iso&quot;:&quot;0&quot;,&quot;shutter_speed&quot;:&quot;0&quot;,&quot;title&quot;:&quot;&quot;,&quot;orientation&quot;:&quot;1&quot;}\" data-image-title=\"DelincuenciaTren6\" data-image-description=\"\" data-image-caption=\"\" data-medium-file=\"https:\/\/www.grieta.org.mx\/wp-content\/uploads\/2024\/06\/DelincuenciaTren6-300x225.jpg\" data-large-file=\"https:\/\/www.grieta.org.mx\/wp-content\/uploads\/2024\/06\/DelincuenciaTren6-1024x768.jpg\" src=\"http:\/\/www.grieta.org.mx\/wp-content\/uploads\/2024\/06\/DelincuenciaTren6-e1718044954747.jpg\" alt=\"\" width=\"800\" height=\"600\" class=\"alignnone size-full wp-image-69126\" \/><br \/>\nEl Estero Chac est\u00e1 totalmente obstruido y pas\u00f3 desapercibido ante el reclamo de las personas porque no era visible.<\/p>\n<p>\u201cEn la cuesti\u00f3n medioambiental y social es impresionante la cantidad de minas, de piedras que se extrajeron en las comunidades para rellenar los cuerpos de agua y v\u00edas de tren. En las comunidades se compr\u00f3 el material p\u00e9treo, fue un da\u00f1o estructural al n\u00facleo agrario de los ejidos porque las compras no se hicieron con consentimiento de los ejidatarios. No les pagaban o no era lo justo\u201d, narr\u00f3 en entrevista el defensor del territorio y medioambiente, Alexis Hoil.<\/p>\n<p>Para las personas defensoras del territorio y medioambiente, la deforestaci\u00f3n de la selva para la extracci\u00f3n de materiales, la tala de \u00e1rboles para el paso del Tren Maya y rellenar lagunas solo significan que aumentar\u00e1 el calor extremo y habr\u00e1 m\u00e1s sequ\u00eda. \u201cSi la selva disminuye tambi\u00e9n disminuir\u00e1 la cantidad de lluvia\u201d, sentenci\u00f3 Alexis.<\/p>\n<p><a href=\"https:\/\/solyucatan.mx\/delincuencia-organizada-6\/\" rel=\"noopener\" target=\"_blank\">https:\/\/solyucatan.mx\/delincuencia-organizada-6\/<\/a><\/p>\n","protected":false},"excerpt":{"rendered":"<p>Claudia V. Arriaga Dur\u00e1n \/Sol Yucat\u00e1n Tramos 6 y 7 del Tren Maya trajeron delincuencia organizada, acoso sexual contra mujeres, militarizaci\u00f3n y encarecimiento de vida para las comunidades aleda\u00f1as. Deforestaci\u00f3n &hellip; <a href=\"https:\/\/www.grieta.org.mx\/index.php\/2024\/06\/08\/tren-maya-acrecienta-la-violencia-organizada-en-quintana-roo\/\" class=\"more-link\">Leer m\u00e1s<\/a><\/p>\n","protected":false},"author":2,"featured_media":69121,"comment_status":"closed","ping_status":"closed","sticky":false,"template":"","format":"standard","meta":{"ngg_post_thumbnail":0,"_jetpack_newsletter_access":"","_jetpack_dont_email_post_to_subs":false,"_jetpack_newsletter_tier_id":0,"_jetpack_memberships_contains_paywalled_content":false,"_jetpack_memberships_contains_paid_content":false,"footnotes":""},"categories":[80,3008,2749,1557,3,922,1785,926,944,952,2,28,1876,2026],"tags":[2988,101,870,614,1878],"class_list":["post-69120","post","type-post","status-publish","format-standard","has-post-thumbnail","hentry","category-cintillo","category-crisis-del-agua-en-quintana-roo","category-destruccion-y-contaminacion-ambiental-en-quintana-roo","category-incremento-en-la-violencia-en-quintana-roo","category-megaproyectos","category-megaproyectos-estados","category-militarizacion-en-quintana-roo","category-mp-campeche","category-mp-quintana-roo","category-mp-yucatan","category-noticias-nacionales","category-quintana-roo","category-resistencia-al-tren-maya-en-la-peninsula-de-yucatan-quintana-roo","category-tren-maya","tag-deforestacion-por-el-tren-maya","tag-delincuencia","tag-gentrificacion","tag-militarizacion","tag-tren-maya","entry"],"jetpack_featured_media_url":"https:\/\/www.grieta.org.mx\/wp-content\/uploads\/2024\/06\/DelincuenciaTren-e1718042270918.jpg","jetpack_sharing_enabled":true,"jetpack_shortlink":"https:\/\/wp.me\/p7ZJR4-hYQ","jetpack_likes_enabled":false,"jetpack-related-posts":[{"id":67872,"url":"https:\/\/www.grieta.org.mx\/index.php\/2023\/10\/06\/tren-maya-sedena-incrementara-seguridad-en-quintana-roo-con-mas-de-3-mil-elementos\/","url_meta":{"origin":69120,"position":0},"title":"Tren Maya: Sedena incrementar\u00e1 seguridad en Quintana Roo con m\u00e1s de 3 mil elementos","author":"grieta","date":"6 octubre, 2023","format":false,"excerpt":"Con la inauguraci\u00f3n del Tren Maya que se dar\u00e1 durante diciembre, el Secretario de la Defensa Nacional de M\u00e9xico Luis Cresencio Sandoval inform\u00f3 que en Quintana Roo se incrementar\u00e1 la seguridad con la presencia de la Guardia Nacional, pues habr\u00e1 tres nuevas bases a\u00e9reas. De acuerdo con los datos del\u2026","rel":"","context":"En &quot;CINTILLO&quot;","block_context":{"text":"CINTILLO","link":"https:\/\/www.grieta.org.mx\/index.php\/category\/cintillo\/"},"img":{"alt_text":"","src":"https:\/\/i0.wp.com\/www.grieta.org.mx\/wp-content\/uploads\/2023\/10\/TrenMalla-e1696860496274.jpg?resize=350%2C200&ssl=1","width":350,"height":200,"srcset":"https:\/\/i0.wp.com\/www.grieta.org.mx\/wp-content\/uploads\/2023\/10\/TrenMalla-e1696860496274.jpg?resize=350%2C200&ssl=1 1x, https:\/\/i0.wp.com\/www.grieta.org.mx\/wp-content\/uploads\/2023\/10\/TrenMalla-e1696860496274.jpg?resize=525%2C300&ssl=1 1.5x, https:\/\/i0.wp.com\/www.grieta.org.mx\/wp-content\/uploads\/2023\/10\/TrenMalla-e1696860496274.jpg?resize=700%2C400&ssl=1 2x"},"classes":[]},{"id":47874,"url":"https:\/\/www.grieta.org.mx\/index.php\/2020\/04\/13\/las-vias-torcidas-del-tren-maya-video\/","url_meta":{"origin":69120,"position":1},"title":"Las v\u00edas torcidas del tren maya (Video)","author":"grieta","date":"13 abril, 2020","format":false,"excerpt":"https:\/\/www.youtube.com\/watch?v=k8FRX9eT0YY","rel":"","context":"En &quot;16. Pueblo Maya&quot;","block_context":{"text":"16. Pueblo Maya","link":"https:\/\/www.grieta.org.mx\/index.php\/category\/espejos-de-la-resistencia\/16-pueblo-maya\/"},"img":{"alt_text":"","src":"https:\/\/i0.wp.com\/www.grieta.org.mx\/wp-content\/uploads\/2020\/04\/ViasTorcidasTrenMaya.png?resize=350%2C200&ssl=1","width":350,"height":200,"srcset":"https:\/\/i0.wp.com\/www.grieta.org.mx\/wp-content\/uploads\/2020\/04\/ViasTorcidasTrenMaya.png?resize=350%2C200&ssl=1 1x, https:\/\/i0.wp.com\/www.grieta.org.mx\/wp-content\/uploads\/2020\/04\/ViasTorcidasTrenMaya.png?resize=525%2C300&ssl=1 1.5x, https:\/\/i0.wp.com\/www.grieta.org.mx\/wp-content\/uploads\/2020\/04\/ViasTorcidasTrenMaya.png?resize=700%2C400&ssl=1 2x"},"classes":[]},{"id":67075,"url":"https:\/\/www.grieta.org.mx\/index.php\/2023\/06\/04\/enrejan-obras-del-tramo-5-del-tren-maya\/","url_meta":{"origin":69120,"position":2},"title":"Enrejan obras del Tramo 5 del Tren Maya","author":"grieta","date":"4 junio, 2023","format":false,"excerpt":"Arturo Miranda\/Quadrat\u00edn Quintana Roo CANC\u00daN, QRoo, 4 de junio de 2023.- Se prohibi\u00f3 en definitiva el acceso al Tramo Cinco sur del Tren Maya mediante la colocaci\u00f3n de una reja met\u00e1lica, la cual impide transitar hacia los puntos en los que se ha denunciado el relleno de cuevas como la\u2026","rel":"","context":"En &quot;CINTILLO&quot;","block_context":{"text":"CINTILLO","link":"https:\/\/www.grieta.org.mx\/index.php\/category\/cintillo\/"},"img":{"alt_text":"","src":"https:\/\/i0.wp.com\/www.grieta.org.mx\/wp-content\/uploads\/2023\/06\/tramo5-e1687546162147.jpg?resize=350%2C200&ssl=1","width":350,"height":200,"srcset":"https:\/\/i0.wp.com\/www.grieta.org.mx\/wp-content\/uploads\/2023\/06\/tramo5-e1687546162147.jpg?resize=350%2C200&ssl=1 1x, https:\/\/i0.wp.com\/www.grieta.org.mx\/wp-content\/uploads\/2023\/06\/tramo5-e1687546162147.jpg?resize=525%2C300&ssl=1 1.5x, https:\/\/i0.wp.com\/www.grieta.org.mx\/wp-content\/uploads\/2023\/06\/tramo5-e1687546162147.jpg?resize=700%2C400&ssl=1 2x"},"classes":[]},{"id":67351,"url":"https:\/\/www.grieta.org.mx\/index.php\/2023\/08\/05\/paraliza-obras-de-tren-maya-quema-de-maquinaria-en-tramo-6-quintana-roo\/","url_meta":{"origin":69120,"position":3},"title":"Paraliza obras de Tren Maya quema de maquinaria en tramo 6 (Quintana Roo)","author":"grieta","date":"5 agosto, 2023","format":false,"excerpt":"antonio.hernandez.press \/ Quadrat\u00edn Quintana Roo OTH\u00d3N P. BLANCO, QRoo, 5 de agosto de 2023.- Cinco maquinarias pesadas fueron incendiadas en las obras del Tren Maya, en el frente seis del Tramo 6, muy cerca de la comunidad de Buenavista, supuestamente por parte de trabajadores inconformes por falta de pago. De\u2026","rel":"","context":"En &quot;CINTILLO&quot;","block_context":{"text":"CINTILLO","link":"https:\/\/www.grieta.org.mx\/index.php\/category\/cintillo\/"},"img":{"alt_text":"","src":"https:\/\/i0.wp.com\/www.grieta.org.mx\/wp-content\/uploads\/2023\/08\/Quema-e1691331646543.jpg?resize=350%2C200&ssl=1","width":350,"height":200,"srcset":"https:\/\/i0.wp.com\/www.grieta.org.mx\/wp-content\/uploads\/2023\/08\/Quema-e1691331646543.jpg?resize=350%2C200&ssl=1 1x, https:\/\/i0.wp.com\/www.grieta.org.mx\/wp-content\/uploads\/2023\/08\/Quema-e1691331646543.jpg?resize=525%2C300&ssl=1 1.5x, https:\/\/i0.wp.com\/www.grieta.org.mx\/wp-content\/uploads\/2023\/08\/Quema-e1691331646543.jpg?resize=700%2C400&ssl=1 2x"},"classes":[]},{"id":35945,"url":"https:\/\/www.grieta.org.mx\/index.php\/2019\/07\/05\/expansion-de-megaproyectos-en-la-peninsula-de-yucatan-video\/","url_meta":{"origin":69120,"position":4},"title":"Expansi\u00f3n de Megaproyectos en la Pen\u00ednsula de Yucat\u00e1n (Video)","author":"grieta","date":"5 julio, 2019","format":false,"excerpt":"https:\/\/youtu.be\/qLBARIAaBsI","rel":"","context":"En &quot;Campeche&quot;","block_context":{"text":"Campeche","link":"https:\/\/www.grieta.org.mx\/index.php\/category\/noticias-nacionales\/campeche\/"},"img":{"alt_text":"","src":"https:\/\/i0.wp.com\/img.youtube.com\/vi\/qLBARIAaBsI\/0.jpg?resize=350%2C200","width":350,"height":200},"classes":[]},{"id":68844,"url":"https:\/\/www.grieta.org.mx\/index.php\/2024\/04\/29\/ambientalistas-clausuran-las-oficinas-de-semarnat-tras-calificarla-de-ecocida-quintana-roo\/","url_meta":{"origin":69120,"position":5},"title":"Ambientalistas &#8220;clausuran&#8221; las oficinas de Semarnat tras calificarla de ecocida (Quintana Roo)","author":"grieta","date":"29 abril, 2024","format":false,"excerpt":"Leslie Gordillo \/ NOTICARIBE PENINSULAR CANC\u00daN.- Un grupo de ambientalistas, representante de diferentes organismos y asociaciones civiles, se manifestaron en la zona hotelera de Canc\u00fan y clausuraron de manera simb\u00f3lica las oficinas de la Secretar\u00eda de Medio Ambiente y Recursos Naturales (Semarnat). La denuncia es que la Semarnat ha sido\u2026","rel":"","context":"En &quot;Campeche&quot;","block_context":{"text":"Campeche","link":"https:\/\/www.grieta.org.mx\/index.php\/category\/noticias-nacionales\/campeche\/"},"img":{"alt_text":"","src":"https:\/\/i0.wp.com\/www.grieta.org.mx\/wp-content\/uploads\/2024\/04\/ambientalitas-e1715552774254.jpg?resize=350%2C200&ssl=1","width":350,"height":200,"srcset":"https:\/\/i0.wp.com\/www.grieta.org.mx\/wp-content\/uploads\/2024\/04\/ambientalitas-e1715552774254.jpg?resize=350%2C200&ssl=1 1x, https:\/\/i0.wp.com\/www.grieta.org.mx\/wp-content\/uploads\/2024\/04\/ambientalitas-e1715552774254.jpg?resize=525%2C300&ssl=1 1.5x, https:\/\/i0.wp.com\/www.grieta.org.mx\/wp-content\/uploads\/2024\/04\/ambientalitas-e1715552774254.jpg?resize=700%2C400&ssl=1 2x"},"classes":[]}],"_links":{"self":[{"href":"https:\/\/www.grieta.org.mx\/index.php\/wp-json\/wp\/v2\/posts\/69120","targetHints":{"allow":["GET"]}}],"collection":[{"href":"https:\/\/www.grieta.org.mx\/index.php\/wp-json\/wp\/v2\/posts"}],"about":[{"href":"https:\/\/www.grieta.org.mx\/index.php\/wp-json\/wp\/v2\/types\/post"}],"author":[{"embeddable":true,"href":"https:\/\/www.grieta.org.mx\/index.php\/wp-json\/wp\/v2\/users\/2"}],"replies":[{"embeddable":true,"href":"https:\/\/www.grieta.org.mx\/index.php\/wp-json\/wp\/v2\/comments?post=69120"}],"version-history":[{"count":1,"href":"https:\/\/www.grieta.org.mx\/index.php\/wp-json\/wp\/v2\/posts\/69120\/revisions"}],"predecessor-version":[{"id":69127,"href":"https:\/\/www.grieta.org.mx\/index.php\/wp-json\/wp\/v2\/posts\/69120\/revisions\/69127"}],"wp:featuredmedia":[{"embeddable":true,"href":"https:\/\/www.grieta.org.mx\/index.php\/wp-json\/wp\/v2\/media\/69121"}],"wp:attachment":[{"href":"https:\/\/www.grieta.org.mx\/index.php\/wp-json\/wp\/v2\/media?parent=69120"}],"wp:term":[{"taxonomy":"category","embeddable":true,"href":"https:\/\/www.grieta.org.mx\/index.php\/wp-json\/wp\/v2\/categories?post=69120"},{"taxonomy":"post_tag","embeddable":true,"href":"https:\/\/www.grieta.org.mx\/index.php\/wp-json\/wp\/v2\/tags?post=69120"}],"curies":[{"name":"wp","href":"https:\/\/api.w.org\/{rel}","templated":true}]}}