{"id":69101,"date":"2024-06-04T11:33:53","date_gmt":"2024-06-04T17:33:53","guid":{"rendered":"https:\/\/www.grieta.org.mx\/?p=69101"},"modified":"2024-06-09T17:55:13","modified_gmt":"2024-06-09T23:55:13","slug":"maestros-toman-instalaciones-de-la-seccion-33-del-snte-en-yucatan","status":"publish","type":"post","link":"https:\/\/www.grieta.org.mx\/index.php\/2024\/06\/04\/maestros-toman-instalaciones-de-la-seccion-33-del-snte-en-yucatan\/","title":{"rendered":"Maestros toman instalaciones de la Secci\u00f3n 33 del SNTE en Yucat\u00e1n"},"content":{"rendered":"<p>Yazm\u00edn Rodr\u00edguez Galaz \/ El Universal<\/p>\n<p>M\u00e9rida.- Unos 60 profesores tomaron las instalaciones de la Secci\u00f3n 33 del Sindicato Nacional de los Trabajadores de la Educaci\u00f3n (SNTE), ubicado en la colonia Yucalpet\u00e9n de M\u00e9rida, para exigir el pago de la homologaci\u00f3n que prometi\u00f3 el presidente Andr\u00e9s Manuel L\u00f3pez Obrador desde mayo pasado, pero a\u00fan no se hace efectivo en Yucat\u00e1n.<\/p>\n<p>Posteriormente, se trasladaron a las oficinas de la Secci\u00f3n 57 del SNTE donde presentaron un pliego petitorio.<\/p>\n<p>Los docentes tambi\u00e9n acusan al l\u00edder de la secci\u00f3n 33 del SNTE, Emanuel Gonz\u00e1lez Ch\u00e1vez, de no defender sus intereses y estar involucrado en actividades que s\u00f3lo benefician a las autoridades educativas federales y estatales.<\/p>\n<p>De acuerdo con los manifestantes, son unos 25 mil trabajadores, entre intendentes, secretarios y docentes, que a\u00fan no reciben el pago.<\/p>\n<p>Liliana Canul Sosa, representante de los docentes de la Secci\u00f3n 33 del SNTE, se\u00f1al\u00f3 que tomaron las instalaciones para exigir su aumento salarial y la destituci\u00f3n del dirigente Emanuel Gonz\u00e1lez Ch\u00e1vez.<\/p>\n<p>\u201cEl pasado 15 de mayo el presidente L\u00f3pez Obrador anunci\u00f3 que los maestros de educaci\u00f3n b\u00e1sica tendr\u00edan un aumento salarial del 10 por ciento para mejorar sus condiciones laborales y calidad de vida. Sin embargo, a\u00fan no se les ha otorgado\u201d, declar\u00f3.<\/p>\n<p>Durante la manifestaci\u00f3n hubo momentos de tensi\u00f3n cuando los manifestantes intentaron impedir que el l\u00edder de la secci\u00f3n 33, Emmanuel Gonz\u00e1lez Ch\u00e1vez, saliera del estacionamiento a bordo de su autom\u00f3vil.<\/p>\n<p><a href=\"https:\/\/www.eluniversal.com.mx\/estados\/maestros-toman-instalaciones-de-la-seccion-33-del-snte-en-yucatan\/\" rel=\"noopener\" target=\"_blank\">https:\/\/www.eluniversal.com.mx\/estados\/maestros-toman-instalaciones-de-la-seccion-33-del-snte-en-yucatan\/<\/a><\/p>\n","protected":false},"excerpt":{"rendered":"<p>Yazm\u00edn Rodr\u00edguez Galaz \/ El Universal M\u00e9rida.- Unos 60 profesores tomaron las instalaciones de la Secci\u00f3n 33 del Sindicato Nacional de los Trabajadores de la Educaci\u00f3n (SNTE), ubicado en la &hellip; <a href=\"https:\/\/www.grieta.org.mx\/index.php\/2024\/06\/04\/maestros-toman-instalaciones-de-la-seccion-33-del-snte-en-yucatan\/\" class=\"more-link\">Leer m\u00e1s<\/a><\/p>\n","protected":false},"author":2,"featured_media":69102,"comment_status":"closed","ping_status":"closed","sticky":false,"template":"","format":"standard","meta":{"ngg_post_thumbnail":0,"_jetpack_newsletter_access":"","_jetpack_dont_email_post_to_subs":false,"_jetpack_newsletter_tier_id":0,"_jetpack_memberships_contains_paywalled_content":false,"_jetpack_memberships_contains_paid_content":false,"footnotes":""},"categories":[80,1072,916,2658,910,2,3211,1755,83,36],"tags":[2056,634,2841,133,2450,778,207],"class_list":["post-69101","post","type-post","status-publish","format-standard","has-post-thumbnail","hentry","category-cintillo","category-conflictos-laborales-en-yucatan","category-privatizacion-del-la-educacion-publica","category-crisis-de-la-educacion-publica-en-yucatan","category-explotacion-y-precariedad-laboral","category-noticias-nacionales","category-precariedad-laboral-en-yucatan","category-protestas-del-magisterio-en-yucatan","category-temas-nacionales","category-yucatan","tag-aumento-salarial","tag-condiciones-laborales","tag-explotacion-y-precariedad-laboral","tag-maestros","tag-protesta-maestros","tag-sindicato","tag-snte","entry"],"jetpack_featured_media_url":"https:\/\/www.grieta.org.mx\/wp-content\/uploads\/2024\/06\/Maestroe-e1717976976401.jpg","jetpack_sharing_enabled":true,"jetpack_shortlink":"https:\/\/wp.me\/p7ZJR4-hYx","jetpack_likes_enabled":false,"jetpack-related-posts":[{"id":71764,"url":"https:\/\/www.grieta.org.mx\/index.php\/2025\/05\/27\/maestros-protestan-en-merida-e-intentan-arrollarlos-yucatan\/","url_meta":{"origin":69101,"position":0},"title":"Maestros protestan en M\u00e9rida e intentan arrollarlos (Yucat\u00e1n)","author":"grieta","date":"27 mayo, 2025","format":false,"excerpt":"Herbeth Escalante \/ Haz Ruido Las y los maestros yucatecos se han sumado a la huelga nacional convocada por la CNTE, aunque tambi\u00e9n est\u00e1n protestando profesores del SNTE. M\u00e1s de 180 escuelas de Yucat\u00e1n est\u00e1n en paro desde hace una semana. M\u00e9rida, Yucat\u00e1n, 27 de mayo de 2025.- M\u00e1s de\u2026","rel":"","context":"En &quot;CINTILLO&quot;","block_context":{"text":"CINTILLO","link":"https:\/\/www.grieta.org.mx\/index.php\/category\/cintillo\/"},"img":{"alt_text":"","src":"https:\/\/i0.wp.com\/www.grieta.org.mx\/wp-content\/uploads\/2025\/06\/Paro-e1749035806353.jpg?resize=350%2C200&ssl=1","width":350,"height":200,"srcset":"https:\/\/i0.wp.com\/www.grieta.org.mx\/wp-content\/uploads\/2025\/06\/Paro-e1749035806353.jpg?resize=350%2C200&ssl=1 1x, https:\/\/i0.wp.com\/www.grieta.org.mx\/wp-content\/uploads\/2025\/06\/Paro-e1749035806353.jpg?resize=525%2C300&ssl=1 1.5x, https:\/\/i0.wp.com\/www.grieta.org.mx\/wp-content\/uploads\/2025\/06\/Paro-e1749035806353.jpg?resize=700%2C400&ssl=1 2x"},"classes":[]},{"id":69250,"url":"https:\/\/www.grieta.org.mx\/index.php\/2024\/06\/29\/sindicato-de-maestros-advierte-que-radicalizara-su-movimiento-yucatan\/","url_meta":{"origin":69101,"position":1},"title":"Sindicato de maestros advierte que radicalizar\u00e1 su movimiento (Yucat\u00e1n)","author":"grieta","date":"29 junio, 2024","format":false,"excerpt":"Haz Ruido Docentes de universidades Tecnol\u00f3gicas recalcaron que no permitir\u00e1n hostigamientos y amenazas por salir a protestar, ni que se discrimine a sus afiliados en las mesas de negociaci\u00f3n. M\u00e9rida, Yucat\u00e1n, 29 de junio de 2024.- El Sindicato Nacional de Educaci\u00f3n Superior (SNES) advirti\u00f3 que en ante hostigamientos y amenazas\u2026","rel":"","context":"En &quot;CINTILLO&quot;","block_context":{"text":"CINTILLO","link":"https:\/\/www.grieta.org.mx\/index.php\/category\/cintillo\/"},"img":{"alt_text":"","src":"https:\/\/i0.wp.com\/www.grieta.org.mx\/wp-content\/uploads\/2024\/06\/MaestrosYuc-e1719697438812.jpg?resize=350%2C200&ssl=1","width":350,"height":200,"srcset":"https:\/\/i0.wp.com\/www.grieta.org.mx\/wp-content\/uploads\/2024\/06\/MaestrosYuc-e1719697438812.jpg?resize=350%2C200&ssl=1 1x, https:\/\/i0.wp.com\/www.grieta.org.mx\/wp-content\/uploads\/2024\/06\/MaestrosYuc-e1719697438812.jpg?resize=525%2C300&ssl=1 1.5x, https:\/\/i0.wp.com\/www.grieta.org.mx\/wp-content\/uploads\/2024\/06\/MaestrosYuc-e1719697438812.jpg?resize=700%2C400&ssl=1 2x"},"classes":[]},{"id":71825,"url":"https:\/\/www.grieta.org.mx\/index.php\/2025\/06\/05\/maestros-bloquean-acceso-al-aeropuerto-de-merida-yucatan\/","url_meta":{"origin":69101,"position":2},"title":"Maestros bloquean acceso al aeropuerto de M\u00e9rida (Yucat\u00e1n)","author":"grieta","date":"5 junio, 2025","format":false,"excerpt":"Herbeth Escalante \/ Haz Ruido Desde temprana hora, docentes de la CNTE han tomado la avenida Aviaci\u00f3n e incluso protestaron en las puertas del aeropuerto. M\u00e9rida, Yucat\u00e1n, 5 de junio de 2025.- Aproximadamente 3 mil maestros de la Coordinadora Nacional de Trabajadores de la Educaci\u00f3n (CNTE) mantienen bloqueado el acceso\u2026","rel":"","context":"En &quot;CINTILLO&quot;","block_context":{"text":"CINTILLO","link":"https:\/\/www.grieta.org.mx\/index.php\/category\/cintillo\/"},"img":{"alt_text":"","src":"https:\/\/i0.wp.com\/www.grieta.org.mx\/wp-content\/uploads\/2025\/06\/Maestros-e1749477518770.jpg?resize=350%2C200&ssl=1","width":350,"height":200,"srcset":"https:\/\/i0.wp.com\/www.grieta.org.mx\/wp-content\/uploads\/2025\/06\/Maestros-e1749477518770.jpg?resize=350%2C200&ssl=1 1x, https:\/\/i0.wp.com\/www.grieta.org.mx\/wp-content\/uploads\/2025\/06\/Maestros-e1749477518770.jpg?resize=525%2C300&ssl=1 1.5x, https:\/\/i0.wp.com\/www.grieta.org.mx\/wp-content\/uploads\/2025\/06\/Maestros-e1749477518770.jpg?resize=700%2C400&ssl=1 2x"},"classes":[]},{"id":66918,"url":"https:\/\/www.grieta.org.mx\/index.php\/2023\/05\/12\/maestros-de-educacion-indigena-de-yucatan-protestan-contra-ley-de-amlo\/","url_meta":{"origin":69101,"position":3},"title":"Maestros de educaci\u00f3n ind\u00edgena de Yucat\u00e1n protestan contra ley de AMLO","author":"grieta","date":"12 mayo, 2023","format":false,"excerpt":"Redacci\u00f3n Haz Ruido En la manifestaci\u00f3n en el Congreso del Estado exigen que no desaparezca la educaci\u00f3n ind\u00edgena de la SEP, porque se tratar\u00eda de un retroceso y afectar\u00eda sus derechos laborales. M\u00e9rida, Yucat\u00e1n, 12 de mayo de 2023.- Aproximadamente 300 maestras y maestros de zonas rurales de Yucat\u00e1n protestan\u2026","rel":"","context":"En &quot;CINTILLO&quot;","block_context":{"text":"CINTILLO","link":"https:\/\/www.grieta.org.mx\/index.php\/category\/cintillo\/"},"img":{"alt_text":"","src":"https:\/\/i0.wp.com\/www.grieta.org.mx\/wp-content\/uploads\/2023\/05\/EducacionIndigenaYuc-e1684000284172.jpg?resize=350%2C200&ssl=1","width":350,"height":200,"srcset":"https:\/\/i0.wp.com\/www.grieta.org.mx\/wp-content\/uploads\/2023\/05\/EducacionIndigenaYuc-e1684000284172.jpg?resize=350%2C200&ssl=1 1x, https:\/\/i0.wp.com\/www.grieta.org.mx\/wp-content\/uploads\/2023\/05\/EducacionIndigenaYuc-e1684000284172.jpg?resize=525%2C300&ssl=1 1.5x, https:\/\/i0.wp.com\/www.grieta.org.mx\/wp-content\/uploads\/2023\/05\/EducacionIndigenaYuc-e1684000284172.jpg?resize=700%2C400&ssl=1 2x"},"classes":[]},{"id":71779,"url":"https:\/\/www.grieta.org.mx\/index.php\/2025\/06\/02\/la-upy-se-une-a-las-huelgas-yucatan\/","url_meta":{"origin":69101,"position":4},"title":"La UPY se une a las huelgas (Yucat\u00e1n)","author":"grieta","date":"2 junio, 2025","format":false,"excerpt":"Redacci\u00f3n \/ Sol Yucat\u00e1n Contin\u00faan uni\u00e9ndose m\u00e1s centros educativos, personal docente y administrativo a las huelgas educacionales, y esta vez se trat\u00f3 de la Universidad Polit\u00e9cnica de Yucat\u00e1n (UPY). Los protestantes tomaron las instalaciones de forma simb\u00f3lica para que sus peticiones sean escuchadas y como demostraci\u00f3n de que apoyan la\u2026","rel":"","context":"En &quot;CINTILLO&quot;","block_context":{"text":"CINTILLO","link":"https:\/\/www.grieta.org.mx\/index.php\/category\/cintillo\/"},"img":{"alt_text":"","src":"https:\/\/i0.wp.com\/www.grieta.org.mx\/wp-content\/uploads\/2025\/06\/Upy.jpg?resize=350%2C200&ssl=1","width":350,"height":200,"srcset":"https:\/\/i0.wp.com\/www.grieta.org.mx\/wp-content\/uploads\/2025\/06\/Upy.jpg?resize=350%2C200&ssl=1 1x, https:\/\/i0.wp.com\/www.grieta.org.mx\/wp-content\/uploads\/2025\/06\/Upy.jpg?resize=525%2C300&ssl=1 1.5x, https:\/\/i0.wp.com\/www.grieta.org.mx\/wp-content\/uploads\/2025\/06\/Upy.jpg?resize=700%2C400&ssl=1 2x, https:\/\/i0.wp.com\/www.grieta.org.mx\/wp-content\/uploads\/2025\/06\/Upy.jpg?resize=1050%2C600&ssl=1 3x, https:\/\/i0.wp.com\/www.grieta.org.mx\/wp-content\/uploads\/2025\/06\/Upy.jpg?resize=1400%2C800&ssl=1 4x"},"classes":[]},{"id":69104,"url":"https:\/\/www.grieta.org.mx\/index.php\/2024\/06\/06\/asi-se-vivio-la-protesta-de-maestros-en-el-aeropuerto-internacional-de-merida-yucatan\/","url_meta":{"origin":69101,"position":5},"title":"As\u00ed se vivi\u00f3 la protesta de maestros en el Aeropuerto Internacional de M\u00e9rida (Yucat\u00e1n)","author":"grieta","date":"6 junio, 2024","format":false,"excerpt":"Texto y Fotos Astrid S\u00e1nchez \/ La Jornada Maya Profesores de Yucat\u00e1n exigen 30 por ciento de incremento salarial 06\/06\/2024 | M\u00e9rida, Yucat\u00e1n Maestros que exigen el incremento salarial de 30 por ciento en Yucat\u00e1n organizaron una protesta m\u00e1s dr\u00e1stica en comparaci\u00f3n con las que llevaron a cabo al inicio\u2026","rel":"","context":"En &quot;CINTILLO&quot;","block_context":{"text":"CINTILLO","link":"https:\/\/www.grieta.org.mx\/index.php\/category\/cintillo\/"},"img":{"alt_text":"","src":"https:\/\/i0.wp.com\/www.grieta.org.mx\/wp-content\/uploads\/2024\/06\/Segey-e1717978220617.jpg?resize=350%2C200&ssl=1","width":350,"height":200,"srcset":"https:\/\/i0.wp.com\/www.grieta.org.mx\/wp-content\/uploads\/2024\/06\/Segey-e1717978220617.jpg?resize=350%2C200&ssl=1 1x, https:\/\/i0.wp.com\/www.grieta.org.mx\/wp-content\/uploads\/2024\/06\/Segey-e1717978220617.jpg?resize=525%2C300&ssl=1 1.5x, https:\/\/i0.wp.com\/www.grieta.org.mx\/wp-content\/uploads\/2024\/06\/Segey-e1717978220617.jpg?resize=700%2C400&ssl=1 2x"},"classes":[]}],"_links":{"self":[{"href":"https:\/\/www.grieta.org.mx\/index.php\/wp-json\/wp\/v2\/posts\/69101","targetHints":{"allow":["GET"]}}],"collection":[{"href":"https:\/\/www.grieta.org.mx\/index.php\/wp-json\/wp\/v2\/posts"}],"about":[{"href":"https:\/\/www.grieta.org.mx\/index.php\/wp-json\/wp\/v2\/types\/post"}],"author":[{"embeddable":true,"href":"https:\/\/www.grieta.org.mx\/index.php\/wp-json\/wp\/v2\/users\/2"}],"replies":[{"embeddable":true,"href":"https:\/\/www.grieta.org.mx\/index.php\/wp-json\/wp\/v2\/comments?post=69101"}],"version-history":[{"count":1,"href":"https:\/\/www.grieta.org.mx\/index.php\/wp-json\/wp\/v2\/posts\/69101\/revisions"}],"predecessor-version":[{"id":69103,"href":"https:\/\/www.grieta.org.mx\/index.php\/wp-json\/wp\/v2\/posts\/69101\/revisions\/69103"}],"wp:featuredmedia":[{"embeddable":true,"href":"https:\/\/www.grieta.org.mx\/index.php\/wp-json\/wp\/v2\/media\/69102"}],"wp:attachment":[{"href":"https:\/\/www.grieta.org.mx\/index.php\/wp-json\/wp\/v2\/media?parent=69101"}],"wp:term":[{"taxonomy":"category","embeddable":true,"href":"https:\/\/www.grieta.org.mx\/index.php\/wp-json\/wp\/v2\/categories?post=69101"},{"taxonomy":"post_tag","embeddable":true,"href":"https:\/\/www.grieta.org.mx\/index.php\/wp-json\/wp\/v2\/tags?post=69101"}],"curies":[{"name":"wp","href":"https:\/\/api.w.org\/{rel}","templated":true}]}}