{"id":69088,"date":"2024-05-30T14:12:38","date_gmt":"2024-05-30T20:12:38","guid":{"rendered":"https:\/\/www.grieta.org.mx\/?p=69088"},"modified":"2024-06-09T14:32:57","modified_gmt":"2024-06-09T20:32:57","slug":"zapotecas-reclaman-por-afectaciones-y-militarizacion-en-linea-k-del-corredor-interoceanico-oaxaca","status":"publish","type":"post","link":"https:\/\/www.grieta.org.mx\/index.php\/2024\/05\/30\/zapotecas-reclaman-por-afectaciones-y-militarizacion-en-linea-k-del-corredor-interoceanico-oaxaca\/","title":{"rendered":"Zapotecas reclaman por afectaciones y militarizaci\u00f3n en L\u00ednea K del Corredor Interoce\u00e1nico (Oaxaca)"},"content":{"rendered":"<p>Imagen: Elaborado por Colectivo GEOcomunes<\/p>\n<p>Aldo Santiago \/ Avispa Midia<\/p>\n<p>En la comunidad zapoteca de Uni\u00f3n Hidalgo, municipio de Juchit\u00e1n en el Istmo de Tehuantepec, pobladores reclaman por las afectaciones ambientales que van dejando a su paso las obras de rehabilitaci\u00f3n de la L\u00ednea K, una de las tres v\u00edas de transporte que integran el\u00a0<a href=\"https:\/\/avispa.org\/puente-comercial-del-mundo-arrasara-con-los-pueblos\/\">proyecto del Corredor Interoce\u00e1nico<\/a>, las cuales tambi\u00e9n conectar\u00e1n a otros megaproyectos como el Tren Maya, en la Pen\u00ednsula de Yucat\u00e1n y la refiner\u00eda en Dos Bocas, Tabasco.<\/p>\n<p>De gran relevancia para el transporte de mercanc\u00edas, las v\u00edas f\u00e9rreas erigidas desde inicios del siglo XX y cuyo trayecto fue interrumpido en 2005 por los da\u00f1os del hurac\u00e1n Stan, actualmente son rehabilitadas por el organismo\u00a0Corredor Interoce\u00e1nico del Istmo de Tehuantepec (CIIT),\u00a0<a href=\"https:\/\/avispa.org\/mexico-patrimonio-del-corredor-interoceanico-es-transferido-a-la-marina\/\">perteneciente a la Secretar\u00eda de Marina<\/a>\u00a0(Semar).<\/p>\n<p>Los trabajos de la L\u00ednea K corren a cargo, desde febrero del 2023, de la empresa Grupo Ferrocarrilero del Sureste (GFS), encargada de las obras a lo largo de 472 kil\u00f3metros de v\u00edas que conectan Ixtepec, en el Istmo oaxaque\u00f1o, a Ciudad Hidalgo, en Chiapas.<\/p>\n<p>Pobladores de Uni\u00f3n Hidalgo perciben estas obras como una reconstrucci\u00f3n de gran magnitud pues implican la sustituci\u00f3n de todos los materiales que componen las v\u00edas, as\u00ed como de locomotoras, estaciones y otras instalaciones asociadas.<\/p>\n<p>En conversaci\u00f3n con\u00a0<em>Avispa M\u00eddia,\u00a0<\/em>\u00c9dgar Mart\u00edn, defensor de derechos humanos en asuntos ambientales y habitante de la comunidad biniza\u00e1, relata que los trabajos incluso proponen la edificaci\u00f3n de destacamentos militares a cargo de la Secretar\u00eda de Marina, cuyos detalles apenas retoman a cuentagotas pues las autoridades no han informado a la poblaci\u00f3n local.<\/p>\n<p>Por esta situaci\u00f3n, Mart\u00edn cuenta que integrantes de la comunidad han solicitado informaci\u00f3n para conocer los alcances y posibles afectaciones de las obras, sobre todo, los detalles de la Manifestaci\u00f3n de Impacto Ambiental (MIA), documento indispensable para autorizar los permisos ambientales y dar luz verde a las obras. El defensor recuerda que, en primera instancia, recurrieron al CIIT, pero nunca recibieron respuesta.<\/p>\n<p>Por su parte, \u00d3scar Mar\u00edn, comunero y representante de bienes comunales de Uni\u00f3n Hidalgo, detalla que fue durante una reuni\u00f3n, a principios del 2024 con mandos de la Semar, que los militares se negaron a compartir la MIA y argumentaron que la solicitud deb\u00eda ser dirigida a la\u00a0Secretar\u00eda de Medio Ambiente y Recursos Naturales (Semarnat).<\/p>\n<p>Los pobladores as\u00ed lo hicieron. Mart\u00edn describe que fue una sorpresa la respuesta de las autoridades ambientales pues argumentaron que\u00a0exentaron a la Semar de presentar la MIA. Para el defensor esta situaci\u00f3n es alarmante debido a que este ramal es la l\u00ednea m\u00e1s larga del Corredor y se extiende sobre una llanura costera, donde existe la amenaza de afectaci\u00f3n a ecosistemas como manglares, esteros y r\u00edos.<\/p>\n<p>\u201cDescubrimos que no existe la MIA, algo ilegal, porque la \u00fanica excepci\u00f3n posible es cuando hubo una manifestaci\u00f3n de impacto ambiental\u00a0previa,\u00a0en este caso\u00a0no\u00a0lo\u00a0hay. Legalmente no era posible que se exentara\u201d, reclama el defensor.<\/p>\n<p>El gobierno mexicano ha anunciado que se pretende terminar los trabajos en junio pr\u00f3ximo, para con ello realizar pruebas en agosto y poder cumplir con la agenda del presidente Andr\u00e9s Manuel L\u00f3pez Obrador, quien planea inaugurar la primera fase de las obras con una visita al Istmo durante septiembre, a menos de un mes de finalizar su cargo.<\/p>\n<h3 id=\"h-afectaciones\" class=\"wp-block-heading has-black-color has-text-color has-link-color wp-elements-95bb5a3c70c53d43f2c45fd83ad434ef\"><strong>Afectaciones<\/strong><\/h3>\n<p>El paso de la L\u00ednea K por la comunidad de Uni\u00f3n Hidalgo atraviesa a lo largo 26 kil\u00f3metros por tierras comunales. Seg\u00fan Edgar Mart\u00edn esto representa el 6% del total de las v\u00edas f\u00e9rreas en una sola poblaci\u00f3n donde los impactos pueden afectar a cuerpos de agua, que en su caso albergan dos esteros, un r\u00edo y m\u00e1s de 20 arroyos.<\/p>\n<p>Adem\u00e1s de que no existen estudios sobre las afectaciones y las acciones para remediarlas, para el comunero \u00d3scar Mar\u00edn, las labores cotidianas como la soldadura para los puentes est\u00e1 dejando una cantidad de residuos de metales, aceite usado y otros desechos los cuales, asegura, la Semar se niega a sanear tras la conclusi\u00f3n de sus labores.<\/p>\n<p>El comunero resalta tambi\u00e9n los impactos de deforestaci\u00f3n con las labores de la Semar y GFS. \u201cDesde el principio de las obras arrasaron con todos los arbolitos alrededor del derecho de v\u00eda\u201d, relata.<\/p>\n<p>Edgar Mart\u00edn complementa que, de acuerdo al registro de la comunidad, contabilizan m\u00e1s de 10 mil \u00e1rboles talados y resalta que, fue en enero del 2024, cuando habitantes de Uni\u00f3n Hidalgo se percataron del retiro de cientos de \u00e1rboles en el Bosque Comunal El Palmar -tierras de uso com\u00fan de gran importancia para la comunidad ind\u00edgena-, lo que provoc\u00f3 su indignaci\u00f3n y los llev\u00f3 a bloquear el campamento de trabajadores para detener la deforestaci\u00f3n masiva.<\/p>\n<p>Debido a la protesta es que, en abril, la Semar se comprometi\u00f3 a gestionar ante la Secretar\u00eda de Fomento Agroalimentario y Desarrollo Rural de Oaxaca para la producci\u00f3n y reforestaci\u00f3n con 16 mil \u00e1rboles. Mediante un oficio, la Semar solicita la intervenci\u00f3n de la autoridad estatal para \u201cmitigar el impacto ambiental por la renovaci\u00f3n de la L\u00ednea K en la comunidad Uni\u00f3n Hidalgo\u201d. Los pobladores a\u00fan esperan la finalizaci\u00f3n de los trabajos para concretar la reforestaci\u00f3n con especies nativas.<\/p>\n<p>Aunado a la deforestaci\u00f3n, para el defensor Mart\u00edn las mayores afectaciones ocurrieron en los cerros al sur de la comunidad. Esto debido a que la insuficiencia de materiales p\u00e9treos para cambiar la totalidad del terrapl\u00e9n llev\u00f3 a la Semar a extraer material p\u00e9treo del banco \u201cEl Barranc\u00f3n\u201d, el cual estaba da\u00f1ando sitios dentro de las tierras comunales de la comunidad zapoteca.<\/p>\n<p>\u201cHubo un momento en que estaban operando con 400 volteos (transportes de carga) de doble capacidad. Estaban atacando dos cerros al mismo tiempo y eso era un impacto de imposible reparaci\u00f3n\u201d, sostiene.<strong>\u00a0<\/strong>Ante ello, en octubre del 2023, despu\u00e9s de descubrir que las autorizaciones en materia de impacto ambiental del banco no estaban vigentes, habitantes denunciaron la extracci\u00f3n ilegal de material para las obras.<\/p>\n<p>Tras los reclamos de la poblaci\u00f3n biniza\u00e1 fue que la Semar y el CIIT convocaron a una reuni\u00f3n para entablar di\u00e1logo y contener la protesta, pero al no llegar a ning\u00fan acuerdo fue en febrero del 2024 cuando el defensor Mart\u00edn recurri\u00f3 a una demanda de amparo.<\/p>\n<p>El recurso legal solicit\u00f3 la suspensi\u00f3n de las obras de la L\u00ednea K, pues argumenta que la exenci\u00f3n de autorizaci\u00f3n en materia de impacto ambiental de la Semarnat al CIIT, en Uni\u00f3n Hidalgo, viola los derechos para un ambiente sano, as\u00ed como al de la consulta previa a la comunidad ind\u00edgena para autorizar las obras.\u00a0En el mismo amparo se reclama a la Semar por la deforestaci\u00f3n y da\u00f1os al ecosistema, as\u00ed como \u201cel saqueo y la explotaci\u00f3n del Banco P\u00e9treo \u2018El Barranc\u00f3n\u2019, ambos sin contar con los permisos en materia ambiental que requiere la ley\u201d.<\/p>\n<p>El pasado 5 de marzo, el Juzgado S\u00e9ptimo de Distrito en Oaxaca reconoci\u00f3 la operaci\u00f3n irregular del banco de materiales. Pero en lo que respecta a la suspensi\u00f3n de las obras de la L\u00ednea K, fue rechazada por la juez\u00a0Miriam Fabiola N\u00fa\u00f1ez Castillo, quien sostuvo que, por encima del perjuicio a la poblaci\u00f3n ind\u00edgena se encuentra el inter\u00e9s de la sociedad en general e hizo referencia al\u00a0<a href=\"https:\/\/www.dof.gob.mx\/nota_detalle.php?codigo=5689265&amp;fecha=18\/05\/2023#gsc.tab=0\">decreto presidencial de mayo del 2023<\/a>\u00a0que cataloga como seguridad nacional y de inter\u00e9s p\u00fablico la construcci\u00f3n y operaci\u00f3n del Tren Maya, as\u00ed como del CIIT.<\/p>\n<p>\u201cAl autorizar actos de dise\u00f1o, planeaci\u00f3n, implementaci\u00f3n, construcci\u00f3n y operaci\u00f3n del proyecto denominado \u2018L\u00ednea K del tren del Corredor Interoce\u00e1nico del Istmo de Tehuantepec\u2019, entre otras cosas, va unir a Chiapas con Oaxaca a trav\u00e9s de 472 kil\u00f3metros de v\u00edas f\u00e9rreas fortaleciendo la actividad industrial y una alternativa moderna y eficiente para el comercio nacional e internacional\u201d, sostiene la resoluci\u00f3n enfatizando la relevancia del megaproyecto para el gobierno federal.<\/p>\n<p>Pese a que la suspensi\u00f3n de la extracci\u00f3n de materiales p\u00e9treos detuvo algunos d\u00edas las obras de la L\u00ednea K, para Edgar Mart\u00edn la devastaci\u00f3n a\u00fan acecha a su comunidad debido a que existe una \u201cusurpaci\u00f3n de facto\u201d en la superficie que la Semar ha intervenido pues, originalmente, el derecho de v\u00eda contempla el uso de 15 metros de ambos lados, tomando el centro de la l\u00ednea f\u00e9rrea como referencia. No obstante, alega que autoridades de la Semar contemplan el uso de 50 metros, \u201cy en la pr\u00e1ctica, en un recorrido territorial,\u00a0vemos que\u00a0son entre 50 o 100 metros\u201d, denuncia el defensor sobre la continuaci\u00f3n de las irregularidades en los trabajos.<\/p>\n<p>Esto lo confirma el comunero Mar\u00edn, quien alude que las obras no est\u00e1n respetando el uso del derecho de v\u00eda pues los trabajadores contin\u00faan ocupando tierras fuera de los l\u00edmites establecidos.<\/p>\n<h3 id=\"h-persecucion-y-militarizacion\" class=\"wp-block-heading has-black-color has-text-color has-link-color wp-elements-1572fe1223e1c30c0f271a1c24c63f54\"><strong>Persecuci\u00f3n y militarizaci\u00f3n<\/strong><\/h3>\n<p>El defensor Edgar Mart\u00edn se encuentra incorporado al Mecanismo de Protecci\u00f3n para Personas Defensoras de Derechos Humanos y Periodistas, de la Secretar\u00eda de Gobernaci\u00f3n (Segob), debido a que en el a\u00f1o 2022 fue\u00a0<a href=\"https:\/\/avispa.org\/istmo-de-tehuantepec-intentan-asesinar-a-defensor-del-territorio-en-union-hidalgo\/\">v\u00edctima de un atentado con arma de fuego<\/a>\u00a0durante la resistencia contra la trasnacional\u00a0El\u00e9ctricit\u00e9 de France (EDF), la cual pretend\u00eda\u00a0<a href=\"https:\/\/avispa.org\/oaxaca-parque-eolico-de-edf-en-union-hidalgo-es-cancelado-definitivamente\/\">instalar un parque e\u00f3lico en tierras comunales<\/a>\u00a0de Uni\u00f3n Hidalgo.<\/p>\n<p>Durante los \u00faltimos meses, debido a su activismo ambiental\u00a0<a href=\"https:\/\/www.istmopress.com.mx\/istmo\/allanan-vivienda-de-edgar-martin-defensor-zapoteca-y-lo-relaciona-con-su-activismo\/\">ha denunciado el allanamiento de su vivienda<\/a>\u00a0en dos ocasiones en menos de un mes. Adem\u00e1s, Mart\u00edn se\u00f1al\u00f3 que, en por lo menos 20 ocasiones, un cami\u00f3n de volteo\u00a0<a href=\"https:\/\/www.istmopress.com.mx\/istmo\/arrojan-escombros-de-obra-del-interoceanico-frente-a-casa-de-ambientalista-es-un-acto-de-hostigamiento\/\">arroj\u00f3 basura, escombro y tierra frente a su casa<\/a>, lo que califica como hostigamiento por su trabajo en la defensa del territorio.<\/p>\n<p>El defensor resalta tambi\u00e9n que, durante el bloqueo de abril contra la deforestaci\u00f3n en el bosque comunal de Uni\u00f3n Hidalgo, elementos de la Polic\u00eda Municipal agredieron a los habitantes que se manifestaban pac\u00edficamente. Ante estas situaciones, destaca que, a diferencia de la \u00e9poca en la lucha contra el parque e\u00f3lico, elementos de seguridad manten\u00edan comunicaci\u00f3n y vigilancia para su protecci\u00f3n, cosa que ya no sucede.<\/p>\n<p>\u201cCuando me puse contra el gobierno federal dejaron de venir a mi casa y dejaron de hablarme, entonces me dejaron al descubierto\u201d, se\u00f1ala ante el riesgo de protestar por las obras actuales del megaproyecto del Corredor Interoce\u00e1nico.<\/p>\n<p>En ese contexto, para el defensor tambi\u00e9n es preocupante la intenci\u00f3n de las autoridades federales, en coadyuvancia con la municipalidad de Juchit\u00e1n, para instalar destacamentos de la Semar en la regi\u00f3n. Esto en referencia que, en octubre del 2023, el alcalde Miguel S\u00e1nchez Altamirano entreg\u00f3 un acta de donaci\u00f3n de un predio, ubicado en Pozo Peralta, a menos de 20 kil\u00f3metros de Uni\u00f3n Hidalgo, para la construcci\u00f3n de un destacamento de la Semar.<\/p>\n<p>En un evento con la presencia del Vicealmirante, Juan Carlos Vera Minjares, jefe de la Unidad Coordinadora Semar CIIT, el edil afirm\u00f3 que las instalaciones militares ser\u00e1n \u201cpara brindar seguridad a la L\u00ednea K del tren del Istmo de Tehuantepec y contribuir a la salvaguarda de las y los juchitecos\u201d.<\/p>\n<p>Un informe de labores de la Semar publicado un mes antes, en septiembre del 2023, enlista como obras en proceso a las Estaciones Navales en Ixtepec, as\u00ed como Destacamentos militares en Mat\u00edas Romero y Tehuantepec.<\/p>\n<p>En cuanto al armamento de los marinos, el informe asegura que provee a las unidades de infanter\u00eda y establecimientos navales comisionados al CIIT, y en particular a la L\u00ednea K, de equipo como drones,\u00a0videoc\u00e1maras, trajes de seguridad antimot\u00edn, placas bal\u00edsticas, paneles bal\u00edsticos y cascos bal\u00edsticos.<\/p>\n<p>Para diciembre del 2023, durante conferencia de prensa de la presidencia, el Vicealmirante Raymundo Pedro Morales \u00c1ngeles, director general del CIIT, asegur\u00f3 que contabilizan 3 mil elementos de la Semar para vigilar el megaproyecto. Adem\u00e1s, report\u00f3 el avance en la construcci\u00f3n de las instalaciones en Oaxaca y Veracruz, asegurando que \u201cvamos a establecer estaciones navales en todo el corredor\u201d.<\/p>\n<p>\u201cNo puedes construir instalaciones militares en un territorio ind\u00edgena tan f\u00e1cilmente\u201d, reclama Mart\u00edn, quien defiende que en el caso de que se pretenda establecer cuarteles en tierras de Uni\u00f3n Hidalgo, primero tendr\u00eda que pasar por la aprobaci\u00f3n de sus habitantes.<\/p>\n<p><a href=\"https:\/\/avispa.org\/zapotecas-reclaman-por-afectaciones-y-militarizacion-en-linea-k-del-corredor-interoceanico\/\">https:\/\/avispa.org\/zapotecas-reclaman-por-afectaciones-y-militarizacion-en-linea-k-del-corredor-interoceanico\/<\/a><\/p>\n","protected":false},"excerpt":{"rendered":"<p>Imagen: Elaborado por Colectivo GEOcomunes Aldo Santiago \/ Avispa Midia En la comunidad zapoteca de Uni\u00f3n Hidalgo, municipio de Juchit\u00e1n en el Istmo de Tehuantepec, pobladores reclaman por las afectaciones &hellip; <a href=\"https:\/\/www.grieta.org.mx\/index.php\/2024\/05\/30\/zapotecas-reclaman-por-afectaciones-y-militarizacion-en-linea-k-del-corredor-interoceanico-oaxaca\/\" class=\"more-link\">Leer m\u00e1s<\/a><\/p>\n","protected":false},"author":2,"featured_media":69089,"comment_status":"closed","ping_status":"closed","sticky":false,"template":"","format":"standard","meta":{"ngg_post_thumbnail":0,"_jetpack_newsletter_access":"","_jetpack_dont_email_post_to_subs":false,"_jetpack_newsletter_tier_id":0,"_jetpack_memberships_contains_paywalled_content":false,"_jetpack_memberships_contains_paid_content":false,"footnotes":""},"categories":[49,80,1358,1948,1605,1278,973,1,954,3,912,1606,2,25,83],"tags":[4005,3614,628,4136,4135,614,3056,3425],"class_list":["post-69088","post","type-post","status-publish","format-standard","has-post-thumbnail","hentry","category-5-istmo","category-cintillo","category-conflictos-por-megaproyectos-en-oaxaca","category-corredor-transistmico","category-despojo-de-tierras-en-oaxaca","category-despojo-de-tierras-y-territorios","category-esp-oaxaca","category-espejos-de-la-resistencia","category-espejos-estados","category-megaproyectos","category-militarizacion","category-militarizacion-en-oaxaca","category-noticias-nacionales","category-oaxaca","category-temas-nacionales","tag-agresiones-a-defensores-y-activistas","tag-corredor-interoceanico","tag-defensa-del-territorio","tag-espejo-5","tag-itsmo","tag-militarizacion","tag-transistmico","tag-zapoteco","entry"],"jetpack_featured_media_url":"https:\/\/www.grieta.org.mx\/wp-content\/uploads\/2024\/06\/Mapa-Linea-K-Istmo-1536x1086-1.jpeg","jetpack_sharing_enabled":true,"jetpack_shortlink":"https:\/\/wp.me\/p7ZJR4-hYk","jetpack_likes_enabled":false,"jetpack-related-posts":[{"id":69275,"url":"https:\/\/www.grieta.org.mx\/index.php\/2024\/06\/17\/despoja-marina-cerro-a-juchitan-oaxaca-para-beneficiar-obra-de-linea-k-del-interoceanico\/","url_meta":{"origin":69088,"position":0},"title":"Despoja Marina cerro a Juchit\u00e1n, Oaxaca para beneficiar obra de L\u00ednea K del Interoce\u00e1nico","author":"grieta","date":"17 junio, 2024","format":false,"excerpt":"Imagen: Edgar Mar\u00edn Diana Manzo \/ Agencia de Noticias IstmoPress #Juchit\u00e1n 17 Jun (#Istmopress) \u2013 Sin importar que exista un amparo federal que ordena la no extracci\u00f3n de roca del cerro del Estero Gui\u00e9 \u2013 hogar de aves y donde existe una amplia biodiversidad- en el municipio de Juchit\u00e1n, Oaxaca,\u2026","rel":"","context":"En &quot;5. Istmo&quot;","block_context":{"text":"5. Istmo","link":"https:\/\/www.grieta.org.mx\/index.php\/category\/espejos-de-la-resistencia\/5-istmo\/"},"img":{"alt_text":"","src":"https:\/\/i0.wp.com\/www.grieta.org.mx\/wp-content\/uploads\/2024\/07\/1718682209188-800x445-1.jpg?resize=350%2C200&ssl=1","width":350,"height":200,"srcset":"https:\/\/i0.wp.com\/www.grieta.org.mx\/wp-content\/uploads\/2024\/07\/1718682209188-800x445-1.jpg?resize=350%2C200&ssl=1 1x, https:\/\/i0.wp.com\/www.grieta.org.mx\/wp-content\/uploads\/2024\/07\/1718682209188-800x445-1.jpg?resize=525%2C300&ssl=1 1.5x, https:\/\/i0.wp.com\/www.grieta.org.mx\/wp-content\/uploads\/2024\/07\/1718682209188-800x445-1.jpg?resize=700%2C400&ssl=1 2x"},"classes":[]},{"id":65997,"url":"https:\/\/www.grieta.org.mx\/index.php\/2022\/12\/14\/ven-en-el-interoceanico-proyecto-de-saqueo-y-despojo-apiidtt-15-anos-de-lucha-y-resistencia-por-la-vida-oaxaca\/","url_meta":{"origin":69088,"position":1},"title":"Ven en el Interoce\u00e1nico proyecto de saqueo y despojo, APIIDTT 15 a\u00f1os de lucha y resistencia por la vida (Oaxaca)","author":"grieta","date":"14 diciembre, 2022","format":false,"excerpt":"Imagen: Cortes\u00eda Gerardo Valdivieso Parada \/ NVINoticias SAN BLAS ATEMPA, Oaxaca.- Integrantes de la Asamblea de los Pueblos Ind\u00edgenas del Istmo en Defensa de la Tierra y el Territorio (APIIDTT) conmemoraron 15 a\u00f1os \u201cen este caminar de lucha y resistencia por la defensa de la vida, tierra y territorio\u201d. En\u2026","rel":"","context":"En &quot;5. Istmo&quot;","block_context":{"text":"5. Istmo","link":"https:\/\/www.grieta.org.mx\/index.php\/category\/espejos-de-la-resistencia\/5-istmo\/"},"img":{"alt_text":"","src":"https:\/\/i0.wp.com\/www.grieta.org.mx\/wp-content\/uploads\/2022\/12\/proyecto_interoceanico.webp?resize=350%2C200&ssl=1","width":350,"height":200,"srcset":"https:\/\/i0.wp.com\/www.grieta.org.mx\/wp-content\/uploads\/2022\/12\/proyecto_interoceanico.webp?resize=350%2C200&ssl=1 1x, https:\/\/i0.wp.com\/www.grieta.org.mx\/wp-content\/uploads\/2022\/12\/proyecto_interoceanico.webp?resize=525%2C300&ssl=1 1.5x, https:\/\/i0.wp.com\/www.grieta.org.mx\/wp-content\/uploads\/2022\/12\/proyecto_interoceanico.webp?resize=700%2C400&ssl=1 2x"},"classes":[]},{"id":67357,"url":"https:\/\/www.grieta.org.mx\/index.php\/2023\/07\/23\/derribaran-200-arboles-para-construir-obra-de-corredor-interoceanico-oaxaca\/","url_meta":{"origin":69088,"position":2},"title":"Derribar\u00e1n 200 \u00e1rboles para construir obra de Corredor Interoce\u00e1nico (Oaxaca)","author":"grieta","date":"23 julio, 2023","format":false,"excerpt":"Imagen: cortes\u00eda de Edwin Meneses Sin un anuncio oficial, trabajadores de la empresa que construyen en un tramo del Corredor Interoc\u00e9anico anunciaron a habitantes del Istmo de Tehuantepec que derribar\u00e1n 200 \u00e1rboles, a cambio prometen construir un parque Diana Manzo \/ Istmo Press \/ P\u00ede de P\u00e1gina OAXACA. \u2013 Sin\u2026","rel":"","context":"En &quot;CINTILLO&quot;","block_context":{"text":"CINTILLO","link":"https:\/\/www.grieta.org.mx\/index.php\/category\/cintillo\/"},"img":{"alt_text":"","src":"https:\/\/i0.wp.com\/www.grieta.org.mx\/wp-content\/uploads\/2023\/08\/IstmoPressarboles_Istmo_Edwin_Meneses.jpg?resize=350%2C200&ssl=1","width":350,"height":200,"srcset":"https:\/\/i0.wp.com\/www.grieta.org.mx\/wp-content\/uploads\/2023\/08\/IstmoPressarboles_Istmo_Edwin_Meneses.jpg?resize=350%2C200&ssl=1 1x, https:\/\/i0.wp.com\/www.grieta.org.mx\/wp-content\/uploads\/2023\/08\/IstmoPressarboles_Istmo_Edwin_Meneses.jpg?resize=525%2C300&ssl=1 1.5x, https:\/\/i0.wp.com\/www.grieta.org.mx\/wp-content\/uploads\/2023\/08\/IstmoPressarboles_Istmo_Edwin_Meneses.jpg?resize=700%2C400&ssl=1 2x"},"classes":[]},{"id":67251,"url":"https:\/\/www.grieta.org.mx\/index.php\/2023\/07\/28\/agresiones-y-violaciones-a-derechos-humanos-en-megaproyecto-del-corredor-interoceanico-alerta-mision-civil-oaxaca\/","url_meta":{"origin":69088,"position":3},"title":"Agresiones y violaciones a derechos humanos en megaproyecto del Corredor Interoce\u00e1nico: Alerta Misi\u00f3n Civil (Oaxaca)","author":"grieta","date":"28 julio, 2023","format":false,"excerpt":"Imagen: Somos El Medio Miranda Chavarr\u00eda \/ Somos El Medio La Misi\u00f3n Civil de Observaci\u00f3n, integrada por 23 organizaciones de la sociedad civil nacionales e internacionales, concluyeron su investigaci\u00f3n en la regi\u00f3n del Istmo de Tehuantepec, en el Estado de Oaxaca. El objetivo de esta misi\u00f3n fue documentar diversas violaciones\u2026","rel":"","context":"En &quot;CINTILLO&quot;","block_context":{"text":"CINTILLO","link":"https:\/\/www.grieta.org.mx\/index.php\/category\/cintillo\/"},"img":{"alt_text":"","src":"https:\/\/i0.wp.com\/www.grieta.org.mx\/wp-content\/uploads\/2023\/07\/363379770_690020123169868_8124757468151930841_n.jpg?resize=350%2C200&ssl=1","width":350,"height":200,"srcset":"https:\/\/i0.wp.com\/www.grieta.org.mx\/wp-content\/uploads\/2023\/07\/363379770_690020123169868_8124757468151930841_n.jpg?resize=350%2C200&ssl=1 1x, https:\/\/i0.wp.com\/www.grieta.org.mx\/wp-content\/uploads\/2023\/07\/363379770_690020123169868_8124757468151930841_n.jpg?resize=525%2C300&ssl=1 1.5x, https:\/\/i0.wp.com\/www.grieta.org.mx\/wp-content\/uploads\/2023\/07\/363379770_690020123169868_8124757468151930841_n.jpg?resize=700%2C400&ssl=1 2x, https:\/\/i0.wp.com\/www.grieta.org.mx\/wp-content\/uploads\/2023\/07\/363379770_690020123169868_8124757468151930841_n.jpg?resize=1050%2C600&ssl=1 3x, https:\/\/i0.wp.com\/www.grieta.org.mx\/wp-content\/uploads\/2023\/07\/363379770_690020123169868_8124757468151930841_n.jpg?resize=1400%2C800&ssl=1 4x"},"classes":[]},{"id":68696,"url":"https:\/\/www.grieta.org.mx\/index.php\/2024\/03\/24\/interponen-amparo-por-danos-ecologicos-del-interoceanico-denuncian-danos-a-humedales-especies-endemicas-y-aguajes-oaxaca\/","url_meta":{"origin":69088,"position":4},"title":"Interponen amparo por da\u00f1os ecol\u00f3gicos del Interoce\u00e1nico; denuncian da\u00f1os a humedales, especies end\u00e9micas y aguajes (Oaxaca)","author":"grieta","date":"24 marzo, 2024","format":false,"excerpt":"Imagen: P\u00e1gina 3 Diana Manzo \/ P\u00e1gina 3 Juchit\u00e1n, Oax.- La comunidad agraria de Uni\u00f3n Hidalgo y de Chicapa de Castro, ambas aleda\u00f1as a Juchit\u00e1n, Oaxaca, interpusieron un amparo ante el juez del s\u00e9ptimo distrito. Es para denunciar da\u00f1os ambientales y territoriales ocasionados por la magna obra de rehabilitaci\u00f3n de\u00a0la\u2026","rel":"","context":"En &quot;5. Istmo&quot;","block_context":{"text":"5. Istmo","link":"https:\/\/www.grieta.org.mx\/index.php\/category\/espejos-de-la-resistencia\/5-istmo\/"},"img":{"alt_text":"","src":"https:\/\/i0.wp.com\/www.grieta.org.mx\/wp-content\/uploads\/2024\/03\/IMG_7837.webp?resize=350%2C200&ssl=1","width":350,"height":200,"srcset":"https:\/\/i0.wp.com\/www.grieta.org.mx\/wp-content\/uploads\/2024\/03\/IMG_7837.webp?resize=350%2C200&ssl=1 1x, https:\/\/i0.wp.com\/www.grieta.org.mx\/wp-content\/uploads\/2024\/03\/IMG_7837.webp?resize=525%2C300&ssl=1 1.5x, https:\/\/i0.wp.com\/www.grieta.org.mx\/wp-content\/uploads\/2024\/03\/IMG_7837.webp?resize=700%2C400&ssl=1 2x"},"classes":[]},{"id":65676,"url":"https:\/\/www.grieta.org.mx\/index.php\/2022\/10\/28\/matan-a-comunero-y-atentan-contra-dirigente-del-colectivo-sol-rojo-en-el-istmo-oaxaqueno-ambos-opositores-del-corredor-interoceanico-oaxaca\/","url_meta":{"origin":69088,"position":5},"title":"Matan a comunero y atentan contra dirigente del colectivo \u201cSol Rojo\u201d en el Istmo oaxaque\u00f1o ; ambos opositores del corredor interoce\u00e1nico (Oaxaca)","author":"grieta","date":"28 octubre, 2022","format":false,"excerpt":"Imagen: Especial Diana Manzo \/ Agencia de Noticias IstmoPress #Tehuantepec 28 Oct (#Istmopress) \u2013 Ayer por la noche, Jes\u00fas Manuel Garc\u00eda Mart\u00ednez, comunero zapoteca de la comunidad agraria de Santa Cruz Tagolaba conocido tambi\u00e9n como \u201cChu Pau\u201d, fue asesinado por un grupo de personas armadas, quienes interrumpieron su domicilio en\u2026","rel":"","context":"En &quot;CINTILLO&quot;","block_context":{"text":"CINTILLO","link":"https:\/\/www.grieta.org.mx\/index.php\/category\/cintillo\/"},"img":{"alt_text":"","src":"https:\/\/i0.wp.com\/www.grieta.org.mx\/wp-content\/uploads\/2022\/11\/BSZASRZZ5NG2DO2KEHU5OFYRNI.webp?resize=350%2C200&ssl=1","width":350,"height":200,"srcset":"https:\/\/i0.wp.com\/www.grieta.org.mx\/wp-content\/uploads\/2022\/11\/BSZASRZZ5NG2DO2KEHU5OFYRNI.webp?resize=350%2C200&ssl=1 1x, https:\/\/i0.wp.com\/www.grieta.org.mx\/wp-content\/uploads\/2022\/11\/BSZASRZZ5NG2DO2KEHU5OFYRNI.webp?resize=525%2C300&ssl=1 1.5x, https:\/\/i0.wp.com\/www.grieta.org.mx\/wp-content\/uploads\/2022\/11\/BSZASRZZ5NG2DO2KEHU5OFYRNI.webp?resize=700%2C400&ssl=1 2x"},"classes":[]}],"_links":{"self":[{"href":"https:\/\/www.grieta.org.mx\/index.php\/wp-json\/wp\/v2\/posts\/69088","targetHints":{"allow":["GET"]}}],"collection":[{"href":"https:\/\/www.grieta.org.mx\/index.php\/wp-json\/wp\/v2\/posts"}],"about":[{"href":"https:\/\/www.grieta.org.mx\/index.php\/wp-json\/wp\/v2\/types\/post"}],"author":[{"embeddable":true,"href":"https:\/\/www.grieta.org.mx\/index.php\/wp-json\/wp\/v2\/users\/2"}],"replies":[{"embeddable":true,"href":"https:\/\/www.grieta.org.mx\/index.php\/wp-json\/wp\/v2\/comments?post=69088"}],"version-history":[{"count":1,"href":"https:\/\/www.grieta.org.mx\/index.php\/wp-json\/wp\/v2\/posts\/69088\/revisions"}],"predecessor-version":[{"id":69092,"href":"https:\/\/www.grieta.org.mx\/index.php\/wp-json\/wp\/v2\/posts\/69088\/revisions\/69092"}],"wp:featuredmedia":[{"embeddable":true,"href":"https:\/\/www.grieta.org.mx\/index.php\/wp-json\/wp\/v2\/media\/69089"}],"wp:attachment":[{"href":"https:\/\/www.grieta.org.mx\/index.php\/wp-json\/wp\/v2\/media?parent=69088"}],"wp:term":[{"taxonomy":"category","embeddable":true,"href":"https:\/\/www.grieta.org.mx\/index.php\/wp-json\/wp\/v2\/categories?post=69088"},{"taxonomy":"post_tag","embeddable":true,"href":"https:\/\/www.grieta.org.mx\/index.php\/wp-json\/wp\/v2\/tags?post=69088"}],"curies":[{"name":"wp","href":"https:\/\/api.w.org\/{rel}","templated":true}]}}