{"id":69070,"date":"2024-05-16T12:54:52","date_gmt":"2024-05-16T18:54:52","guid":{"rendered":"https:\/\/www.grieta.org.mx\/?p=69070"},"modified":"2024-06-09T13:05:39","modified_gmt":"2024-06-09T19:05:39","slug":"10-mujeres-trans-han-sido-asesinadas-en-jalisco-desde-2020","status":"publish","type":"post","link":"https:\/\/www.grieta.org.mx\/index.php\/2024\/05\/16\/10-mujeres-trans-han-sido-asesinadas-en-jalisco-desde-2020\/","title":{"rendered":"10 mujeres trans han sido asesinadas en Jalisco desde 2020"},"content":{"rendered":"<p>Imagen: Zona Docs<\/p>\n<p><b>En el marco del 1<\/b><b>7 de mayo,\u00a0<\/b><b><i>D\u00eda Internacional contra la Homofobia, Lesbofobia, Transfobia y Bifobia<\/i><\/b><b>, la organizaci\u00f3n\u00a0<\/b><b><i>Uni\u00f3n Diversa Jalisco<\/i><\/b><b>\u00a0denunci\u00f3 la falta de iniciativas gubernamentales destinadas a prevenir, atender, sancionar y erradicar la violencia contra la poblaci\u00f3n LGBTIQ+.<\/b><\/p>\n<p>Aletse Torres \/ Zona Docs<\/p>\n<p>El pasado\u00a013 de mayo\u00a0 una mujer trans fue encontrada sin vida con huellas de violencia en la colonia Nueva Espa\u00f1a en Tlaquepaque. Ella fue\u00a0<b>la d\u00e9cima mujer trans asesinada en Jalisco\u00a0<\/b>desde el 2020.<\/p>\n<p>A nivel nacional se han registrado\u00a0<b>43 incidentes hacia integrantes de la comunidad diversa,<\/b>\u00a0de los cuales,\u00a0<b>7 fueron hacia mujeres trans<\/b>, lo que representa el\u00a0<b>16.7% del total de los casos<\/b>, seg\u00fan datos de la<a href=\"https:\/\/visible.lgbt\/?y=2024#estadisticas\">\u00a0Plataforma Visible.\u00a0<\/a><\/p>\n<p>Fascinaci\u00f3n Jimenez, presidenta de\u00a0<i>Uni\u00f3n Diversa Jalisco<\/i>, comparti\u00f3 que\u00a0<b>ninguna autoridad o persona aspirante a un cargo p\u00fablico<\/b>, se ha pronunciado al respecto o ha presentado una propuesta que contemple acciones espec\u00edficas para atender la violencia lgbtf\u00f3bica, as\u00ed como los cr\u00edmenes de odio.<\/p>\n<p>Para la activista, es primordial investigar la violencia hacia la poblaci\u00f3n LGBTIQ+, por ello, record\u00f3 y\u00a0<b>pidi\u00f3 justicia para quienes han sido v\u00edctimas\u00a0<\/b>de \u00e9sta y, de quienes se tiene registro en los \u00faltimos cuatro meses:<\/p>\n<ul>\n<li aria-level=\"1\">Vanesa, en el Puerto de Coatzacoalcos, Veracruz fue asesinada en su hogar junto a su pareja.<\/li>\n<li aria-level=\"1\">Gabry Ortiz, estilista y activista por los derechos humanos fue encontrada sin vida en la localidad de Ca\u00f1ada Chica, en el municipio de Ixmiquilpan, Hidalgo.<\/li>\n<li aria-level=\"1\">Fue encontrada sin vida, en Tlaquepaque Jalisco una mujer trans, quien no se ha podido identificar, su cuerpo presentaba huellas de tortura.<\/li>\n<li aria-level=\"1\">Samantha G\u00f3mez Fonseca, activista y asesora pol\u00edtica, fue asesinada, los hechos ocurrieron cuando Samantha sal\u00eda del Reclusorio Sur en la alcald\u00eda Xochimilco, Ciudad de M\u00e9xico.<\/li>\n<li aria-level=\"1\">Effy Delith encontrada sin vida, presuntamente con varias heridas de arma blanca en el municipio de Tala, Jalisco.<\/li>\n<\/ul>\n<p>Asimismo, Fascinaci\u00f3n recalc\u00f3 la urgencia de\u00a0<b>agregar el crimen de transfeminicidio en M\u00e9xico\u00a0<\/b>dentro de los c\u00f3digos penales de los 32 estados del pa\u00eds, as\u00ed como a nivel federal.<\/p>\n<p><b>Claro que los feminicidios de las mujeres trans deben de diferenciarse, tenemos que implementar el crimen en nuestras leyes y a la par, construir protocolos para que sea investigado correctamente\u201d coment\u00f3 Fascinaci\u00f3n.\u00a0\u00a0\u00a0<\/b><\/p>\n<p>Y es que esto no ha pasado, pese a la\u00a0recomendaci\u00f3n\u00a0que hizo la Comisi\u00f3n Nacional de Derechos Humanos,\u00a0el 10 de marzo\u00a0a los poderes legislativos de todos los estados del pa\u00eds, para\u00a0<b>considerar la identidad de g\u00e9nero como un agravante del delito de feminicidio<\/b>.<\/p>\n<p>Fascinaci\u00f3n, explic\u00f3 que toda la estructura y violencia institucional termina construyendo un M\u00e9xico\u00a0 donde\u00a0<b>los transfeminismos se mantienen impunes<\/b>. Son muy pocos los que se investigan bajo el protocolo de feminicidio, llegan a judicializarse y a tener una sentencia.<\/p>\n<p>Adem\u00e1s, tampoco se considera la agravante de crimen de odio por \u2018preferencia sexual\u2019, es as\u00ed como se nombra a la orientaci\u00f3n sexual e identidad de g\u00e9nero en los\u00a0<b>13 c\u00f3digos penales que cuentan con esta figura en el cap\u00edtulo de homicidio.<\/b><\/p>\n<p><b><i>\u201cLos transfeminicidios y cr\u00edmenes de odio deben de investigarse por lo que son, muertes violentas impulsadas por el odio hacia nosotrxs. No podemos seguir registrando de manera incorrecta\u201d.\u00a0<\/i><\/b><\/p>\n<p>Al no contar con registro confiable de los datos, los casos y las personas se pierden en el sistema. Jimenez manifest\u00f3 que esto puede\u00a0<b>ocasionar una invisibilidad de las violencias que viven<\/b>\u00a0y, a\u00a0 la par, la justicia se ve obstruida.<\/p>\n<p>Otro factor que contribuyen a la violencia hacia las mujeres trans e integrantes de la diversidad, son\u00a0<b>los discursos de odio,<\/b>\u00a0los cuales son\u00a0<b>discursos ofensivos dirigidos a un grupo o individuo<\/b>\u00a0y que se basan en caracter\u00edsticas inherentes (como son la raza, la religi\u00f3n o el g\u00e9nero),\u00a0<b>poniendo en peligro a la persona.\u00a0<\/b><\/p>\n<p>Por ello,\u00a0<i>Uni\u00f3n Diversa de Jalisco<\/i>\u00a0solicit\u00f3 que se respeten las resoluciones de la Suprema Corte de Justicia de la Naci\u00f3n (SCJN), las cuales establecen que las expresiones y discursos homof\u00f3bicos constituyen un\u00a0<b>acto de discriminaci\u00f3n.<\/b><\/p>\n<p><b><i>\u201cTodas las violencias hacia la comunidad comenzaron con un comentario, un mensaje, lleno de disvcrimiancion y odio, no podemos seguir tolerandolos\u201d<\/i><\/b>\u00a0.<\/p>\n<p>Frente a este contexto, la organizaci\u00f3n exigi\u00f3 a las autoridades poner\u00a0<b>un alto a la violencia hacia la comunidad LGBTIQ+\u00a0<\/b>y garantizar la justicia a los casos que a\u00fan no han sido atendidos.<\/p>\n<p>Igualmente, solicitaron al Congreso de Jalisco que\u00a0<b>armonice las interpretaciones y criterios de la Suprema Corte en la legislaci\u00f3n estatal.<\/b>\u00a0Adem\u00e1s, la creaci\u00f3n de\u00a0 protocolos para atender dentro del sistema de justicia en Jalisco a las poblaciones diversas.<\/p>\n<p>Tambi\u00e9n, solicitaron la construcci\u00f3n de\u00a0<b>un registro forense que contabilice y visibilice los casos de las personas<\/b>\u00a0<b>de la comunidad que han sido localizadas sin vida<\/b>, con un enfoque de g\u00e9nero e interseccional (contexto, orientaci\u00f3n sexual, tipo de agresi\u00f3n, identidad de g\u00e9nero, edad, etc).<\/p>\n<p><b><i>\u201cLamentablemente siguen en un binarismo de sexo, clasificando los cuerpos solo por hombres y mujeres. Los cuerpos de las personas trans aun despu\u00e9s de su muerte siguen siendo violentados\u201d.<\/i><\/b><\/p>\n<p>Finalmente, Fascinaci\u00f3n comparti\u00f3 que espera ver inter\u00e9s en sus preocupaciones y que las autoridades garanticen su participaci\u00f3n en la toma de decisiones para el dise\u00f1o de pol\u00edticas p\u00fablicas:<\/p>\n<p><b>\u201cQueremos ver inter\u00e9s, que no solamente en elecciones nos digan que s\u00ed y ya luego se les olvide el compromiso. Queremos que nos escuchen, queremos justicia\u201d.\u00a0<\/b><\/p>\n<p><a href=\"https:\/\/www.zonadocs.mx\/2024\/05\/16\/10-mujeres-trans-han-sido-asesinadas-en-jalisco-desde-2020\/\">https:\/\/www.zonadocs.mx\/2024\/05\/16\/10-mujeres-trans-han-sido-asesinadas-en-jalisco-desde-2020\/<\/a><\/p>\n","protected":false},"excerpt":{"rendered":"<p>Imagen: Zona Docs En el marco del 17 de mayo,\u00a0D\u00eda Internacional contra la Homofobia, Lesbofobia, Transfobia y Bifobia, la organizaci\u00f3n\u00a0Uni\u00f3n Diversa Jalisco\u00a0denunci\u00f3 la falta de iniciativas gubernamentales destinadas a prevenir, &hellip; <a href=\"https:\/\/www.grieta.org.mx\/index.php\/2024\/05\/16\/10-mujeres-trans-han-sido-asesinadas-en-jalisco-desde-2020\/\" class=\"more-link\">Leer m\u00e1s<\/a><\/p>\n","protected":false},"author":2,"featured_media":69071,"comment_status":"closed","ping_status":"closed","sticky":false,"template":"","format":"standard","meta":{"ngg_post_thumbnail":0,"_jetpack_newsletter_access":"","_jetpack_dont_email_post_to_subs":false,"_jetpack_newsletter_tier_id":0,"_jetpack_memberships_contains_paywalled_content":false,"_jetpack_memberships_contains_paid_content":false,"footnotes":""},"categories":[80,84,20,2,83,3670],"tags":[3045,3578,1226],"class_list":["post-69070","post","type-post","status-publish","format-standard","has-post-thumbnail","hentry","category-cintillo","category-feminicidios","category-jalisco","category-noticias-nacionales","category-temas-nacionales","category-violencia-contra-la-comunidad-lgbtttiq-en-jalisco","tag-lucha-personas-trans","tag-transfeminicidios","tag-violencia-contra-la-comunidad-lgbttti","entry"],"jetpack_featured_media_url":"https:\/\/www.grieta.org.mx\/wp-content\/uploads\/2024\/06\/DSC01107-scaled-1-1536x1021-1.jpg","jetpack_sharing_enabled":true,"jetpack_shortlink":"https:\/\/wp.me\/p7ZJR4-hY2","jetpack_likes_enabled":false,"jetpack-related-posts":[{"id":60509,"url":"https:\/\/www.grieta.org.mx\/index.php\/2021\/07\/11\/asesinan-a-cinco-mujeres-trans-en-un-mes-en-mexico-dos-de-ellas-de-el-salto-y-tonala-jalisco\/","url_meta":{"origin":69070,"position":0},"title":"Asesinan a cinco mujeres trans en un mes en M\u00e9xico; dos de ellas de El Salto y Tonal\u00e1 (Jalisco)","author":"grieta","date":"11 julio, 2021","format":false,"excerpt":"Foto: Ignacio P\u00e9rez Vega El mes de junio y lo que va de julio han sido letales para la comunidad trans en M\u00e9xico. En un lapso de 30 d\u00edas, cinco mujeres trans han sido asesinadas, estos posibles feminicidios se cometieron entre el 7 de junio y el 7 de julio:\u2026","rel":"","context":"En &quot;Baja California&quot;","block_context":{"text":"Baja California","link":"https:\/\/www.grieta.org.mx\/index.php\/category\/noticias-nacionales\/baja-california\/"},"img":{"alt_text":"","src":"https:\/\/i0.wp.com\/www.grieta.org.mx\/wp-content\/uploads\/2021\/07\/Cri%CC%81menes-de-odio-Ignacio-Pere%CC%81z-Vega.jpeg?resize=350%2C200&ssl=1","width":350,"height":200,"srcset":"https:\/\/i0.wp.com\/www.grieta.org.mx\/wp-content\/uploads\/2021\/07\/Cri%CC%81menes-de-odio-Ignacio-Pere%CC%81z-Vega.jpeg?resize=350%2C200&ssl=1 1x, https:\/\/i0.wp.com\/www.grieta.org.mx\/wp-content\/uploads\/2021\/07\/Cri%CC%81menes-de-odio-Ignacio-Pere%CC%81z-Vega.jpeg?resize=525%2C300&ssl=1 1.5x"},"classes":[]},{"id":62561,"url":"https:\/\/www.grieta.org.mx\/index.php\/2021\/10\/20\/ni-una-agresion-mas-a-la-comunidad-lgbt-condenan-ataque-con-acido-a-mujer-trans-en-guadalajara-jalisco\/","url_meta":{"origin":69070,"position":1},"title":"\u201cNi una agresi\u00f3n m\u00e1s a la comunidad LGBT+\u201d: condenan ataque con \u00e1cido a mujer trans en Guadalajara (Jalisco)","author":"grieta","date":"20 octubre, 2021","format":false,"excerpt":"Imagen: Zona Docs La red feminista Yo Voy 8 de Marzo y organizaciones de la comunidad LGBTTTIQ+ en Jalisco manifestaron su repudio ante el ataque perpetrado en contra de una mujer trans en Guadalajara y la negaci\u00f3n del derecho a la atenci\u00f3n m\u00e9dica integral parte de un hospital privado. Expusieron\u2026","rel":"","context":"En &quot;CINTILLO&quot;","block_context":{"text":"CINTILLO","link":"https:\/\/www.grieta.org.mx\/index.php\/category\/cintillo\/"},"img":{"alt_text":"","src":"https:\/\/i0.wp.com\/www.grieta.org.mx\/wp-content\/uploads\/2021\/11\/Portada_Ataque-a-Mujer-trans-en-Guadalajara_.jpg?resize=350%2C200&ssl=1","width":350,"height":200,"srcset":"https:\/\/i0.wp.com\/www.grieta.org.mx\/wp-content\/uploads\/2021\/11\/Portada_Ataque-a-Mujer-trans-en-Guadalajara_.jpg?resize=350%2C200&ssl=1 1x, https:\/\/i0.wp.com\/www.grieta.org.mx\/wp-content\/uploads\/2021\/11\/Portada_Ataque-a-Mujer-trans-en-Guadalajara_.jpg?resize=525%2C300&ssl=1 1.5x, https:\/\/i0.wp.com\/www.grieta.org.mx\/wp-content\/uploads\/2021\/11\/Portada_Ataque-a-Mujer-trans-en-Guadalajara_.jpg?resize=700%2C400&ssl=1 2x, https:\/\/i0.wp.com\/www.grieta.org.mx\/wp-content\/uploads\/2021\/11\/Portada_Ataque-a-Mujer-trans-en-Guadalajara_.jpg?resize=1050%2C600&ssl=1 3x"},"classes":[]},{"id":72303,"url":"https:\/\/www.grieta.org.mx\/index.php\/2025\/08\/17\/ni-una-activista-trans-menos-exigen-organizaciones-justicia-para-katia-medina-en-jalisco-y-tipificacion-de-los-transfeminicidios\/","url_meta":{"origin":69070,"position":2},"title":"\u201cNi una activista trans menos\u201d exigen organizaciones justicia para Katia Medina en Jalisco y tipificaci\u00f3n de los transfeminicidios","author":"grieta","date":"17 agosto, 2025","format":false,"excerpt":"Imagen: Zona Docs El transfeminicidio de la activista Katia Daniela Medina, directora del colectivo\u00a0Zapotl\u00e1n Diverso\u00a0en Zapotl\u00e1n el Grande en Zapotl\u00e1n el Grande, Jalisco dej\u00f3 en evidencia la falta de empat\u00eda, perspectiva de derechos humanos y de diversidad sexual que prevalece en los medios de comunicaci\u00f3n al reportar cr\u00edmenes en contra\u2026","rel":"","context":"En &quot;Amenazas contra activistas en Jalisco&quot;","block_context":{"text":"Amenazas contra activistas en Jalisco","link":"https:\/\/www.grieta.org.mx\/index.php\/category\/noticias-nacionales\/jalisco\/amenazas-contra-activistas-en-jalisco\/"},"img":{"alt_text":"","src":"https:\/\/i0.wp.com\/www.grieta.org.mx\/wp-content\/uploads\/2025\/09\/IMG_1932.jpeg?resize=350%2C200&ssl=1","width":350,"height":200},"classes":[]},{"id":60066,"url":"https:\/\/www.grieta.org.mx\/index.php\/2021\/06\/15\/comunidad-lgbt-exige-tipificacion-de-crimenes-de-odio-en-jalisco\/","url_meta":{"origin":69070,"position":3},"title":"Comunidad LGBT exige tipificaci\u00f3n de cr\u00edmenes de odio en Jalisco","author":"grieta","date":"15 junio, 2021","format":false,"excerpt":"Foto: Jorge Alberto Mendoza Redacci\u00f3n \/ El Diario NTR A pesar de los m\u00faltiples casos que se han registrado en Jalisco sobre la desaparici\u00f3n y asesinato de miembros de la Comunidad L\u00e9sbico, Gay, Bisexual, Transexual, Transg\u00e9nero, Travesti, Intersexual, y Queer (LGBTTTIQ+) ni los cr\u00edmenes de odio ni los transfeminicidios han\u2026","rel":"","context":"En &quot;CINTILLO&quot;","block_context":{"text":"CINTILLO","link":"https:\/\/www.grieta.org.mx\/index.php\/category\/cintillo\/"},"img":{"alt_text":"","src":"https:\/\/i0.wp.com\/www.grieta.org.mx\/wp-content\/uploads\/2021\/06\/2021-06-15_06-06-59___7161.jpg?resize=350%2C200&ssl=1","width":350,"height":200,"srcset":"https:\/\/i0.wp.com\/www.grieta.org.mx\/wp-content\/uploads\/2021\/06\/2021-06-15_06-06-59___7161.jpg?resize=350%2C200&ssl=1 1x, https:\/\/i0.wp.com\/www.grieta.org.mx\/wp-content\/uploads\/2021\/06\/2021-06-15_06-06-59___7161.jpg?resize=525%2C300&ssl=1 1.5x, https:\/\/i0.wp.com\/www.grieta.org.mx\/wp-content\/uploads\/2021\/06\/2021-06-15_06-06-59___7161.jpg?resize=700%2C400&ssl=1 2x"},"classes":[]},{"id":60833,"url":"https:\/\/www.grieta.org.mx\/index.php\/2021\/07\/25\/mi-identidad-no-mata-tu-transfobia-si-marchan-contra-los-transfeminicidios-en-jalisco\/","url_meta":{"origin":69070,"position":4},"title":"\u201cMi identidad no mata, tu transfobia s\u00ed\u201d: marchan contra los transfeminicidios en Jalisco","author":"grieta","date":"25 julio, 2021","format":false,"excerpt":"Foto: Christian Cantero Durante 2020 fueron asesinadas en M\u00e9xico al menos 79 personas de la comunidad LGBTTTIQ+, un promedio de 6.5 v\u00edctimas por mes. Aunque esta cifra represent\u00f3 una disminuci\u00f3n del 32% respecto al 2019, a\u00f1o en que se registraron 117 asesinatos, la realidad es que el panorama en el\u2026","rel":"","context":"En &quot;CINTILLO&quot;","block_context":{"text":"CINTILLO","link":"https:\/\/www.grieta.org.mx\/index.php\/category\/cintillo\/"},"img":{"alt_text":"","src":"https:\/\/i0.wp.com\/www.grieta.org.mx\/wp-content\/uploads\/2021\/07\/photo5184052009496586932-1068x801-1.jpg?resize=350%2C200&ssl=1","width":350,"height":200,"srcset":"https:\/\/i0.wp.com\/www.grieta.org.mx\/wp-content\/uploads\/2021\/07\/photo5184052009496586932-1068x801-1.jpg?resize=350%2C200&ssl=1 1x, https:\/\/i0.wp.com\/www.grieta.org.mx\/wp-content\/uploads\/2021\/07\/photo5184052009496586932-1068x801-1.jpg?resize=525%2C300&ssl=1 1.5x, https:\/\/i0.wp.com\/www.grieta.org.mx\/wp-content\/uploads\/2021\/07\/photo5184052009496586932-1068x801-1.jpg?resize=700%2C400&ssl=1 2x, https:\/\/i0.wp.com\/www.grieta.org.mx\/wp-content\/uploads\/2021\/07\/photo5184052009496586932-1068x801-1.jpg?resize=1050%2C600&ssl=1 3x"},"classes":[]},{"id":62575,"url":"https:\/\/www.grieta.org.mx\/index.php\/2021\/10\/24\/organizaciones-solicitan-ayuda-para-zoe-joven-trans-victima-de-agresion-con-acido-en-guadalajara-jalisco\/","url_meta":{"origin":69070,"position":5},"title":"Organizaciones solicitan ayuda para Zo\u00e9, joven trans v\u00edctima de agresi\u00f3n con \u00e1cido en Guadalajara (Jalisco)","author":"grieta","date":"24 octubre, 2021","format":false,"excerpt":"Imagen: Zona Docs La organizaci\u00f3n\u00a0Uni\u00f3n Diversa de Jalisco\u00a0alert\u00f3 el pasado mi\u00e9rcoles 20 de octubre sobre la situaci\u00f3n de una joven trans, quien fue agredida por un sujeto con una sustancia corrosiva mientras caminaba por la noche junto a una de sus amigas en el centro de Guadalajara, Jalisco. Aunque el\u2026","rel":"","context":"En &quot;CINTILLO&quot;","block_context":{"text":"CINTILLO","link":"https:\/\/www.grieta.org.mx\/index.php\/category\/cintillo\/"},"img":{"alt_text":"","src":"https:\/\/i0.wp.com\/www.grieta.org.mx\/wp-content\/uploads\/2021\/11\/246430744_4583576455031747_491345734025026301_n-1.png?resize=350%2C200&ssl=1","width":350,"height":200,"srcset":"https:\/\/i0.wp.com\/www.grieta.org.mx\/wp-content\/uploads\/2021\/11\/246430744_4583576455031747_491345734025026301_n-1.png?resize=350%2C200&ssl=1 1x, https:\/\/i0.wp.com\/www.grieta.org.mx\/wp-content\/uploads\/2021\/11\/246430744_4583576455031747_491345734025026301_n-1.png?resize=525%2C300&ssl=1 1.5x, https:\/\/i0.wp.com\/www.grieta.org.mx\/wp-content\/uploads\/2021\/11\/246430744_4583576455031747_491345734025026301_n-1.png?resize=700%2C400&ssl=1 2x"},"classes":[]}],"_links":{"self":[{"href":"https:\/\/www.grieta.org.mx\/index.php\/wp-json\/wp\/v2\/posts\/69070","targetHints":{"allow":["GET"]}}],"collection":[{"href":"https:\/\/www.grieta.org.mx\/index.php\/wp-json\/wp\/v2\/posts"}],"about":[{"href":"https:\/\/www.grieta.org.mx\/index.php\/wp-json\/wp\/v2\/types\/post"}],"author":[{"embeddable":true,"href":"https:\/\/www.grieta.org.mx\/index.php\/wp-json\/wp\/v2\/users\/2"}],"replies":[{"embeddable":true,"href":"https:\/\/www.grieta.org.mx\/index.php\/wp-json\/wp\/v2\/comments?post=69070"}],"version-history":[{"count":1,"href":"https:\/\/www.grieta.org.mx\/index.php\/wp-json\/wp\/v2\/posts\/69070\/revisions"}],"predecessor-version":[{"id":69073,"href":"https:\/\/www.grieta.org.mx\/index.php\/wp-json\/wp\/v2\/posts\/69070\/revisions\/69073"}],"wp:featuredmedia":[{"embeddable":true,"href":"https:\/\/www.grieta.org.mx\/index.php\/wp-json\/wp\/v2\/media\/69071"}],"wp:attachment":[{"href":"https:\/\/www.grieta.org.mx\/index.php\/wp-json\/wp\/v2\/media?parent=69070"}],"wp:term":[{"taxonomy":"category","embeddable":true,"href":"https:\/\/www.grieta.org.mx\/index.php\/wp-json\/wp\/v2\/categories?post=69070"},{"taxonomy":"post_tag","embeddable":true,"href":"https:\/\/www.grieta.org.mx\/index.php\/wp-json\/wp\/v2\/tags?post=69070"}],"curies":[{"name":"wp","href":"https:\/\/api.w.org\/{rel}","templated":true}]}}