{"id":69062,"date":"2024-05-17T09:14:53","date_gmt":"2024-05-17T15:14:53","guid":{"rendered":"https:\/\/www.grieta.org.mx\/?p=69062"},"modified":"2024-06-07T09:36:12","modified_gmt":"2024-06-07T15:36:12","slug":"guerra-en-la-cuauhtemoc-limpieza-de-personas-en-situacion-de-calle-ciudad-de-mexico","status":"publish","type":"post","link":"https:\/\/www.grieta.org.mx\/index.php\/2024\/05\/17\/guerra-en-la-cuauhtemoc-limpieza-de-personas-en-situacion-de-calle-ciudad-de-mexico\/","title":{"rendered":"GUERRA EN LA CUAUHT\u00c9MOC: \u201cLIMPIEZA\u201d DE PERSONAS EN SITUACI\u00d3N DE CALLE (Ciudad de M\u00e9xico)"},"content":{"rendered":"<p><em><strong>Maricarmen Guti\u00e9rrez Romero y Miguel \u00c1ngel Teposteco Rodr\u00edguez \/ EmeEquis<\/strong><\/em><\/p>\n<p><em>Imagen: Sandra Cuevas en Operativo Diamante y \u201climpieza\u201d de personas en situaci\u00f3n de calle. (Especial)<\/em><\/p>\n<p><em><strong>Primera parte<\/strong><\/em><\/p>\n<p><strong>EMEEQUIS<\/strong>.-\u00a0<strong>Hab\u00eda que mantener la alcald\u00eda Cuauht\u00e9moc limpia<\/strong>.\u00a0<strong>Pero la calle no es una pieza de porcelana ni un caj\u00f3n de cosas desordenadas.\u00a0<\/strong>Es una constelaci\u00f3n de vidas, muchas de ellas en situaciones precarias, al filo de la violencia de la polic\u00eda, de las instituciones y de los cl\u00e1sicos y antiguos peligros que atacan desde las aceras.<\/p>\n<p><strong>En medio de una de las ciudades m\u00e1s grandes de todo el mundo, Sandra Cuevas, hoy flamante candidata emecista, asumi\u00f3 en 2021 el cargo como alcaldesa por el frente<\/strong>, apoyada por\u00a0<strong>Ricardo Monreal<\/strong>, hoy parte del equipo de\u00a0<strong>Claudia Sheinbaum\u00a0<\/strong>a la Presidencia de la Rep\u00fablica. Bajo Cuevas qued\u00f3 una estructura de gobierno\u00a0para atender a m\u00e1s de 545 mil 884 personas.<\/p>\n<p>Y durante su mandato vaya que ejerci\u00f3 el poder, \u00bfpero a beneficio de qui\u00e9n?<\/p>\n<p><strong>Quienes sintieron el martillo fueron las personas en situaci\u00f3n de calle.\u00a0<\/strong>Una clase de personas que est\u00e1 lejos de la ropa cara Dolce &amp; Gabbana y de los veh\u00edculos de Polaris RZR PRO XP 4 que acompa\u00f1aron a Cuevas durante su administraci\u00f3n.<\/p>\n<p><strong>La Cuauht\u00e9moc que viven las personas en situaci\u00f3n de calle es gris, violenta, amoratada<\/strong>. Como en la merced, un lugar com\u00fan de ajetreo donde las abejas vuelan cerca de los puestos de dulces de c\u00e1lidos naranjas y guindas geom\u00e9tricos. En esa circulaci\u00f3n de actividad, gritos, taloneros, un hombre desconocido (porque no quiso dar su nombre, porque no dese\u00f3 hablar), se sienta en una estructura de cemento. Vive en la calle, sobrevive.<\/p>\n<figure class=\"wp-block-embed is-type-wp-embed is-provider-eme-equis wp-block-embed-eme-equis\">\n<div class=\"wp-block-embed__wrapper\">\n<p>En la superficie de su mano, \u00bfderecha o izquierda?, le falta un trozo de carne; la herida parece infectada; al lado de la piel, un pliegue rosado del tejido desnudo grita que necesita atenci\u00f3n m\u00e9dica. Pero no, se queda ah\u00ed, al lado de una avenida lejana del oro, los diamantes, los autom\u00f3viles de lujo y los vestidos de marca.<\/p>\n<p>***<\/p>\n<p><strong>Seg\u00fan el informe \u201cDerechos humanos de las personas en situaci\u00f3n de calle de la Ciudad de M\u00e9xico\u201d, existen cerca de 4 mil 352 personas en esta condici\u00f3n<\/strong>. Sin embargo, los n\u00fameros institucionales van retrasados, como as\u00ed lo admite el propio documento publicado en 2023:<\/p>\n<p>\u201cEste organismo particip\u00f3 como un ente observador y de vigilancia en el censo que la Sibiso realiz\u00f3 en diciembre de 2022. A\u00fan no se presentan los resultados, pero la Comisi\u00f3n sigue atenta a la presentaci\u00f3n de los indicadores, pues estos permitir\u00e1n a las instituciones del Gobierno de la Ciudad de M\u00e9xico y a la CDHCM elaborar estrategias que contribuyan a garantizar el pleno disfrute y ejercicio de los derechos humanos de las personas en situaci\u00f3n de calle\u201d.<\/p>\n<p><strong>Este informe se\u00f1ala que la alcald\u00eda Cuauht\u00e9moc ha sido el lugar que hist\u00f3ricamente ha tenido m\u00e1s personas en situaci\u00f3n de calle<\/strong>. De las m\u00e1s de 4 mil personas en situaci\u00f3n de calle en la CDMX, mil 303 est\u00e1n en la alcald\u00eda que hasta hace unos meses dirig\u00eda Sandra Cuevas.<\/p>\n<p><strong>La alcaldesa, que en ese momento estaba en el Frente por la Ciudad de M\u00e9xico, expres\u00f3 que parte de su estrategia de limpieza de la alcald\u00eda implicaba a las personas en situaci\u00f3n de calle.\u00a0<\/strong>En un video subido a sus redes sociales el 12 de enero de 2022, coment\u00f3 que estaba en la colonia Doctores.<\/p>\n<p>\u201cQuiero decirles que a partir de que inici\u00f3 este nuevo a\u00f1o, dedicamos una semana completa en cada colonia; iniciamos con la colonia Doctores, quiero exponerles una problem\u00e1tica muy grande que tenemos\u201d.<\/p>\n<figure class=\"wp-block-image\"><img decoding=\"async\" class=\"entered error\" src=\"blob:https:\/\/m-x.com.mx\/aca39e14-22a4-4aa7-9f0b-7327c5be4043\" alt=\"\" data-lazy-src=\"blob:https:\/\/m-x.com.mx\/aca39e14-22a4-4aa7-9f0b-7327c5be4043\" data-ll-status=\"error\" \/><\/figure>\n<p>Luego de quitarse el cubrebocas, sobre una calle pulcra y gris, coment\u00f3: \u201cSon todos aquellos que no les gusta el orden, tenemos coches en doble fila, tenemos muchos negocios que se est\u00e1n desbordando\u201d.<\/p>\n<p><strong>\u201cTenemos personas en situaci\u00f3n de calle, tenemos mucha gente que tiene problemas con las adicciones y vienen y toman las calles; quiero comprometerme con todos ustedes a tener orden en lo que es la ciudad judicial\u201d.\u00a0<\/strong><\/p>\n<p>Explic\u00f3 que parte de ese \u201corden\u201d era balizar, podar, ordenar, \u201cquiero comprometerme a que va a haber cambios significativos alrededor del mercado Hidalgo y por supuesto, a las afueras del hospital\u201d.<\/p>\n<p>\u201cEs mi responsabilidad darles una buena alcald\u00eda (\u2026) necesitan limpieza, necesitamos que se vean bonitas las calles, vamos a dedicar toda esta semana y si es necesario la pr\u00f3xima para poder cambiar la colonia Doctores\u201d.<\/p>\n<\/div>\n<div><\/div>\n<div class=\"twitter-tweet twitter-tweet-rendered\">***<\/div>\n<div class=\"wp-block-embed__wrapper\">\n<p><strong>Detr\u00e1s del museo del Museo Nacional de Arte y a un kil\u00f3metro de Palacio Nacional, est\u00e1 recostado Marvin. Est\u00e1 durmiendo sobre el piso hist\u00f3rico del centro.\u00a0<\/strong>Su piel est\u00e1 roja en el pecho, sobre su tatuaje negro que le cubre parte del costado superior del dorso. Llama la atenci\u00f3n porque debajo de un mech\u00f3n de pelo negro, que parece haber sobrevivido a una rasurada dispareja, hay una herida que apenas se alcanza a cubrir con las costras.<\/p>\n<p>Porque la vida en la calle es una herida, literalmente.<\/p>\n<p><strong>Dice que tiene 35 a\u00f1os, sin familia. Su rutina, clara, es \u201candar en la calle, nada m\u00e1s\u201d. Luego, dice que tiene menos a\u00f1os<\/strong>: \u201cTengo como 30 (\u2026) tengo unos 27 (en la calle) (\u2026) yo aqu\u00ed nac\u00ed all\u00e1 en Per\u00fa, en la calle de Per\u00fa (\u2026) tengo un t\u00edo en Per\u00fa\u201d.<\/p>\n<p>Lo que m\u00e1s le gusta hacer es dormir. Se acomoda la mano en la cabeza y usa el codo para recargarse en el piso. Protege su cuerpo con lo que parece un mantel que tiene el color del cielo, clarito.<\/p>\n<p><strong>\u2014Si pudieras decirle algo a la gente de tu vida, \u00bfqu\u00e9 les dir\u00edas?\u00a0<\/strong><\/p>\n<p><strong>\u2014Que no se droguen, \u00bfno?\u00a0<\/strong><\/p>\n<p><strong>\u2014\u00bfT\u00fa consumes alguna droga?\u00a0<\/strong><\/p>\n<p><strong>\u2014S\u00ed.\u00a0<\/strong><\/p>\n<p><strong>\u2014\u00bfCu\u00e1l?\u00a0<\/strong><\/p>\n<p><strong>\u2014Coca\u00edna.\u00a0<\/strong><\/p>\n<p>Dice que lo que m\u00e1s le late es el trago. Tonayan: \u201cPero a veces, tambi\u00e9n, tengo que tomar muchi agua y comer porque, cuando duermo, duermo hasta cinco d\u00edas\u201d.<\/p>\n<p><strong>\u201cDuermo aqu\u00ed y si no en Filomeno Mata (\u2026) o si no all\u00e1 en Madero\u201d.\u00a0<\/strong><\/p>\n<p>\u00bfC\u00f3mo se hiri\u00f3 la cara? Relata que fue por una pelea amorosa; que una novia, \u201cLa Harley\u201d, que le gusta mucho, que est\u00e1 muy guapa, tiene un esposo. Que ese hombre lo golpe\u00f3.<\/p>\n<p>Marvin es un hombre delgado. De su alimentaci\u00f3n, cuenta que come pizzas, pollo: \u201cY luego voy a los restaurantes, ya me topan, \u00e9l se\u00f1or viene y le dice a los trabajadores que me den\u201d.<\/p>\n<p>\u2014\u00bfY t\u00fa sientes que el gobierno ha hecho algo por ti?<\/p>\n<p>\u2014\u00bfPues qu\u00e9?<\/p>\n<p>\u2014\u00bfSabes qui\u00e9n es la Jefa de Gobierno?<\/p>\n<p>\u2014La Shembac.<\/p>\n<p>\u2014\u00bfEl presidente?<\/p>\n<p>\u2014El Peje.<\/p>\n<p>***<\/p>\n<p><strong>Luis Enrique Hern\u00e1ndez Aguilar es una autoridad en la defensa de las personas en situaci\u00f3n de calle en toda la ciudad. Su organizaci\u00f3n, Caracol A.C. recopila decenas de testimonios de personas protegidas que han sufrido violencia\u00a0<\/strong>por formar parte de estas poblaciones. A \u00e9l le queda muy claro el papel que ha tenido Sandra Cuevas en la violencia contra las poblaciones callejeras, junto con el gobierno central, antes encabezado por Claudia Sheinbaum y hoy por Mart\u00ed Batres Guadarrama.<\/p>\n<p><strong>En entrevista, explica un poco de c\u00f3mo funciona el mecanismo que excluye a las personas, dej\u00e1ndolas a la merced de las calles.\u00a0<\/strong><\/p>\n<p>\u201cNosotros desde el Caracol hemos insistido que desde 2018, cuando llegamos a la nueva administraci\u00f3n, en noviembre, empezaron (\u2026) los operativos contra la poblaci\u00f3n de calle\u201d.<\/p>\n<p>Los operativos han hecho que la poblaci\u00f3n se disperse \u201cy evidentemente no queda en grupos, como lo conoc\u00edamos antes, sino como en grupos m\u00e1s peque\u00f1os\u201d.<\/p>\n<p><strong>Para \u00e9l, la gente en situaci\u00f3n de calle sufre \u201ca dos fuegos\u201d, por un lado \u201cel gobierno central que tiene estos operativos, te digo que desde el 2018, 2019 y ahora que est\u00e1 Sandra Cuevas en la alcald\u00eda, los operativos (\u2026) ella todo lo hace p\u00fablico, de la manera m\u00e1s cruda los desalojos\u201d.\u00a0<\/strong><\/p>\n<p>\u201cComo ustedes han documentado, ( la poblaci\u00f3n en situaci\u00f3n de calle) sufre da\u00f1os m\u00e1s graves a nivel f\u00edsico y mental (\u2026)\u201d derivados de esta situaci\u00f3n.<\/p>\n<p>Se\u00f1ala que en su organizaci\u00f3n tienen testimonios de personas cerca del metro Garibaldi: \u201cDonde hablan del hostigamiento por parte de elementos de la Secretar\u00eda de Seguridad Ciudadana adscritos a la alcald\u00eda, personal de la alcald\u00eda, SIBISO (Secretar\u00eda de Inclusi\u00f3n y Bienestar Social)\u201d.<\/p>\n<p>\u201cHay un testimonio de una familia que de manera directa se\u00f1ala a la alcaldesa que los amenaz\u00f3 con quitarle a sus hijos; tenemos otra familia a la cual s\u00ed se llevaron (a infantes) en un operativo donde la alcaldesa de manera directa se\u00f1al\u00f3 a esta familia\u201d.<\/p>\n<p><strong>\u201cLe quitan a sus hijos por lo tanto, es m\u00e1s dif\u00edcil encontrarlos y hemos tenido que ir a buscarlos a zonas mucho m\u00e1s complicadas; tenemos ni\u00f1os y ni\u00f1as con alto estr\u00e9s,\u00a0<\/strong>con miedo, hay un testimonio de un ni\u00f1o que\u00a0<strong>un polic\u00eda sac\u00f3 su pistola y le dispar\u00f3 a su perro, porque su perro lo iba a defender del operativo\u201d.\u00a0<\/strong><\/p>\n<p><strong>Hern\u00e1ndez explica que la pistola qued\u00f3 a 10 cent\u00edmetros de la cabeza del ni\u00f1o \u201cque estaba abrazando a su perro protegi\u00e9ndolo\u201d.\u00a0<\/strong>Fue una escena m\u00e1s de brutalidad policiaca para una de las poblaciones m\u00e1s vulnerables de la ciudad.<\/p>\n<p>***<\/p>\n<p><strong>Es 2023. En esas historias, y en los recorridos por la alcald\u00eda, aparece la mano de Sandra Cuevas.\u00a0<\/strong>Las casas construidas con trozos de cartones, muchas veces encontrados en la basura, son retiradas ante la aplanadora impulsada por la entonces alcaldesa y su Operativo Diamante, cuya intenci\u00f3n es eliminar a los comerciantes\u00a0 y otros intrusos. Sin embargo, los comerciantes siguen colocando sus extensiones sobre las banquetas, amparados por tr\u00e1mites que se pueden realizar en la alcald\u00eda.<\/p>\n<p><strong>Para otras personas, las que sobreviven en las inclementes calles, la historia es un torbellino de r\u00e1pidos avances de patrullas, gritos y golpes polic\u00edacos.\u00a0<\/strong><\/p>\n<p>Incluso la activista Victoria S\u00e1mano mostr\u00f3 c\u00f3mo los equipos de \u201climpieza\u201d de Cuevas se llevaron las pertenencias de una mujer en situaci\u00f3n de calle. Un convoy de al menos diez personas comenz\u00f3 a desarmar el lugar. En las im\u00e1genes se puede apreciar a una mujer que intenta rescatar sus pertenencias, pero los uniformados se lo impiden, la acorralan e incluso provocan que se golpee contra la cortina de un comercio.<\/p>\n<p>\u201cLo que hace\u00a0@SandraCuevas_\u00a0y la\u00a0@AlcCuauhtemocMx\u00a0con las personas en situaci\u00f3n de calle, se llaman actos de limpieza social y vulneran derechos humanos\u201d, escribi\u00f3 S\u00e1mano en la cuenta X (antes Twitter).<\/p>\n<figure class=\"wp-block-video\"><\/figure>\n<p>***<\/p>\n<p>En uno de los recorridos por las calles de la alcald\u00eda Cuauht\u00e9moc, Hern\u00e1ndez dice que es \u201cmuy f\u00e1cil\u201d llegar a estar en situaci\u00f3n de calle: \u201cBasta con quedarse sin redes de apoyo\u201d.<\/p>\n<p>Es un recorrido con reporteras de\u00a0<strong>EMEEQUIS<\/strong>\u00a0para hidratar a personas en situaci\u00f3n de calle. En el\u00a0 camino, Hern\u00e1ndez dice que el llegar a la calle no distingue entre personas con o sin profesi\u00f3n, con familia o sin ella. Tampoco distingue edades.<\/p>\n<p><strong>Porque cualquiera puede acabar en esa situaci\u00f3n.\u00a0<\/strong><\/p>\n<p>En el recorrido, un hombre de la tercera edad, moreno, alto, camina con muletas. Se le ofrece un suero, aunque dice que no le es posible dejar el vicio de la Coca-Cola. Es una broma banquetera.\u00a0<strong>El hombre es un ex profesor pensionado que ha decidido vivir en la calle. Su familia tiene casa, pero \u00e9l se desplaza bajo el abrasador calor de junio.\u00a0<\/strong>La Cuauht\u00e9moc es su hogar, al igual que el de cientos de personas como \u00e9l, que cruzan sem\u00e1foros, calles y tiendas, hasta que alguien los vuelva a molestar.<\/p>\n<p><a href=\"https:\/\/m-x.com.mx\/investigaciones\/guerra-en-la-cuauhtemoc-limpieza-de-personas-en-situacion-de-calle\/\" target=\"_blank\" rel=\"noopener\">https:\/\/m-x.com.mx\/investigaciones\/guerra-en-la-cuauhtemoc-limpieza-de-personas-en-situacion-de-calle\/<\/a><\/p>\n<\/div>\n<\/figure>\n","protected":false},"excerpt":{"rendered":"<p>Maricarmen Guti\u00e9rrez Romero y Miguel \u00c1ngel Teposteco Rodr\u00edguez \/ EmeEquis Imagen: Sandra Cuevas en Operativo Diamante y \u201climpieza\u201d de personas en situaci\u00f3n de calle. (Especial) Primera parte EMEEQUIS.-\u00a0Hab\u00eda que mantener &hellip; <a href=\"https:\/\/www.grieta.org.mx\/index.php\/2024\/05\/17\/guerra-en-la-cuauhtemoc-limpieza-de-personas-en-situacion-de-calle-ciudad-de-mexico\/\" class=\"more-link\">Leer m\u00e1s<\/a><\/p>\n","protected":false},"author":2,"featured_media":69063,"comment_status":"closed","ping_status":"closed","sticky":false,"template":"","format":"standard","meta":{"ngg_post_thumbnail":0,"_jetpack_newsletter_access":"","_jetpack_dont_email_post_to_subs":false,"_jetpack_newsletter_tier_id":0,"_jetpack_memberships_contains_paywalled_content":false,"_jetpack_memberships_contains_paid_content":false,"footnotes":""},"categories":[2804,80,14,3033,2615,1819,1827,2,2797,83,2388],"tags":[3776],"class_list":["post-69062","post","type-post","status-publish","format-standard","has-post-thumbnail","hentry","category-abuso-policiaco-y-tortura-en-la-ciudad-de-mexico","category-cintillo","category-ciudad-de-mexico","category-crisis-en-el-sector-salud-en-la-ciudad-de-mexico","category-desalojos-en-la-ciudad-de-mexico","category-la-ninez-bajo-la-tormenta-capitalista-en-la-ciudad-de-mexico","category-la-ninez-en-la-tormenta-capitalista","category-noticias-nacionales","category-pobreza-en-la-ciudad-de-mexico","category-temas-nacionales","category-violencia-contra-las-mujeres-en-la-ciudad-de-mexico","tag-la-ninez-en-la-tormenta-capitalista","entry"],"jetpack_featured_media_url":"https:\/\/www.grieta.org.mx\/wp-content\/uploads\/2024\/06\/Sandra-Cuevas-en-Operativo-Diamante.jpg","jetpack_sharing_enabled":true,"jetpack_shortlink":"https:\/\/wp.me\/p7ZJR4-hXU","jetpack_likes_enabled":false,"jetpack-related-posts":[{"id":27542,"url":"https:\/\/www.grieta.org.mx\/index.php\/2018\/11\/03\/en-la-cdmx-catrinas-marchan-contra-feminicidios\/","url_meta":{"origin":69062,"position":0},"title":"En la CDMX Catrinas marchan contra feminicidios","author":"grieta","date":"3 noviembre, 2018","format":false,"excerpt":"","rel":"","context":"En &quot;CINTILLO&quot;","block_context":{"text":"CINTILLO","link":"https:\/\/www.grieta.org.mx\/index.php\/category\/cintillo\/"},"img":{"alt_text":"","src":"https:\/\/i0.wp.com\/www.grieta.org.mx\/wp-content\/uploads\/2018\/11\/WhatsApp-Image-2018-11-03-at-10.51.40-2.jpeg?resize=350%2C200&ssl=1","width":350,"height":200,"srcset":"https:\/\/i0.wp.com\/www.grieta.org.mx\/wp-content\/uploads\/2018\/11\/WhatsApp-Image-2018-11-03-at-10.51.40-2.jpeg?resize=350%2C200&ssl=1 1x, https:\/\/i0.wp.com\/www.grieta.org.mx\/wp-content\/uploads\/2018\/11\/WhatsApp-Image-2018-11-03-at-10.51.40-2.jpeg?resize=525%2C300&ssl=1 1.5x, https:\/\/i0.wp.com\/www.grieta.org.mx\/wp-content\/uploads\/2018\/11\/WhatsApp-Image-2018-11-03-at-10.51.40-2.jpeg?resize=700%2C400&ssl=1 2x, https:\/\/i0.wp.com\/www.grieta.org.mx\/wp-content\/uploads\/2018\/11\/WhatsApp-Image-2018-11-03-at-10.51.40-2.jpeg?resize=1050%2C600&ssl=1 3x"},"classes":[]},{"id":45218,"url":"https:\/\/www.grieta.org.mx\/index.php\/2020\/02\/25\/familiares-de-ninos-con-cancer-y-pacientes-con-vih-clausuran-palacio-nacional-ciudad-de-mexico\/","url_meta":{"origin":69062,"position":1},"title":"Familiares de ni\u00f1os con c\u00e1ncer y pacientes con VIH \u201cclausuran\u201d Palacio Nacional (Ciudad de M\u00e9xico)","author":"grieta","date":"25 febrero, 2020","format":false,"excerpt":"Los diversos contingentes formaron un grupo de 35 personas que se plantaron junto a la puerta. Foto: Daniel Ojeda Gerardo Su\u00e1rez \/ El Heraldo de M\u00e9xico Los inconformes pegaron varios sellos con la frase \"clausurado\" en la puerta central del inmueble donde despacha el Presidente Familiares de ni\u00f1os con c\u00e1ncer\u2026","rel":"","context":"En &quot;CINTILLO&quot;","block_context":{"text":"CINTILLO","link":"https:\/\/www.grieta.org.mx\/index.php\/category\/cintillo\/"},"img":{"alt_text":"","src":"https:\/\/i0.wp.com\/www.grieta.org.mx\/wp-content\/uploads\/2020\/02\/Familiares-de-ni%C3%B1os-con-c%C3%A1ncer-y-pacientes-con-VIH-clausuran-Palacio-Nacional-cdmx-feb.jpg?resize=350%2C200&ssl=1","width":350,"height":200,"srcset":"https:\/\/i0.wp.com\/www.grieta.org.mx\/wp-content\/uploads\/2020\/02\/Familiares-de-ni%C3%B1os-con-c%C3%A1ncer-y-pacientes-con-VIH-clausuran-Palacio-Nacional-cdmx-feb.jpg?resize=350%2C200&ssl=1 1x, https:\/\/i0.wp.com\/www.grieta.org.mx\/wp-content\/uploads\/2020\/02\/Familiares-de-ni%C3%B1os-con-c%C3%A1ncer-y-pacientes-con-VIH-clausuran-Palacio-Nacional-cdmx-feb.jpg?resize=525%2C300&ssl=1 1.5x, https:\/\/i0.wp.com\/www.grieta.org.mx\/wp-content\/uploads\/2020\/02\/Familiares-de-ni%C3%B1os-con-c%C3%A1ncer-y-pacientes-con-VIH-clausuran-Palacio-Nacional-cdmx-feb.jpg?resize=700%2C400&ssl=1 2x, https:\/\/i0.wp.com\/www.grieta.org.mx\/wp-content\/uploads\/2020\/02\/Familiares-de-ni%C3%B1os-con-c%C3%A1ncer-y-pacientes-con-VIH-clausuran-Palacio-Nacional-cdmx-feb.jpg?resize=1050%2C600&ssl=1 3x"},"classes":[]},{"id":43667,"url":"https:\/\/www.grieta.org.mx\/index.php\/2020\/01\/28\/padres-de-ninos-con-cancer-exigiran-informacion-de-compra-de-medicamentos-ciudad-de-mexico\/","url_meta":{"origin":69062,"position":2},"title":"Padres de ni\u00f1os con c\u00e1ncer exigir\u00e1n informaci\u00f3n de compra de medicamentos (Ciudad de M\u00e9xico)","author":"grieta","date":"28 enero, 2020","format":false,"excerpt":"Padres de ni\u00f1os enfermos de c\u00e1ncer, anunciaron que presentar\u00e1 un pliego petitorio a la Secretar\u00eda de Gobernaci\u00f3n \/ Foto Especial Nora Bucio \/ MVS Noticias Los padres incluyeron en su pliego petitorio la solicitud de fechas exactas de llegada del medicamento y saber la calidad del mencionado. Padres de ni\u00f1os\u2026","rel":"","context":"En &quot;CINTILLO&quot;","block_context":{"text":"CINTILLO","link":"https:\/\/www.grieta.org.mx\/index.php\/category\/cintillo\/"},"img":{"alt_text":"","src":"https:\/\/i0.wp.com\/www.grieta.org.mx\/wp-content\/uploads\/2020\/01\/Padres-de-ni%C3%B1os-con-c%C3%A1ncer-exigir%C3%A1n-informaci%C3%B3n-de-compra-de-medicamentos-cdmx-ene.jpeg?resize=350%2C200&ssl=1","width":350,"height":200,"srcset":"https:\/\/i0.wp.com\/www.grieta.org.mx\/wp-content\/uploads\/2020\/01\/Padres-de-ni%C3%B1os-con-c%C3%A1ncer-exigir%C3%A1n-informaci%C3%B3n-de-compra-de-medicamentos-cdmx-ene.jpeg?resize=350%2C200&ssl=1 1x, https:\/\/i0.wp.com\/www.grieta.org.mx\/wp-content\/uploads\/2020\/01\/Padres-de-ni%C3%B1os-con-c%C3%A1ncer-exigir%C3%A1n-informaci%C3%B3n-de-compra-de-medicamentos-cdmx-ene.jpeg?resize=525%2C300&ssl=1 1.5x, https:\/\/i0.wp.com\/www.grieta.org.mx\/wp-content\/uploads\/2020\/01\/Padres-de-ni%C3%B1os-con-c%C3%A1ncer-exigir%C3%A1n-informaci%C3%B3n-de-compra-de-medicamentos-cdmx-ene.jpeg?resize=700%2C400&ssl=1 2x"},"classes":[]},{"id":51137,"url":"https:\/\/www.grieta.org.mx\/index.php\/2020\/05\/29\/padres-de-ninos-con-cancer-cumplen-36-horas-en-huelga-de-hambre-ciudad-de-mexico\/","url_meta":{"origin":69062,"position":3},"title":"Padres de ni\u00f1os con c\u00e1ncer cumplen 36 horas en huelga de hambre (Ciudad de M\u00e9xico)","author":"grieta","date":"29 mayo, 2020","format":false,"excerpt":"Foto: Mario Jasso\/Cuartoscuro.com Pol\u00edtico Mx Padres y madres de ni\u00f1as y ni\u00f1os con c\u00e1ncer cumplieron este viernes 36 horas en huelga de hambre, sin embargo, la Secretar\u00eda de Salud no ha respondido de manera concreta a sus peticiones. De acuerdo con Exc\u00e9lsior, los inconformes que se encuentran en un campamento\u2026","rel":"","context":"En &quot;CINTILLO&quot;","block_context":{"text":"CINTILLO","link":"https:\/\/www.grieta.org.mx\/index.php\/category\/cintillo\/"},"img":{"alt_text":"","src":"https:\/\/i0.wp.com\/www.grieta.org.mx\/wp-content\/uploads\/2020\/06\/Padres-de-ni%C3%B1os-con-c%C3%A1ncer-cumplen-36-horas-en-huelga-de-hambre-cdmx-jun.jpg?resize=350%2C200&ssl=1","width":350,"height":200,"srcset":"https:\/\/i0.wp.com\/www.grieta.org.mx\/wp-content\/uploads\/2020\/06\/Padres-de-ni%C3%B1os-con-c%C3%A1ncer-cumplen-36-horas-en-huelga-de-hambre-cdmx-jun.jpg?resize=350%2C200&ssl=1 1x, https:\/\/i0.wp.com\/www.grieta.org.mx\/wp-content\/uploads\/2020\/06\/Padres-de-ni%C3%B1os-con-c%C3%A1ncer-cumplen-36-horas-en-huelga-de-hambre-cdmx-jun.jpg?resize=525%2C300&ssl=1 1.5x, https:\/\/i0.wp.com\/www.grieta.org.mx\/wp-content\/uploads\/2020\/06\/Padres-de-ni%C3%B1os-con-c%C3%A1ncer-cumplen-36-horas-en-huelga-de-hambre-cdmx-jun.jpg?resize=700%2C400&ssl=1 2x"},"classes":[]},{"id":42609,"url":"https:\/\/www.grieta.org.mx\/index.php\/2019\/12\/27\/arman-colecta-de-juguetes-para-hijos-de-victimas-de-feminicidio-ciudad-de-mexico\/","url_meta":{"origin":69062,"position":4},"title":"Arman colecta de juguetes para hijos de v\u00edctimas de feminicidio (Ciudad de M\u00e9xico)","author":"grieta","date":"27 diciembre, 2019","format":false,"excerpt":"Karla Almaraz \/ Chilango Todos pueden donar juguetes o frazadas El colectivo Ni una menos M\u00e9xico organiz\u00f3 una colecta de juguetes feminista, para regalarlos a los hijos de mujeres que han sido v\u00edctimas de feminicidios. Adem\u00e1s de juguetes , las personas podr\u00e1n donar frazadas. Todo ser\u00e1 entregado a los peque\u00f1os.\u2026","rel":"","context":"En &quot;CINTILLO&quot;","block_context":{"text":"CINTILLO","link":"https:\/\/www.grieta.org.mx\/index.php\/category\/cintillo\/"},"img":{"alt_text":"","src":"https:\/\/i0.wp.com\/www.grieta.org.mx\/wp-content\/uploads\/2019\/12\/Arman-colecta-de-juguetes-para-hijos-de-v%C3%ADctimas-de-feminicidio-cdmx-dic.jpg?resize=350%2C200","width":350,"height":200},"classes":[]},{"id":53637,"url":"https:\/\/www.grieta.org.mx\/index.php\/2020\/09\/20\/madre-de-nina-violada-se-amarra-en-las-rejas-de-segob-para-exigir-justicia\/","url_meta":{"origin":69062,"position":5},"title":"Madre de ni\u00f1a violada se amarra en las rejas de Segob para exigir justicia","author":"grieta","date":"20 septiembre, 2020","format":false,"excerpt":"Amarrada, Marcela Alem\u00e1n dijo que siente rabia y mucha indignaci\u00f3n por tener que \u201cvenir a suplicar justicia de esta manera\u201d. Foto: Twitter Proceso CIUDAD DE M\u00c9XICO (apro).- Por segunda ocasi\u00f3n, Marcela Alem\u00e1n, madre de la menor que fue v\u00edctima de abuso sexual en un colegio de San Luis Potos\u00ed, decidi\u00f3\u2026","rel":"","context":"En &quot;CINTILLO&quot;","block_context":{"text":"CINTILLO","link":"https:\/\/www.grieta.org.mx\/index.php\/category\/cintillo\/"},"img":{"alt_text":"","src":"https:\/\/i0.wp.com\/www.grieta.org.mx\/wp-content\/uploads\/2020\/09\/Madre-de-nina-violada-se-amarra-en-las-rejas-de-Segob-para-exigir-justicia-cdmx-sept.jpg?resize=350%2C200&ssl=1","width":350,"height":200,"srcset":"https:\/\/i0.wp.com\/www.grieta.org.mx\/wp-content\/uploads\/2020\/09\/Madre-de-nina-violada-se-amarra-en-las-rejas-de-Segob-para-exigir-justicia-cdmx-sept.jpg?resize=350%2C200&ssl=1 1x, https:\/\/i0.wp.com\/www.grieta.org.mx\/wp-content\/uploads\/2020\/09\/Madre-de-nina-violada-se-amarra-en-las-rejas-de-Segob-para-exigir-justicia-cdmx-sept.jpg?resize=525%2C300&ssl=1 1.5x, https:\/\/i0.wp.com\/www.grieta.org.mx\/wp-content\/uploads\/2020\/09\/Madre-de-nina-violada-se-amarra-en-las-rejas-de-Segob-para-exigir-justicia-cdmx-sept.jpg?resize=700%2C400&ssl=1 2x"},"classes":[]}],"_links":{"self":[{"href":"https:\/\/www.grieta.org.mx\/index.php\/wp-json\/wp\/v2\/posts\/69062","targetHints":{"allow":["GET"]}}],"collection":[{"href":"https:\/\/www.grieta.org.mx\/index.php\/wp-json\/wp\/v2\/posts"}],"about":[{"href":"https:\/\/www.grieta.org.mx\/index.php\/wp-json\/wp\/v2\/types\/post"}],"author":[{"embeddable":true,"href":"https:\/\/www.grieta.org.mx\/index.php\/wp-json\/wp\/v2\/users\/2"}],"replies":[{"embeddable":true,"href":"https:\/\/www.grieta.org.mx\/index.php\/wp-json\/wp\/v2\/comments?post=69062"}],"version-history":[{"count":1,"href":"https:\/\/www.grieta.org.mx\/index.php\/wp-json\/wp\/v2\/posts\/69062\/revisions"}],"predecessor-version":[{"id":69064,"href":"https:\/\/www.grieta.org.mx\/index.php\/wp-json\/wp\/v2\/posts\/69062\/revisions\/69064"}],"wp:featuredmedia":[{"embeddable":true,"href":"https:\/\/www.grieta.org.mx\/index.php\/wp-json\/wp\/v2\/media\/69063"}],"wp:attachment":[{"href":"https:\/\/www.grieta.org.mx\/index.php\/wp-json\/wp\/v2\/media?parent=69062"}],"wp:term":[{"taxonomy":"category","embeddable":true,"href":"https:\/\/www.grieta.org.mx\/index.php\/wp-json\/wp\/v2\/categories?post=69062"},{"taxonomy":"post_tag","embeddable":true,"href":"https:\/\/www.grieta.org.mx\/index.php\/wp-json\/wp\/v2\/tags?post=69062"}],"curies":[{"name":"wp","href":"https:\/\/api.w.org\/{rel}","templated":true}]}}