{"id":69052,"date":"2024-05-30T15:35:15","date_gmt":"2024-05-30T21:35:15","guid":{"rendered":"https:\/\/www.grieta.org.mx\/?p=69052"},"modified":"2024-06-02T15:45:34","modified_gmt":"2024-06-02T21:45:34","slug":"no-nos-vamos-a-doblegar-habitantes-de-huay-pix-preparan-protesta-contra-el-tren-maya-quintana-roo","status":"publish","type":"post","link":"https:\/\/www.grieta.org.mx\/index.php\/2024\/05\/30\/no-nos-vamos-a-doblegar-habitantes-de-huay-pix-preparan-protesta-contra-el-tren-maya-quintana-roo\/","title":{"rendered":"\u2018No nos vamos a doblegar\u2019: habitantes de Huay Pix preparan protesta contra el Tren Maya (Quintana Roo)"},"content":{"rendered":"<p>Armando Galera \/ Sipse<\/p>\n<p>Habitantes de Huay Pix amenazan con bloquear la carretera federal 186 que conecta a la capital de Quintana Roo, para exigir la construcci\u00f3n de un acceso a sus viviendas, pues las v\u00edas ferroviarias del Tren Maya aislaron a una parte de su comunidad.<\/p>\n<p>Los vecinos incluso han comenzado a retirar parte de los durmientes del tren, adem\u00e1s de se\u00f1alar que seguir\u00e1n boicoteando este proyecto, hasta que la Secretar\u00eda de la Defensa Nacional acceda a construir un puente sobre los rieles que comunique a la zona norte y sur de Huay Pix.<\/p>\n<p>    \u201cCuando decidieron que el camino del Tren Maya iba a atravesar nuestra comunidad, las autoridades federales se comprometieron a construir varios puentes para que no tengamos que caminar hasta dos kil\u00f3metros hasta el acceso m\u00e1s cercano, rodeando las v\u00edas. Pero al final nos dijeron que ya no van a hacer nada porque no tienen ni tiempo ni presupuesto, dejando aislada a parte de la comunidad y sus tierras\u201d: declar\u00f3 Hortensia Buend\u00eda Villanueva, representante de los colonos.<\/p>\n<p>Explic\u00f3 que el pasado martes intentaron dialogar con los obreros y encargados de la obra en esa zona, pero se negaron a escucharlos y en su lugar se retiraron. Sin embargo, en la madrugada mientras los pobladores dorm\u00edan los obreros regresaron y colocaron los durmientes, para volverse a retirar en la ma\u00f1ana.<\/p>\n<p><img loading=\"lazy\" decoding=\"async\" data-attachment-id=\"69054\" data-permalink=\"https:\/\/www.grieta.org.mx\/index.php\/2024\/05\/30\/no-nos-vamos-a-doblegar-habitantes-de-huay-pix-preparan-protesta-contra-el-tren-maya-quintana-roo\/huaypix2\/\" data-orig-file=\"https:\/\/www.grieta.org.mx\/wp-content\/uploads\/2024\/06\/HuayPix2-e1717364504946.jpg\" data-orig-size=\"800,493\" data-comments-opened=\"0\" data-image-meta=\"{&quot;aperture&quot;:&quot;0&quot;,&quot;credit&quot;:&quot;&quot;,&quot;camera&quot;:&quot;&quot;,&quot;caption&quot;:&quot;&quot;,&quot;created_timestamp&quot;:&quot;0&quot;,&quot;copyright&quot;:&quot;&quot;,&quot;focal_length&quot;:&quot;0&quot;,&quot;iso&quot;:&quot;0&quot;,&quot;shutter_speed&quot;:&quot;0&quot;,&quot;title&quot;:&quot;&quot;,&quot;orientation&quot;:&quot;1&quot;}\" data-image-title=\"HuayPix2\" data-image-description=\"\" data-image-caption=\"\" data-medium-file=\"https:\/\/www.grieta.org.mx\/wp-content\/uploads\/2024\/06\/HuayPix2-300x185.jpg\" data-large-file=\"https:\/\/www.grieta.org.mx\/wp-content\/uploads\/2024\/06\/HuayPix2-e1717364504946.jpg\" src=\"http:\/\/www.grieta.org.mx\/wp-content\/uploads\/2024\/06\/HuayPix2-e1717364504946.jpg\" alt=\"\" width=\"800\" height=\"493\" class=\"alignnone size-full wp-image-69054\" \/><\/p>\n<p>En respuesta los vecinos desde temprana hora comenzaron a quitar las estructuras reci\u00e9n colocadas. Los empleados federales las instalaron de nuevo, ante lo cual los habitantes de nuevo retiraron las que pudieron cargar, frente a la mirada de los guardias.<\/p>\n<p>\u201cAl final todo se convirti\u00f3 en una lucha de medir fuerzas, pero nosotros no nos vamos a doblegar: seguiremos a pie de lucha para defender nuestros derechos. Retiraremos los durmientes que sean necesarios, aunque nos rompamos la espalda en el proceso. Y aunque tambi\u00e9n nos va a afectar, bloquearemos la carretera federal hasta que una autoridad se presente y nos d\u00e9 una soluci\u00f3n a nuestro problema\u201d, sentenci\u00f3 do\u00f1a Hortensia.<\/p>\n<p><a href=\"https:\/\/sipse.com\/novedades\/no-nos-vamos-a-doblegar-habitantes-de-huay-pix-preparan-protesta-contra-el-tren-maya-470362.html\" rel=\"noopener\" target=\"_blank\">https:\/\/sipse.com\/novedades\/no-nos-vamos-a-doblegar-habitantes-de-huay-pix-preparan-protesta-contra-el-tren-maya-470362.html<\/a><\/p>\n","protected":false},"excerpt":{"rendered":"<p>Armando Galera \/ Sipse Habitantes de Huay Pix amenazan con bloquear la carretera federal 186 que conecta a la capital de Quintana Roo, para exigir la construcci\u00f3n de un acceso &hellip; <a href=\"https:\/\/www.grieta.org.mx\/index.php\/2024\/05\/30\/no-nos-vamos-a-doblegar-habitantes-de-huay-pix-preparan-protesta-contra-el-tren-maya-quintana-roo\/\" class=\"more-link\">Leer m\u00e1s<\/a><\/p>\n","protected":false},"author":2,"featured_media":69053,"comment_status":"closed","ping_status":"closed","sticky":false,"template":"","format":"standard","meta":{"ngg_post_thumbnail":0,"_jetpack_newsletter_access":"","_jetpack_dont_email_post_to_subs":false,"_jetpack_newsletter_tier_id":0,"_jetpack_memberships_contains_paywalled_content":false,"_jetpack_memberships_contains_paid_content":false,"footnotes":""},"categories":[80,3,922,926,944,952,2,28,1876,2026],"tags":[354,1718,4130,3514,1878],"class_list":["post-69052","post","type-post","status-publish","format-standard","has-post-thumbnail","hentry","category-cintillo","category-megaproyectos","category-megaproyectos-estados","category-mp-campeche","category-mp-quintana-roo","category-mp-yucatan","category-noticias-nacionales","category-quintana-roo","category-resistencia-al-tren-maya-en-la-peninsula-de-yucatan-quintana-roo","category-tren-maya","tag-bloqueo","tag-desprecio-contra-indigenas","tag-impactos-sociales-por-tren-maya","tag-protestas-contra-tren-maya","tag-tren-maya","entry"],"jetpack_featured_media_url":"https:\/\/www.grieta.org.mx\/wp-content\/uploads\/2024\/06\/HuayPix-e1717364387827.jpg","jetpack_sharing_enabled":true,"jetpack_shortlink":"https:\/\/wp.me\/p7ZJR4-hXK","jetpack_likes_enabled":false,"jetpack-related-posts":[{"id":47874,"url":"https:\/\/www.grieta.org.mx\/index.php\/2020\/04\/13\/las-vias-torcidas-del-tren-maya-video\/","url_meta":{"origin":69052,"position":0},"title":"Las v\u00edas torcidas del tren maya (Video)","author":"grieta","date":"13 abril, 2020","format":false,"excerpt":"https:\/\/www.youtube.com\/watch?v=k8FRX9eT0YY","rel":"","context":"En &quot;16. Pueblo Maya&quot;","block_context":{"text":"16. Pueblo Maya","link":"https:\/\/www.grieta.org.mx\/index.php\/category\/espejos-de-la-resistencia\/16-pueblo-maya\/"},"img":{"alt_text":"","src":"https:\/\/i0.wp.com\/www.grieta.org.mx\/wp-content\/uploads\/2020\/04\/ViasTorcidasTrenMaya.png?resize=350%2C200&ssl=1","width":350,"height":200,"srcset":"https:\/\/i0.wp.com\/www.grieta.org.mx\/wp-content\/uploads\/2020\/04\/ViasTorcidasTrenMaya.png?resize=350%2C200&ssl=1 1x, https:\/\/i0.wp.com\/www.grieta.org.mx\/wp-content\/uploads\/2020\/04\/ViasTorcidasTrenMaya.png?resize=525%2C300&ssl=1 1.5x, https:\/\/i0.wp.com\/www.grieta.org.mx\/wp-content\/uploads\/2020\/04\/ViasTorcidasTrenMaya.png?resize=700%2C400&ssl=1 2x"},"classes":[]},{"id":35945,"url":"https:\/\/www.grieta.org.mx\/index.php\/2019\/07\/05\/expansion-de-megaproyectos-en-la-peninsula-de-yucatan-video\/","url_meta":{"origin":69052,"position":1},"title":"Expansi\u00f3n de Megaproyectos en la Pen\u00ednsula de Yucat\u00e1n (Video)","author":"grieta","date":"5 julio, 2019","format":false,"excerpt":"https:\/\/youtu.be\/qLBARIAaBsI","rel":"","context":"En &quot;Campeche&quot;","block_context":{"text":"Campeche","link":"https:\/\/www.grieta.org.mx\/index.php\/category\/noticias-nacionales\/campeche\/"},"img":{"alt_text":"","src":"https:\/\/i0.wp.com\/img.youtube.com\/vi\/qLBARIAaBsI\/0.jpg?resize=350%2C200","width":350,"height":200},"classes":[]},{"id":69827,"url":"https:\/\/www.grieta.org.mx\/index.php\/2024\/09\/06\/ejidatarios-de-limones-bloquean-acceso-al-tren-maya-quintana-roo\/","url_meta":{"origin":69052,"position":2},"title":"Ejidatarios de Limones bloquean acceso al Tren Maya (Quintana Roo)","author":"grieta","date":"6 septiembre, 2024","format":false,"excerpt":"Christian Christ \/ De Peso Quintana Roo Este viernes 6 de septiembre habitantes del poblado de Limones, en el municipio de Bacalar, bloquearon temporalmente la entrada principal que conduce a la estaci\u00f3n del Tren Maya, debido al incumplimiento de acuerdos previamente pactados. El bloqueo se realiz\u00f3 en la carretera Chetumal-Canc\u00fan,\u2026","rel":"","context":"En &quot;CINTILLO&quot;","block_context":{"text":"CINTILLO","link":"https:\/\/www.grieta.org.mx\/index.php\/category\/cintillo\/"},"img":{"alt_text":"","src":"https:\/\/i0.wp.com\/www.grieta.org.mx\/wp-content\/uploads\/2024\/09\/bloqueo-e1727228798471.jpg?resize=350%2C200&ssl=1","width":350,"height":200,"srcset":"https:\/\/i0.wp.com\/www.grieta.org.mx\/wp-content\/uploads\/2024\/09\/bloqueo-e1727228798471.jpg?resize=350%2C200&ssl=1 1x, https:\/\/i0.wp.com\/www.grieta.org.mx\/wp-content\/uploads\/2024\/09\/bloqueo-e1727228798471.jpg?resize=525%2C300&ssl=1 1.5x, https:\/\/i0.wp.com\/www.grieta.org.mx\/wp-content\/uploads\/2024\/09\/bloqueo-e1727228798471.jpg?resize=700%2C400&ssl=1 2x"},"classes":[]},{"id":69500,"url":"https:\/\/www.grieta.org.mx\/index.php\/2024\/08\/19\/empleados-de-eura-e-isva-en-chetumal-protestan-por-el-adeudo-de-sus-pagos-quintana-roo\/","url_meta":{"origin":69052,"position":3},"title":"Empleados de Eura e ISVA en Chetumal protestan por el adeudo de sus pagos (Quintana Roo)","author":"grieta","date":"19 agosto, 2024","format":false,"excerpt":"Anah\u00ed Chamlati \/ Por Esto! Los trabajadores de las empresas Eura e ISVA, contratadas para las obras del Tren Maya se manifiestan a causa de la falta de pago. Los trabajadores acusaron que llevan varios d\u00edas sin recibir su sueldo. Mediante un bloqueo carretero en el tramo de Huay-Pix buscan\u2026","rel":"","context":"En &quot;CINTILLO&quot;","block_context":{"text":"CINTILLO","link":"https:\/\/www.grieta.org.mx\/index.php\/category\/cintillo\/"},"img":{"alt_text":"","src":"https:\/\/i0.wp.com\/www.grieta.org.mx\/wp-content\/uploads\/2024\/08\/Adeudos-e1724947568818.jpg?resize=350%2C200&ssl=1","width":350,"height":200,"srcset":"https:\/\/i0.wp.com\/www.grieta.org.mx\/wp-content\/uploads\/2024\/08\/Adeudos-e1724947568818.jpg?resize=350%2C200&ssl=1 1x, https:\/\/i0.wp.com\/www.grieta.org.mx\/wp-content\/uploads\/2024\/08\/Adeudos-e1724947568818.jpg?resize=525%2C300&ssl=1 1.5x, https:\/\/i0.wp.com\/www.grieta.org.mx\/wp-content\/uploads\/2024\/08\/Adeudos-e1724947568818.jpg?resize=700%2C400&ssl=1 2x"},"classes":[]},{"id":67351,"url":"https:\/\/www.grieta.org.mx\/index.php\/2023\/08\/05\/paraliza-obras-de-tren-maya-quema-de-maquinaria-en-tramo-6-quintana-roo\/","url_meta":{"origin":69052,"position":4},"title":"Paraliza obras de Tren Maya quema de maquinaria en tramo 6 (Quintana Roo)","author":"grieta","date":"5 agosto, 2023","format":false,"excerpt":"antonio.hernandez.press \/ Quadrat\u00edn Quintana Roo OTH\u00d3N P. BLANCO, QRoo, 5 de agosto de 2023.- Cinco maquinarias pesadas fueron incendiadas en las obras del Tren Maya, en el frente seis del Tramo 6, muy cerca de la comunidad de Buenavista, supuestamente por parte de trabajadores inconformes por falta de pago. De\u2026","rel":"","context":"En &quot;CINTILLO&quot;","block_context":{"text":"CINTILLO","link":"https:\/\/www.grieta.org.mx\/index.php\/category\/cintillo\/"},"img":{"alt_text":"","src":"https:\/\/i0.wp.com\/www.grieta.org.mx\/wp-content\/uploads\/2023\/08\/Quema-e1691331646543.jpg?resize=350%2C200&ssl=1","width":350,"height":200,"srcset":"https:\/\/i0.wp.com\/www.grieta.org.mx\/wp-content\/uploads\/2023\/08\/Quema-e1691331646543.jpg?resize=350%2C200&ssl=1 1x, https:\/\/i0.wp.com\/www.grieta.org.mx\/wp-content\/uploads\/2023\/08\/Quema-e1691331646543.jpg?resize=525%2C300&ssl=1 1.5x, https:\/\/i0.wp.com\/www.grieta.org.mx\/wp-content\/uploads\/2023\/08\/Quema-e1691331646543.jpg?resize=700%2C400&ssl=1 2x"},"classes":[]},{"id":67872,"url":"https:\/\/www.grieta.org.mx\/index.php\/2023\/10\/06\/tren-maya-sedena-incrementara-seguridad-en-quintana-roo-con-mas-de-3-mil-elementos\/","url_meta":{"origin":69052,"position":5},"title":"Tren Maya: Sedena incrementar\u00e1 seguridad en Quintana Roo con m\u00e1s de 3 mil elementos","author":"grieta","date":"6 octubre, 2023","format":false,"excerpt":"Con la inauguraci\u00f3n del Tren Maya que se dar\u00e1 durante diciembre, el Secretario de la Defensa Nacional de M\u00e9xico Luis Cresencio Sandoval inform\u00f3 que en Quintana Roo se incrementar\u00e1 la seguridad con la presencia de la Guardia Nacional, pues habr\u00e1 tres nuevas bases a\u00e9reas. De acuerdo con los datos del\u2026","rel":"","context":"En &quot;CINTILLO&quot;","block_context":{"text":"CINTILLO","link":"https:\/\/www.grieta.org.mx\/index.php\/category\/cintillo\/"},"img":{"alt_text":"","src":"https:\/\/i0.wp.com\/www.grieta.org.mx\/wp-content\/uploads\/2023\/10\/TrenMalla-e1696860496274.jpg?resize=350%2C200&ssl=1","width":350,"height":200,"srcset":"https:\/\/i0.wp.com\/www.grieta.org.mx\/wp-content\/uploads\/2023\/10\/TrenMalla-e1696860496274.jpg?resize=350%2C200&ssl=1 1x, https:\/\/i0.wp.com\/www.grieta.org.mx\/wp-content\/uploads\/2023\/10\/TrenMalla-e1696860496274.jpg?resize=525%2C300&ssl=1 1.5x, https:\/\/i0.wp.com\/www.grieta.org.mx\/wp-content\/uploads\/2023\/10\/TrenMalla-e1696860496274.jpg?resize=700%2C400&ssl=1 2x"},"classes":[]}],"_links":{"self":[{"href":"https:\/\/www.grieta.org.mx\/index.php\/wp-json\/wp\/v2\/posts\/69052","targetHints":{"allow":["GET"]}}],"collection":[{"href":"https:\/\/www.grieta.org.mx\/index.php\/wp-json\/wp\/v2\/posts"}],"about":[{"href":"https:\/\/www.grieta.org.mx\/index.php\/wp-json\/wp\/v2\/types\/post"}],"author":[{"embeddable":true,"href":"https:\/\/www.grieta.org.mx\/index.php\/wp-json\/wp\/v2\/users\/2"}],"replies":[{"embeddable":true,"href":"https:\/\/www.grieta.org.mx\/index.php\/wp-json\/wp\/v2\/comments?post=69052"}],"version-history":[{"count":1,"href":"https:\/\/www.grieta.org.mx\/index.php\/wp-json\/wp\/v2\/posts\/69052\/revisions"}],"predecessor-version":[{"id":69055,"href":"https:\/\/www.grieta.org.mx\/index.php\/wp-json\/wp\/v2\/posts\/69052\/revisions\/69055"}],"wp:featuredmedia":[{"embeddable":true,"href":"https:\/\/www.grieta.org.mx\/index.php\/wp-json\/wp\/v2\/media\/69053"}],"wp:attachment":[{"href":"https:\/\/www.grieta.org.mx\/index.php\/wp-json\/wp\/v2\/media?parent=69052"}],"wp:term":[{"taxonomy":"category","embeddable":true,"href":"https:\/\/www.grieta.org.mx\/index.php\/wp-json\/wp\/v2\/categories?post=69052"},{"taxonomy":"post_tag","embeddable":true,"href":"https:\/\/www.grieta.org.mx\/index.php\/wp-json\/wp\/v2\/tags?post=69052"}],"curies":[{"name":"wp","href":"https:\/\/api.w.org\/{rel}","templated":true}]}}