{"id":69033,"date":"2024-05-21T09:41:19","date_gmt":"2024-05-21T15:41:19","guid":{"rendered":"https:\/\/www.grieta.org.mx\/?p=69033"},"modified":"2024-05-30T09:47:11","modified_gmt":"2024-05-30T15:47:11","slug":"candidatos-en-veracruz-ignoran-crisis-de-desapariciones-y-eluden-reunion-pese-a-peticion-de-madres-buscadoras","status":"publish","type":"post","link":"https:\/\/www.grieta.org.mx\/index.php\/2024\/05\/21\/candidatos-en-veracruz-ignoran-crisis-de-desapariciones-y-eluden-reunion-pese-a-peticion-de-madres-buscadoras\/","title":{"rendered":"Candidatos en Veracruz ignoran crisis de desapariciones y eluden reuni\u00f3n pese a petici\u00f3n de madres buscadoras"},"content":{"rendered":"<p>Ana Alicia Osorio \/ Animal Pol\u00edtico<\/p>\n<p><strong>Aunque Veracruz ha sido hist\u00f3ricamente uno de lo sestados afectados debido a la crisis por desapariciones, quienes aspiran a gobernar la entidad tampoco han extendido en sus plataformas electorales propuestas para atender este problema.<\/strong><\/p>\n<p>A dos semanas de las elecciones, la y los candidatos a la gubernatura de Veracruz no se han reunido con los colectivos de b\u00fasqueda de personas desaparecidas y en algunos casos no planean hacerlo, a pesar de que ellas extendieron la petici\u00f3n de ser atendidas y escuchadas.<\/p>\n<p>Aunque el estado de Veracruz ha sido hist\u00f3ricamente uno de los afectados debido a la crisis por desapariciones, quienes aspiran a gobernar la entidad tampoco han extendido en sus plataformas electorales propuestas para atender este problema.<\/p>\n<p>Las propias integrantes de los colectivos de b\u00fasqueda emitieron un posicionamiento p\u00fablico en el que solicitaron a la y los candidatos una reuni\u00f3n, pues hasta el momento estas no se han concretado.<\/p>\n<p>\u201cHacemos una solicitud en particular a las personas candidatas a gobernadora o gobernador, que cada uno realice una reuni\u00f3n con todos los colectivos en conjunto que quisieran participar para escuchar en viva voz los retos y la importancia de atender esta problem\u00e1tica\u201d, indica la carta enviada por 31 colectivos de la entidad.<\/p>\n<p>Lee | Nahle y Yunes cruzan denuncias por enriquecimiento y supuestas propiedades durante el segundo debate en Veracruz<\/p>\n<p>En algunos casos, los colectivos se han acercado para entregar documentos de peticiones a los candidatos, pero tampoco todos los han recibido.<\/p>\n<p>Nahle, Yunes y Deschamps: \u00bfqu\u00e9 han dicho sobre reunirse con madres buscadoras?<br \/>\nA pesar de ello, la candidata de la coalici\u00f3n Sigamos Haciendo Historia por Veracruz, Roc\u00edo Nahle, afirm\u00f3 que no se reunir\u00e1 con los colectivos de b\u00fasqueda hasta despu\u00e9s del 2 de junio, cuando seg\u00fan lo que asegur\u00f3, obtenga el triunfo en los comicios electorales.<\/p>\n<p>\u201cVoy a reunirme despu\u00e9s del 2 de junio, despu\u00e9s de que gane la gubernatura con los colectivos, ahorita no es el momento\u201d, se\u00f1al\u00f3 el pasado 12 de mayo en el segundo debate donde seg\u00fan dijo no hablar\u00e1 del tema para evitar politizarlo.<\/p>\n<p>El candidato de la coalici\u00f3n Fuerza y Coraz\u00f3n por Veracruz, Jos\u00e9 Yunes Zorrilla, dijo que buscar\u00eda concretar una reuni\u00f3n, pero hasta el momento no tiene una fecha para realizarlo, a pesar de que se encuentra en la recta final de la campa\u00f1a.<\/p>\n<p>Por su parte, el candidato de Movimiento Ciudadano, Hip\u00f3lito Deschamps Espino Barros, quien tampoco tiene previsto una reuni\u00f3n, no respondi\u00f3 a las preguntas sobre la raz\u00f3n.<\/p>\n<figure id=\"attachment_69034\" aria-describedby=\"caption-attachment-69034\" style=\"width: 1200px\" class=\"wp-caption alignnone\"><img loading=\"lazy\" decoding=\"async\" data-attachment-id=\"69034\" data-permalink=\"https:\/\/www.grieta.org.mx\/index.php\/2024\/05\/21\/candidatos-en-veracruz-ignoran-crisis-de-desapariciones-y-eluden-reunion-pese-a-peticion-de-madres-buscadoras\/candidatos-veracruz-desapariciones-madres-buscadoras-4\/\" data-orig-file=\"https:\/\/www.grieta.org.mx\/wp-content\/uploads\/2024\/05\/candidatos-veracruz-desapariciones-madres-buscadoras-4.jpg\" data-orig-size=\"1200,800\" data-comments-opened=\"0\" data-image-meta=\"{&quot;aperture&quot;:&quot;0&quot;,&quot;credit&quot;:&quot;&quot;,&quot;camera&quot;:&quot;&quot;,&quot;caption&quot;:&quot;&quot;,&quot;created_timestamp&quot;:&quot;0&quot;,&quot;copyright&quot;:&quot;&quot;,&quot;focal_length&quot;:&quot;0&quot;,&quot;iso&quot;:&quot;0&quot;,&quot;shutter_speed&quot;:&quot;0&quot;,&quot;title&quot;:&quot;&quot;,&quot;orientation&quot;:&quot;0&quot;}\" data-image-title=\"candidatos-veracruz-desapariciones-madres-buscadoras-4\" data-image-description=\"\" data-image-caption=\"&lt;p&gt;El colectivo de b\u00fasqueda de personas desaparecidas \u201cJusticia y dignidad\u201d inaugur\u00f3 en Veracruz el 3 de mayo pasado un mural colocado en la avenida Cuauht\u00e9moc donde plasmaron los rostros y nombres de 100 personas que se encuentran desaparecidas, Foto: Cuartoscuro\/Archivo&lt;\/p&gt;\n\" data-medium-file=\"https:\/\/www.grieta.org.mx\/wp-content\/uploads\/2024\/05\/candidatos-veracruz-desapariciones-madres-buscadoras-4-300x200.jpg\" data-large-file=\"https:\/\/www.grieta.org.mx\/wp-content\/uploads\/2024\/05\/candidatos-veracruz-desapariciones-madres-buscadoras-4-1024x683.jpg\" class=\"size-full wp-image-69034\" src=\"http:\/\/www.grieta.org.mx\/wp-content\/uploads\/2024\/05\/candidatos-veracruz-desapariciones-madres-buscadoras-4.jpg\" alt=\"\" width=\"1200\" height=\"800\" srcset=\"https:\/\/www.grieta.org.mx\/wp-content\/uploads\/2024\/05\/candidatos-veracruz-desapariciones-madres-buscadoras-4.jpg 1200w, https:\/\/www.grieta.org.mx\/wp-content\/uploads\/2024\/05\/candidatos-veracruz-desapariciones-madres-buscadoras-4-300x200.jpg 300w, https:\/\/www.grieta.org.mx\/wp-content\/uploads\/2024\/05\/candidatos-veracruz-desapariciones-madres-buscadoras-4-1024x683.jpg 1024w, https:\/\/www.grieta.org.mx\/wp-content\/uploads\/2024\/05\/candidatos-veracruz-desapariciones-madres-buscadoras-4-768x512.jpg 768w\" sizes=\"auto, (max-width: 1200px) 100vw, 1200px\" \/><figcaption id=\"caption-attachment-69034\" class=\"wp-caption-text\">El colectivo de b\u00fasqueda de personas desaparecidas \u201cJusticia y dignidad\u201d inaugur\u00f3 en Veracruz el 3 de mayo pasado un mural colocado en la avenida Cuauht\u00e9moc donde plasmaron los rostros y nombres de 100 personas que se encuentran desaparecidas, Foto: Cuartoscuro\/Archivo<\/figcaption><\/figure>\n<p>Reuniones y peticiones de familias de personas desaparecidas a candidatos en Veracruz<br \/>\nLas campa\u00f1as iniciaron el pasado 31 de marzo y a m\u00e1s de la mitad del tiempo, han sido los colectivos quienes han tenido que propiciar los encuentros que han realizado con los candidatos.<\/p>\n<p>Por ejemplo, el pasado 17 de abril el colectivo Buscando a Nuestros Desaparecidos acudi\u00f3 a un evento que Yunes Zorrilla hizo con colectivos de mujeres y le entregaron un documento.<\/p>\n<p>En dicha carta le extendieron sus peticiones y desglosaron el trabajo que debe realizar el Gobierno del Estado y c\u00f3mo debe trabajar con otras dependencias u organismos para los procesos de b\u00fasqueda e investigaci\u00f3n, as\u00ed como detener las desapariciones.<\/p>\n<p>\u201cLa intenci\u00f3n es hacerle llegar estas consideraciones m\u00ednimas y que tienen que seguirse en el tema de desaparici\u00f3n en el estado, tanto lo que le compete al poder ejecutivo y su relaci\u00f3n con los dem\u00e1s poderes por el n\u00famero de personas desaparecidas, por la crisis forense\u201d, se\u00f1al\u00f3 la acompa\u00f1ante del colectivo Ana\u00eds Palacios.<\/p>\n<p>El 14 de mayo pasado, el Consejo Estatal Ciudadano le entreg\u00f3 tambi\u00e9n una petici\u00f3n al candidato Deschamps Espino Barros, donde tambi\u00e9n pidieron acciones para poder enfrentar el problema de desapariciones y las b\u00fasquedas en la entidad.<\/p>\n<p>La candidata Nahle no ha recibido las cartas de los colectivos y su equipo descart\u00f3 dar una explicaci\u00f3n de la raz\u00f3n por la cual no lo ha hecho.<\/p>\n<p>Sara Gonz\u00e1lez Rodr\u00edguez, integrante del Colectivo por la Paz Xalapa, afirm\u00f3 que su colectivo no se uni\u00f3 a la petici\u00f3n de reuni\u00f3n debido a que consideraron que es una acci\u00f3n que deber\u00eda ser de inter\u00e9s de la y los candidatos y reproch\u00f3 que hasta el momento nadie se haya acercado a ellas.<\/p>\n<p>Se\u00f1al\u00f3 que la falta de reuniones es un reflejo de la falta de empat\u00eda de quienes aspiran a gobernar el estado, pero tambi\u00e9n de la ausencia de conocimiento acerca de las necesidades en materia de desaparici\u00f3n, as\u00ed como el que no pueden comprometerse a resolver un problema que de antemano saben que no atender\u00e1n.<\/p>\n<p>Las peticiones ante la crisis de desapariciones<br \/>\nEn el estado de Veracruz existen 6 mil 863 personas desaparecidas, de las cuales 5 mil 453 son hombres y mil 388 mujeres. De esas el 34% fueron desaparecidas durante este sexenio (mil 843 hombres y 493 mujeres).<\/p>\n<p>La entidad, inclusive, est\u00e1 en proceso de solventar recomendaciones de la Comisi\u00f3n Nacional para Prevenir y Erradicar la Violencia contra las Mujeres. En caso de no hacerlo, ser\u00e1 declarada una Alerta de Violencia de G\u00e9nero (la tercera) ahora por desapariciones de mujeres.<\/p>\n<p>En total hay 37 colectivos que pertenecen a todas las regiones, que est\u00e1n organizados para hacer las b\u00fasquedas de personas desaparecidas con sus propios medios y los cuales han localizado diversas fosas clandestinas y expuesto la falta de acciones de este gobierno en la materia.<\/p>\n<p>Antes de iniciar su gobierno, el actual gobernador, Cuitl\u00e1huac Garc\u00eda Jim\u00e9nez, hizo diversas propuestas y promesas a las integrantes de los colectivos, pero ellas se dicen decepcionadas de su actuar.<\/p>\n<p>\u201cSigue en lo mismo, todas las respuestas de todos los gobiernos han sido lo mismo, no hay ning\u00fan avance en los temas de desaparecidos (\u2026) quienes damos la informaci\u00f3n somos nosotros, ellos solamente se encargan de tomar fotos y no dan ninguna investigaci\u00f3n\u201d, asegur\u00f3 Sandy Hip\u00f3lito Gil, integrante del Colectivo Destellos de Amor por Nuestros Desaparecidos.<\/p>\n<p>Por ello, en la carta p\u00fablica de los 31 colectivos, se\u00f1alaron que se requieren de acciones puntuales por parte del siguiente gobierno para atender la crisis, entre las que se encuentran acciones para erradicar la violencia que ha provocado un incremento en el n\u00famero de personas desaparecidas y que ha provocado el asesinato de personas buscadoras.<\/p>\n<figure id=\"attachment_69035\" aria-describedby=\"caption-attachment-69035\" style=\"width: 1200px\" class=\"wp-caption alignnone\"><img loading=\"lazy\" decoding=\"async\" data-attachment-id=\"69035\" data-permalink=\"https:\/\/www.grieta.org.mx\/index.php\/2024\/05\/21\/candidatos-en-veracruz-ignoran-crisis-de-desapariciones-y-eluden-reunion-pese-a-peticion-de-madres-buscadoras\/solecito\/\" data-orig-file=\"https:\/\/www.grieta.org.mx\/wp-content\/uploads\/2024\/05\/solecito.jpg\" data-orig-size=\"1200,800\" data-comments-opened=\"0\" data-image-meta=\"{&quot;aperture&quot;:&quot;0&quot;,&quot;credit&quot;:&quot;&quot;,&quot;camera&quot;:&quot;&quot;,&quot;caption&quot;:&quot;&quot;,&quot;created_timestamp&quot;:&quot;0&quot;,&quot;copyright&quot;:&quot;&quot;,&quot;focal_length&quot;:&quot;0&quot;,&quot;iso&quot;:&quot;0&quot;,&quot;shutter_speed&quot;:&quot;0&quot;,&quot;title&quot;:&quot;&quot;,&quot;orientation&quot;:&quot;0&quot;}\" data-image-title=\"solecito\" data-image-description=\"\" data-image-caption=\"&lt;p&gt;Foto: Cuartoscuro\/Archivo&lt;\/p&gt;\n\" data-medium-file=\"https:\/\/www.grieta.org.mx\/wp-content\/uploads\/2024\/05\/solecito-300x200.jpg\" data-large-file=\"https:\/\/www.grieta.org.mx\/wp-content\/uploads\/2024\/05\/solecito-1024x683.jpg\" class=\"size-full wp-image-69035\" src=\"http:\/\/www.grieta.org.mx\/wp-content\/uploads\/2024\/05\/solecito.jpg\" alt=\"\" width=\"1200\" height=\"800\" srcset=\"https:\/\/www.grieta.org.mx\/wp-content\/uploads\/2024\/05\/solecito.jpg 1200w, https:\/\/www.grieta.org.mx\/wp-content\/uploads\/2024\/05\/solecito-300x200.jpg 300w, https:\/\/www.grieta.org.mx\/wp-content\/uploads\/2024\/05\/solecito-1024x683.jpg 1024w, https:\/\/www.grieta.org.mx\/wp-content\/uploads\/2024\/05\/solecito-768x512.jpg 768w\" sizes=\"auto, (max-width: 1200px) 100vw, 1200px\" \/><figcaption id=\"caption-attachment-69035\" class=\"wp-caption-text\">Foto: Cuartoscuro\/Archivo<\/figcaption><\/figure>\n<p>Adem\u00e1s, pidieron la creaci\u00f3n de una pol\u00edtica de prevenci\u00f3n que se realice de la mano con los colectivos, as\u00ed como mantener espacios de di\u00e1logo.<\/p>\n<p>La atenci\u00f3n de la crisis forense fue otro punto que solicitaron en lo que incluyeron inversi\u00f3n en equipo y capacitaci\u00f3n, trazar un plan para intervenir las fosas comunes de la entidad as\u00ed como resguardar y reglamentar ese tema, disminuir los tiempos de identificaci\u00f3n de los cuerpos localizados, crear un protocolo de notificaci\u00f3n y restituci\u00f3n digna de los restos.<\/p>\n<p>Tambi\u00e9n piden fortalecer la Comisi\u00f3n Estatal de B\u00fasqueda y nombrar una titular ya que ese organismo permanece desde hace a\u00f1os con una encargada de despacho; crear un plan para atender la salud de las personas buscadoras; mejorar el acceso a la justicia e investigar los altos mandos en los casos de desapariciones forzadas.<\/p>\n<p>Los colectivos tambi\u00e9n extendieron peticiones al Congreso del Estado de Veracruz, ya que en estas elecciones se elegir\u00e1n a sus 50 integrantes. Entre ellas se encuentran dotar de mayor presupuesto al sistema de b\u00fasquedas, reestablecer la comisi\u00f3n especial sobre desaparici\u00f3n, aprobar las reformas pendientes a la Ley Estatal de B\u00fasqueda y rotar a las personas que integran el Consejo Estatal Ciudadano.<\/p>\n<p>\u201cHacemos un llamado a las autoridades y a las y los candidatos a gobernadores, congresistas y otros cargos de servicio p\u00fablico a garantizar el seguimiento y fortalecimiento de estos puntos en el pr\u00f3ximo sexenio. El grave problema de la desaparici\u00f3n de personas debe ser prioritario\u201d, indicaron en la carta.<\/p>\n<p><a href=\"https:\/\/animalpolitico.com\/elecciones-2024\/estados\/veracruz\/candidatos-veracruz-desapariciones-madres-buscadoras\" target=\"_blank\" rel=\"noopener\">https:\/\/animalpolitico.com\/elecciones-2024\/estados\/veracruz\/candidatos-veracruz-desapariciones-madres-buscadoras<\/a><\/p>\n","protected":false},"excerpt":{"rendered":"<p>Ana Alicia Osorio \/ Animal Pol\u00edtico Aunque Veracruz ha sido hist\u00f3ricamente uno de lo sestados afectados debido a la crisis por desapariciones, quienes aspiran a gobernar la entidad tampoco han &hellip; <a href=\"https:\/\/www.grieta.org.mx\/index.php\/2024\/05\/21\/candidatos-en-veracruz-ignoran-crisis-de-desapariciones-y-eluden-reunion-pese-a-peticion-de-madres-buscadoras\/\" class=\"more-link\">Leer m\u00e1s<\/a><\/p>\n","protected":false},"author":2,"featured_media":69035,"comment_status":"closed","ping_status":"closed","sticky":false,"template":"","format":"standard","meta":{"ngg_post_thumbnail":0,"_jetpack_newsletter_access":"","_jetpack_dont_email_post_to_subs":false,"_jetpack_newsletter_tier_id":0,"_jetpack_memberships_contains_paywalled_content":false,"_jetpack_memberships_contains_paid_content":false,"footnotes":""},"categories":[80,87,1012,2,83,35],"tags":[2484,121],"class_list":["post-69033","post","type-post","status-publish","format-standard","has-post-thumbnail","hentry","category-cintillo","category-desaparecidos","category-desaparecidos-en-veracruz","category-noticias-nacionales","category-temas-nacionales","category-veracruz","tag-buscadoras","tag-desaparecidos","entry"],"jetpack_featured_media_url":"https:\/\/www.grieta.org.mx\/wp-content\/uploads\/2024\/05\/solecito.jpg","jetpack_sharing_enabled":true,"jetpack_shortlink":"https:\/\/wp.me\/p7ZJR4-hXr","jetpack_likes_enabled":false,"jetpack-related-posts":[{"id":53360,"url":"https:\/\/www.grieta.org.mx\/index.php\/2020\/08\/30\/contabilizan-mas-de-5-mil-desapariciones-en-veracruz\/","url_meta":{"origin":69033,"position":0},"title":"Contabilizan m\u00e1s de 5 mil desapariciones en Veracruz","author":"grieta","date":"30 agosto, 2020","format":false,"excerpt":"Juan David Castilla Arcos\/ El Dem\u00f3crata Xalapa. M\u00e1s de 5 mil desapariciones han ocurrido en el estado de Veracruz, durante el periodo de 2006 a la fecha. As\u00ed lo dio a conocer Ana\u00eds Palacios P\u00e9rez, consultora del Instituto Mexicano de Derechos Humanos y Democracia, quien a\u00f1adi\u00f3 que hasta el momento\u2026","rel":"","context":"En &quot;CINTILLO&quot;","block_context":{"text":"CINTILLO","link":"https:\/\/www.grieta.org.mx\/index.php\/category\/cintillo\/"},"img":{"alt_text":"","src":"https:\/\/i0.wp.com\/www.grieta.org.mx\/wp-content\/uploads\/2020\/09\/anais-30082020.png?resize=350%2C200&ssl=1","width":350,"height":200,"srcset":"https:\/\/i0.wp.com\/www.grieta.org.mx\/wp-content\/uploads\/2020\/09\/anais-30082020.png?resize=350%2C200&ssl=1 1x, https:\/\/i0.wp.com\/www.grieta.org.mx\/wp-content\/uploads\/2020\/09\/anais-30082020.png?resize=525%2C300&ssl=1 1.5x"},"classes":[]},{"id":56869,"url":"https:\/\/www.grieta.org.mx\/index.php\/2021\/01\/31\/solo-en-elecciones-politicos-de-veracruz-se-acuerdan-de-desaparecidos-critican\/","url_meta":{"origin":69033,"position":1},"title":"S\u00f3lo en elecciones pol\u00edticos de Veracruz se acuerdan de desaparecidos, critican","author":"grieta","date":"31 enero, 2021","format":false,"excerpt":"La activista Araceli Salcedo advirti\u00f3 que no habr\u00e1 votos para quien no lo merezca Tania Guzm\u00e1n \/ Al calor pol\u00edtico La representante del Colectivo de Familiares de Desaparecidos Orizaba-C\u00f3rdoba, Araceli Salcedo, critic\u00f3 que durante las \u00e9pocas electorales los pol\u00edticos se acuerdan de las v\u00edctimas de desapariciones. Seg\u00fan la activistas, ahora\u2026","rel":"","context":"En &quot;CINTILLO&quot;","block_context":{"text":"CINTILLO","link":"https:\/\/www.grieta.org.mx\/index.php\/category\/cintillo\/"},"img":{"alt_text":"","src":"https:\/\/i0.wp.com\/www.grieta.org.mx\/wp-content\/uploads\/2021\/02\/Screenshot_2021-02-09-Solo-en-elecciones-politicos-de-Veracruz-se-acuerdan-de-desaparecidos-critican.png?resize=350%2C200&ssl=1","width":350,"height":200,"srcset":"https:\/\/i0.wp.com\/www.grieta.org.mx\/wp-content\/uploads\/2021\/02\/Screenshot_2021-02-09-Solo-en-elecciones-politicos-de-Veracruz-se-acuerdan-de-desaparecidos-critican.png?resize=350%2C200&ssl=1 1x, https:\/\/i0.wp.com\/www.grieta.org.mx\/wp-content\/uploads\/2021\/02\/Screenshot_2021-02-09-Solo-en-elecciones-politicos-de-Veracruz-se-acuerdan-de-desaparecidos-critican.png?resize=525%2C300&ssl=1 1.5x, https:\/\/i0.wp.com\/www.grieta.org.mx\/wp-content\/uploads\/2021\/02\/Screenshot_2021-02-09-Solo-en-elecciones-politicos-de-Veracruz-se-acuerdan-de-desaparecidos-critican.png?resize=700%2C400&ssl=1 2x"},"classes":[]},{"id":65664,"url":"https:\/\/www.grieta.org.mx\/index.php\/2022\/10\/20\/solecito-llevara-a-veracruz-a-cortes-internacionales-por-desapariciones-forzadas\/","url_meta":{"origin":69033,"position":2},"title":"Solecito llevar\u00e1 a Veracruz a cortes internacionales por desapariciones forzadas","author":"grieta","date":"20 octubre, 2022","format":false,"excerpt":"Foto: Rene Corrales \/ Diario de Xalapa Hay evidencia s\u00f3lida de la presunta participaci\u00f3n del estado en el tema de la desaparici\u00f3n forzada, dijo Luc\u00eda D\u00edaz Ingrid Ruiz | Diario de Xalapa Veracruz, Ver.- La tragedia de Veracruz por el tema de las desapariciones forzadas ser\u00e1 expuesto a nivel internacional\u2026","rel":"","context":"En &quot;CINTILLO&quot;","block_context":{"text":"CINTILLO","link":"https:\/\/www.grieta.org.mx\/index.php\/category\/cintillo\/"},"img":{"alt_text":"","src":"https:\/\/i0.wp.com\/www.grieta.org.mx\/wp-content\/uploads\/2022\/11\/Desaparecidos-Veracruz.jpg?resize=350%2C200&ssl=1","width":350,"height":200,"srcset":"https:\/\/i0.wp.com\/www.grieta.org.mx\/wp-content\/uploads\/2022\/11\/Desaparecidos-Veracruz.jpg?resize=350%2C200&ssl=1 1x, https:\/\/i0.wp.com\/www.grieta.org.mx\/wp-content\/uploads\/2022\/11\/Desaparecidos-Veracruz.jpg?resize=525%2C300&ssl=1 1.5x, https:\/\/i0.wp.com\/www.grieta.org.mx\/wp-content\/uploads\/2022\/11\/Desaparecidos-Veracruz.jpg?resize=700%2C400&ssl=1 2x"},"classes":[]},{"id":53343,"url":"https:\/\/www.grieta.org.mx\/index.php\/2020\/08\/25\/preocupa-aumento-en-desapariciones-de-menores-en-veracruz-solecito\/","url_meta":{"origin":69033,"position":3},"title":"Preocupa aumento en desapariciones de menores en Veracruz: Solecito","author":"grieta","date":"25 agosto, 2020","format":false,"excerpt":"MARCELO L. BERMUDEZ \/ La Silla Rota Por medio de sus redes sociales, integrantes del Colectivo Solecito de b\u00fasqueda de desaparecidos, expresaron su preocupaci\u00f3n por las recientes desapariciones de menores de edad en Veracruz, que en los dos meses anteriores suman al menos 21 casos reportados por la Comisi\u00f3n Estatal\u2026","rel":"","context":"En &quot;CINTILLO&quot;","block_context":{"text":"CINTILLO","link":"https:\/\/www.grieta.org.mx\/index.php\/category\/cintillo\/"},"img":{"alt_text":"","src":"https:\/\/i0.wp.com\/www.grieta.org.mx\/wp-content\/uploads\/2020\/09\/screenshot20200825facebook-focus-0-0-983-557.jpg?resize=350%2C200&ssl=1","width":350,"height":200,"srcset":"https:\/\/i0.wp.com\/www.grieta.org.mx\/wp-content\/uploads\/2020\/09\/screenshot20200825facebook-focus-0-0-983-557.jpg?resize=350%2C200&ssl=1 1x, https:\/\/i0.wp.com\/www.grieta.org.mx\/wp-content\/uploads\/2020\/09\/screenshot20200825facebook-focus-0-0-983-557.jpg?resize=525%2C300&ssl=1 1.5x, https:\/\/i0.wp.com\/www.grieta.org.mx\/wp-content\/uploads\/2020\/09\/screenshot20200825facebook-focus-0-0-983-557.jpg?resize=700%2C400&ssl=1 2x"},"classes":[]},{"id":32524,"url":"https:\/\/www.grieta.org.mx\/index.php\/2019\/03\/30\/asesinan-en-veracruz-a-activista-abiram-hernandez-activista-por-los-desaparecidos\/","url_meta":{"origin":69033,"position":4},"title":"Asesinan en Veracruz a activista Abir\u00e1m Hern\u00e1ndez, activista por los desaparecidos","author":"grieta","date":"30 marzo, 2019","format":false,"excerpt":"Abir\u00e1m Hern\u00e1ndez, ex integrante del colectivo Por la Paz de Xalapa, fue asesinado el d\u00eda de ayer de manera artera: su cuerpo fue encontrado en la sala de su casa con un golpe en la cabeza que le quit\u00f3 la vida, luego de que fueran forzadas las entradas a su\u2026","rel":"","context":"En &quot;Asesinato de activistas en Veracruz&quot;","block_context":{"text":"Asesinato de activistas en Veracruz","link":"https:\/\/www.grieta.org.mx\/index.php\/category\/noticias-nacionales\/veracruz\/asesinato-de-activistas-en-veracruz\/"},"img":{"alt_text":"","src":"https:\/\/i0.wp.com\/www.grieta.org.mx\/wp-content\/uploads\/2019\/04\/36539725_10160675006530442_3325318810486964224_n.jpg?resize=350%2C200&ssl=1","width":350,"height":200,"srcset":"https:\/\/i0.wp.com\/www.grieta.org.mx\/wp-content\/uploads\/2019\/04\/36539725_10160675006530442_3325318810486964224_n.jpg?resize=350%2C200&ssl=1 1x, https:\/\/i0.wp.com\/www.grieta.org.mx\/wp-content\/uploads\/2019\/04\/36539725_10160675006530442_3325318810486964224_n.jpg?resize=525%2C300&ssl=1 1.5x, https:\/\/i0.wp.com\/www.grieta.org.mx\/wp-content\/uploads\/2019\/04\/36539725_10160675006530442_3325318810486964224_n.jpg?resize=700%2C400&ssl=1 2x"},"classes":[]},{"id":59874,"url":"https:\/\/www.grieta.org.mx\/index.php\/2021\/06\/18\/protestan-familiares-de-desaparecidos-en-visita-de-amlo-al-norte-de-veracruz\/","url_meta":{"origin":69033,"position":5},"title":"Protestan familiares de desaparecidos en visita de AMLO al norte de Veracruz","author":"grieta","date":"18 junio, 2021","format":false,"excerpt":"Jos\u00e9 Mart\u00edn Mart\u00ednez de la Torre \/ Imagen de Veracruz Integrantes del colectivo \"Mar\u00eda Herrera Tlapacoyan\" mantienen una protesta previo a la llegada del presidente Andr\u00e9s Manuel L\u00f3pez Obrador, para pedir apoyo con el objetivo de localizar a sus desaparecidos. Se trata de cuatro familias que se apostaron en el\u2026","rel":"","context":"En &quot;CINTILLO&quot;","block_context":{"text":"CINTILLO","link":"https:\/\/www.grieta.org.mx\/index.php\/category\/cintillo\/"},"img":{"alt_text":"","src":"https:\/\/i0.wp.com\/www.grieta.org.mx\/wp-content\/uploads\/2021\/06\/Screenshot-2021-06-21-at-13-03-52-Protestan-familiares-de-desaparecidos-en-visita-de-AMLO-al-norte-de-Veracruz.png?resize=350%2C200&ssl=1","width":350,"height":200,"srcset":"https:\/\/i0.wp.com\/www.grieta.org.mx\/wp-content\/uploads\/2021\/06\/Screenshot-2021-06-21-at-13-03-52-Protestan-familiares-de-desaparecidos-en-visita-de-AMLO-al-norte-de-Veracruz.png?resize=350%2C200&ssl=1 1x, https:\/\/i0.wp.com\/www.grieta.org.mx\/wp-content\/uploads\/2021\/06\/Screenshot-2021-06-21-at-13-03-52-Protestan-familiares-de-desaparecidos-en-visita-de-AMLO-al-norte-de-Veracruz.png?resize=525%2C300&ssl=1 1.5x, https:\/\/i0.wp.com\/www.grieta.org.mx\/wp-content\/uploads\/2021\/06\/Screenshot-2021-06-21-at-13-03-52-Protestan-familiares-de-desaparecidos-en-visita-de-AMLO-al-norte-de-Veracruz.png?resize=700%2C400&ssl=1 2x"},"classes":[]}],"_links":{"self":[{"href":"https:\/\/www.grieta.org.mx\/index.php\/wp-json\/wp\/v2\/posts\/69033","targetHints":{"allow":["GET"]}}],"collection":[{"href":"https:\/\/www.grieta.org.mx\/index.php\/wp-json\/wp\/v2\/posts"}],"about":[{"href":"https:\/\/www.grieta.org.mx\/index.php\/wp-json\/wp\/v2\/types\/post"}],"author":[{"embeddable":true,"href":"https:\/\/www.grieta.org.mx\/index.php\/wp-json\/wp\/v2\/users\/2"}],"replies":[{"embeddable":true,"href":"https:\/\/www.grieta.org.mx\/index.php\/wp-json\/wp\/v2\/comments?post=69033"}],"version-history":[{"count":1,"href":"https:\/\/www.grieta.org.mx\/index.php\/wp-json\/wp\/v2\/posts\/69033\/revisions"}],"predecessor-version":[{"id":69036,"href":"https:\/\/www.grieta.org.mx\/index.php\/wp-json\/wp\/v2\/posts\/69033\/revisions\/69036"}],"wp:featuredmedia":[{"embeddable":true,"href":"https:\/\/www.grieta.org.mx\/index.php\/wp-json\/wp\/v2\/media\/69035"}],"wp:attachment":[{"href":"https:\/\/www.grieta.org.mx\/index.php\/wp-json\/wp\/v2\/media?parent=69033"}],"wp:term":[{"taxonomy":"category","embeddable":true,"href":"https:\/\/www.grieta.org.mx\/index.php\/wp-json\/wp\/v2\/categories?post=69033"},{"taxonomy":"post_tag","embeddable":true,"href":"https:\/\/www.grieta.org.mx\/index.php\/wp-json\/wp\/v2\/tags?post=69033"}],"curies":[{"name":"wp","href":"https:\/\/api.w.org\/{rel}","templated":true}]}}