{"id":69002,"date":"2024-05-25T07:57:23","date_gmt":"2024-05-25T13:57:23","guid":{"rendered":"https:\/\/www.grieta.org.mx\/?p=69002"},"modified":"2024-05-26T08:19:51","modified_gmt":"2024-05-26T14:19:51","slug":"las-abejas-de-yucatan-muy-cerca-de-extinguirse-por-la-deforestacion-y-los-venenos-del-agronegocio","status":"publish","type":"post","link":"https:\/\/www.grieta.org.mx\/index.php\/2024\/05\/25\/las-abejas-de-yucatan-muy-cerca-de-extinguirse-por-la-deforestacion-y-los-venenos-del-agronegocio\/","title":{"rendered":"Las abejas de Yucat\u00e1n, muy cerca de extinguirse por la deforestaci\u00f3n y los venenos del agronegocio"},"content":{"rendered":"<p>Texto Patricio Eleisegui<br \/>\nFotos: Robin Canul<\/p>\n<blockquote><p>En los \u00faltimos dos a\u00f1os, las productoras mayas de la Pen\u00ednsula de Yucat\u00e1n perdieron al menos 5 mil apiarios por efecto de los agrot\u00f3xicos de la agricultura industrial. Ranchos y grandes terratenientes, con participaci\u00f3n preponderante de la comunidad menonita, intensificaron la destrucci\u00f3n del monte para sembrar variedades de exportaci\u00f3n y cultivos de engorde para pollos, cerdos y reses\n<\/p><\/blockquote>\n<p>YUCAT\u00c1N.- Deforestaci\u00f3n, agrot\u00f3xicos, incendios provocados y desidia gubernamental son aspectos que destacan y se combinan alentando un desastre ambiental que se expande a paso incontenible por toda la Pen\u00ednsula de Yucat\u00e1n: la mortandad de miles y miles de abejas. Los efectos de esa mezcla de factores tienen al agronegocio y sus cultivos industriales como grandes responsables a partir, tambi\u00e9n, de un modelo productivo que desde hace a\u00f1os se viene estimulando o protegiendo desde el estamento pol\u00edtico y judicial. Programas de impulso a la producci\u00f3n intensiva mediante financiamiento para desmontes y falta de sanciones para quienes vulneran las pr\u00e1cticas econ\u00f3micas tradicionales de las comunidades mayas forman parte de un esquema que atenta contra la biodiversidad en la regi\u00f3n.<\/p>\n<p>Semejante escenario mantiene en riesgo de extinci\u00f3n a la actividad ap\u00edcola que, reconocida a nivel mundial, es llevada a cabo por las poblaciones ind\u00edgenas de Campeche, Yucat\u00e1n y Quintana Roo. S\u00f3lo en los \u00faltimos dos a\u00f1os, los productores de miel mayas de municipios como Hopelch\u00e9n y Tizim\u00edn padecieron la p\u00e9rdida de al menos cinco mil apiarios por consecuencia del uso intensivo de insecticidas como el fipronil. <\/p>\n<p><img loading=\"lazy\" decoding=\"async\" data-attachment-id=\"69004\" data-permalink=\"https:\/\/www.grieta.org.mx\/index.php\/2024\/05\/25\/las-abejas-de-yucatan-muy-cerca-de-extinguirse-por-la-deforestacion-y-los-venenos-del-agronegocio\/abejas2-2\/\" data-orig-file=\"https:\/\/www.grieta.org.mx\/wp-content\/uploads\/2024\/05\/Abejas2-e1716732557446.jpg\" data-orig-size=\"800,525\" data-comments-opened=\"0\" data-image-meta=\"{&quot;aperture&quot;:&quot;0&quot;,&quot;credit&quot;:&quot;&quot;,&quot;camera&quot;:&quot;&quot;,&quot;caption&quot;:&quot;&quot;,&quot;created_timestamp&quot;:&quot;0&quot;,&quot;copyright&quot;:&quot;&quot;,&quot;focal_length&quot;:&quot;0&quot;,&quot;iso&quot;:&quot;0&quot;,&quot;shutter_speed&quot;:&quot;0&quot;,&quot;title&quot;:&quot;&quot;,&quot;orientation&quot;:&quot;1&quot;}\" data-image-title=\"Abejas2\" data-image-description=\"\" data-image-caption=\"\" data-medium-file=\"https:\/\/www.grieta.org.mx\/wp-content\/uploads\/2024\/05\/Abejas2-300x197.jpg\" data-large-file=\"https:\/\/www.grieta.org.mx\/wp-content\/uploads\/2024\/05\/Abejas2-1024x672.jpg\" src=\"http:\/\/www.grieta.org.mx\/wp-content\/uploads\/2024\/05\/Abejas2-e1716732557446.jpg\" alt=\"\" width=\"800\" height=\"525\" class=\"alignnone size-full wp-image-69004\" \/><\/p>\n<p>El desastre ambiental es tan dram\u00e1tico como la tragedia econ\u00f3mica que padecen las comunidades en esos territorios, dedicadas de forma hist\u00f3rica a la producci\u00f3n de miel, que es sustento clave de los hogares. A la par de la p\u00e9rdida de una actividad que es s\u00edmbolo cultural intergeneracional, los pueblos mayas de la Pen\u00ednsula transitan este tiempo afectados por aut\u00e9nticos bombardeos con venenos agr\u00edcolas que, en la mayor\u00eda de los casos, da\u00f1an de un modo irreversible la salud de las personas, contaminan el agua, y aniquilan la fauna local.<\/p>\n<p>Nada de esto ocurre sin la complicidad de los organismos de gobierno \u2013municipales, estatales y federales\u2013 y las dependencias oficiales encargadas de hacer cumplir las leyes: los amparos incumplidos y las denuncias deso\u00eddas por las autoridades son proporcionales a las afectaciones que se multiplican a trav\u00e9s del Mayab.<\/p>\n<p>En el marco del reciente D\u00eda Mundial de las Abejas, integrantes de Kabnalo\u2019on, la Alianza Maya por las Abejas de la Pen\u00ednsula de Yucat\u00e1n, confluyeron en M\u00e9rida para dar cuenta de la cat\u00e1strofe que sufre el territorio por efecto de la ampliaci\u00f3n de la frontera agroindustrial y c\u00f3mo los componentes que hacen a esa expansi\u00f3n colocan en riesgo de extinci\u00f3n a la apicultura tradicional.<\/p>\n<p>La apicultura maya, acechada por la voracidad del agronegocio<\/p>\n<p>Productoras y productores de miel expusieron detalles de una mortandad de polinizadores que se aceler\u00f3 sobre todo en el \u00faltimo a\u00f1o, e hicieron hincapi\u00e9 en c\u00f3mo la destrucci\u00f3n forestal que origina la actividad de los ranchos agr\u00edcolas buena parte de ellos, pertenecientes a la comunidad menonita\u2013 redujo al m\u00ednimo el pecoreo de polen y n\u00e9ctar que llevan a cabo las abejas. Mencionaron, tambi\u00e9n, que la sequ\u00eda imperante dio pie a incendios que, mayormente intencionales, son aprovechados por el agronegocio mediante acciones de despojo para seguir sumando hect\u00e1reas de cultivos intensivos.<\/p>\n<p>\u201cEn marzo de 2023 perdimos m\u00e1s de 3 mil 600 colmenas. En diciembre de ese a\u00f1o nos dieron un apoyo para repoblar pero nada cambi\u00f3: en enero de 2024 volvieron a usar fipronil y mataron a otra cantidad de abejas \u2013casi 800 colmenas\u2013. Nadie se ha hecho responsable hasta ahora\u201d, afirm\u00f3 Benjam\u00edn, un apicultor de San Francisco Suc-Tuc en Hopelch\u00e9n, Campeche.<\/p>\n<p>\u201cEl Colegio de la Frontera Sur (ECOSUR) demostr\u00f3 que la contaminaci\u00f3n fue con fipronil. Incluso Senasica (el Servicio Nacional de Sanidad, Inocuidad y Calidad Agroalimentaria) reconoce que la causa de la mortandad fue por ese producto, pero hasta ahora el Gobierno no ha aplicado ninguna sanci\u00f3n a los grandes ranchos que utilizaron ese veneno. Ya sabemos que incluso nuestra agua no es apta para beber. Sin embargo, las autoridades no hacen nada al respecto ni dan respuesta alguna\u201d, agreg\u00f3.<\/p>\n<p><img loading=\"lazy\" decoding=\"async\" data-attachment-id=\"69005\" data-permalink=\"https:\/\/www.grieta.org.mx\/index.php\/2024\/05\/25\/las-abejas-de-yucatan-muy-cerca-de-extinguirse-por-la-deforestacion-y-los-venenos-del-agronegocio\/abejas3\/\" data-orig-file=\"https:\/\/www.grieta.org.mx\/wp-content\/uploads\/2024\/05\/Abejas3-e1716732659268.jpg\" data-orig-size=\"800,446\" data-comments-opened=\"0\" data-image-meta=\"{&quot;aperture&quot;:&quot;0&quot;,&quot;credit&quot;:&quot;&quot;,&quot;camera&quot;:&quot;&quot;,&quot;caption&quot;:&quot;&quot;,&quot;created_timestamp&quot;:&quot;0&quot;,&quot;copyright&quot;:&quot;&quot;,&quot;focal_length&quot;:&quot;0&quot;,&quot;iso&quot;:&quot;0&quot;,&quot;shutter_speed&quot;:&quot;0&quot;,&quot;title&quot;:&quot;&quot;,&quot;orientation&quot;:&quot;1&quot;}\" data-image-title=\"Abejas3\" data-image-description=\"\" data-image-caption=\"\" data-medium-file=\"https:\/\/www.grieta.org.mx\/wp-content\/uploads\/2024\/05\/Abejas3-300x167.jpg\" data-large-file=\"https:\/\/www.grieta.org.mx\/wp-content\/uploads\/2024\/05\/Abejas3-1024x571.jpg\" src=\"http:\/\/www.grieta.org.mx\/wp-content\/uploads\/2024\/05\/Abejas3-e1716732659268.jpg\" alt=\"\" width=\"800\" height=\"446\" class=\"alignnone size-full wp-image-69005\" \/><\/p>\n<p>Tambi\u00e9n apicultor de Hopelch\u00e9n, Jorge Alberto no dud\u00f3 en enfatizar que el agronegocio y sus plaguicidas \u201cest\u00e1n acabando con este patrimonio milenario que nos heredaron nuestros abuelos\u201d, en referencia a la labor con las abejas. \u201cLos gobiernos conocen los problemas que sufrimos los apicultores. Los menonitas se han dedicado a acabar con nuestro territorio y las autoridades no levantan la mano. Pusimos denuncias, demandas, pero no nos hacen caso. Pedimos que se castigue a quienes matan a las abejas. Antes sac\u00e1bamos de 6 a 7 cosechas al a\u00f1o, ahora por todo lo que est\u00e1 pasando llevamos una sola cosecha y probablemente sea la \u00fanica\u201d, dijo.<\/p>\n<p>En Yucat\u00e1n, la mayor afectaci\u00f3n de los \u00faltimos meses ha tenido lugar en el municipio de Tizim\u00edn, un distrito colonizado por grandes terratenientes de la agricultura industrial de exportaci\u00f3n y el engorde de cerdos, pollos y reses. \u201cDesde el 11 de marzo la muerte de abejas ha sido continua. A m\u00ed me mataron 85 colonias. Todos mis vecinos sufren algo parecido y entendemos que ocurre por la intoxicaci\u00f3n con agrot\u00f3xicos\u201d, expres\u00f3 Ferm\u00edn.<\/p>\n<p>A su lado en la actividad promovida por Kabnalo\u2019on, Fidencio reconoci\u00f3 la p\u00e9rdida de 55 colonias propias en los \u00faltimos meses, y la aniquilaci\u00f3n de otras 600, ambas en el municipio de Tizim\u00edn.<\/p>\n<p>\u201cEstamos a un kil\u00f3metro de unos plant\u00edos de productores de ma\u00edz. Ellos utilizan insecticidas que da\u00f1an a las abejas. Aplican esos agrot\u00f3xicos cuando las abejas van a polinizar, en \u00e9pocas de floraci\u00f3n del ma\u00edz. Desde marzo empezamos a ver una cat\u00e1strofe. Miles de abejitas muertas, tiradas por aqu\u00ed y por all\u00e1. Nos da tristeza y coraje lo que est\u00e1 sucediendo\u201d, confes\u00f3.<\/p>\n<p>En el oriente del mismo estado, productoras y productores de miel org\u00e1nica de Maxcan\u00fa y Kinchil comentaron la p\u00e9rdida de certificaciones por efecto de la grave contaminaci\u00f3n que generan las mega granjas porc\u00edcolas de Kek\u00e9n y su constelaci\u00f3n de aparceros. \u201cEn Kinchil se instalaron cometiendo un despojo de tierras y afectaron a los apiarios cercanos. Unos 29 perdieron sus certificaciones por la contaminaci\u00f3n que genera la mega granja. Los pozos de agua est\u00e1n todos contaminados. Los ni\u00f1os que se ba\u00f1an con esa agua sufren ronchas. Las personas de bajos recursos que no pueden comprar agua (embotellada) y beben se enferman por esa causa\u201d, afirm\u00f3.<\/p>\n<p>Prohibici\u00f3n del fipronil y un freno a la agroindustria: el pedido de las comunidades<\/p>\n<p><img loading=\"lazy\" decoding=\"async\" data-attachment-id=\"69006\" data-permalink=\"https:\/\/www.grieta.org.mx\/index.php\/2024\/05\/25\/las-abejas-de-yucatan-muy-cerca-de-extinguirse-por-la-deforestacion-y-los-venenos-del-agronegocio\/abejas4\/\" data-orig-file=\"https:\/\/www.grieta.org.mx\/wp-content\/uploads\/2024\/05\/Abejas4-e1716732765119.jpg\" data-orig-size=\"800,527\" data-comments-opened=\"0\" data-image-meta=\"{&quot;aperture&quot;:&quot;0&quot;,&quot;credit&quot;:&quot;&quot;,&quot;camera&quot;:&quot;&quot;,&quot;caption&quot;:&quot;&quot;,&quot;created_timestamp&quot;:&quot;0&quot;,&quot;copyright&quot;:&quot;&quot;,&quot;focal_length&quot;:&quot;0&quot;,&quot;iso&quot;:&quot;0&quot;,&quot;shutter_speed&quot;:&quot;0&quot;,&quot;title&quot;:&quot;&quot;,&quot;orientation&quot;:&quot;1&quot;}\" data-image-title=\"Abejas4\" data-image-description=\"\" data-image-caption=\"\" data-medium-file=\"https:\/\/www.grieta.org.mx\/wp-content\/uploads\/2024\/05\/Abejas4-300x197.jpg\" data-large-file=\"https:\/\/www.grieta.org.mx\/wp-content\/uploads\/2024\/05\/Abejas4-1024x674.jpg\" src=\"http:\/\/www.grieta.org.mx\/wp-content\/uploads\/2024\/05\/Abejas4-e1716732765119.jpg\" alt=\"\" width=\"800\" height=\"527\" class=\"alignnone size-full wp-image-69006\" \/><\/p>\n<p>Por \u00faltimo, Leydy Pech, reconocida apicultora maya tambi\u00e9n de Ich Ek, Hopelch\u00e9n, exigi\u00f3 que se implemente una prohibici\u00f3n de uso de plaguicidas como los neonicotinoides y el funesto fipronil, y se impulsen pol\u00edticas para el resguardo de las abejas.<\/p>\n<p>\u201cExigimos la protecci\u00f3n prioritaria de la apicultura en los tres estados de la Pen\u00ednsula. Se trata de una fuente de ingresos por dem\u00e1s de importante para las familias campesinas. Tambi\u00e9n es urgente que proh\u00edban el cambio de uso de suelos. Este a\u00f1o los incendios han sido record y la mayor\u00eda fueron provocados. Lo que se quema luego es aprovechado por el agronegocio\u201d, expres\u00f3.<\/p>\n<p>\u201cSe ha demostrado que el fipronil es el principal agente que mata las abejas y se sigue usando. No hay una pol\u00edtica p\u00fablica de protecci\u00f3n y conservaci\u00f3n de los h\u00e1bitats naturales de los polinizadores. En Holpech\u00e9n se ha demostrado que se utilizan 60 plaguicidas, por ejemplo en cultivos de pepino y chile, y de esa cantidad existen ocho que matan a las abejas. Hemos puesto amparos, reclamamos que los pueblos seamos reconocidos como guardianes de las abejas, y hasta el d\u00eda de hoy seguimos sin tener respuestas. Los gobiernos ahora se van y nos dejan esas deudas\u201d, agreg\u00f3.<\/p>\n<p>Pech sostuvo que la tasa de deforestaci\u00f3n que genera la agricultura industrial en el territorio maya aument\u00f3 4 veces en los \u00faltimos a\u00f1os. Y que esa p\u00e9rdida de superficie verde, combinada con el uso intensificado de agrot\u00f3xicos, mantiene en situaci\u00f3n de riesgo de extinci\u00f3n a los polinizadores. \u201cNo celebramos el D\u00eda de las Abejas como algo bonito, sino para exigir que se respeten nuestros derechos. El sistema beneficia a otros intereses. La apicultura enfrenta un riesgo enorme y la mortandad elevada de abejas seguir\u00e1 ocurriendo si no hay un freno a la expansi\u00f3n de la frontera agr\u00edcola\u201d, concluy\u00f3.<\/p>\n<p>El encuentro de apicultoras y apicultores en M\u00e9rida culmin\u00f3 con un pronunciamiento de la Alianza Maya por las Abejas de la Pen\u00ednsula de Yucat\u00e1n Kabnalo\u2019on. La organizaci\u00f3n exige a los tres niveles de gobierno que atiendan y mejoren las pol\u00edticas p\u00fablicas en materia de agricultura y apicultura, d\u00e1ndoles un lugar prioritario, ya que es una actividad de importancia ecol\u00f3gica, con m\u00faltiples beneficios econ\u00f3micos, sociales y culturales para miles de familias campesinas mayas.<\/p>\n<p>\u201cSe pide a las autoridades que se redoble el esfuerzo para detener el avance de la frontera agr\u00edcola, por la expansi\u00f3n agroindustrial. Su buena voluntad no ha sido suficiente para concretar acciones. Tambi\u00e9n es urgente que se proh\u00edba el uso de los plaguicidas fipronil y los neonicotinoides en M\u00e9xico. Que se trabaje en el establecimiento de mecanismos de prevenci\u00f3n y atenci\u00f3n de eventos de intoxicaci\u00f3n de abejas por plaguicidas, a partir de una estrategia bien articulada y coordinada entre las distintas instancias gubernamentales\u2026\u201d, detall\u00f3 Kabnalo\u2019on, no sin dejar de subrayar que, dada la envergadura del desastre ambiental que impera, la apicultura maya peninsular podr\u00eda desaparecer en apenas un pu\u00f1ado de a\u00f1os.<\/p>\n<p><a href=\"https:\/\/piedepagina.mx\/las-abejas-de-yucatan-muy-cerca-de-extinguirse-por-la-deforestacion-y-los-venenos-del-agronegocio\/\" rel=\"noopener\" target=\"_blank\">https:\/\/piedepagina.mx\/las-abejas-de-yucatan-muy-cerca-de-extinguirse-por-la-deforestacion-y-los-venenos-del-agronegocio\/<\/a><\/p>\n","protected":false},"excerpt":{"rendered":"<p>Texto Patricio Eleisegui Fotos: Robin Canul En los \u00faltimos dos a\u00f1os, las productoras mayas de la Pen\u00ednsula de Yucat\u00e1n perdieron al menos 5 mil apiarios por efecto de los agrot\u00f3xicos &hellip; <a href=\"https:\/\/www.grieta.org.mx\/index.php\/2024\/05\/25\/las-abejas-de-yucatan-muy-cerca-de-extinguirse-por-la-deforestacion-y-los-venenos-del-agronegocio\/\" class=\"more-link\">Leer m\u00e1s<\/a><\/p>\n","protected":false},"author":2,"featured_media":69003,"comment_status":"closed","ping_status":"closed","sticky":false,"template":"","format":"standard","meta":{"ngg_post_thumbnail":0,"_jetpack_newsletter_access":"","_jetpack_dont_email_post_to_subs":false,"_jetpack_newsletter_tier_id":0,"_jetpack_memberships_contains_paywalled_content":false,"_jetpack_memberships_contains_paid_content":false,"footnotes":""},"categories":[42,11,80,2748,1311,2749,2943,2258,3,922,926,944,952,2,1616,1445,28,1151,1152,1153,36],"tags":[281,160,162,4186,2722],"class_list":["post-69002","post","type-post","status-publish","format-standard","has-post-thumbnail","hentry","category-agroindustria","category-campeche","category-cintillo","category-conflictos-por-contaminacion-en-quintana-roo","category-contaminacion-y-danos-a-la-salud-en-campeche","category-destruccion-y-contaminacion-ambiental-en-quintana-roo","category-destruccion-y-contaminacion-ambiental-en-yucatan","category-ecocidio-en-campeche","category-megaproyectos","category-megaproyectos-estados","category-mp-campeche","category-mp-quintana-roo","category-mp-yucatan","category-noticias-nacionales","category-protestas-contra-la-contaminacion-por-agroquimicos-en-quintana-roo","category-protestas-contra-la-contaminacion-por-agroquimicos-en-yucatan","category-quintana-roo","category-se-organizan-para-frenar-avance-de-transgenicos-en-yucatan-campeche-y-quintana-roo","category-se-organizan-para-frenar-avance-de-transgenicos-en-yucatan-campeche-y-quintana-roo-yucatan","category-se-organizan-para-frenar-avance-de-transgenicos-en-yucatan-campeche-y-quintana-roo-quintana-roo","category-yucatan","tag-agroindustria","tag-apicultores","tag-deforestacion","tag-envenenamiento","tag-muerte-de-abejas","entry"],"jetpack_featured_media_url":"https:\/\/www.grieta.org.mx\/wp-content\/uploads\/2024\/05\/Abejas-e1716732455855.jpg","jetpack_sharing_enabled":true,"jetpack_shortlink":"https:\/\/wp.me\/p7ZJR4-hWW","jetpack_likes_enabled":false,"jetpack-related-posts":[{"id":38031,"url":"https:\/\/www.grieta.org.mx\/index.php\/2019\/08\/16\/preocupa-la-anulacion-del-decreto-contra-transgenicos\/","url_meta":{"origin":69002,"position":0},"title":"Preocupa la anulaci\u00f3n del decreto contra transg\u00e9nicos","author":"grieta","date":"16 agosto, 2019","format":false,"excerpt":"https:\/\/youtu.be\/V_qxTikY-cA Merli G\u00f3mez\/Canal10 M\u00e9rida, Yucat\u00e1n.- El Consejo Civil Mexicano para la Silvicultura Sostenible consider\u00f3 que el fallo de la Suprema Corte de Justicia de la Naci\u00f3n que invalida el Decreto 418\/2016, que declaraba a Yucat\u00e1n zona libre de cultivos agr\u00edcolas con organismos gen\u00e9ticamente modificados, abre la puerta a empresas agroindustriales\u2026","rel":"","context":"En &quot;Agroindustria&quot;","block_context":{"text":"Agroindustria","link":"https:\/\/www.grieta.org.mx\/index.php\/category\/megaproyectos\/agroindustria\/"},"img":{"alt_text":"","src":"https:\/\/i0.wp.com\/www.grieta.org.mx\/wp-content\/uploads\/2019\/08\/DecretoTransgenicos-e1566151926823.png?resize=350%2C200&ssl=1","width":350,"height":200,"srcset":"https:\/\/i0.wp.com\/www.grieta.org.mx\/wp-content\/uploads\/2019\/08\/DecretoTransgenicos-e1566151926823.png?resize=350%2C200&ssl=1 1x, https:\/\/i0.wp.com\/www.grieta.org.mx\/wp-content\/uploads\/2019\/08\/DecretoTransgenicos-e1566151926823.png?resize=525%2C300&ssl=1 1.5x, https:\/\/i0.wp.com\/www.grieta.org.mx\/wp-content\/uploads\/2019\/08\/DecretoTransgenicos-e1566151926823.png?resize=700%2C400&ssl=1 2x"},"classes":[]},{"id":1459,"url":"https:\/\/www.grieta.org.mx\/index.php\/2015\/10\/08\/autoridades-mayas-de-yucatan-y-campeche-congelan-avance-de-soya-transgenica-de-monsanto\/","url_meta":{"origin":69002,"position":1},"title":"Autoridades mayas de Yucat\u00e1n y Campeche congelan avance de soya transg\u00e9nica de Monsanto","author":"grieta","date":"8 octubre, 2015","format":false,"excerpt":"(08 de octubre, 2015).- La Suprema Corte de Justicia de la Naci\u00f3n (SCJN) acord\u00f3 que el 28 de octubre discutir\u00e1 en paquete los siete recursos de amparo en revisi\u00f3n interpuestos por apicultores de Yucat\u00e1n y Campeche contra la siembra de soya transg\u00e9nica, inform\u00f3 Jorge Fern\u00e1ndez, abogado que apoya a los\u2026","rel":"","context":"En &quot;16. Pueblo Maya&quot;","block_context":{"text":"16. Pueblo Maya","link":"https:\/\/www.grieta.org.mx\/index.php\/category\/espejos-de-la-resistencia\/16-pueblo-maya\/"},"img":{"alt_text":"","src":"https:\/\/i0.wp.com\/www.grieta.org.mx\/wp-content\/uploads\/2018\/03\/14524434_1106112876131411_958039263622046936_o.jpg?resize=350%2C200&ssl=1","width":350,"height":200,"srcset":"https:\/\/i0.wp.com\/www.grieta.org.mx\/wp-content\/uploads\/2018\/03\/14524434_1106112876131411_958039263622046936_o.jpg?resize=350%2C200&ssl=1 1x, https:\/\/i0.wp.com\/www.grieta.org.mx\/wp-content\/uploads\/2018\/03\/14524434_1106112876131411_958039263622046936_o.jpg?resize=525%2C300&ssl=1 1.5x, https:\/\/i0.wp.com\/www.grieta.org.mx\/wp-content\/uploads\/2018\/03\/14524434_1106112876131411_958039263622046936_o.jpg?resize=700%2C400&ssl=1 2x"},"classes":[]},{"id":912,"url":"https:\/\/www.grieta.org.mx\/index.php\/2016\/09\/13\/se-organizan-para-frenar-avance-de-transgenicos-en-yucatan-campeche-y-quintana-roo\/","url_meta":{"origin":69002,"position":2},"title":"Se organizan para frenar avance de transg\u00e9nicos en Yucat\u00e1n, Campeche y Quintana Roo","author":"grieta","date":"13 septiembre, 2016","format":false,"excerpt":"13\/04\/16. Conformaci\u00f3n de la Misi\u00f3n de Observaci\u00f3n de la Consulta al pueblo Maya sobre la siembra de soya gen\u00e9ticamente modificada de la empresa Monsanto Cayacyucatan 01\/04\/16. Irregularidades en Consulta Ind\u00edgena sobre la siembra de soya gen\u00e9ticamente en Campeche Infolliteras 22\/02\/16. Campeche, en mapa global sobre Riesgos Ambientales. Lo catalogan por\u2026","rel":"","context":"En &quot;16. Pueblo Maya&quot;","block_context":{"text":"16. Pueblo Maya","link":"https:\/\/www.grieta.org.mx\/index.php\/category\/espejos-de-la-resistencia\/16-pueblo-maya\/"},"img":{"alt_text":"","src":"https:\/\/i0.wp.com\/www.grieta.org.mx\/wp-content\/uploads\/2018\/03\/14524434_1106112876131411_958039263622046936_o.jpg?resize=350%2C200&ssl=1","width":350,"height":200,"srcset":"https:\/\/i0.wp.com\/www.grieta.org.mx\/wp-content\/uploads\/2018\/03\/14524434_1106112876131411_958039263622046936_o.jpg?resize=350%2C200&ssl=1 1x, https:\/\/i0.wp.com\/www.grieta.org.mx\/wp-content\/uploads\/2018\/03\/14524434_1106112876131411_958039263622046936_o.jpg?resize=525%2C300&ssl=1 1.5x, https:\/\/i0.wp.com\/www.grieta.org.mx\/wp-content\/uploads\/2018\/03\/14524434_1106112876131411_958039263622046936_o.jpg?resize=700%2C400&ssl=1 2x"},"classes":[]},{"id":41806,"url":"https:\/\/www.grieta.org.mx\/index.php\/2019\/11\/18\/incrementa-contaminacion-por-siembra-de-soya-transgenica-en-mas-de-70-mil-hectareas-de-la-peninsula-de-yucatan-alertan-apicultores\/","url_meta":{"origin":69002,"position":3},"title":"Incrementa contaminaci\u00f3n por siembra de soya transg\u00e9nica en m\u00e1s de 70 mil hect\u00e1reas de la Pen\u00ednsula de Yucat\u00e1n, alertan apicultores","author":"grieta","date":"18 noviembre, 2019","format":false,"excerpt":"Agencia SIM\/ Noticaribe PLAYA DEL CARMEN, MX.- La contaminaci\u00f3n por la siembra ilegal de cultivos transg\u00e9nicos sol\u00eda estar confinada a la zona de Holpech\u00e9n, en Campeche, pero ahora ya se ha expandido a otros puntos, como M\u00e9rida, Yucat\u00e1n y Felipe Carrillo Puerto y Bacalar, en Quintana Roo. Advertisement Anastasio Oliveros\u2026","rel":"","context":"En &quot;Campeche&quot;","block_context":{"text":"Campeche","link":"https:\/\/www.grieta.org.mx\/index.php\/category\/noticias-nacionales\/campeche\/"},"img":{"alt_text":"","src":"https:\/\/i0.wp.com\/www.grieta.org.mx\/wp-content\/uploads\/2019\/12\/ContaminacionSoya-e1575489474127.png?resize=350%2C200&ssl=1","width":350,"height":200,"srcset":"https:\/\/i0.wp.com\/www.grieta.org.mx\/wp-content\/uploads\/2019\/12\/ContaminacionSoya-e1575489474127.png?resize=350%2C200&ssl=1 1x, https:\/\/i0.wp.com\/www.grieta.org.mx\/wp-content\/uploads\/2019\/12\/ContaminacionSoya-e1575489474127.png?resize=525%2C300&ssl=1 1.5x, https:\/\/i0.wp.com\/www.grieta.org.mx\/wp-content\/uploads\/2019\/12\/ContaminacionSoya-e1575489474127.png?resize=700%2C400&ssl=1 2x"},"classes":[]},{"id":14967,"url":"https:\/\/www.grieta.org.mx\/index.php\/2016\/06\/15\/por-agroquimicos-perdidas-cientos-de-cajas-de-abejas-campeche\/","url_meta":{"origin":69002,"position":4},"title":"Por agroqu\u00edmicos, perdidas cientos de cajas de abejas  (Campeche)","author":"grieta","date":"15 junio, 2016","format":false,"excerpt":"Por Ronny Aguilar CAMPECHE, Cam. 15 de junio del 2016.- Gustavo Huch\u00edn Cahuich, miembro del Colectivo Ap\u00edcola de Los Chenes, se\u00f1al\u00f3 que hay graves afectaciones a la apicultura por la siembra de monocultivos extensivos, y estim\u00f3 que se han perdido cientos de cajas de abejas y que ha bajado la\u2026","rel":"","context":"En &quot;16. Pueblo Maya&quot;","block_context":{"text":"16. Pueblo Maya","link":"https:\/\/www.grieta.org.mx\/index.php\/category\/espejos-de-la-resistencia\/16-pueblo-maya\/"},"img":{"alt_text":"","src":"https:\/\/i0.wp.com\/www.grieta.org.mx\/wp-content\/uploads\/2018\/03\/14524434_1106112876131411_958039263622046936_o.jpg?resize=350%2C200&ssl=1","width":350,"height":200,"srcset":"https:\/\/i0.wp.com\/www.grieta.org.mx\/wp-content\/uploads\/2018\/03\/14524434_1106112876131411_958039263622046936_o.jpg?resize=350%2C200&ssl=1 1x, https:\/\/i0.wp.com\/www.grieta.org.mx\/wp-content\/uploads\/2018\/03\/14524434_1106112876131411_958039263622046936_o.jpg?resize=525%2C300&ssl=1 1.5x, https:\/\/i0.wp.com\/www.grieta.org.mx\/wp-content\/uploads\/2018\/03\/14524434_1106112876131411_958039263622046936_o.jpg?resize=700%2C400&ssl=1 2x"},"classes":[]},{"id":15617,"url":"https:\/\/www.grieta.org.mx\/index.php\/2016\/06\/29\/alertan-a-hopelchen-campeche-sobre-contaminacion-de-glifosato\/","url_meta":{"origin":69002,"position":5},"title":"Alertan a Hopelchen (Campeche) sobre contaminaci\u00f3n de glifosato","author":"grieta","date":"29 junio, 2016","format":false,"excerpt":"7 de cada 10 menores en Ich Ek presentan glifosato en la orina, dijo Alvaro Mena Fuentes, de la Asociaci\u00f3n Civil Ka-Kuxtal (Jorge Caamal Ek) HOPELCHEN, Cam., 29 de junio. La comunidad chenera debe tener mucho cuidado por la contaminaci\u00f3n masiva en el manto Fre\u00e1tico por la reciente investigaci\u00f3n de\u2026","rel":"","context":"En &quot;16. Pueblo Maya&quot;","block_context":{"text":"16. Pueblo Maya","link":"https:\/\/www.grieta.org.mx\/index.php\/category\/espejos-de-la-resistencia\/16-pueblo-maya\/"},"img":{"alt_text":"","src":"https:\/\/i0.wp.com\/www.grieta.org.mx\/wp-content\/uploads\/2018\/03\/14524434_1106112876131411_958039263622046936_o.jpg?resize=350%2C200&ssl=1","width":350,"height":200,"srcset":"https:\/\/i0.wp.com\/www.grieta.org.mx\/wp-content\/uploads\/2018\/03\/14524434_1106112876131411_958039263622046936_o.jpg?resize=350%2C200&ssl=1 1x, https:\/\/i0.wp.com\/www.grieta.org.mx\/wp-content\/uploads\/2018\/03\/14524434_1106112876131411_958039263622046936_o.jpg?resize=525%2C300&ssl=1 1.5x, https:\/\/i0.wp.com\/www.grieta.org.mx\/wp-content\/uploads\/2018\/03\/14524434_1106112876131411_958039263622046936_o.jpg?resize=700%2C400&ssl=1 2x"},"classes":[]}],"_links":{"self":[{"href":"https:\/\/www.grieta.org.mx\/index.php\/wp-json\/wp\/v2\/posts\/69002","targetHints":{"allow":["GET"]}}],"collection":[{"href":"https:\/\/www.grieta.org.mx\/index.php\/wp-json\/wp\/v2\/posts"}],"about":[{"href":"https:\/\/www.grieta.org.mx\/index.php\/wp-json\/wp\/v2\/types\/post"}],"author":[{"embeddable":true,"href":"https:\/\/www.grieta.org.mx\/index.php\/wp-json\/wp\/v2\/users\/2"}],"replies":[{"embeddable":true,"href":"https:\/\/www.grieta.org.mx\/index.php\/wp-json\/wp\/v2\/comments?post=69002"}],"version-history":[{"count":1,"href":"https:\/\/www.grieta.org.mx\/index.php\/wp-json\/wp\/v2\/posts\/69002\/revisions"}],"predecessor-version":[{"id":69007,"href":"https:\/\/www.grieta.org.mx\/index.php\/wp-json\/wp\/v2\/posts\/69002\/revisions\/69007"}],"wp:featuredmedia":[{"embeddable":true,"href":"https:\/\/www.grieta.org.mx\/index.php\/wp-json\/wp\/v2\/media\/69003"}],"wp:attachment":[{"href":"https:\/\/www.grieta.org.mx\/index.php\/wp-json\/wp\/v2\/media?parent=69002"}],"wp:term":[{"taxonomy":"category","embeddable":true,"href":"https:\/\/www.grieta.org.mx\/index.php\/wp-json\/wp\/v2\/categories?post=69002"},{"taxonomy":"post_tag","embeddable":true,"href":"https:\/\/www.grieta.org.mx\/index.php\/wp-json\/wp\/v2\/tags?post=69002"}],"curies":[{"name":"wp","href":"https:\/\/api.w.org\/{rel}","templated":true}]}}