{"id":68995,"date":"2024-05-22T07:39:26","date_gmt":"2024-05-22T13:39:26","guid":{"rendered":"https:\/\/www.grieta.org.mx\/?p=68995"},"modified":"2024-05-26T07:53:49","modified_gmt":"2024-05-26T13:53:49","slug":"suspenden-permiso-ambiental-a-megagranja-de-los-loret-de-mola-en-yucatan-temen-contaminacion-irreversible","status":"publish","type":"post","link":"https:\/\/www.grieta.org.mx\/index.php\/2024\/05\/22\/suspenden-permiso-ambiental-a-megagranja-de-los-loret-de-mola-en-yucatan-temen-contaminacion-irreversible\/","title":{"rendered":"Suspenden permiso ambiental a megagranja de los Loret de Mola en Yucat\u00e1n; temen contaminaci\u00f3n irreversible"},"content":{"rendered":"<p>Texto y fotos: Patricio Eleisegui \/ Pie de P\u00e1gina<\/p>\n<blockquote><p>Autoridades judiciales impusieron una medida que acerca a la megagranja de la familia Loret de Mola al cierre definitivo. La instalaci\u00f3n, reconocen jueces, descarga aguas con heces fecales en el manto fre\u00e1tico y la selva, genera deforestaci\u00f3n, y afecta gravemente la vida ecosist\u00e9mica. Santa Mar\u00eda Chi cumpli\u00f3 un a\u00f1o de resistencia popular a esta factor\u00eda que depreda desde su rol de proveedora de Kek\u00e9n<\/p><\/blockquote>\n<p>YUCAT\u00c1N.- La actividad contaminante de una de las megagranjas de cerdos que la familia Loret de Mola explota en Yucat\u00e1n contin\u00faa cosechando reveses judiciales y la instalaci\u00f3n se acerca al cierre definitivo. Tras las restricciones fijadas por las autoridades judiciales en diciembre del a\u00f1o pasado, ahora el juzgado competente en la causa que se le sigue a la porc\u00edcola por contaminar a la comunidad maya de Santa Mar\u00eda Chi, en la periferia de M\u00e9rida, acaba de establecer una suspensi\u00f3n definitiva a la posibilidad de acceso a un permiso clave para la operatoria de la factor\u00eda: la Manifestaci\u00f3n de Impacto Ambiental (MIA).<\/p>\n<p>La decisi\u00f3n judicial, que adem\u00e1s reconoce el desastre ecosist\u00e9mico que viene provocando la instalaci\u00f3n sobre todo en los \u00faltimos 15 a\u00f1os, arroja por la borda los intentos de los Loret de Mola por rehabilitar el funcionamiento completo de la megagranja.<\/p>\n<p>La suspensi\u00f3n fue dictaminada por el Juzgado Tercero de Distrito a partir del amparo impulsado por Wilberth Nahuat Puc, subcomisario de Santa Mar\u00eda Chi y uno de los referentes de la lucha contra la contaminaci\u00f3n que provoca la mega granja, controlada por la familia Loret de Mola a trav\u00e9s de las firmas Grupo Porc\u00edcola San Gerardo y su asociada Chumoxil.<\/p>\n<p><img loading=\"lazy\" decoding=\"async\" data-attachment-id=\"68997\" data-permalink=\"https:\/\/www.grieta.org.mx\/index.php\/2024\/05\/22\/suspenden-permiso-ambiental-a-megagranja-de-los-loret-de-mola-en-yucatan-temen-contaminacion-irreversible\/chi2\/\" data-orig-file=\"https:\/\/www.grieta.org.mx\/wp-content\/uploads\/2024\/05\/Chi2-e1716731099517.jpg\" data-orig-size=\"800,490\" data-comments-opened=\"0\" data-image-meta=\"{&quot;aperture&quot;:&quot;0&quot;,&quot;credit&quot;:&quot;&quot;,&quot;camera&quot;:&quot;&quot;,&quot;caption&quot;:&quot;&quot;,&quot;created_timestamp&quot;:&quot;0&quot;,&quot;copyright&quot;:&quot;&quot;,&quot;focal_length&quot;:&quot;0&quot;,&quot;iso&quot;:&quot;0&quot;,&quot;shutter_speed&quot;:&quot;0&quot;,&quot;title&quot;:&quot;&quot;,&quot;orientation&quot;:&quot;1&quot;}\" data-image-title=\"Chi2\" data-image-description=\"\" data-image-caption=\"\" data-medium-file=\"https:\/\/www.grieta.org.mx\/wp-content\/uploads\/2024\/05\/Chi2-300x184.jpg\" data-large-file=\"https:\/\/www.grieta.org.mx\/wp-content\/uploads\/2024\/05\/Chi2-1024x627.jpg\" src=\"http:\/\/www.grieta.org.mx\/wp-content\/uploads\/2024\/05\/Chi2-e1716731099517.jpg\" alt=\"\" width=\"800\" height=\"490\" class=\"alignnone size-full wp-image-68997\" \/><\/p>\n<p>Seg\u00fan inform\u00f3 el Instituto Federal de Defensor\u00eda P\u00fablica (IFDP), la medida impuesta por las autoridades judiciales establece que la Secretar\u00eda de Desarrollo Sustentable (SDS) de Yucat\u00e1n y su Departamento de Evaluaci\u00f3n Ambiental deben abstenerse de emitir \u201cla Manifestaci\u00f3n de Impacto Ambiental \u2013a favor de Chumoxil SA de CV, quien opera la granja de cerdos en Santa Mar\u00eda Chi\u2013 y para que realicen actos de supervisi\u00f3n e investigaci\u00f3n para analizar la solicitud de impacto ambiental, hasta tanto no se resuelva el amparo de manera definitiva\u201d.<\/p>\n<p>Al emitir la suspensi\u00f3n definitiva, se\u00f1ala el IFDP, la jueza Karla Dom\u00ednguez Aguilar \u201cconsider\u00f3 que el da\u00f1o al medio ambiente por la operaci\u00f3n de la granja porc\u00edcola podr\u00eda ser irreversible\u2026\u201d.<\/p>\n<p>La mega granja y una contaminaci\u00f3n multiplicada<\/p>\n<p>La autoridad judicial se\u00f1al\u00f3 que la factor\u00eda de los Loret de Mola \u201cgenera contaminaci\u00f3n, descargas de aguas con heces fecales, muerte de vegetaci\u00f3n, deforestaci\u00f3n, desplazamiento de especies, afectaciones al agua y al medio ambiente\u201d, entre otros flagelos.<\/p>\n<p>\u201cLa SDS y el Departamento de Evaluaci\u00f3n Ambiental de dicha Secretar\u00eda tendr\u00e1n que acatar la suspensi\u00f3n definitiva concedida al subcomisario de Santa Mar\u00eda Chi pese a que cerraron la denuncia ciudadana ambiental para beneficiar a la empresa porc\u00edcola, quien opera sin contar con los permisos correspondientes\u201d, enfatiz\u00f3 el IFDP mediante un comunicado al que accedi\u00f3 Pie de P\u00e1gina.<\/p>\n<p>Respecto de lo dispuesto por el Juzgado Tercero de Distrito, Jos\u00e9 Orvelin Montiel Cort\u00e9s, abogado de la Unidad de Litigio Estrat\u00e9gico en Derechos Humanos del IFDP, explic\u00f3 que, de no resultar impugnada por Chumoxil, la suspensi\u00f3n fijada por Dom\u00ednguez Aguilar se mantendr\u00e1 vigente hasta tanto se resuelva el amparo presentado por Nahuat Puc \u201cen su totalidad\u201d.<\/p>\n<p>\u201cEse proceso demorar\u00e1 hasta tanto el Tribunal Colegiado de Circuito resuelva la queja que interpuso la empresa en contra de la admisi\u00f3n de la demanda de amparo. Mientras tanto, la suspensi\u00f3n estar\u00e1 vigente y la SDS no podr\u00e1 emitir la MIA. La Manifestaci\u00f3n de Impacto Ambiental es uno de los permisos m\u00e1s importantes que debe tener la mega granja para seguir operando\u201d, precis\u00f3.<\/p>\n<p>\u201cA la SDS le corresponder\u00e1, adem\u00e1s, vigilar que la mega granja y su operaci\u00f3n restringida no lleven a cabo pr\u00e1cticas contaminantes. Esto es, que no siga vertiendo aguas residuales al manto o generando malos olores. La factor\u00eda hoy funciona con restricciones y esto frena un poco m\u00e1s su funcionamiento. Resta conseguir que se le quite la licencia de funcionamiento\u201d, dijo a Pie de P\u00e1gina.<\/p>\n<p><img loading=\"lazy\" decoding=\"async\" data-attachment-id=\"68998\" data-permalink=\"https:\/\/www.grieta.org.mx\/index.php\/2024\/05\/22\/suspenden-permiso-ambiental-a-megagranja-de-los-loret-de-mola-en-yucatan-temen-contaminacion-irreversible\/chi3\/\" data-orig-file=\"https:\/\/www.grieta.org.mx\/wp-content\/uploads\/2024\/05\/Chi3-e1716731217570.jpg\" data-orig-size=\"800,532\" data-comments-opened=\"0\" data-image-meta=\"{&quot;aperture&quot;:&quot;0&quot;,&quot;credit&quot;:&quot;&quot;,&quot;camera&quot;:&quot;&quot;,&quot;caption&quot;:&quot;&quot;,&quot;created_timestamp&quot;:&quot;0&quot;,&quot;copyright&quot;:&quot;&quot;,&quot;focal_length&quot;:&quot;0&quot;,&quot;iso&quot;:&quot;0&quot;,&quot;shutter_speed&quot;:&quot;0&quot;,&quot;title&quot;:&quot;&quot;,&quot;orientation&quot;:&quot;1&quot;}\" data-image-title=\"Chi3\" data-image-description=\"\" data-image-caption=\"\" data-medium-file=\"https:\/\/www.grieta.org.mx\/wp-content\/uploads\/2024\/05\/Chi3-300x200.jpg\" data-large-file=\"https:\/\/www.grieta.org.mx\/wp-content\/uploads\/2024\/05\/Chi3-1024x681.jpg\" src=\"http:\/\/www.grieta.org.mx\/wp-content\/uploads\/2024\/05\/Chi3-e1716731217570.jpg\" alt=\"\" width=\"800\" height=\"532\" class=\"alignnone size-full wp-image-68998\" \/><\/p>\n<p>Un a\u00f1o de resistencia popular en Santa Mar\u00eda Chi<\/p>\n<p>La mega granja de los Loret de Mola en Santa Mar\u00eda Chi \u2013comisar\u00eda que re\u00fane a poco m\u00e1s de 500 habitantes\u2013 integra a casi 60 mil cerdos y desde hace un a\u00f1o enfrenta el rechazo absoluto de la comunidad por las afectaciones que su funcionamiento genera en la salud y el ambiente de esa poblaci\u00f3n maya.<\/p>\n<p>En mayo de 2023, la porc\u00edcola realiz\u00f3 diversas quemas de excretas de cerdos que, explic\u00f3 Nahuat Puc en distintas conversaciones con este medio, provoc\u00f3 entre los pobladores diversos \u201cproblemas respiratorios, faringitis, bronquitis, asma y rinitis, problemas que se han agravado hasta volverse cr\u00f3nicos sobre todo en ni\u00f1os y adultos mayores\u201d.<\/p>\n<p><img loading=\"lazy\" decoding=\"async\" data-attachment-id=\"68999\" data-permalink=\"https:\/\/www.grieta.org.mx\/index.php\/2024\/05\/22\/suspenden-permiso-ambiental-a-megagranja-de-los-loret-de-mola-en-yucatan-temen-contaminacion-irreversible\/chi4\/\" data-orig-file=\"https:\/\/www.grieta.org.mx\/wp-content\/uploads\/2024\/05\/Chi4-e1716731306486.jpg\" data-orig-size=\"800,593\" data-comments-opened=\"0\" data-image-meta=\"{&quot;aperture&quot;:&quot;0&quot;,&quot;credit&quot;:&quot;&quot;,&quot;camera&quot;:&quot;&quot;,&quot;caption&quot;:&quot;&quot;,&quot;created_timestamp&quot;:&quot;0&quot;,&quot;copyright&quot;:&quot;&quot;,&quot;focal_length&quot;:&quot;0&quot;,&quot;iso&quot;:&quot;0&quot;,&quot;shutter_speed&quot;:&quot;0&quot;,&quot;title&quot;:&quot;&quot;,&quot;orientation&quot;:&quot;1&quot;}\" data-image-title=\"Chi4\" data-image-description=\"\" data-image-caption=\"\" data-medium-file=\"https:\/\/www.grieta.org.mx\/wp-content\/uploads\/2024\/05\/Chi4-300x223.jpg\" data-large-file=\"https:\/\/www.grieta.org.mx\/wp-content\/uploads\/2024\/05\/Chi4-1024x760.jpg\" src=\"http:\/\/www.grieta.org.mx\/wp-content\/uploads\/2024\/05\/Chi4-e1716731306486.jpg\" alt=\"\" width=\"800\" height=\"593\" class=\"alignnone size-full wp-image-68999\" \/><\/p>\n<p>\u201cRealizamos m\u00e1s de 20 denuncias populares en estos meses. Todos aqu\u00ed realizamos esos pedidos en l\u00ednea ante la Semarnat, a quien pedimos intervenci\u00f3n. Estos pedidos han sido omitidos hasta la fecha aunque es su obligaci\u00f3n, junto con la Secretar\u00eda de Desarrollo Sustentable, garantizar la manifestaci\u00f3n de impacto ambiental. Tenemos el derecho humano a vivir en un ambiente sano. Tambi\u00e9n hicimos denuncias ante la Profepa para que investigue las infracciones a las normas ambientales y aplique sanciones. Tampoco ha actuado hasta la fecha\u201d, afirm\u00f3 el funcionario.<\/p>\n<p>Por su rol al frente de la lucha por detener a la mega factor\u00eda, Nahuat Puc ha sido v\u00edctima de distintas pr\u00e1cticas de persecuci\u00f3n judicial activadas por Grupo Porc\u00edcola San Gerardo y Chumoxil a lo largo del \u00faltimo a\u00f1o. Recientemente, el subcomisario de Santa Mar\u00eda Chi incluso fue objeto de una campa\u00f1a de desprestigio que, estimulada a trav\u00e9s de las redes sociales y sin ahorrar en calumnias e injurias, busc\u00f3 instalar la falacia de que el funcionario se opone a la mega granja de los Loret de Mola porque prev\u00e9 estimular la inversi\u00f3n inmobiliaria en la comunidad.<\/p>\n<p>La mega factor\u00eda de San Gerardo y Chumoxil en Santa Mar\u00eda Chi funciona como aparcera \u2013esto es, proveedora\u2013 de Kek\u00e9n, la controvertida compa\u00f1\u00eda del Grupo KUO que monopoliza la producci\u00f3n de carne de cerdo en la Pen\u00ednsula de Yucat\u00e1n. Y cuya operatoria, basada en la depredaci\u00f3n ambiental, el maltrato animal y la explotaci\u00f3n laboral, acumula una copiosa bater\u00eda de denuncias y rechazo social en el territorio maya.<\/p>\n<p><a href=\"https:\/\/piedepagina.mx\/suspenden-permiso-ambiental-a-megagranja-de-los-loret-de-mola-en-yucatan-temen-contaminacion-irreversible\/\" rel=\"noopener\" target=\"_blank\">https:\/\/piedepagina.mx\/suspenden-permiso-ambiental-a-megagranja-de-los-loret-de-mola-en-yucatan-temen-contaminacion-irreversible\/<\/a><\/p>\n","protected":false},"excerpt":{"rendered":"<p>Texto y fotos: Patricio Eleisegui \/ Pie de P\u00e1gina Autoridades judiciales impusieron una medida que acerca a la megagranja de la familia Loret de Mola al cierre definitivo. La instalaci\u00f3n, &hellip; <a href=\"https:\/\/www.grieta.org.mx\/index.php\/2024\/05\/22\/suspenden-permiso-ambiental-a-megagranja-de-los-loret-de-mola-en-yucatan-temen-contaminacion-irreversible\/\" class=\"more-link\">Leer m\u00e1s<\/a><\/p>\n","protected":false},"author":2,"featured_media":68996,"comment_status":"closed","ping_status":"closed","sticky":false,"template":"","format":"standard","meta":{"ngg_post_thumbnail":0,"_jetpack_newsletter_access":"","_jetpack_dont_email_post_to_subs":false,"_jetpack_newsletter_tier_id":0,"_jetpack_memberships_contains_paywalled_content":false,"_jetpack_memberships_contains_paid_content":false,"footnotes":""},"categories":[42,80,3538,2943,1020,1023,3,922,952,2,36],"tags":[3820,91,2177,1022,3785,4193],"class_list":["post-68995","post","type-post","status-publish","format-standard","has-post-thumbnail","hentry","category-agroindustria","category-cintillo","category-crisis-del-agua-en-yucatan","category-destruccion-y-contaminacion-ambiental-en-yucatan","category-granja-porcicola","category-lucha-contra-granja-porcicola","category-megaproyectos","category-megaproyectos-estados","category-mp-yucatan","category-noticias-nacionales","category-yucatan","tag-amparos","tag-contaminacion-ambiental","tag-contaminacion-de-acuiferos","tag-granja-porcicola","tag-megagranja","tag-santa-maria-chi","entry"],"jetpack_featured_media_url":"https:\/\/www.grieta.org.mx\/wp-content\/uploads\/2024\/05\/Chi-e1716731001557.jpg","jetpack_sharing_enabled":true,"jetpack_shortlink":"https:\/\/wp.me\/p7ZJR4-hWP","jetpack_likes_enabled":false,"jetpack-related-posts":[{"id":70710,"url":"https:\/\/www.grieta.org.mx\/index.php\/2024\/12\/12\/defensor-maya-criminalizado-por-los-loret-de-mola-libra-la-carcel-por-ahora-yucatan\/","url_meta":{"origin":68995,"position":0},"title":"Defensor maya criminalizado por los Loret de Mola libra la c\u00e1rcel, por ahora (Yucat\u00e1n)","author":"grieta","date":"12 diciembre, 2024","format":false,"excerpt":"Texto y fotos: Patricio Eleisegui \/ Pie de P\u00e1gina Las familias Loret de Mola y Coldwell buscan encarcelar a Wilberth Nahuat Puc, el comisario de Santa Mar\u00eda Chi que se opone a una mega granja contaminante. Lo acusan judicialmente de da\u00f1o a la propiedad y privaci\u00f3n ileg\u00edtima de la libertad.\u2026","rel":"","context":"En &quot;Agresiones y amenazas a defensor@s de derechos humanos y activistas en Yucat\u00e1n&quot;","block_context":{"text":"Agresiones y amenazas a defensor@s de derechos humanos y activistas en Yucat\u00e1n","link":"https:\/\/www.grieta.org.mx\/index.php\/category\/noticias-nacionales\/yucatan\/ataques-a-defensors-de-derechos-humanos-en-yucatan\/"},"img":{"alt_text":"","src":"https:\/\/i0.wp.com\/www.grieta.org.mx\/wp-content\/uploads\/2024\/12\/StaMariaChi-e1734901024642.jpg?resize=350%2C200&ssl=1","width":350,"height":200,"srcset":"https:\/\/i0.wp.com\/www.grieta.org.mx\/wp-content\/uploads\/2024\/12\/StaMariaChi-e1734901024642.jpg?resize=350%2C200&ssl=1 1x, https:\/\/i0.wp.com\/www.grieta.org.mx\/wp-content\/uploads\/2024\/12\/StaMariaChi-e1734901024642.jpg?resize=525%2C300&ssl=1 1.5x, https:\/\/i0.wp.com\/www.grieta.org.mx\/wp-content\/uploads\/2024\/12\/StaMariaChi-e1734901024642.jpg?resize=700%2C400&ssl=1 2x"},"classes":[]},{"id":68848,"url":"https:\/\/www.grieta.org.mx\/index.php\/2024\/04\/26\/santa-maria-chi-obtiene-otra-suspension-en-el-caso-de-la-megagranja-yucatan\/","url_meta":{"origin":68995,"position":1},"title":"Santa Mar\u00eda Chi obtiene otra suspensi\u00f3n en el caso de la megagranja (Yucat\u00e1n)","author":"grieta","date":"26 abril, 2024","format":false,"excerpt":"Por Paloma Reyes \/ Haz Ruido La Secretar\u00eda de Desarrollo Sustentable no podr\u00e1 otorgar la Manifestaci\u00f3n de Impacto Ambiental, en caso de que proceda, a la compa\u00f1\u00eda porc\u00edcola hasta que termine el juicio. M\u00e9rida, Yucat\u00e1n, 26 de abril de 2024.-La jueza Karla Alexandra Dom\u00ednguez Aguilar, titular del Juzgado Tercero de\u2026","rel":"","context":"En &quot;Agroindustria&quot;","block_context":{"text":"Agroindustria","link":"https:\/\/www.grieta.org.mx\/index.php\/category\/megaproyectos\/agroindustria\/"},"img":{"alt_text":"","src":"https:\/\/i0.wp.com\/www.grieta.org.mx\/wp-content\/uploads\/2024\/04\/StaMariaChi-e1714415691144.jpg?resize=350%2C200&ssl=1","width":350,"height":200,"srcset":"https:\/\/i0.wp.com\/www.grieta.org.mx\/wp-content\/uploads\/2024\/04\/StaMariaChi-e1714415691144.jpg?resize=350%2C200&ssl=1 1x, https:\/\/i0.wp.com\/www.grieta.org.mx\/wp-content\/uploads\/2024\/04\/StaMariaChi-e1714415691144.jpg?resize=525%2C300&ssl=1 1.5x, https:\/\/i0.wp.com\/www.grieta.org.mx\/wp-content\/uploads\/2024\/04\/StaMariaChi-e1714415691144.jpg?resize=700%2C400&ssl=1 2x"},"classes":[]},{"id":69113,"url":"https:\/\/www.grieta.org.mx\/index.php\/2024\/06\/08\/los-loret-de-mola-niegan-existencia-de-comunidades-mayas-para-justificar-mega-granja-en-yucatan\/","url_meta":{"origin":68995,"position":2},"title":"Los Loret de Mola niegan existencia de comunidades mayas para justificar mega granja en Yucat\u00e1n","author":"grieta","date":"8 junio, 2024","format":false,"excerpt":"Texto y fotos: Patricio Eleisegui \/ Pie de P\u00e1gina La familia es propietaria de una megafactor\u00eda con m\u00e1s de 60 mil cerdos que contamina la comunidad de Santa Mar\u00eda Chi y sus alrededores. Tras recibir reveses judiciales que les quitaron permisos ambientales, los Loret de Mola activaron una consulta p\u00fablica\u2026","rel":"","context":"En &quot;Agroindustria&quot;","block_context":{"text":"Agroindustria","link":"https:\/\/www.grieta.org.mx\/index.php\/category\/megaproyectos\/agroindustria\/"},"img":{"alt_text":"","src":"https:\/\/i0.wp.com\/www.grieta.org.mx\/wp-content\/uploads\/2024\/06\/StaMaChi-e1717980428791.jpg?resize=350%2C200&ssl=1","width":350,"height":200,"srcset":"https:\/\/i0.wp.com\/www.grieta.org.mx\/wp-content\/uploads\/2024\/06\/StaMaChi-e1717980428791.jpg?resize=350%2C200&ssl=1 1x, https:\/\/i0.wp.com\/www.grieta.org.mx\/wp-content\/uploads\/2024\/06\/StaMaChi-e1717980428791.jpg?resize=525%2C300&ssl=1 1.5x, https:\/\/i0.wp.com\/www.grieta.org.mx\/wp-content\/uploads\/2024\/06\/StaMaChi-e1717980428791.jpg?resize=700%2C400&ssl=1 2x"},"classes":[]},{"id":64282,"url":"https:\/\/www.grieta.org.mx\/index.php\/2022\/05\/17\/habitantes-de-sitilpech-exigen-cerrar-granjas-porcicolas-en-yucatan-afuera-del-poder-judicial\/","url_meta":{"origin":68995,"position":3},"title":"Habitantes de Sitilpech exigen cerrar granjas porc\u00edcolas en Yucat\u00e1n afuera del Poder Judicial","author":"grieta","date":"17 mayo, 2022","format":false,"excerpt":"Ruben Dar\u00edo Hau \/ Por Esto! Habitantes de Sitilpech, comisar\u00eda de Izamal, se manifiestan frente a la sede del Poder Judicial de la Federal, en M\u00e9rida, para insistir en que el Juez Primero de Distrito conceda la suspensi\u00f3n definitiva de la granja porc\u00edcola, Kancabch\u00e9n II, aparcera de Kek\u00e9n. El pasado\u2026","rel":"","context":"En &quot;16. Pueblo Maya&quot;","block_context":{"text":"16. Pueblo Maya","link":"https:\/\/www.grieta.org.mx\/index.php\/category\/espejos-de-la-resistencia\/16-pueblo-maya\/"},"img":{"alt_text":"","src":"https:\/\/i0.wp.com\/www.grieta.org.mx\/wp-content\/uploads\/2022\/05\/Sitilpech-e1653577169242.png?resize=350%2C200&ssl=1","width":350,"height":200,"srcset":"https:\/\/i0.wp.com\/www.grieta.org.mx\/wp-content\/uploads\/2022\/05\/Sitilpech-e1653577169242.png?resize=350%2C200&ssl=1 1x, https:\/\/i0.wp.com\/www.grieta.org.mx\/wp-content\/uploads\/2022\/05\/Sitilpech-e1653577169242.png?resize=525%2C300&ssl=1 1.5x, https:\/\/i0.wp.com\/www.grieta.org.mx\/wp-content\/uploads\/2022\/05\/Sitilpech-e1653577169242.png?resize=700%2C400&ssl=1 2x"},"classes":[]},{"id":65889,"url":"https:\/\/www.grieta.org.mx\/index.php\/2022\/12\/07\/megagranja-de-cerdos-pretende-que-se-revierta-amparo-de-sitilpech-yucatan\/","url_meta":{"origin":68995,"position":4},"title":"Megagranja de cerdos pretende que se revierta amparo de Sitilpech (Yucat\u00e1n)","author":"grieta","date":"7 diciembre, 2022","format":false,"excerpt":"Paloma Reyes \/ Haz Ruido Colectivos aseguran que el riesgo radica en los antecedentes del juez que lleva el caso, qui\u00e9n ha desechado otros amparos similares. M\u00e9rida, Yucat\u00e1n, 7 de diciembre de 2022.-El colectivo \u201cLa Esperanza de Sitilpech\u201d advirti\u00f3 que est\u00e1 en riesgo de ser desechado el amparo en contra\u2026","rel":"","context":"En &quot;Agroindustria&quot;","block_context":{"text":"Agroindustria","link":"https:\/\/www.grieta.org.mx\/index.php\/category\/megaproyectos\/agroindustria\/"},"img":{"alt_text":"","src":"https:\/\/i0.wp.com\/www.grieta.org.mx\/wp-content\/uploads\/2022\/12\/Sitilpech-e1670521260564.jpg?resize=350%2C200&ssl=1","width":350,"height":200,"srcset":"https:\/\/i0.wp.com\/www.grieta.org.mx\/wp-content\/uploads\/2022\/12\/Sitilpech-e1670521260564.jpg?resize=350%2C200&ssl=1 1x, https:\/\/i0.wp.com\/www.grieta.org.mx\/wp-content\/uploads\/2022\/12\/Sitilpech-e1670521260564.jpg?resize=525%2C300&ssl=1 1.5x, https:\/\/i0.wp.com\/www.grieta.org.mx\/wp-content\/uploads\/2022\/12\/Sitilpech-e1670521260564.jpg?resize=700%2C400&ssl=1 2x"},"classes":[]},{"id":67720,"url":"https:\/\/www.grieta.org.mx\/index.php\/2023\/09\/09\/keken-se-burla-de-la-ley-continua-operaciones-en-la-granja-clausurada-de-santa-maria-chi-en-merida-yucatan\/","url_meta":{"origin":68995,"position":5},"title":"Kek\u00e9n &#8216;se burla&#8217; de la ley; contin\u00faa operaciones en la granja clausurada de Santa Mar\u00eda Ch\u00ed en M\u00e9rida (Yucat\u00e1n)","author":"grieta","date":"9 septiembre, 2023","format":false,"excerpt":"Rub\u00e9n Dar\u00edo Hau \/ Por Esto! \u201cHartazgo\u201d, es el calificativo que los pobladores de la comisar\u00eda de Santa Mar\u00eda Ch\u00ed expresaron contra la granja San Carlos, aparcera de Kek\u00e9n, que a pesar de que fue cerrada parcialmente, a\u00fan funciona en su interior: siguen engordando alrededor de 60 mil cerdos en\u2026","rel":"","context":"En &quot;Agroindustria&quot;","block_context":{"text":"Agroindustria","link":"https:\/\/www.grieta.org.mx\/index.php\/category\/megaproyectos\/agroindustria\/"},"img":{"alt_text":"","src":"https:\/\/i0.wp.com\/www.grieta.org.mx\/wp-content\/uploads\/2023\/09\/StaMariaChi-e1694453189168.jpg?resize=350%2C200&ssl=1","width":350,"height":200,"srcset":"https:\/\/i0.wp.com\/www.grieta.org.mx\/wp-content\/uploads\/2023\/09\/StaMariaChi-e1694453189168.jpg?resize=350%2C200&ssl=1 1x, https:\/\/i0.wp.com\/www.grieta.org.mx\/wp-content\/uploads\/2023\/09\/StaMariaChi-e1694453189168.jpg?resize=525%2C300&ssl=1 1.5x, https:\/\/i0.wp.com\/www.grieta.org.mx\/wp-content\/uploads\/2023\/09\/StaMariaChi-e1694453189168.jpg?resize=700%2C400&ssl=1 2x"},"classes":[]}],"_links":{"self":[{"href":"https:\/\/www.grieta.org.mx\/index.php\/wp-json\/wp\/v2\/posts\/68995","targetHints":{"allow":["GET"]}}],"collection":[{"href":"https:\/\/www.grieta.org.mx\/index.php\/wp-json\/wp\/v2\/posts"}],"about":[{"href":"https:\/\/www.grieta.org.mx\/index.php\/wp-json\/wp\/v2\/types\/post"}],"author":[{"embeddable":true,"href":"https:\/\/www.grieta.org.mx\/index.php\/wp-json\/wp\/v2\/users\/2"}],"replies":[{"embeddable":true,"href":"https:\/\/www.grieta.org.mx\/index.php\/wp-json\/wp\/v2\/comments?post=68995"}],"version-history":[{"count":1,"href":"https:\/\/www.grieta.org.mx\/index.php\/wp-json\/wp\/v2\/posts\/68995\/revisions"}],"predecessor-version":[{"id":69001,"href":"https:\/\/www.grieta.org.mx\/index.php\/wp-json\/wp\/v2\/posts\/68995\/revisions\/69001"}],"wp:featuredmedia":[{"embeddable":true,"href":"https:\/\/www.grieta.org.mx\/index.php\/wp-json\/wp\/v2\/media\/68996"}],"wp:attachment":[{"href":"https:\/\/www.grieta.org.mx\/index.php\/wp-json\/wp\/v2\/media?parent=68995"}],"wp:term":[{"taxonomy":"category","embeddable":true,"href":"https:\/\/www.grieta.org.mx\/index.php\/wp-json\/wp\/v2\/categories?post=68995"},{"taxonomy":"post_tag","embeddable":true,"href":"https:\/\/www.grieta.org.mx\/index.php\/wp-json\/wp\/v2\/tags?post=68995"}],"curies":[{"name":"wp","href":"https:\/\/api.w.org\/{rel}","templated":true}]}}