{"id":68977,"date":"2024-05-24T17:33:00","date_gmt":"2024-05-24T23:33:00","guid":{"rendered":"https:\/\/www.grieta.org.mx\/?p=68977"},"modified":"2024-05-25T17:40:42","modified_gmt":"2024-05-25T23:40:42","slug":"enfrentan-habitantes-de-nextlalpan-problemas-graves-de-suministro-de-agua-estado-de-mexico","status":"publish","type":"post","link":"https:\/\/www.grieta.org.mx\/index.php\/2024\/05\/24\/enfrentan-habitantes-de-nextlalpan-problemas-graves-de-suministro-de-agua-estado-de-mexico\/","title":{"rendered":"Enfrentan habitantes de Nextlalpan problemas graves de suministro de agua (Estado de M\u00e9xico)"},"content":{"rendered":"<p>Por \u00a0H Grupo Editorial<\/p>\n<p>Foto tomada de: hgrupoeditorial.com\/<\/p>\n<p>Habitantes del municipio de Nextlalpan manifestaron que por a\u00f1os han padecido de falta de agua, con las obras de interconexi\u00f3n de acceso al Aeropuerto Internacional Felipe \u00c1ngeles (AIFA), el desabasto empeor\u00f3 y para colmo un adeudo de 10 millones de pesos a la CFE ha cancelado el servicio.<\/p>\n<p>Con la promesa de que los servicios y en su totalidad una forma de vida ser\u00eda mejor con la construcci\u00f3n de la magna obra de gobierno federal del AIFA, habitantes de los Fraccionamientos Santa In\u00e9s y\u00a0\u00a0<span class=\"google-anno-t\">Paseos del Valle 1<\/span>\u00a0y 2, vivieron el proceso de modificaci\u00f3n de la zona ejidal, el cual ocasion\u00f3 diversos cortes al servicio, que en a\u00f1os anteriores no fue mejor, pero en los \u00faltimos a\u00f1os fue nulo, comenta habitante de Paseos.<\/p>\n<p>Las unidades habitacionales Paseos del Valle siguen viviendo con diversos inconvenientes y es que a pesar de los compromisos de la autoridad, estos problemas no se han solucionado, por el contrario, han empeorado, los habitantes manifiestan que a la falta del agua se le suma una mala administraci\u00f3n con un adeudo de m\u00e1s de 10 millones de pesos de energ\u00eda que no han sido pagados por la autoridad responsable, se\u00f1alan que la operaci\u00f3n de la bomba del pozo que surte a este fraccionamiento, se realiza de manera irregular, ya que el servicio por parte de CFE ha sido cancelado; los inspectores los desconectan y Odapanex conecta, ocasionado la da\u00f1os a la instalaci\u00f3n y al transformador.<\/p>\n<p>Actualmente el Organismo lleva dos d\u00edas instalando un transformador, luego de la insistencia, el tema parece resolverse moment\u00e1neamente, pero habr\u00eda que pagar el adeudo, Odapanex reparte agua en pipas, pero son insuficientes, lo que realmente desean los vecinos necesitan tener un servicio constante.<\/p>\n<p>La mesa directiva de Paseos del Valle inform\u00f3 que tienen ni\u00f1os, personas de la tercera edad que requieren el servicio de agua, no hay forma de almacenamiento por ser espacios peque\u00f1os, a su vez autoridad limita con la colocaci\u00f3n de tinacos y cisternas, indican que han sido tolerantes con los horarios de agua, la dotaci\u00f3n de pipas, reconocen que s\u00f3lo el 13 por ciento cumple con el pago, pero esa es una que le compete a la administraci\u00f3n; buscar alternativas o estrategias para que los vecinos regularicen sus situaciones, ya que no pueden padecerlo todos.<\/p>\n<p>A la fecha el servicio no ha sido recuperado, piden ser informados de los avances en la colocaci\u00f3n del transformador y toda decisi\u00f3n que afecte la comunidad, exigen a la presidenta municipal, Lorena Alameda y al l\u00edder Adriel Negrete, quienes es encuentran en campa\u00f1a, den continuidad a los trabajos y no respondan con promesas en temporadas electorales, tambi\u00e9n requieren mejoras, ya que la gente ha contribuido con su propio dinero para reactivar el servicio en algunas ocasiones.<\/p>\n<p>Mencionan que adem\u00e1s la calidad del agua no es muy buena, cuando les llega a caer a sus domicilios, aparecen sedimentos, aparentemente es acero, mientras personal del Organismo de agua les ha indicado que no son nocivos para la salud.<\/p>\n<p>Los habitantes hacen un llamado a las autoridades municipales para que hagan lo posible por que no se prolongue m\u00e1s el tiempo el recibir el servicio regular, de lo contrario se ver\u00e1n en la necesidad de bloquear el Circuito Exterior Mexiquense, que les queda a poca distancia de sus domicilios.<\/p>\n<p><a href=\"https:\/\/hgrupoeditorial.com\/enfrentan-habitantes-de-nextlalpan-problemas-graves-de-suministro-de-agua\/?__cf_chl_tk=Y6EyZbJY8_8Kdo_EeyeQ.OKP58SRG.TpXc.bzgHmxnI-1716679854-0.0.1.1-1706\" target=\"_blank\" rel=\"noopener\">https:\/\/hgrupoeditorial.com\/enfrentan-habitantes-de-nextlalpan-problemas-graves-de-suministro-de-agua\/?__cf_chl_tk=Y6EyZbJY8_8Kdo_EeyeQ.OKP58SRG.TpXc.bzgHmxnI-1716679854-0.0.1.1-1706<\/a><\/p>\n<p>&nbsp;<\/p>\n","protected":false},"excerpt":{"rendered":"<p>Por \u00a0H Grupo Editorial Foto tomada de: hgrupoeditorial.com\/ Habitantes del municipio de Nextlalpan manifestaron que por a\u00f1os han padecido de falta de agua, con las obras de interconexi\u00f3n de acceso &hellip; <a href=\"https:\/\/www.grieta.org.mx\/index.php\/2024\/05\/24\/enfrentan-habitantes-de-nextlalpan-problemas-graves-de-suministro-de-agua-estado-de-mexico\/\" class=\"more-link\">Leer m\u00e1s<\/a><\/p>\n","protected":false},"author":2,"featured_media":68978,"comment_status":"closed","ping_status":"closed","sticky":false,"template":"","format":"standard","meta":{"ngg_post_thumbnail":0,"_jetpack_newsletter_access":"","_jetpack_dont_email_post_to_subs":false,"_jetpack_newsletter_tier_id":0,"_jetpack_memberships_contains_paywalled_content":false,"_jetpack_memberships_contains_paid_content":false,"footnotes":""},"categories":[80,1571,2492,914,3034,16,922,3035,932,2,83],"tags":[2494,2403,96],"class_list":["post-68977","post","type-post","status-publish","format-standard","has-post-thumbnail","hentry","category-cintillo","category-conflictos-por-falta-de-agua-en-el-estado-de-mexico","category-conflictos-por-la-construccion-del-aeropuerto-en-la-base-militar-de-santa-lucia","category-privatizacion-del-agua","category-crisis-del-agua-en-el-estado-de-mexico","category-estado-de-mexico","category-megaproyectos-estados","category-movilizaciones-y-protestas-de-habitantes-en-el-estado-de-mexico","category-mp-edo-mex","category-noticias-nacionales","category-temas-nacionales","tag-aeropuerto-santa-lucia","tag-crisis-del-agua","tag-megaproyectos","entry"],"jetpack_featured_media_url":"https:\/\/www.grieta.org.mx\/wp-content\/uploads\/2024\/05\/Enfrentan-habitantes-de-Nextlalpan-problemas-graves-de-suministro-de-agua.jpg","jetpack_sharing_enabled":true,"jetpack_shortlink":"https:\/\/wp.me\/p7ZJR4-hWx","jetpack_likes_enabled":false,"jetpack-related-posts":[{"id":40359,"url":"https:\/\/www.grieta.org.mx\/index.php\/2019\/10\/17\/habitantes-de-pueblos-originarios-protestan-contra-aeropuerto-en-santa-lucia-estado-de-mexico\/","url_meta":{"origin":68977,"position":0},"title":"Habitantes de pueblos originarios protestan contra aeropuerto en Santa Luc\u00eda (Estado de M\u00e9xico)","author":"grieta","date":"17 octubre, 2019","format":false,"excerpt":"Emilio Fern\u00e1ndez \/ El Universal Los residentes argumentan que la construcci\u00f3n y operaci\u00f3n de la terminal a\u00e9rea dejar\u00e1 sin agua potable tanto a las comunidades de las zonas cercanas a la base como los municipios que se encuentran en esta zona del Valle de M\u00e9xico Tec\u00e1mac, Mex.- Un grupo de\u2026","rel":"","context":"En &quot;CINTILLO&quot;","block_context":{"text":"CINTILLO","link":"https:\/\/www.grieta.org.mx\/index.php\/category\/cintillo\/"},"img":{"alt_text":"","src":"https:\/\/i0.wp.com\/www.grieta.org.mx\/wp-content\/uploads\/2019\/10\/Habitantes-de-pueblos-originarios-protestan-contra-aeropuerto-en-Santa-Luc%C3%ADa-edomex-oct.jpg?resize=350%2C200","width":350,"height":200},"classes":[]},{"id":40772,"url":"https:\/\/www.grieta.org.mx\/index.php\/2019\/10\/26\/marchan-en-tecamac-contra-aeropuerto-de-santa-lucia-estado-de-mexico\/","url_meta":{"origin":68977,"position":1},"title":"Marchan en Tec\u00e1mac contra aeropuerto de Santa Luc\u00eda (Estado de M\u00e9xico)","author":"grieta","date":"26 octubre, 2019","format":false,"excerpt":"Alejandra Gudi\u00f1o \/ Milenio La agrupaci\u00f3n denominada 12 pueblos originarios reiter\u00f3 su oposici\u00f3n al proyecto y demand\u00f3 una mesa de di\u00e1logo con las autoridades. Integrantes de los 12 pueblos originarios de Tec\u00e1mac realizaron una marcha que parti\u00f3 de la explanada municipal hasta la entrada de la base a\u00e9rea de Santa\u2026","rel":"","context":"En &quot;CINTILLO&quot;","block_context":{"text":"CINTILLO","link":"https:\/\/www.grieta.org.mx\/index.php\/category\/cintillo\/"},"img":{"alt_text":"","src":"https:\/\/i0.wp.com\/www.grieta.org.mx\/wp-content\/uploads\/2019\/11\/Marchan-en-Tec%C3%A1mac-contra-aeropuerto-de-Santa-Luc%C3%ADa-edomex-nov.jpg?resize=350%2C200&ssl=1","width":350,"height":200,"srcset":"https:\/\/i0.wp.com\/www.grieta.org.mx\/wp-content\/uploads\/2019\/11\/Marchan-en-Tec%C3%A1mac-contra-aeropuerto-de-Santa-Luc%C3%ADa-edomex-nov.jpg?resize=350%2C200&ssl=1 1x, https:\/\/i0.wp.com\/www.grieta.org.mx\/wp-content\/uploads\/2019\/11\/Marchan-en-Tec%C3%A1mac-contra-aeropuerto-de-Santa-Luc%C3%ADa-edomex-nov.jpg?resize=525%2C300&ssl=1 1.5x, https:\/\/i0.wp.com\/www.grieta.org.mx\/wp-content\/uploads\/2019\/11\/Marchan-en-Tec%C3%A1mac-contra-aeropuerto-de-Santa-Luc%C3%ADa-edomex-nov.jpg?resize=700%2C400&ssl=1 2x"},"classes":[]},{"id":40999,"url":"https:\/\/www.grieta.org.mx\/index.php\/2019\/11\/04\/unam-omitio-danos-a-indigenas-por-construccion-del-aeropuerto-en-santa-lucia-ong-estado-de-mexico\/","url_meta":{"origin":68977,"position":2},"title":"UNAM omiti\u00f3 da\u00f1os a ind\u00edgenas por construcci\u00f3n del aeropuerto en Santa Luc\u00eda: ONG (Estado de M\u00e9xico)","author":"grieta","date":"4 noviembre, 2019","format":false,"excerpt":"Jordana gonz\u00e1lez \/ Contral\u00ednea La Facultad de Ingenier\u00eda de la Universidad Nacional Aut\u00f3noma de M\u00e9xico (UNAM) omiti\u00f3 da\u00f1os ambientales y sociales hacia comunidades originarias, que habitan la cuenca Norte de la Ciudad de M\u00e9xico, en la manifestaci\u00f3n de impacto ambiental que realiz\u00f3 respecto de la construcci\u00f3n del aeropuerto en Santa\u2026","rel":"","context":"En &quot;CINTILLO&quot;","block_context":{"text":"CINTILLO","link":"https:\/\/www.grieta.org.mx\/index.php\/category\/cintillo\/"},"img":{"alt_text":"","src":"https:\/\/i0.wp.com\/www.grieta.org.mx\/wp-content\/uploads\/2019\/11\/UNAM-omiti%C3%B3-da%C3%B1os-a-ind%C3%ADgenas-por-construcci%C3%B3n-del-aeropuerto-en-Santa-Luc%C3%ADa-ONG-edomex-nov.jpg?resize=350%2C200&ssl=1","width":350,"height":200,"srcset":"https:\/\/i0.wp.com\/www.grieta.org.mx\/wp-content\/uploads\/2019\/11\/UNAM-omiti%C3%B3-da%C3%B1os-a-ind%C3%ADgenas-por-construcci%C3%B3n-del-aeropuerto-en-Santa-Luc%C3%ADa-ONG-edomex-nov.jpg?resize=350%2C200&ssl=1 1x, https:\/\/i0.wp.com\/www.grieta.org.mx\/wp-content\/uploads\/2019\/11\/UNAM-omiti%C3%B3-da%C3%B1os-a-ind%C3%ADgenas-por-construcci%C3%B3n-del-aeropuerto-en-Santa-Luc%C3%ADa-ONG-edomex-nov.jpg?resize=525%2C300&ssl=1 1.5x"},"classes":[]},{"id":44832,"url":"https:\/\/www.grieta.org.mx\/index.php\/2020\/02\/21\/dislocada-en-zumpango-estado-de-mexico-jornadas-samir-somos-todas-y-todos\/","url_meta":{"origin":68977,"position":3},"title":"Dislocada en Zumpango, Estado de M\u00e9xico. Jornadas \u201cSamir Somos Todas y Todos\u201d","author":"grieta","date":"21 febrero, 2020","format":false,"excerpt":"Fotograf\u00eda: Colectivo Tlilzokitl Con jornada pol\u00edtico cultural en Zumpango, contin\u00faa la lucha de Samir Flores Soberanes por la defensa de la vida y la tierra a un a\u00f1o de su asesinato Colectivo Grieta 21 de febrero de 2020 El jueves 20 de febrero con la participaci\u00f3n de pueblos, comunidades, colectivos\u2026","rel":"","context":"En &quot;Abuso policiaco y tortura en el Estado de M\u00e9xico&quot;","block_context":{"text":"Abuso policiaco y tortura en el Estado de M\u00e9xico","link":"https:\/\/www.grieta.org.mx\/index.php\/category\/noticias-nacionales\/estado-de-mexico\/abuso-policiaco-y-tortura-en-el-estado-de-mexico\/"},"img":{"alt_text":"","src":"https:\/\/i0.wp.com\/www.grieta.org.mx\/wp-content\/uploads\/2020\/02\/zumpjov3.jpg?resize=350%2C200&ssl=1","width":350,"height":200,"srcset":"https:\/\/i0.wp.com\/www.grieta.org.mx\/wp-content\/uploads\/2020\/02\/zumpjov3.jpg?resize=350%2C200&ssl=1 1x, https:\/\/i0.wp.com\/www.grieta.org.mx\/wp-content\/uploads\/2020\/02\/zumpjov3.jpg?resize=525%2C300&ssl=1 1.5x, https:\/\/i0.wp.com\/www.grieta.org.mx\/wp-content\/uploads\/2020\/02\/zumpjov3.jpg?resize=700%2C400&ssl=1 2x"},"classes":[]},{"id":40295,"url":"https:\/\/www.grieta.org.mx\/index.php\/2019\/10\/16\/ong-acusa-que-se-violo-derecho-de-consulta-por-santa-lucia-alista-demanda-estado-de-mexico\/","url_meta":{"origin":68977,"position":4},"title":"ONG acusa que se viol\u00f3 derecho de consulta por Santa Luc\u00eda; alista demanda (Estado de M\u00e9xico)","author":"grieta","date":"16 octubre, 2019","format":false,"excerpt":"Emilio Fern\u00e1ndez \/ El Universal Considera que viol\u00f3 el derecho a la consulta de las comunidades originarias que no est\u00e1n de acuerdo con la construcci\u00f3n del aeropuerto Tec\u00e1mac.-El Frente de Pueblos Originarios en Defensa del Agua (FPODA) de Tec\u00e1mac y Zumpango demandar\u00e1 ante la Comisi\u00f3n Interamericana de Derechos Humanos (CIDH)\u2026","rel":"","context":"En &quot;CINTILLO&quot;","block_context":{"text":"CINTILLO","link":"https:\/\/www.grieta.org.mx\/index.php\/category\/cintillo\/"},"img":{"alt_text":"","src":"https:\/\/i0.wp.com\/www.grieta.org.mx\/wp-content\/uploads\/2019\/10\/ONG-acusa-que-se-viol%C3%B3-derecho-de-consulta-por-santa-luc%C3%ADa-alista-demanda-edomex-oct.jpg?resize=350%2C200","width":350,"height":200},"classes":[]},{"id":34150,"url":"https:\/\/www.grieta.org.mx\/index.php\/2019\/05\/01\/falta-consultar-a-19-comunidades-indigenas-sobre-el-aeropuerto-de-santa-lucia-estado-de-mexico\/","url_meta":{"origin":68977,"position":5},"title":"Falta consultar a 19 comunidades ind\u00edgenas sobre el aeropuerto de Santa Luc\u00eda (Estado de M\u00e9xico)","author":"grieta","date":"1 mayo, 2019","format":false,"excerpt":"Julio C\u00e9sar Reveles Aguilar\/Animal Pol\u00edtico Hasta el momento solo una comunidad, Xaltocan, ha sido informada sobre el proyecto del aeropuerto. Seg\u00fan un convenio de la Organizaci\u00f3n Internacional del Trabajo (OIT) debe ser al menos 20 comunidades. Hasta el momento solo un pueblo originario, Xaltocan, ha sido consultado sobre la obra\u2026","rel":"","context":"En &quot;CINTILLO&quot;","block_context":{"text":"CINTILLO","link":"https:\/\/www.grieta.org.mx\/index.php\/category\/cintillo\/"},"img":{"alt_text":"","src":"https:\/\/i0.wp.com\/www.grieta.org.mx\/wp-content\/uploads\/2019\/06\/aeropuerto-1.jpg?resize=350%2C200&ssl=1","width":350,"height":200,"srcset":"https:\/\/i0.wp.com\/www.grieta.org.mx\/wp-content\/uploads\/2019\/06\/aeropuerto-1.jpg?resize=350%2C200&ssl=1 1x, https:\/\/i0.wp.com\/www.grieta.org.mx\/wp-content\/uploads\/2019\/06\/aeropuerto-1.jpg?resize=525%2C300&ssl=1 1.5x, https:\/\/i0.wp.com\/www.grieta.org.mx\/wp-content\/uploads\/2019\/06\/aeropuerto-1.jpg?resize=700%2C400&ssl=1 2x"},"classes":[]}],"_links":{"self":[{"href":"https:\/\/www.grieta.org.mx\/index.php\/wp-json\/wp\/v2\/posts\/68977","targetHints":{"allow":["GET"]}}],"collection":[{"href":"https:\/\/www.grieta.org.mx\/index.php\/wp-json\/wp\/v2\/posts"}],"about":[{"href":"https:\/\/www.grieta.org.mx\/index.php\/wp-json\/wp\/v2\/types\/post"}],"author":[{"embeddable":true,"href":"https:\/\/www.grieta.org.mx\/index.php\/wp-json\/wp\/v2\/users\/2"}],"replies":[{"embeddable":true,"href":"https:\/\/www.grieta.org.mx\/index.php\/wp-json\/wp\/v2\/comments?post=68977"}],"version-history":[{"count":1,"href":"https:\/\/www.grieta.org.mx\/index.php\/wp-json\/wp\/v2\/posts\/68977\/revisions"}],"predecessor-version":[{"id":68980,"href":"https:\/\/www.grieta.org.mx\/index.php\/wp-json\/wp\/v2\/posts\/68977\/revisions\/68980"}],"wp:featuredmedia":[{"embeddable":true,"href":"https:\/\/www.grieta.org.mx\/index.php\/wp-json\/wp\/v2\/media\/68978"}],"wp:attachment":[{"href":"https:\/\/www.grieta.org.mx\/index.php\/wp-json\/wp\/v2\/media?parent=68977"}],"wp:term":[{"taxonomy":"category","embeddable":true,"href":"https:\/\/www.grieta.org.mx\/index.php\/wp-json\/wp\/v2\/categories?post=68977"},{"taxonomy":"post_tag","embeddable":true,"href":"https:\/\/www.grieta.org.mx\/index.php\/wp-json\/wp\/v2\/tags?post=68977"}],"curies":[{"name":"wp","href":"https:\/\/api.w.org\/{rel}","templated":true}]}}