{"id":68957,"date":"2024-05-14T18:18:34","date_gmt":"2024-05-15T00:18:34","guid":{"rendered":"https:\/\/www.grieta.org.mx\/?p=68957"},"modified":"2024-05-22T18:31:33","modified_gmt":"2024-05-23T00:31:33","slug":"en-cuatro-anos-se-han-perdido-285-mil-hectareas-de-selva-en-la-peninsula-campeche-quintana-roo-yucatan","status":"publish","type":"post","link":"https:\/\/www.grieta.org.mx\/index.php\/2024\/05\/14\/en-cuatro-anos-se-han-perdido-285-mil-hectareas-de-selva-en-la-peninsula-campeche-quintana-roo-yucatan\/","title":{"rendered":"En cuatro a\u00f1os, se han perdido 285 mil hect\u00e1reas de selva en la Pen\u00ednsula (Campeche, Quintana Roo, Yucat\u00e1n)"},"content":{"rendered":"<p> Itzel Chan \/ Haz Ruido<\/p>\n<blockquote><p>La zona tiene una tasa anual de p\u00e9rdida de 0.4% y es la m\u00e1s alta en las \u00faltimas d\u00e9cadas, incluso por encima de la media nacional que es de 0.1%.<\/p><\/blockquote>\n<p>M\u00e9rida, Yucat\u00e1n, 14 de mayo de 2024.- Cada d\u00eda, entre Campeche, Quintana Roo y Yucat\u00e1n se pierden 196 hect\u00e1reas de selva, lo que provoca que en los \u00faltimos cuatro a\u00f1os la pen\u00ednsula haya perdido un total de 285 mil 580 hect\u00e1reas, equivalente a una deforestaci\u00f3n anual de 71 mil 395 hect\u00e1reas.<\/p>\n<p>De acuerdo con la \u201cEvaluaci\u00f3n de la deforestaci\u00f3n en la pen\u00ednsula de Yucat\u00e1n 2019-2023\u201d, realizada a trav\u00e9s de la plataforma Sicamfor por el Consejo Civil Mexicano para la Silvicultura Sostenible, bajo la direcci\u00f3n t\u00e9cnica del doctor Edward Ellis, la zona tiene una tasa anual de p\u00e9rdida de 0.4% y esta es la m\u00e1s alta en las \u00faltimas d\u00e9cadas, incluso por encima de la media nacional que es de 0.1%.<\/p>\n<p>Haciendo una comparaci\u00f3n entre las tres entidades, Campeche cuenta con la mayor superficie deforestada en los \u00faltimos cuatro a\u00f1os, con una p\u00e9rdida de 29 mil 281 hect\u00e1reas anuales.<\/p>\n<p>En segundo lugar se encuentra Yucat\u00e1n con 27 mil 519 hect\u00e1reas deforestadas por a\u00f1o; mientras que Quintana Roo perdi\u00f3 14 mil 595 hect\u00e1reas anualmente para el mismo per\u00edodo.<\/p>\n<p>De 2019 a 2023 los estados perdieron:<\/p>\n<p>Campeche:<\/p>\n<p>Perdi\u00f3 117 mil 124 hect\u00e1reas de terrenos forestales, lo cual representa una p\u00e9rdida anual de 29 mil 281 hect\u00e1reas.<\/p>\n<p>Siendo Hopelch\u00e9n el municipio con mayor p\u00e9rdida, seguido de Candelaria, Carmen, Calakmul y Palizada.<\/p>\n<p>Los motivos principales son establecimientos de potreros, el  paso de v\u00edas del Tren Maya, nuevas \u00e1reas de producci\u00f3n agropecuaria, as\u00ed como la apertura de cultivos agroindustriales, en inmediaciones a la Reserva natural estatal Balam Kin.<\/p>\n<p>Quintana Roo:<\/p>\n<p>Perdi\u00f3 58 mil 319 hect\u00e1reas de terrenos forestales, lo que representa una p\u00e9rdida de 14 mil 595 hect\u00e1reas por a\u00f1o.<\/p>\n<p>Bacalar y Oth\u00f3n P. Blanco, los municipios m\u00e1s deforestados, seguidos de Benito Ju\u00e1rez y Felipe Carrillo Puerto.<\/p>\n<p>En el caso de Quintana Roo se ha identificado la ampliaci\u00f3n y apertura de bancos de materiales que abastecen de sascab y piedra caliza al Tren Maya.<\/p>\n<p>Tambi\u00e9n afect\u00f3 la construcci\u00f3n del aeropuerto internacional de Tulum, en ejido Chunyaxche, Municipio Felipe Carrillo Puerto; as\u00ed como para la urbanizaci\u00f3n impulsada por desarrolladores inmobiliarios. A esto se suma el establecimiento de proyectos agroindustriales.<\/p>\n<p>Yucat\u00e1n:<\/p>\n<p>Perdi\u00f3 110 mil 077 hect\u00e1reas de terrenos forestales, lo que representa una p\u00e9rdida de 27 mil 519 hect\u00e1reas por a\u00f1o.<\/p>\n<p>Tizim\u00edn fue el municipio m\u00e1s deforestado del estado, despu\u00e9s de Panab\u00e1, Tekax y Sucil\u00e1.<\/p>\n<p>En estos municipios la deforestaci\u00f3n se debe al avance de la agroindustria y la ganader\u00eda, la construcci\u00f3n de desarrollos inmobiliarios y mega granjas de cerdos y aves. Por ejemplo, en Puerto Progreso, se detectaron los efectos tras la urbanizaci\u00f3n y construcci\u00f3n de infraestructura log\u00edstica de transporte.<\/p>\n<p>De forma general en la zona de la Pen\u00ednsula de Yucat\u00e1n la deforestaci\u00f3n se debe a la agroindustria, ganader\u00eda, expansi\u00f3n inmobiliaria y turismo. Por ejemplo, Hopelch\u00e9n en Campeche, y Tizim\u00edn y Tekax en Yucat\u00e1n, ocupan los primeros lugares en la producci\u00f3n agroindustrial de soya y otros granos en la pen\u00ednsula.<\/p>\n<p>En este estudio se describe que Benito Ju\u00e1rez en Quintana Roo, m\u00e1s conocido por Canc\u00fan, lleva ya m\u00e1s de cinco d\u00e9cadas de turistificaci\u00f3n y desarrollos inmobiliarios y comerciales, situaci\u00f3n que se agrava con la construcci\u00f3n del megaproyecto Tren Maya y de sus obras complementarias y aleda\u00f1as se convierten en un nuevo impulsor de la deforestaci\u00f3n en la regi\u00f3n.<\/p>\n<p>De manera espec\u00edfica, las personas que documentaron la deforestaci\u00f3n en este periodo concluyen que la problem\u00e1tica es consecuencia del debilitamiento de las instituciones ambientales del pa\u00eds.<\/p>\n<p>Hay que mencionar que este estudio fue posible con el uso del Sistema de Informaci\u00f3n de Cambios de la Cobertura  Forestal en la Pen\u00ednsula de Yucat\u00e1n (Sicamfor), una aplicaci\u00f3n en l\u00ednea para visualizar y cuantificar la cobertura forestal y sus cambios, a nivel estatal, municipal y ejidal en el per\u00edodo de 2016 a 2023. <\/p>\n<p>La pen\u00ednsula de Yucat\u00e1n contribuye al patrimonio natural y cultural de M\u00e9xico y del planeta y junto con los territorios forestales de Chiapas, Belice y Guatemala constituyen la mayor extensi\u00f3n continua de selva tropical de Am\u00e9rica despu\u00e9s de la Amazon\u00eda: La Selva Maya.<\/p>\n<p>En la pen\u00ednsula se encuentra el 54% de los manglares de todo el pa\u00eds, el mayor continuo de selva tropical y varios ecosistemas \u00fanicos como los petenes, los cenotes y un enorme sistema cavernario inundado. Adicionalmente, en esta regi\u00f3n se localizan cuatro de los acu\u00edferos m\u00e1s importantes de M\u00e9xico, que recargan el 25% del agua total del pa\u00eds.<\/p>\n<p><a href=\"https:\/\/www.hazruido.mx\/reportes\/en-cuatro-anos-se-han-perdido-285-mil-580-hectareas-de-selva-en-la-peninsula-de-yucatan\/\" rel=\"noopener\" target=\"_blank\">https:\/\/www.hazruido.mx\/reportes\/en-cuatro-anos-se-han-perdido-285-mil-580-hectareas-de-selva-en-la-peninsula-de-yucatan\/<\/a><\/p>\n","protected":false},"excerpt":{"rendered":"<p>Itzel Chan \/ Haz Ruido La zona tiene una tasa anual de p\u00e9rdida de 0.4% y es la m\u00e1s alta en las \u00faltimas d\u00e9cadas, incluso por encima de la media &hellip; <a href=\"https:\/\/www.grieta.org.mx\/index.php\/2024\/05\/14\/en-cuatro-anos-se-han-perdido-285-mil-hectareas-de-selva-en-la-peninsula-campeche-quintana-roo-yucatan\/\" class=\"more-link\">Leer m\u00e1s<\/a><\/p>\n","protected":false},"author":2,"featured_media":68958,"comment_status":"closed","ping_status":"closed","sticky":false,"template":"","format":"standard","meta":{"ngg_post_thumbnail":0,"_jetpack_newsletter_access":"","_jetpack_dont_email_post_to_subs":false,"_jetpack_newsletter_tier_id":0,"_jetpack_memberships_contains_paywalled_content":false,"_jetpack_memberships_contains_paid_content":false,"footnotes":""},"categories":[42,11,80,2749,2943,2258,1020,3,922,926,944,952,2,37,1058,28,2026,36],"tags":[162,2562,1646],"class_list":["post-68957","post","type-post","status-publish","format-standard","has-post-thumbnail","hentry","category-agroindustria","category-campeche","category-cintillo","category-destruccion-y-contaminacion-ambiental-en-quintana-roo","category-destruccion-y-contaminacion-ambiental-en-yucatan","category-ecocidio-en-campeche","category-granja-porcicola","category-megaproyectos","category-megaproyectos-estados","category-mp-campeche","category-mp-quintana-roo","category-mp-yucatan","category-noticias-nacionales","category-parques-eolicos","category-parques-eolicos-y-solares-en-yucatan-mp-yucatan","category-quintana-roo","category-tren-maya","category-yucatan","tag-deforestacion","tag-destruccion-ambiental","tag-destruccion-de-manglares-y-bosque-tropical","entry"],"jetpack_featured_media_url":"https:\/\/www.grieta.org.mx\/wp-content\/uploads\/2024\/05\/Deforestacion-e1716423920624.jpg","jetpack_sharing_enabled":true,"jetpack_shortlink":"https:\/\/wp.me\/p7ZJR4-hWd","jetpack_likes_enabled":false,"jetpack-related-posts":[{"id":39859,"url":"https:\/\/www.grieta.org.mx\/index.php\/2019\/09\/29\/detengan-la-tala-de-la-selva-maya-piden-universitarios-de-san-francisco-california\/","url_meta":{"origin":68957,"position":0},"title":"Detengan la tala de la selva maya, piden universitarios de San Francisco, California","author":"grieta","date":"29 septiembre, 2019","format":false,"excerpt":"Mayapolitikon Estudiantes y profesores del City College de San Francisco, California, exhortaron al gobierno mexicano y a otros a detener la destrucci\u00f3n de los montes de Yucat\u00e1n con la instalaci\u00f3n de megaproyectos. \u201cEscribimos en apoyo a los activistas mayas quienes se oponen a la destrucci\u00f3n causada por el tren maya,\u2026","rel":"","context":"En &quot;Campeche&quot;","block_context":{"text":"Campeche","link":"https:\/\/www.grieta.org.mx\/index.php\/category\/noticias-nacionales\/campeche\/"},"img":{"alt_text":"","src":"https:\/\/i0.wp.com\/www.grieta.org.mx\/wp-content\/uploads\/2019\/10\/pedrousa-e1570060783615.jpg?resize=350%2C200&ssl=1","width":350,"height":200,"srcset":"https:\/\/i0.wp.com\/www.grieta.org.mx\/wp-content\/uploads\/2019\/10\/pedrousa-e1570060783615.jpg?resize=350%2C200&ssl=1 1x, https:\/\/i0.wp.com\/www.grieta.org.mx\/wp-content\/uploads\/2019\/10\/pedrousa-e1570060783615.jpg?resize=525%2C300&ssl=1 1.5x, https:\/\/i0.wp.com\/www.grieta.org.mx\/wp-content\/uploads\/2019\/10\/pedrousa-e1570060783615.jpg?resize=700%2C400&ssl=1 2x"},"classes":[]},{"id":35945,"url":"https:\/\/www.grieta.org.mx\/index.php\/2019\/07\/05\/expansion-de-megaproyectos-en-la-peninsula-de-yucatan-video\/","url_meta":{"origin":68957,"position":1},"title":"Expansi\u00f3n de Megaproyectos en la Pen\u00ednsula de Yucat\u00e1n (Video)","author":"grieta","date":"5 julio, 2019","format":false,"excerpt":"https:\/\/youtu.be\/qLBARIAaBsI","rel":"","context":"En &quot;Campeche&quot;","block_context":{"text":"Campeche","link":"https:\/\/www.grieta.org.mx\/index.php\/category\/noticias-nacionales\/campeche\/"},"img":{"alt_text":"","src":"https:\/\/i0.wp.com\/img.youtube.com\/vi\/qLBARIAaBsI\/0.jpg?resize=350%2C200","width":350,"height":200},"classes":[]},{"id":68844,"url":"https:\/\/www.grieta.org.mx\/index.php\/2024\/04\/29\/ambientalistas-clausuran-las-oficinas-de-semarnat-tras-calificarla-de-ecocida-quintana-roo\/","url_meta":{"origin":68957,"position":2},"title":"Ambientalistas &#8220;clausuran&#8221; las oficinas de Semarnat tras calificarla de ecocida (Quintana Roo)","author":"grieta","date":"29 abril, 2024","format":false,"excerpt":"Leslie Gordillo \/ NOTICARIBE PENINSULAR CANC\u00daN.- Un grupo de ambientalistas, representante de diferentes organismos y asociaciones civiles, se manifestaron en la zona hotelera de Canc\u00fan y clausuraron de manera simb\u00f3lica las oficinas de la Secretar\u00eda de Medio Ambiente y Recursos Naturales (Semarnat). La denuncia es que la Semarnat ha sido\u2026","rel":"","context":"En &quot;Campeche&quot;","block_context":{"text":"Campeche","link":"https:\/\/www.grieta.org.mx\/index.php\/category\/noticias-nacionales\/campeche\/"},"img":{"alt_text":"","src":"https:\/\/i0.wp.com\/www.grieta.org.mx\/wp-content\/uploads\/2024\/04\/ambientalitas-e1715552774254.jpg?resize=350%2C200&ssl=1","width":350,"height":200,"srcset":"https:\/\/i0.wp.com\/www.grieta.org.mx\/wp-content\/uploads\/2024\/04\/ambientalitas-e1715552774254.jpg?resize=350%2C200&ssl=1 1x, https:\/\/i0.wp.com\/www.grieta.org.mx\/wp-content\/uploads\/2024\/04\/ambientalitas-e1715552774254.jpg?resize=525%2C300&ssl=1 1.5x, https:\/\/i0.wp.com\/www.grieta.org.mx\/wp-content\/uploads\/2024\/04\/ambientalitas-e1715552774254.jpg?resize=700%2C400&ssl=1 2x"},"classes":[]},{"id":55980,"url":"https:\/\/www.grieta.org.mx\/index.php\/2020\/12\/22\/deforestan-en-peninsula-1-6-millones-de-hectareas\/","url_meta":{"origin":68957,"position":3},"title":"Deforestan en Pen\u00ednsula 1.6 millones de hect\u00e1reas","author":"grieta","date":"22 diciembre, 2020","format":false,"excerpt":"\u00c9DGAR F\u00c9LIX \/ Luces del Siglo En 18 a\u00f1os la Pen\u00ednsula de Yucat\u00e1n perdi\u00f3 un mill\u00f3n 653 mil hect\u00e1reas forestales de selva por avance indiscriminado de la industria agr\u00edcola. CANC\u00daN, Q. ROO.- En 18 a\u00f1os la Pen\u00ednsula de Yucat\u00e1n perdi\u00f3 un mill\u00f3n 653 mil hect\u00e1reas forestales de selva por el\u2026","rel":"","context":"En &quot;Agroindustria&quot;","block_context":{"text":"Agroindustria","link":"https:\/\/www.grieta.org.mx\/index.php\/category\/megaproyectos\/agroindustria\/"},"img":{"alt_text":"","src":"https:\/\/i0.wp.com\/www.grieta.org.mx\/wp-content\/uploads\/2020\/12\/Peni%CC%81nsula-696x557-1.jpg?resize=350%2C200&ssl=1","width":350,"height":200,"srcset":"https:\/\/i0.wp.com\/www.grieta.org.mx\/wp-content\/uploads\/2020\/12\/Peni%CC%81nsula-696x557-1.jpg?resize=350%2C200&ssl=1 1x, https:\/\/i0.wp.com\/www.grieta.org.mx\/wp-content\/uploads\/2020\/12\/Peni%CC%81nsula-696x557-1.jpg?resize=525%2C300&ssl=1 1.5x"},"classes":[]},{"id":47874,"url":"https:\/\/www.grieta.org.mx\/index.php\/2020\/04\/13\/las-vias-torcidas-del-tren-maya-video\/","url_meta":{"origin":68957,"position":4},"title":"Las v\u00edas torcidas del tren maya (Video)","author":"grieta","date":"13 abril, 2020","format":false,"excerpt":"https:\/\/www.youtube.com\/watch?v=k8FRX9eT0YY","rel":"","context":"En &quot;16. Pueblo Maya&quot;","block_context":{"text":"16. Pueblo Maya","link":"https:\/\/www.grieta.org.mx\/index.php\/category\/espejos-de-la-resistencia\/16-pueblo-maya\/"},"img":{"alt_text":"","src":"https:\/\/i0.wp.com\/www.grieta.org.mx\/wp-content\/uploads\/2020\/04\/ViasTorcidasTrenMaya.png?resize=350%2C200&ssl=1","width":350,"height":200,"srcset":"https:\/\/i0.wp.com\/www.grieta.org.mx\/wp-content\/uploads\/2020\/04\/ViasTorcidasTrenMaya.png?resize=350%2C200&ssl=1 1x, https:\/\/i0.wp.com\/www.grieta.org.mx\/wp-content\/uploads\/2020\/04\/ViasTorcidasTrenMaya.png?resize=525%2C300&ssl=1 1.5x, https:\/\/i0.wp.com\/www.grieta.org.mx\/wp-content\/uploads\/2020\/04\/ViasTorcidasTrenMaya.png?resize=700%2C400&ssl=1 2x"},"classes":[]},{"id":52161,"url":"https:\/\/www.grieta.org.mx\/index.php\/2019\/07\/12\/el-agronegocio-industria-depredadora-en-la-peninsula-de-yucatan\/","url_meta":{"origin":68957,"position":5},"title":"El agronegocio, industria depredadora en la Pen\u00ednsula de Yucat\u00e1n","author":"grieta","date":"12 julio, 2019","format":false,"excerpt":"\u00d1an\u00ed Pinto \/ Avispa Midia En el discurso del gobierno mexicano, la regi\u00f3n sureste es representada como el escenario para \u201ccombatir\u201d a la pobreza y marginaci\u00f3n. Por ello, las autoridades federales han reforzado el llamado a las inversiones tanto nacionales como extranjeras para detonar el \u201cdesarrollo\u201d de la pen\u00ednsula de\u2026","rel":"","context":"En &quot;Agroindustria&quot;","block_context":{"text":"Agroindustria","link":"https:\/\/www.grieta.org.mx\/index.php\/category\/megaproyectos\/agroindustria\/"},"img":{"alt_text":"","src":"https:\/\/i0.wp.com\/www.grieta.org.mx\/wp-content\/uploads\/2018\/03\/14524434_1106112876131411_958039263622046936_o.jpg?resize=350%2C200&ssl=1","width":350,"height":200,"srcset":"https:\/\/i0.wp.com\/www.grieta.org.mx\/wp-content\/uploads\/2018\/03\/14524434_1106112876131411_958039263622046936_o.jpg?resize=350%2C200&ssl=1 1x, https:\/\/i0.wp.com\/www.grieta.org.mx\/wp-content\/uploads\/2018\/03\/14524434_1106112876131411_958039263622046936_o.jpg?resize=525%2C300&ssl=1 1.5x, https:\/\/i0.wp.com\/www.grieta.org.mx\/wp-content\/uploads\/2018\/03\/14524434_1106112876131411_958039263622046936_o.jpg?resize=700%2C400&ssl=1 2x"},"classes":[]}],"_links":{"self":[{"href":"https:\/\/www.grieta.org.mx\/index.php\/wp-json\/wp\/v2\/posts\/68957","targetHints":{"allow":["GET"]}}],"collection":[{"href":"https:\/\/www.grieta.org.mx\/index.php\/wp-json\/wp\/v2\/posts"}],"about":[{"href":"https:\/\/www.grieta.org.mx\/index.php\/wp-json\/wp\/v2\/types\/post"}],"author":[{"embeddable":true,"href":"https:\/\/www.grieta.org.mx\/index.php\/wp-json\/wp\/v2\/users\/2"}],"replies":[{"embeddable":true,"href":"https:\/\/www.grieta.org.mx\/index.php\/wp-json\/wp\/v2\/comments?post=68957"}],"version-history":[{"count":1,"href":"https:\/\/www.grieta.org.mx\/index.php\/wp-json\/wp\/v2\/posts\/68957\/revisions"}],"predecessor-version":[{"id":68959,"href":"https:\/\/www.grieta.org.mx\/index.php\/wp-json\/wp\/v2\/posts\/68957\/revisions\/68959"}],"wp:featuredmedia":[{"embeddable":true,"href":"https:\/\/www.grieta.org.mx\/index.php\/wp-json\/wp\/v2\/media\/68958"}],"wp:attachment":[{"href":"https:\/\/www.grieta.org.mx\/index.php\/wp-json\/wp\/v2\/media?parent=68957"}],"wp:term":[{"taxonomy":"category","embeddable":true,"href":"https:\/\/www.grieta.org.mx\/index.php\/wp-json\/wp\/v2\/categories?post=68957"},{"taxonomy":"post_tag","embeddable":true,"href":"https:\/\/www.grieta.org.mx\/index.php\/wp-json\/wp\/v2\/tags?post=68957"}],"curies":[{"name":"wp","href":"https:\/\/api.w.org\/{rel}","templated":true}]}}