{"id":68951,"date":"2024-05-20T17:59:13","date_gmt":"2024-05-20T23:59:13","guid":{"rendered":"https:\/\/www.grieta.org.mx\/?p=68951"},"modified":"2024-05-22T18:08:30","modified_gmt":"2024-05-23T00:08:30","slug":"denuncian-violencia-en-comunidades-mayas-en-estas-elecciones","status":"publish","type":"post","link":"https:\/\/www.grieta.org.mx\/index.php\/2024\/05\/20\/denuncian-violencia-en-comunidades-mayas-en-estas-elecciones\/","title":{"rendered":"Denuncian violencia en comunidades mayas en estas elecciones"},"content":{"rendered":"<p> Paloma Reyes \/ Haz Ruido<\/p>\n<blockquote><p>La asamblea maya M\u00fauch\u2019 X\u00edinbal asegur\u00f3 que las candidaturas ind\u00edgenas no los representan y solo son cuotas de poder entre los partidos pol\u00edticos.<\/p><\/blockquote>\n<p>M\u00e9rida, Yucat\u00e1n, 20 de mayo de 2024.-A trav\u00e9s de un comunicado, la asamblea maya M\u00fauch\u2019 X\u00edinbal denunci\u00f3 que en estas elecciones del 2024 se ha desatado un clima de violencia, enfrentamientos y divisiones al interior de las comunidades, el cual aseguran fue generado por los partidos pol\u00edticos y candidatos que \u201csolo est\u00e1n utilizando a las personas para sus fines personales e intereses\u201d.<\/p>\n<p>Las comunidades mayas que conforman M\u00fauch\u2019 X\u2019iinbal condenaron el clima de violencia que ha provocado enfrentamientos y divisiones durante este proceso electoral y por ello rechazaron a todos los partidos pol\u00edticos argumentando que solo manipulan a la gente, solo les interesan los ciudadanos en la \u00e9poca electoral y el d\u00eda de las votaciones, una vez en el poder se olvidan de los votantes.<\/p>\n<p>\u201cLos gobiernos se vuelven peones de la hacienda, sirven a sus verdaderos patrones que son los que financiaron su campa\u00f1a; como asamblea maya pensamos que los partidos pol\u00edticos son el c\u00e1ncer social que debemos eliminar y construir una verdadera autonom\u00eda donde se garanticen nuestros derechos, sin partidos pol\u00edticos ni proceso electoral que tanto da\u00f1o nos sigue haciendo\u201d, indic\u00f3 la agrupaci\u00f3n. <\/p>\n<p>De igual manera, los integrantes manifestaron que no los representan los llamados \u201ccandidatos ind\u00edgenas\u201d que consideran son cuotas de poder entre los partidos pol\u00edticos.<\/p>\n<p>\u201cLos diputados, aunque digan ser ind\u00edgenas, se alinean con el poder pol\u00edtico y aprueban leyes a modo para los empresarios del r\u00e9gimen traicionando a las comunidades mayas\u201d, agregaron.<\/p>\n<p>Asimismo, acusaron que este proceso electoral es una estrategia para invisibilizarlos como pueblos originarios y desaparecer su identidad maya. \u201cRechazamos contundentemente este proceso electoral plagado de manipulaci\u00f3n y violencia que envuelve a las comunidades donde vivimos\u201d, se lee en el comunicado.<\/p>\n<p>\u201cNos han querido arrancar de ra\u00edz nuestra semilla pero no han podido, aqu\u00ed seguimos y aqu\u00ed seguiremos luchando por la dignidad, la justicia y la autonom\u00eda; no nos van a callar y nuestra voz seguir\u00e1 recorriendo los caminos de los pueblos mayas; nuestra vida y nuestros sue\u00f1os no caben en sus urnas\u201d, agreg\u00f3 la asamblea maya.<\/p>\n<p>Finalmente, M\u00fauch\u2019 X\u00edinbal asegur\u00f3 que continuar\u00e1 denunciando el despojo de su territorio realizado por empresas afines al gobierno o por el gobierno mismo mediante decretos de expropiaci\u00f3n, al igual que la destrucci\u00f3n, la contaminaci\u00f3n del aire, el agua, la tierra y de las semillas nativas. (Foto de Archivo)<\/p>\n<p><a href=\"https:\/\/www.hazruido.mx\/reportes\/denuncian-violencia-en-comunidades-mayas-en-estas-elecciones\/\" rel=\"noopener\" target=\"_blank\">https:\/\/www.hazruido.mx\/reportes\/denuncian-violencia-en-comunidades-mayas-en-estas-elecciones\/<\/a><\/p>\n","protected":false},"excerpt":{"rendered":"<p>Paloma Reyes \/ Haz Ruido La asamblea maya M\u00fauch\u2019 X\u00edinbal asegur\u00f3 que las candidaturas ind\u00edgenas no los representan y solo son cuotas de poder entre los partidos pol\u00edticos. M\u00e9rida, Yucat\u00e1n, &hellip; <a href=\"https:\/\/www.grieta.org.mx\/index.php\/2024\/05\/20\/denuncian-violencia-en-comunidades-mayas-en-estas-elecciones\/\" class=\"more-link\">Leer m\u00e1s<\/a><\/p>\n","protected":false},"author":2,"featured_media":68952,"comment_status":"closed","ping_status":"closed","sticky":false,"template":"","format":"standard","meta":{"ngg_post_thumbnail":0,"_jetpack_newsletter_access":"","_jetpack_dont_email_post_to_subs":false,"_jetpack_newsletter_tier_id":0,"_jetpack_memberships_contains_paywalled_content":false,"_jetpack_memberships_contains_paid_content":false,"footnotes":""},"categories":[4150,11,80,1557,2,28,36],"tags":[2821,3024,3947,4195],"class_list":["post-68951","post","type-post","status-publish","format-standard","has-post-thumbnail","hentry","category-aumento-de-la-violencia-en-campeche","category-campeche","category-cintillo","category-incremento-en-la-violencia-en-quintana-roo","category-noticias-nacionales","category-quintana-roo","category-yucatan","tag-asamblea-de-defensores-del-territorio-maya-muuch-xiinbal","tag-aumento-de-la-violencia","tag-denuncia","tag-elecciones","entry"],"jetpack_featured_media_url":"https:\/\/www.grieta.org.mx\/wp-content\/uploads\/2024\/05\/Pronunciamiento-e1716422591522.jpg","jetpack_sharing_enabled":true,"jetpack_shortlink":"https:\/\/wp.me\/p7ZJR4-hW7","jetpack_likes_enabled":false,"jetpack-related-posts":[{"id":63716,"url":"https:\/\/www.grieta.org.mx\/index.php\/2022\/03\/09\/organizacion-indigena-condena-que-amlo-afirme-que-obras-del-tren-maya-no-se-detendran\/","url_meta":{"origin":68951,"position":0},"title":"Organizaci\u00f3n ind\u00edgena condena que AMLO afirme que obras del Tren Maya no se detendr\u00e1n","author":"grieta","date":"9 marzo, 2022","format":false,"excerpt":"Gloria Leticia D\u00edaz \/ Proceso CIUDAD DE M\u00c9XICO (apro).- La Asamblea de Defensores del Territorio Maya, M\u00fauch\u2019 X\u00edinbal, conden\u00f3 las declaraciones del presidente Andr\u00e9s Manuel L\u00f3pez Obrador quien sostuvo que las obras del Tren Maya continuar\u00e1n a pesar de resoluciones del Poder Judicial que ordenan parar su construcci\u00f3n en el\u2026","rel":"","context":"En &quot;Campeche&quot;","block_context":{"text":"Campeche","link":"https:\/\/www.grieta.org.mx\/index.php\/category\/noticias-nacionales\/campeche\/"},"img":{"alt_text":"","src":"https:\/\/i0.wp.com\/www.grieta.org.mx\/wp-content\/uploads\/2022\/03\/TrenOrganizacionIndigenaCondena-e1647560160318.png?resize=350%2C200&ssl=1","width":350,"height":200,"srcset":"https:\/\/i0.wp.com\/www.grieta.org.mx\/wp-content\/uploads\/2022\/03\/TrenOrganizacionIndigenaCondena-e1647560160318.png?resize=350%2C200&ssl=1 1x, https:\/\/i0.wp.com\/www.grieta.org.mx\/wp-content\/uploads\/2022\/03\/TrenOrganizacionIndigenaCondena-e1647560160318.png?resize=525%2C300&ssl=1 1.5x, https:\/\/i0.wp.com\/www.grieta.org.mx\/wp-content\/uploads\/2022\/03\/TrenOrganizacionIndigenaCondena-e1647560160318.png?resize=700%2C400&ssl=1 2x"},"classes":[]},{"id":62518,"url":"https:\/\/www.grieta.org.mx\/index.php\/2021\/10\/27\/jimenez-pons-suena-siniestro-y-criminal-advierten-opositores-del-tren-maya\/","url_meta":{"origin":68951,"position":1},"title":"Jim\u00e9nez Pons suena siniestro y criminal, advierten opositores del Tren Maya","author":"grieta","date":"27 octubre, 2021","format":false,"excerpt":"Herbeth Escalante \/ Haz Ruido La Asamblea M\u00fauch\u2019 X\u00edinbal recalc\u00f3 que el Gobierno federal diariamente ejerce descalificaci\u00f3n y amedrentamiento en contra de quienes luchan por la defensa de su territorio M\u00e9rida, Yucat\u00e1n, 27 de octubre de 2021.- Luego de que el director del Fondo Nacional de Fomento al Turismo (Fonatur),\u2026","rel":"","context":"En &quot;Campeche&quot;","block_context":{"text":"Campeche","link":"https:\/\/www.grieta.org.mx\/index.php\/category\/noticias-nacionales\/campeche\/"},"img":{"alt_text":"","src":"https:\/\/i0.wp.com\/www.grieta.org.mx\/wp-content\/uploads\/2021\/10\/TrenMayaAmenazas-e1635529330484.png?resize=350%2C200&ssl=1","width":350,"height":200,"srcset":"https:\/\/i0.wp.com\/www.grieta.org.mx\/wp-content\/uploads\/2021\/10\/TrenMayaAmenazas-e1635529330484.png?resize=350%2C200&ssl=1 1x, https:\/\/i0.wp.com\/www.grieta.org.mx\/wp-content\/uploads\/2021\/10\/TrenMayaAmenazas-e1635529330484.png?resize=525%2C300&ssl=1 1.5x, https:\/\/i0.wp.com\/www.grieta.org.mx\/wp-content\/uploads\/2021\/10\/TrenMayaAmenazas-e1635529330484.png?resize=700%2C400&ssl=1 2x"},"classes":[]},{"id":50050,"url":"https:\/\/www.grieta.org.mx\/index.php\/2020\/05\/31\/los-derechos-indigenas-son-pisoteados-con-impunidad-presidencial-y-sin-recato-dicen-mayas-a-amlo\/","url_meta":{"origin":68951,"position":2},"title":"Los derechos ind\u00edgenas \u201cson pisoteados con impunidad presidencial y sin recato\u201d, dicen mayas a AMLO","author":"grieta","date":"31 mayo, 2020","format":false,"excerpt":"Redacci\u00f3n \/ Sin Embargo \u201cSr. L\u00f3pez, viene usted a Yucat\u00e1n, la tierra donde los malos gobiernos (de los tres niveles) se ponen sin decencia ni recato al servicio de megaproyectos de alma podrida, sembrando discordia y conflictos sociales en nuestras comunidades. Llega usted, Sr. L\u00f3pez, al Yucat\u00e1n donde la ilegalidad,\u2026","rel":"","context":"En &quot;16. Pueblo Maya&quot;","block_context":{"text":"16. Pueblo Maya","link":"https:\/\/www.grieta.org.mx\/index.php\/category\/espejos-de-la-resistencia\/16-pueblo-maya\/"},"img":{"alt_text":"","src":"https:\/\/i0.wp.com\/www.grieta.org.mx\/wp-content\/uploads\/2020\/05\/amloco-tirano-rex-e1590968383995.jpg?resize=350%2C200&ssl=1","width":350,"height":200,"srcset":"https:\/\/i0.wp.com\/www.grieta.org.mx\/wp-content\/uploads\/2020\/05\/amloco-tirano-rex-e1590968383995.jpg?resize=350%2C200&ssl=1 1x, https:\/\/i0.wp.com\/www.grieta.org.mx\/wp-content\/uploads\/2020\/05\/amloco-tirano-rex-e1590968383995.jpg?resize=525%2C300&ssl=1 1.5x, https:\/\/i0.wp.com\/www.grieta.org.mx\/wp-content\/uploads\/2020\/05\/amloco-tirano-rex-e1590968383995.jpg?resize=700%2C400&ssl=1 2x"},"classes":[]},{"id":22904,"url":"https:\/\/www.grieta.org.mx\/index.php\/2018\/05\/04\/con-la-fundacion-melipona-maya-un-extranjero-se-apodera-de-recurso-ancestral\/","url_meta":{"origin":68951,"position":3},"title":"Con la fundaci\u00f3n Melipona Maya, un extranjero se apodera de recurso ancestral (Quintana Roo)","author":"grieta","date":"4 mayo, 2018","format":false,"excerpt":"Por Fabiola Cort\u00e9s CANC\u00daN, MX.- En el 2010, el franc\u00e9s Stephane Palmieri, presidente de la Fundaci\u00f3n Melipona Maya, se asent\u00f3 en Tulum desde donde ide\u00f3 un proyecto: \u201crecuperar\u201d las \u2018colmenas\u2019 de meliponas, una especie de abeja end\u00e9mica de la Pen\u00ednsula, y cuya miel es altamente apreciada por sus atributos medicinales\u2026","rel":"","context":"En &quot;Biopirater\u00eda en la pen\u00ednsula de Yucat\u00e1n&quot;","block_context":{"text":"Biopirater\u00eda en la pen\u00ednsula de Yucat\u00e1n","link":"https:\/\/www.grieta.org.mx\/index.php\/category\/noticias-nacionales\/quintana-roo\/denuncian-biopirateria-en-la-peninsula-de-yucatan\/"},"img":{"alt_text":"","src":"https:\/\/i0.wp.com\/www.grieta.org.mx\/wp-content\/uploads\/2018\/05\/BiopirateriaMelipona.jpg?resize=350%2C200&ssl=1","width":350,"height":200,"srcset":"https:\/\/i0.wp.com\/www.grieta.org.mx\/wp-content\/uploads\/2018\/05\/BiopirateriaMelipona.jpg?resize=350%2C200&ssl=1 1x, https:\/\/i0.wp.com\/www.grieta.org.mx\/wp-content\/uploads\/2018\/05\/BiopirateriaMelipona.jpg?resize=525%2C300&ssl=1 1.5x, https:\/\/i0.wp.com\/www.grieta.org.mx\/wp-content\/uploads\/2018\/05\/BiopirateriaMelipona.jpg?resize=700%2C400&ssl=1 2x"},"classes":[]},{"id":62725,"url":"https:\/\/www.grieta.org.mx\/index.php\/2021\/11\/22\/asamblea-maya-acusa-a-torruco-y-jimenez-pons-de-ser-sicarios-del-turismo\/","url_meta":{"origin":68951,"position":4},"title":"Asamblea Maya acusa a Torruco y Jim\u00e9nez Pons de ser sicarios del turismo","author":"grieta","date":"22 noviembre, 2021","format":false,"excerpt":"Herbeth Escalante \/ Haz Ruido Tras las m\u00e1s recientes declaraciones de dichos funcionarios de la 4T en contra de los opositores del Tren Maya, M\u00fauch\u2019 X\u00edinbal critic\u00f3 que AMLO deja sueltos a sus sicarios para menospreciar, discriminar, atropellar, insultar y despojar a los pueblos originarios de sus derechos M\u00e9rida, Yucat\u00e1n,\u2026","rel":"","context":"En &quot;Campeche&quot;","block_context":{"text":"Campeche","link":"https:\/\/www.grieta.org.mx\/index.php\/category\/noticias-nacionales\/campeche\/"},"img":{"alt_text":"","src":"https:\/\/i0.wp.com\/www.grieta.org.mx\/wp-content\/uploads\/2021\/11\/Sicarios-e1637718991440.png?resize=350%2C200&ssl=1","width":350,"height":200,"srcset":"https:\/\/i0.wp.com\/www.grieta.org.mx\/wp-content\/uploads\/2021\/11\/Sicarios-e1637718991440.png?resize=350%2C200&ssl=1 1x, https:\/\/i0.wp.com\/www.grieta.org.mx\/wp-content\/uploads\/2021\/11\/Sicarios-e1637718991440.png?resize=525%2C300&ssl=1 1.5x, https:\/\/i0.wp.com\/www.grieta.org.mx\/wp-content\/uploads\/2021\/11\/Sicarios-e1637718991440.png?resize=700%2C400&ssl=1 2x"},"classes":[]},{"id":42500,"url":"https:\/\/www.grieta.org.mx\/index.php\/2019\/12\/19\/defensores-del-territorio-maya-cierran-2019-con-cinco-amenazas-en-su-contra\/","url_meta":{"origin":68951,"position":5},"title":"Defensores del territorio maya cierran 2019 con cinco amenazas en su contra","author":"grieta","date":"19 diciembre, 2019","format":false,"excerpt":"JOS\u00c9 NATIVIDAD IC XEC\/ Mayapolitikon Defensores del territorio maya M\u00fauch\u2019 X\u00edinbal, en Yucatan, se enfrentaron a cinco amenazas, unos a muerte, en menos de un a\u00f1o. La m\u00e1s reciente y la m\u00e1s grave fue la hecha contra el poeta Pedro Uc Be. Una de las primeras amenazas la recibieron la\u2026","rel":"","context":"En &quot;Agresiones y amenazas a defensor@s de derechos humanos y activistas en Yucat\u00e1n&quot;","block_context":{"text":"Agresiones y amenazas a defensor@s de derechos humanos y activistas en Yucat\u00e1n","link":"https:\/\/www.grieta.org.mx\/index.php\/category\/noticias-nacionales\/yucatan\/ataques-a-defensors-de-derechos-humanos-en-yucatan\/"},"img":{"alt_text":"","src":"https:\/\/i0.wp.com\/www.grieta.org.mx\/wp-content\/uploads\/2019\/12\/ConferenciaMuuch.png?resize=350%2C200&ssl=1","width":350,"height":200,"srcset":"https:\/\/i0.wp.com\/www.grieta.org.mx\/wp-content\/uploads\/2019\/12\/ConferenciaMuuch.png?resize=350%2C200&ssl=1 1x, https:\/\/i0.wp.com\/www.grieta.org.mx\/wp-content\/uploads\/2019\/12\/ConferenciaMuuch.png?resize=525%2C300&ssl=1 1.5x, https:\/\/i0.wp.com\/www.grieta.org.mx\/wp-content\/uploads\/2019\/12\/ConferenciaMuuch.png?resize=700%2C400&ssl=1 2x"},"classes":[]}],"_links":{"self":[{"href":"https:\/\/www.grieta.org.mx\/index.php\/wp-json\/wp\/v2\/posts\/68951","targetHints":{"allow":["GET"]}}],"collection":[{"href":"https:\/\/www.grieta.org.mx\/index.php\/wp-json\/wp\/v2\/posts"}],"about":[{"href":"https:\/\/www.grieta.org.mx\/index.php\/wp-json\/wp\/v2\/types\/post"}],"author":[{"embeddable":true,"href":"https:\/\/www.grieta.org.mx\/index.php\/wp-json\/wp\/v2\/users\/2"}],"replies":[{"embeddable":true,"href":"https:\/\/www.grieta.org.mx\/index.php\/wp-json\/wp\/v2\/comments?post=68951"}],"version-history":[{"count":1,"href":"https:\/\/www.grieta.org.mx\/index.php\/wp-json\/wp\/v2\/posts\/68951\/revisions"}],"predecessor-version":[{"id":68953,"href":"https:\/\/www.grieta.org.mx\/index.php\/wp-json\/wp\/v2\/posts\/68951\/revisions\/68953"}],"wp:featuredmedia":[{"embeddable":true,"href":"https:\/\/www.grieta.org.mx\/index.php\/wp-json\/wp\/v2\/media\/68952"}],"wp:attachment":[{"href":"https:\/\/www.grieta.org.mx\/index.php\/wp-json\/wp\/v2\/media?parent=68951"}],"wp:term":[{"taxonomy":"category","embeddable":true,"href":"https:\/\/www.grieta.org.mx\/index.php\/wp-json\/wp\/v2\/categories?post=68951"},{"taxonomy":"post_tag","embeddable":true,"href":"https:\/\/www.grieta.org.mx\/index.php\/wp-json\/wp\/v2\/tags?post=68951"}],"curies":[{"name":"wp","href":"https:\/\/api.w.org\/{rel}","templated":true}]}}