{"id":68909,"date":"2024-04-14T16:42:51","date_gmt":"2024-04-14T22:42:51","guid":{"rendered":"https:\/\/www.grieta.org.mx\/?p=68909"},"modified":"2024-05-12T16:48:44","modified_gmt":"2024-05-12T22:48:44","slug":"al-menos-106-familias-buscan-a-un-ser-querido-desaparecido-en-q-roo","status":"publish","type":"post","link":"https:\/\/www.grieta.org.mx\/index.php\/2024\/04\/14\/al-menos-106-familias-buscan-a-un-ser-querido-desaparecido-en-q-roo\/","title":{"rendered":"Al menos 106 familias buscan a un ser querido desaparecido en Q. Roo"},"content":{"rendered":"<p>Eduardo del Valle \/ Sipse<\/p>\n<p>Al menos 106 familiares de personas desaparecidas integran el colectivo Verdad, Memoria y Justicia, de los cuales ninguno ha encontrado con vida a sus parientes durante este 2024.<\/p>\n<p>Romana Rivero Ram\u00edrez, presidenta del colectivo, declar\u00f3 este a\u00f1o se han unido seis familias nuevas, cada una que busca a su propia v\u00edctima, las cuales han desaparecido principalmente en la zona norte de Quintana Roo:<\/p>\n<p>    \u201cEn su mayor\u00eda la desaparici\u00f3n se ha dado con mayor frecuencia en Canc\u00fan, Playa del Carmen, Tulum, y Chetumal. 45 en Canc\u00fan, en Playa y Tulum tenemos 26, y ya de ah\u00ed entre Carrillo y Chetumal ya es el otro n\u00famero que queda\u201d.<\/p>\n<p>La entrevistada resalt\u00f3 que entre las v\u00edctimas hay gente originaria de la Ciudad de M\u00e9xico, Quer\u00e9taro, Guanajuato, Reynosa, Monterrey, y de pa\u00edses como Colombia, y de Honduras.<\/p>\n<p>Cabe se\u00f1alar que a la gente se ha buscado con vida o sin vida:<\/p>\n<p>    \u201cLo hacemos yendo a hospitales, a c\u00e1rceles, buscando informaci\u00f3n a trav\u00e9s de redes sociales, buscamos informaci\u00f3n a trav\u00e9s de otros colectivos, buscamos informaci\u00f3n y la mayor parte de informaci\u00f3n la recabamos los familiares, y la llevamos a que se integre en una carpeta\u201d.<\/p>\n<p>Las b\u00fasquedas en vida se hacen en campo, en c\u00e1rceles y hospitales cada semana, y las b\u00fasquedas en el Servicio M\u00e9dico Forense (Semefo), se hacen constantemente.<\/p>\n<p>Rivero Ram\u00edrez aclar\u00f3 que las v\u00edctimas llegaron a la entidad principalmente por trabajo, y luego no se volvi\u00f3 a saber de ellos.<\/p>\n<p><a href=\"https:\/\/sipse.com\/novedades\/quintana-roo-106-familias-buscan-a-un-ser-querido-desaparecido-467409.html\" rel=\"noopener\" target=\"_blank\">https:\/\/sipse.com\/novedades\/quintana-roo-106-familias-buscan-a-un-ser-querido-desaparecido-467409.html<\/a><\/p>\n","protected":false},"excerpt":{"rendered":"<p>Eduardo del Valle \/ Sipse Al menos 106 familiares de personas desaparecidas integran el colectivo Verdad, Memoria y Justicia, de los cuales ninguno ha encontrado con vida a sus parientes &hellip; <a href=\"https:\/\/www.grieta.org.mx\/index.php\/2024\/04\/14\/al-menos-106-familias-buscan-a-un-ser-querido-desaparecido-en-q-roo\/\" class=\"more-link\">Leer m\u00e1s<\/a><\/p>\n","protected":false},"author":2,"featured_media":68910,"comment_status":"closed","ping_status":"closed","sticky":false,"template":"","format":"standard","meta":{"ngg_post_thumbnail":0,"_jetpack_newsletter_access":"","_jetpack_dont_email_post_to_subs":false,"_jetpack_newsletter_tier_id":0,"_jetpack_memberships_contains_paywalled_content":false,"_jetpack_memberships_contains_paid_content":false,"footnotes":""},"categories":[80,87,2808,2,28,83],"tags":[3700,121],"class_list":["post-68909","post","type-post","status-publish","format-standard","has-post-thumbnail","hentry","category-cintillo","category-desaparecidos","category-desaparecidos-en-quintana-roo","category-noticias-nacionales","category-quintana-roo","category-temas-nacionales","tag-aumento-desaparecidos","tag-desaparecidos","entry"],"jetpack_featured_media_url":"https:\/\/www.grieta.org.mx\/wp-content\/uploads\/2024\/05\/Desaparecidos3-e1715553945316.jpg","jetpack_sharing_enabled":true,"jetpack_shortlink":"https:\/\/wp.me\/p7ZJR4-hVr","jetpack_likes_enabled":false,"jetpack-related-posts":[{"id":69534,"url":"https:\/\/www.grieta.org.mx\/index.php\/2024\/08\/30\/marchan-por-desaparecidos-en-cancun-y-chetumal-quintana-roo\/","url_meta":{"origin":68909,"position":0},"title":"Marchan por desaparecidos en Canc\u00fan y Chetumal (Quintana Roo)","author":"grieta","date":"30 agosto, 2024","format":false,"excerpt":"Noticaribe CANC\u00daN, MX.- Madres y otros familiares de personas desaparecidos marcharon hoy en Canc\u00fan y en Chetumal para conmemorar el D\u00eda de la B\u00fasqueda de Personas. En Canc\u00fan, dos colectivos, el \u201d Verdad y Justicia\u201d, as\u00ed como las \u201cMadres Buscadoras\u201d marcharon por separado rumbo al Palacio Municipal. Integrantes de \u201cVerdad,\u2026","rel":"","context":"En &quot;CINTILLO&quot;","block_context":{"text":"CINTILLO","link":"https:\/\/www.grieta.org.mx\/index.php\/category\/cintillo\/"},"img":{"alt_text":"","src":"https:\/\/i0.wp.com\/www.grieta.org.mx\/wp-content\/uploads\/2024\/08\/Marchan-e1725139943721.jpg?resize=350%2C200&ssl=1","width":350,"height":200,"srcset":"https:\/\/i0.wp.com\/www.grieta.org.mx\/wp-content\/uploads\/2024\/08\/Marchan-e1725139943721.jpg?resize=350%2C200&ssl=1 1x, https:\/\/i0.wp.com\/www.grieta.org.mx\/wp-content\/uploads\/2024\/08\/Marchan-e1725139943721.jpg?resize=525%2C300&ssl=1 1.5x, https:\/\/i0.wp.com\/www.grieta.org.mx\/wp-content\/uploads\/2024\/08\/Marchan-e1725139943721.jpg?resize=700%2C400&ssl=1 2x"},"classes":[]},{"id":58712,"url":"https:\/\/www.grieta.org.mx\/index.php\/2021\/04\/13\/yucatan-lidera-incidencia-en-mujeres-desaparecidas-en-la-peninsula-durante-el-2021\/","url_meta":{"origin":68909,"position":1},"title":"Yucat\u00e1n lidera incidencia en mujeres desaparecidas en la Pen\u00ednsula durante el 2021","author":"grieta","date":"13 abril, 2021","format":false,"excerpt":"Por Esto! De acuerdo con la Comisi\u00f3n Nacional de B\u00fasqueda (CNB) del gobierno de M\u00e9xico, en lo que va del 2021 hasta el 13 de abril, en la Pen\u00ednsula de Yucat\u00e1n se han registrado 63 casos de mujeres desaparecidas. Yucat\u00e1n registr\u00f3 101 casos de personas desaparecidas en ese periodo, de\u2026","rel":"","context":"En &quot;Campeche&quot;","block_context":{"text":"Campeche","link":"https:\/\/www.grieta.org.mx\/index.php\/category\/noticias-nacionales\/campeche\/"},"img":{"alt_text":"","src":"https:\/\/i0.wp.com\/www.grieta.org.mx\/wp-content\/uploads\/2021\/04\/YucatanDesaparecidas.png?resize=350%2C200&ssl=1","width":350,"height":200,"srcset":"https:\/\/i0.wp.com\/www.grieta.org.mx\/wp-content\/uploads\/2021\/04\/YucatanDesaparecidas.png?resize=350%2C200&ssl=1 1x, https:\/\/i0.wp.com\/www.grieta.org.mx\/wp-content\/uploads\/2021\/04\/YucatanDesaparecidas.png?resize=525%2C300&ssl=1 1.5x, https:\/\/i0.wp.com\/www.grieta.org.mx\/wp-content\/uploads\/2021\/04\/YucatanDesaparecidas.png?resize=700%2C400&ssl=1 2x"},"classes":[]},{"id":61401,"url":"https:\/\/www.grieta.org.mx\/index.php\/2021\/08\/26\/cancun-quintana-roo-de-paraiso-turistico-a-infierno-registra-27-desaparecidos-en-agosto\/","url_meta":{"origin":68909,"position":2},"title":"Canc\u00fan, Quintana Roo, de para\u00edso tur\u00edstico a infierno: Registra 27 desaparecidos en agosto","author":"grieta","date":"26 agosto, 2021","format":false,"excerpt":"Carlos Hern\u00e1ndez \/ PorEsto! Durante los primeros 25 d\u00edas de agosto, la Fiscal\u00eda General del Estado de Quintana Roo (FGE) report\u00f3 la desaparici\u00f3n de 55 personas; 21 fueron localizadas, del resto se desconoce su paradero. Los municipios con mayor incidencia durante este mes son: Benito Ju\u00e1rez (Canc\u00fan) (27), Solidaridad (12),\u2026","rel":"","context":"En &quot;CINTILLO&quot;","block_context":{"text":"CINTILLO","link":"https:\/\/www.grieta.org.mx\/index.php\/category\/cintillo\/"},"img":{"alt_text":"","src":"https:\/\/i0.wp.com\/www.grieta.org.mx\/wp-content\/uploads\/2021\/08\/CancunInfierno-e1630361530280.png?resize=350%2C200&ssl=1","width":350,"height":200,"srcset":"https:\/\/i0.wp.com\/www.grieta.org.mx\/wp-content\/uploads\/2021\/08\/CancunInfierno-e1630361530280.png?resize=350%2C200&ssl=1 1x, https:\/\/i0.wp.com\/www.grieta.org.mx\/wp-content\/uploads\/2021\/08\/CancunInfierno-e1630361530280.png?resize=525%2C300&ssl=1 1.5x, https:\/\/i0.wp.com\/www.grieta.org.mx\/wp-content\/uploads\/2021\/08\/CancunInfierno-e1630361530280.png?resize=700%2C400&ssl=1 2x"},"classes":[]},{"id":68905,"url":"https:\/\/www.grieta.org.mx\/index.php\/2024\/05\/10\/cancun-madres-buscadoras-bloquean-la-av-xcaret-para-reclamar-por-desaparecidos-quintana-roo\/","url_meta":{"origin":68909,"position":3},"title":"Canc\u00fan: Madres buscadoras bloquean la av. Xcaret para reclamar por desaparecidos (Quintana Roo)","author":"grieta","date":"10 mayo, 2024","format":false,"excerpt":"Eduardo del Valle \/ Novedades Quintana Roo Un bloqueo de un carril de la avenida Xcaret de Canc\u00fan se hizo ayer, por Madres Buscadoras de Quintana Roo como un reclamo m\u00e1s a las autoridades por la falta de resultados en la b\u00fasqueda de desaparecidos. El carril de la Xcaret, con\u2026","rel":"","context":"En &quot;CINTILLO&quot;","block_context":{"text":"CINTILLO","link":"https:\/\/www.grieta.org.mx\/index.php\/category\/cintillo\/"},"img":{"alt_text":"","src":"https:\/\/i0.wp.com\/www.grieta.org.mx\/wp-content\/uploads\/2024\/05\/Desaparecidos-e1715553297915.jpg?resize=350%2C200&ssl=1","width":350,"height":200,"srcset":"https:\/\/i0.wp.com\/www.grieta.org.mx\/wp-content\/uploads\/2024\/05\/Desaparecidos-e1715553297915.jpg?resize=350%2C200&ssl=1 1x, https:\/\/i0.wp.com\/www.grieta.org.mx\/wp-content\/uploads\/2024\/05\/Desaparecidos-e1715553297915.jpg?resize=525%2C300&ssl=1 1.5x, https:\/\/i0.wp.com\/www.grieta.org.mx\/wp-content\/uploads\/2024\/05\/Desaparecidos-e1715553297915.jpg?resize=700%2C400&ssl=1 2x"},"classes":[]},{"id":65576,"url":"https:\/\/www.grieta.org.mx\/index.php\/2022\/10\/20\/marchan-activistas-contra-nulos-resultados-de-la-fiscalia-en-casos-de-desaparecidos-quintana-roo\/","url_meta":{"origin":68909,"position":4},"title":"Marchan activistas contra nulos resultados de la Fiscal\u00eda en casos de desaparecidos (Quintana Roo)","author":"grieta","date":"20 octubre, 2022","format":false,"excerpt":"Juan Morales \/ Grupo Pir\u00e1mide Canc\u00fan, Quintana Roo.- Miembros del colectivo Verdad, Memoria y Justicia marcharon en Canc\u00fan contra los nulos resultados de la Fiscal\u00eda General del Estado (FGE) en los reportes de personas desaparecidas, los cuales aumentaron durante septiembre con dos casos m\u00e1s. Los manifestantes arrancaron su protesta desde\u2026","rel":"","context":"En &quot;CINTILLO&quot;","block_context":{"text":"CINTILLO","link":"https:\/\/www.grieta.org.mx\/index.php\/category\/cintillo\/"},"img":{"alt_text":"","src":"https:\/\/i0.wp.com\/www.grieta.org.mx\/wp-content\/uploads\/2022\/10\/DesaparecidosQroo-e1666432285627.jpg?resize=350%2C200&ssl=1","width":350,"height":200,"srcset":"https:\/\/i0.wp.com\/www.grieta.org.mx\/wp-content\/uploads\/2022\/10\/DesaparecidosQroo-e1666432285627.jpg?resize=350%2C200&ssl=1 1x, https:\/\/i0.wp.com\/www.grieta.org.mx\/wp-content\/uploads\/2022\/10\/DesaparecidosQroo-e1666432285627.jpg?resize=525%2C300&ssl=1 1.5x, https:\/\/i0.wp.com\/www.grieta.org.mx\/wp-content\/uploads\/2022\/10\/DesaparecidosQroo-e1666432285627.jpg?resize=700%2C400&ssl=1 2x"},"classes":[]},{"id":37833,"url":"https:\/\/www.grieta.org.mx\/index.php\/2019\/08\/09\/desaparecen-11-personas-en-una-semana-en-quintana-roo-8-de-ellas-en-cancun\/","url_meta":{"origin":68909,"position":5},"title":"Desaparecen 11 personas en una semana en Quintana Roo, 8 de ellas en Canc\u00fan","author":"grieta","date":"9 agosto, 2019","format":false,"excerpt":"Los casos tienen como com\u00fan denominador que las v\u00edctimas son j\u00f3venes, que llegaron a Quintana Roo por tener una oferta de trabajo. Luces del Siglo\/Animal Pol\u00edtico CANC\u00daN, Quintana Roo- La desaparici\u00f3n de 11 personas en menos de una semana en la entidad, de las cuales ocho ocurrieron en Canc\u00fan, prendi\u00f3\u2026","rel":"","context":"En &quot;CINTILLO&quot;","block_context":{"text":"CINTILLO","link":"https:\/\/www.grieta.org.mx\/index.php\/category\/cintillo\/"},"img":{"alt_text":"","src":"https:\/\/i0.wp.com\/www.grieta.org.mx\/wp-content\/uploads\/2019\/08\/cancun-desaparecidos-e1565662069102.jpg?resize=350%2C200&ssl=1","width":350,"height":200,"srcset":"https:\/\/i0.wp.com\/www.grieta.org.mx\/wp-content\/uploads\/2019\/08\/cancun-desaparecidos-e1565662069102.jpg?resize=350%2C200&ssl=1 1x, https:\/\/i0.wp.com\/www.grieta.org.mx\/wp-content\/uploads\/2019\/08\/cancun-desaparecidos-e1565662069102.jpg?resize=525%2C300&ssl=1 1.5x, https:\/\/i0.wp.com\/www.grieta.org.mx\/wp-content\/uploads\/2019\/08\/cancun-desaparecidos-e1565662069102.jpg?resize=700%2C400&ssl=1 2x"},"classes":[]}],"_links":{"self":[{"href":"https:\/\/www.grieta.org.mx\/index.php\/wp-json\/wp\/v2\/posts\/68909","targetHints":{"allow":["GET"]}}],"collection":[{"href":"https:\/\/www.grieta.org.mx\/index.php\/wp-json\/wp\/v2\/posts"}],"about":[{"href":"https:\/\/www.grieta.org.mx\/index.php\/wp-json\/wp\/v2\/types\/post"}],"author":[{"embeddable":true,"href":"https:\/\/www.grieta.org.mx\/index.php\/wp-json\/wp\/v2\/users\/2"}],"replies":[{"embeddable":true,"href":"https:\/\/www.grieta.org.mx\/index.php\/wp-json\/wp\/v2\/comments?post=68909"}],"version-history":[{"count":1,"href":"https:\/\/www.grieta.org.mx\/index.php\/wp-json\/wp\/v2\/posts\/68909\/revisions"}],"predecessor-version":[{"id":68911,"href":"https:\/\/www.grieta.org.mx\/index.php\/wp-json\/wp\/v2\/posts\/68909\/revisions\/68911"}],"wp:featuredmedia":[{"embeddable":true,"href":"https:\/\/www.grieta.org.mx\/index.php\/wp-json\/wp\/v2\/media\/68910"}],"wp:attachment":[{"href":"https:\/\/www.grieta.org.mx\/index.php\/wp-json\/wp\/v2\/media?parent=68909"}],"wp:term":[{"taxonomy":"category","embeddable":true,"href":"https:\/\/www.grieta.org.mx\/index.php\/wp-json\/wp\/v2\/categories?post=68909"},{"taxonomy":"post_tag","embeddable":true,"href":"https:\/\/www.grieta.org.mx\/index.php\/wp-json\/wp\/v2\/tags?post=68909"}],"curies":[{"name":"wp","href":"https:\/\/api.w.org\/{rel}","templated":true}]}}