{"id":68894,"date":"2024-05-01T16:46:15","date_gmt":"2024-05-01T22:46:15","guid":{"rendered":"https:\/\/www.grieta.org.mx\/?p=68894"},"modified":"2024-05-10T16:52:50","modified_gmt":"2024-05-10T22:52:50","slug":"dia-del-trabajo-trabajadoras-sexuales-marchan-por-sus-derechos-en-la-cdmx-exigen-reconocimiento-laboral-y-fin-a-la-trata","status":"publish","type":"post","link":"https:\/\/www.grieta.org.mx\/index.php\/2024\/05\/01\/dia-del-trabajo-trabajadoras-sexuales-marchan-por-sus-derechos-en-la-cdmx-exigen-reconocimiento-laboral-y-fin-a-la-trata\/","title":{"rendered":"D\u00eda del Trabajo: Trabajadoras sexuales marchan por sus derechos en la CDMX, exigen reconocimiento laboral y fin a la trata"},"content":{"rendered":"<p>Imagen: Mario Marlo<\/p>\n<p>Mario Marlo \/ Somos el Medio<\/p>\n<p><strong>Ciudad de M\u00e9xico, 1 de mayo 2024.-\u00a0<\/strong>Trabajadoras sexuales marcharon en defensa de su empleo y exigieron modificaciones en el reglamento de trabajadores no asalariados de la Ciudad de M\u00e9xico.\u00a0<strong>La Brigada Callejera de Apoyo a la Mujer E.M.A.C<\/strong>, organizaci\u00f3n con m\u00e1s de 35 a\u00f1os de activismo, ha abogado por el reconocimiento del trabajo sexual como una labor digna, buscando garantizar derechos laborales para quienes lo ejercen voluntariamente.<\/p>\n<p>Durante la marcha, denunciaron\u00a0<strong>\u00a0la extorsi\u00f3n y trata de menores de edad en los hoteles Ampudia y Universo y que a<\/strong>\u00a0pesar del reconocimiento legal del trabajo sexual, las autoridades de la Ciudad de M\u00e9xico\u00a0<strong>mantienen pr\u00e1cticas que estigmatizan a las trabajadoras sexuales,<\/strong>\u00a0como la retenci\u00f3n de tr\u00e1mites para obtener el tarjet\u00f3n de trabajadoras no asalariadas.<\/p>\n<p><strong><em>\u201cSalimos a marchar porque tenemos pendientes miles de tarjetones que identifican el trabajo sexual no asalariado en la CDMX.\u201d<\/em><\/strong>\u00a0 Denunci\u00f3 Gabriela, trabajadora sexual.<\/p>\n<p><strong>La marcha, realizada en el marco del D\u00eda Internacional del Trabajo<\/strong>, parti\u00f3 de la avenida Anillo de Circulaci\u00f3n y recorri\u00f3 diversas calles hasta llegar al Z\u00f3calo capitalino para demandar\u00a0<strong>acceso a vivienda, servicios de salud, seguridad y respeto hacia las trabajadoras sexuales de la tercera edad que laboran en el Centro.<\/strong><\/p>\n<p>Se destac\u00f3 la necesidad de<strong>\u00a0actualizar el Reglamento para los Trabajadores no Asalariados de la Ciudad de M\u00e9xico,<\/strong>\u00a0vigente desde 1975, para reconocer plenamente el trabajo sexual como una actividad no asalariada y evitar pr\u00e1cticas que criminalizan a las trabajadoras.<\/p>\n<p>La marcha tambi\u00e9n cont\u00f3 con la participaci\u00f3n de mujeres transg\u00e9nero, quienes denunciaron los<strong>\u00a0transfeminicidios sufridos por sus compa\u00f1eras, especialmente en el Estado de M\u00e9xico.<\/strong>\u00a0En este contexto, se reafirm\u00f3 el compromiso de la\u00a0<strong>Brigada Callejera en la lucha contra la trata de personas con fines sexuales y en la defensa de los derechos<\/strong>\u00a0de todas las trabajadoras sexuales independientes.<\/p>\n<p><em><strong>\u201cTrabajo sexual s\u00ed, trata no. Es fundamental que se respete nuestra labor y se castigue la explotaci\u00f3n de personas.\u201d<\/strong><\/em>\u00a0Elvira Madrid, presidenta de la Brigada Callejera.<\/p>\n<p>La Brigada Callejera ha desarrollado una campa\u00f1a contra la trata de personas mediante c\u00f3mics, buscando concientizar sobre este delito que vulnera derechos humanos. Adem\u00e1s, han promovido el\u00a0<strong>\u201cABC de la trata de personas\u201d<\/strong>, destacando la importancia de respetar la voluntad de quienes deciden trabajar en el sexo.<\/p>\n<p>Elvira Madrid, presidenta de la Brigada Callejera, reafirm\u00f3 el compromiso de la organizaci\u00f3n en la defensa de los derechos de las trabajadoras sexuales y en la lucha contra la trata de personas con fines sexuales.<\/p>\n<p><strong><em>\u201cNi v\u00edctimas, ni victimarias, solo due\u00f1as de nuestras decisiones. Esta es nuestra postura como trabajadoras sexuales independientes.\u201d<\/em><\/strong>\u00a0Pancarta destacada durante la manifestaci\u00f3n.<\/p>\n<p><a href=\"https:\/\/www.somoselmedio.com\/dia-del-trabajo-trabajadoras-sexuales-marchan-por-sus-derechos-en-la-cdmx-exigen-reconocimiento-laboral-y-fin-a-la-trata\/\">https:\/\/www.somoselmedio.com\/dia-del-trabajo-trabajadoras-sexuales-marchan-por-sus-derechos-en-la-cdmx-exigen-reconocimiento-laboral-y-fin-a-la-trata\/<\/a><\/p>\n","protected":false},"excerpt":{"rendered":"<p>Imagen: Mario Marlo Mario Marlo \/ Somos el Medio Ciudad de M\u00e9xico, 1 de mayo 2024.-\u00a0Trabajadoras sexuales marcharon en defensa de su empleo y exigieron modificaciones en el reglamento de &hellip; <a href=\"https:\/\/www.grieta.org.mx\/index.php\/2024\/05\/01\/dia-del-trabajo-trabajadoras-sexuales-marchan-por-sus-derechos-en-la-cdmx-exigen-reconocimiento-laboral-y-fin-a-la-trata\/\" class=\"more-link\">Leer m\u00e1s<\/a><\/p>\n","protected":false},"author":2,"featured_media":68895,"comment_status":"closed","ping_status":"closed","sticky":false,"template":"","format":"standard","meta":{"ngg_post_thumbnail":0,"_jetpack_newsletter_access":"","_jetpack_dont_email_post_to_subs":false,"_jetpack_newsletter_tier_id":0,"_jetpack_memberships_contains_paywalled_content":false,"_jetpack_memberships_contains_paid_content":false,"footnotes":""},"categories":[80,14,1225,2239,910,2,83],"tags":[105,254,2841,3759,3645,3369,702,417],"class_list":["post-68894","post","type-post","status-publish","format-standard","has-post-thumbnail","hentry","category-cintillo","category-ciudad-de-mexico","category-explotacion-laboral-en-la-ciudad-de-mexico","category-explotacion-sexual-en-la-ciudad-de-mexico","category-explotacion-y-precariedad-laboral","category-noticias-nacionales","category-temas-nacionales","tag-derechos-laborales","tag-explotacion-de-menores","tag-explotacion-y-precariedad-laboral","tag-extorsion","tag-redes-de-explotacion-sexual-infantil","tag-trabajadoras-sexuales","tag-trabajadores-sexuales","tag-trata-de-personas","entry"],"jetpack_featured_media_url":"https:\/\/www.grieta.org.mx\/wp-content\/uploads\/2024\/05\/WhatsApp-Image-2024-05-01-at-7.03.30-PM-3.jpeg","jetpack_sharing_enabled":true,"jetpack_shortlink":"https:\/\/wp.me\/p7ZJR4-hVc","jetpack_likes_enabled":false,"jetpack-related-posts":[{"id":47548,"url":"https:\/\/www.grieta.org.mx\/index.php\/2020\/04\/08\/trabajadoras-sexuales-expulsadas-de-hoteles-por-cuarentena-instalan-campamento-temporal-ciudad-de-mexico\/","url_meta":{"origin":68894,"position":0},"title":"Trabajadoras sexuales, expulsadas de hoteles por cuarentena, instalan campamento temporal (Ciudad de M\u00e9xico)","author":"grieta","date":"8 abril, 2020","format":false,"excerpt":"Imagen tomada de:news.culturacolectiva.com Cultura Colectiva La mayor\u00eda de los y las trabajadores sexuales se quedaron sin empleo y duermen en la calle ante el cierre de hoteles y posadas por la pandemia. Ante la vulnerabilidad tras el cierre de hoteles y posadas por la emergencia sanitaria que representa el coronavirus\u2026","rel":"","context":"En &quot;CINTILLO&quot;","block_context":{"text":"CINTILLO","link":"https:\/\/www.grieta.org.mx\/index.php\/category\/cintillo\/"},"img":{"alt_text":"","src":"https:\/\/i0.wp.com\/www.grieta.org.mx\/wp-content\/uploads\/2020\/04\/Trabajadoras-sexuales-expulsadas-de-hoteles-por-cuarentena-instalan-campamento-temporal-cdmx-abr.jpeg?resize=350%2C200&ssl=1","width":350,"height":200,"srcset":"https:\/\/i0.wp.com\/www.grieta.org.mx\/wp-content\/uploads\/2020\/04\/Trabajadoras-sexuales-expulsadas-de-hoteles-por-cuarentena-instalan-campamento-temporal-cdmx-abr.jpeg?resize=350%2C200&ssl=1 1x, https:\/\/i0.wp.com\/www.grieta.org.mx\/wp-content\/uploads\/2020\/04\/Trabajadoras-sexuales-expulsadas-de-hoteles-por-cuarentena-instalan-campamento-temporal-cdmx-abr.jpeg?resize=525%2C300&ssl=1 1.5x, https:\/\/i0.wp.com\/www.grieta.org.mx\/wp-content\/uploads\/2020\/04\/Trabajadoras-sexuales-expulsadas-de-hoteles-por-cuarentena-instalan-campamento-temporal-cdmx-abr.jpeg?resize=700%2C400&ssl=1 2x"},"classes":[]},{"id":57597,"url":"https:\/\/www.grieta.org.mx\/index.php\/2021\/03\/08\/trabajadoras-sexuales-se-unen-a-contingentes-de-la-marcha-8m-en-el-centro-por-derechos-laborales-ciudad-de-mexico\/","url_meta":{"origin":68894,"position":1},"title":"Trabajadoras sexuales se unen a contingentes de la marcha 8M en el centro por derechos laborales (Ciudad de M\u00e9xico)","author":"grieta","date":"8 marzo, 2021","format":false,"excerpt":"El contingente de AMETS a su paso frente a la Alameda (Karen Flores) \u00daltimo Minuto Con mensajes como \"Ni v\u00edctimas ni criminales, somos trabajadoras sexuales\", \u00a0marcharon por Reforma exigiendo que las autoridades las reconozcan Integrantes de la Alianza Mexicana de Trabajadoras Sexuales (AMETS) se unieron a las marchas con motivo\u2026","rel":"","context":"En &quot;CINTILLO&quot;","block_context":{"text":"CINTILLO","link":"https:\/\/www.grieta.org.mx\/index.php\/category\/cintillo\/"},"img":{"alt_text":"El contingente de AMETS a su paso frente a la Alameda","src":"https:\/\/i0.wp.com\/assets.ultimominuto.news\/__export\/1615245124029\/sites\/debate\/img\/2021\/03\/08\/trabajadoras_sexuales_8m.jpeg_172596871.jpeg?resize=350%2C200&ssl=1","width":350,"height":200,"srcset":"https:\/\/i0.wp.com\/assets.ultimominuto.news\/__export\/1615245124029\/sites\/debate\/img\/2021\/03\/08\/trabajadoras_sexuales_8m.jpeg_172596871.jpeg?resize=350%2C200&ssl=1 1x, https:\/\/i0.wp.com\/assets.ultimominuto.news\/__export\/1615245124029\/sites\/debate\/img\/2021\/03\/08\/trabajadoras_sexuales_8m.jpeg_172596871.jpeg?resize=525%2C300&ssl=1 1.5x"},"classes":[]},{"id":42197,"url":"https:\/\/www.grieta.org.mx\/index.php\/2019\/12\/12\/gobierno-de-la-cdmx-discrimina-y-corre-a-trabajadoras-sexuales-brigada-callejera\/","url_meta":{"origin":68894,"position":2},"title":"Gobierno de la CDMX discrimina y corre a trabajadoras sexuales: Brigada Callejera","author":"grieta","date":"12 diciembre, 2019","format":false,"excerpt":"Foto: Mois\u00e9s Pablo \/ Cuartoscuro Jordana Gonz\u00e1lez y Karen Ballesteros \/ Contral\u00ednea Trabajadoras sexuales denunciaron que funcionarios de la Subsecretar\u00eda de Programas de Alcald\u00edas y Reordenamiento de la V\u00eda P\u00fablica, de la Ciudad de M\u00e9xico, las discriminan, luego de encontrar invadidos por vendedores ambulantes sus puntos de trabajo en la\u2026","rel":"","context":"En &quot;CINTILLO&quot;","block_context":{"text":"CINTILLO","link":"https:\/\/www.grieta.org.mx\/index.php\/category\/cintillo\/"},"img":{"alt_text":"","src":"https:\/\/i0.wp.com\/www.grieta.org.mx\/wp-content\/uploads\/2019\/12\/Gobierno-de-la-CDMX-discrimina-y-corre-a-trabajadoras-sexuales-Brigada-Callejera-cdmx-dic.jpg?resize=350%2C200&ssl=1","width":350,"height":200,"srcset":"https:\/\/i0.wp.com\/www.grieta.org.mx\/wp-content\/uploads\/2019\/12\/Gobierno-de-la-CDMX-discrimina-y-corre-a-trabajadoras-sexuales-Brigada-Callejera-cdmx-dic.jpg?resize=350%2C200&ssl=1 1x, https:\/\/i0.wp.com\/www.grieta.org.mx\/wp-content\/uploads\/2019\/12\/Gobierno-de-la-CDMX-discrimina-y-corre-a-trabajadoras-sexuales-Brigada-Callejera-cdmx-dic.jpg?resize=525%2C300&ssl=1 1.5x"},"classes":[]},{"id":64204,"url":"https:\/\/www.grieta.org.mx\/index.php\/2022\/05\/01\/no-queremos-morir-en-el-trabajo-trabajadoras-de-la-industria-electronica-en-jalisco-denuncian-desigualdad-e-injusticias\/","url_meta":{"origin":68894,"position":3},"title":"\u00a1No queremos morir en el trabajo!: Trabajadoras de la industria electr\u00f3nica en Jalisco denuncian desigualdad e injusticias","author":"grieta","date":"1 mayo, 2022","format":false,"excerpt":"Foto: Christian\u00a0Cantero Christian\u00a0Cantero \/ Zona Docs Este primero de mayo -D\u00eda de la trabajadora y el trabajador -integrantes de la Coalici\u00f3n de Ex trabajadoras (es) y Trabajadoras (es) de la Industria Electr\u00f3nica Nacional (CETIEN) en Jalisco salieron a marchar\u00a0para denunciar las condiciones precarias a las que se enfrentan en sus\u2026","rel":"","context":"En &quot;CINTILLO&quot;","block_context":{"text":"CINTILLO","link":"https:\/\/www.grieta.org.mx\/index.php\/category\/cintillo\/"},"img":{"alt_text":"","src":"https:\/\/i0.wp.com\/www.grieta.org.mx\/wp-content\/uploads\/2022\/05\/photo5150351269435648523-1068x712-1.jpg?resize=350%2C200&ssl=1","width":350,"height":200,"srcset":"https:\/\/i0.wp.com\/www.grieta.org.mx\/wp-content\/uploads\/2022\/05\/photo5150351269435648523-1068x712-1.jpg?resize=350%2C200&ssl=1 1x, https:\/\/i0.wp.com\/www.grieta.org.mx\/wp-content\/uploads\/2022\/05\/photo5150351269435648523-1068x712-1.jpg?resize=525%2C300&ssl=1 1.5x, https:\/\/i0.wp.com\/www.grieta.org.mx\/wp-content\/uploads\/2022\/05\/photo5150351269435648523-1068x712-1.jpg?resize=700%2C400&ssl=1 2x, https:\/\/i0.wp.com\/www.grieta.org.mx\/wp-content\/uploads\/2022\/05\/photo5150351269435648523-1068x712-1.jpg?resize=1050%2C600&ssl=1 3x"},"classes":[]},{"id":40143,"url":"https:\/\/www.grieta.org.mx\/index.php\/2019\/10\/08\/los-despidos-en-el-dif-cdmx-tienen-rostro-de-mujer-ciudad-de-mexico\/","url_meta":{"origin":68894,"position":4},"title":"Los despidos en el DIF CDMX tienen rostro de mujer (Ciudad de M\u00e9xico)","author":"grieta","date":"8 octubre, 2019","format":false,"excerpt":"La Izquierda Diario de M\u00e9xico Una ola de despidos en todo el pa\u00eds inici\u00f3 en diciembre de 2018 producto de la pol\u00edtica de \u201causteridad\u201d del gobierno de la \"cuarta transformaci\u00f3n\". El supuesto objetivo, barrer con los privilegios de los altos funcionarios. Pero los impulsores de la campa\u00f1a #QueremosTrabajoDigno denuncian que\u2026","rel":"","context":"En &quot;CINTILLO&quot;","block_context":{"text":"CINTILLO","link":"https:\/\/www.grieta.org.mx\/index.php\/category\/cintillo\/"},"img":{"alt_text":"","src":"https:\/\/i0.wp.com\/www.grieta.org.mx\/wp-content\/uploads\/2019\/10\/Los-despidos-en-el-DIF-CDMX-tienen-rostro-de-mujer-oct-cdmx.jpg?resize=350%2C200&ssl=1","width":350,"height":200,"srcset":"https:\/\/i0.wp.com\/www.grieta.org.mx\/wp-content\/uploads\/2019\/10\/Los-despidos-en-el-DIF-CDMX-tienen-rostro-de-mujer-oct-cdmx.jpg?resize=350%2C200&ssl=1 1x, https:\/\/i0.wp.com\/www.grieta.org.mx\/wp-content\/uploads\/2019\/10\/Los-despidos-en-el-DIF-CDMX-tienen-rostro-de-mujer-oct-cdmx.jpg?resize=525%2C300&ssl=1 1.5x, https:\/\/i0.wp.com\/www.grieta.org.mx\/wp-content\/uploads\/2019\/10\/Los-despidos-en-el-DIF-CDMX-tienen-rostro-de-mujer-oct-cdmx.jpg?resize=700%2C400&ssl=1 2x"},"classes":[]},{"id":50038,"url":"https:\/\/www.grieta.org.mx\/index.php\/2020\/05\/28\/mueren-trabajadores-de-limpia-de-la-ciudad-de-mexico-por-covid-19-sin-apoyo-ni-reconocimiento\/","url_meta":{"origin":68894,"position":5},"title":"Mueren trabajadores de limpia de la Ciudad de M\u00e9xico por COVID-19 sin apoyo, ni reconocimiento","author":"grieta","date":"28 mayo, 2020","format":false,"excerpt":"Imagen tomada de: http:\/\/cdmx.com\/ CDMX.COM Los trabajadores de limpia de la capital arriesgan su salud y la de sus familias al salir a las calles a recopilar la basura que generamos todos en camiones recolectores y por barrido. CDMX.COM entrevist\u00f3 a varios trabajadores de limpia y pudimos constatar que la\u2026","rel":"","context":"En &quot;CINTILLO&quot;","block_context":{"text":"CINTILLO","link":"https:\/\/www.grieta.org.mx\/index.php\/category\/cintillo\/"},"img":{"alt_text":"","src":"https:\/\/i0.wp.com\/www.grieta.org.mx\/wp-content\/uploads\/2020\/05\/Mueren-trabajadores-de-limpia-de-la-ciudad-de-M%C3%A9xico-por-COVID-19-sin-apoyo-ni-reconocimiento-cdmx-may.jpeg?resize=350%2C200&ssl=1","width":350,"height":200,"srcset":"https:\/\/i0.wp.com\/www.grieta.org.mx\/wp-content\/uploads\/2020\/05\/Mueren-trabajadores-de-limpia-de-la-ciudad-de-M%C3%A9xico-por-COVID-19-sin-apoyo-ni-reconocimiento-cdmx-may.jpeg?resize=350%2C200&ssl=1 1x, https:\/\/i0.wp.com\/www.grieta.org.mx\/wp-content\/uploads\/2020\/05\/Mueren-trabajadores-de-limpia-de-la-ciudad-de-M%C3%A9xico-por-COVID-19-sin-apoyo-ni-reconocimiento-cdmx-may.jpeg?resize=525%2C300&ssl=1 1.5x"},"classes":[]}],"_links":{"self":[{"href":"https:\/\/www.grieta.org.mx\/index.php\/wp-json\/wp\/v2\/posts\/68894","targetHints":{"allow":["GET"]}}],"collection":[{"href":"https:\/\/www.grieta.org.mx\/index.php\/wp-json\/wp\/v2\/posts"}],"about":[{"href":"https:\/\/www.grieta.org.mx\/index.php\/wp-json\/wp\/v2\/types\/post"}],"author":[{"embeddable":true,"href":"https:\/\/www.grieta.org.mx\/index.php\/wp-json\/wp\/v2\/users\/2"}],"replies":[{"embeddable":true,"href":"https:\/\/www.grieta.org.mx\/index.php\/wp-json\/wp\/v2\/comments?post=68894"}],"version-history":[{"count":1,"href":"https:\/\/www.grieta.org.mx\/index.php\/wp-json\/wp\/v2\/posts\/68894\/revisions"}],"predecessor-version":[{"id":68897,"href":"https:\/\/www.grieta.org.mx\/index.php\/wp-json\/wp\/v2\/posts\/68894\/revisions\/68897"}],"wp:featuredmedia":[{"embeddable":true,"href":"https:\/\/www.grieta.org.mx\/index.php\/wp-json\/wp\/v2\/media\/68895"}],"wp:attachment":[{"href":"https:\/\/www.grieta.org.mx\/index.php\/wp-json\/wp\/v2\/media?parent=68894"}],"wp:term":[{"taxonomy":"category","embeddable":true,"href":"https:\/\/www.grieta.org.mx\/index.php\/wp-json\/wp\/v2\/categories?post=68894"},{"taxonomy":"post_tag","embeddable":true,"href":"https:\/\/www.grieta.org.mx\/index.php\/wp-json\/wp\/v2\/tags?post=68894"}],"curies":[{"name":"wp","href":"https:\/\/api.w.org\/{rel}","templated":true}]}}