{"id":68885,"date":"2024-05-10T16:05:15","date_gmt":"2024-05-10T22:05:15","guid":{"rendered":"https:\/\/www.grieta.org.mx\/?p=68885"},"modified":"2024-05-10T16:05:15","modified_gmt":"2024-05-10T22:05:15","slug":"queremos-soluciones-protestan-por-segundo-dia-el-personal-de-salud-en-el-hospital-regional-colima","status":"publish","type":"post","link":"https:\/\/www.grieta.org.mx\/index.php\/2024\/05\/10\/queremos-soluciones-protestan-por-segundo-dia-el-personal-de-salud-en-el-hospital-regional-colima\/","title":{"rendered":"\u00a1Queremos soluciones!\u201d; protestan por segundo d\u00eda el personal de Salud en el Hospital Regional (Colima)"},"content":{"rendered":"<p>Imagen: Diario Avanzada<\/p>\n<p>Redacci\u00f3n \/ Diario Avanzada<\/p>\n<p>Colima, M\u00e9xico, Avanzada (10\/05\/2024).- El personal del Hospital Regional Universitario volvi\u00f3 a manifestarse por segundo d\u00eda consecutivo debido a las carencias provocadas por el desabasto de instrumental y medicamentos.<\/p>\n<p>Durante media hora esta ma\u00f1ana, m\u00e9dicos, enfermeras y personal administrativo se congregaron a las afueras del nosocomio exigiendo soluciones, buscando el respaldo de la sociedad civil y la intervenci\u00f3n de las autoridades para reabastecer los inventarios con los materiales necesarios para brindar un servicio de calidad a los pacientes.<\/p>\n<p>Enfrentando la falta de material b\u00e1sico y hasta l\u00edneas telef\u00f3nicas, el personal explic\u00f3 ante la prensa las dificultades que enfrentan en su labor diaria, teniendo que recurrir a sus propios dispositivos celulares para comunicarse.<\/p>\n<p>Los pacientes presentes en la manifestaci\u00f3n compartieron sus preocupaciones, algunos se\u00f1alando la necesidad de comprar por su cuenta los materiales para la atenci\u00f3n de sus familiares hospitalizados, debido a la escasez en el hospital.<\/p>\n<p>Adem\u00e1s, familiares de pacientes hospitalizados informaron que se vieron obligados a cubrir el costo de estudios m\u00e9dicos que deber\u00edan haberse realizado en el hospital, recurriendo a servicios particulares debido a la falta de opciones.<\/p>\n<p>Tras treinta minutos de protesta y consignas como \u201c\u00a1queremos trabajar y no tenemos con qu\u00e9!\u201d, el personal de Salud regres\u00f3 a sus labores, advirtiendo que las protestas continuar\u00e1n hasta que se encuentren soluciones a sus demandas.<\/p>\n<p><a href=\"https:\/\/diarioavanzada.com.mx\/?p=57761\">https:\/\/diarioavanzada.com.mx\/?p=57761<\/a><\/p>\n","protected":false},"excerpt":{"rendered":"<p>Imagen: Diario Avanzada Redacci\u00f3n \/ Diario Avanzada Colima, M\u00e9xico, Avanzada (10\/05\/2024).- El personal del Hospital Regional Universitario volvi\u00f3 a manifestarse por segundo d\u00eda consecutivo debido a las carencias provocadas por &hellip; <a href=\"https:\/\/www.grieta.org.mx\/index.php\/2024\/05\/10\/queremos-soluciones-protestan-por-segundo-dia-el-personal-de-salud-en-el-hospital-regional-colima\/\" class=\"more-link\">Leer m\u00e1s<\/a><\/p>\n","protected":false},"author":2,"featured_media":68887,"comment_status":"closed","ping_status":"closed","sticky":false,"template":"","format":"standard","meta":{"ngg_post_thumbnail":0,"_jetpack_newsletter_access":"","_jetpack_dont_email_post_to_subs":false,"_jetpack_newsletter_tier_id":0,"_jetpack_memberships_contains_paywalled_content":false,"_jetpack_memberships_contains_paid_content":false,"footnotes":""},"categories":[80,13,918,2365,2,83],"tags":[3133,2367,3284,3226,3604,3323,3265,3816],"class_list":["post-68885","post","type-post","status-publish","format-standard","has-post-thumbnail","hentry","category-cintillo","category-colima","category-privatizacion-del-sector-salud","category-crisis-en-el-sector-salud-en-colima","category-noticias-nacionales","category-temas-nacionales","tag-crisis-del-sector-salud","tag-crisis-en-el-sector-salud","tag-falta-de-insumos-en-hospitales","tag-falta-de-material-y-equipo-medico","tag-falta-de-medicamentos","tag-personal-de-salud","tag-protestas-de-medicos-y-enfermeras","tag-protestas-por-falta-de-servicios-medicos","entry"],"jetpack_featured_media_url":"https:\/\/www.grieta.org.mx\/wp-content\/uploads\/2024\/05\/img_8926-1.jpg","jetpack_sharing_enabled":true,"jetpack_shortlink":"https:\/\/wp.me\/p7ZJR4-hV3","jetpack_likes_enabled":false,"jetpack-related-posts":[{"id":68565,"url":"https:\/\/www.grieta.org.mx\/index.php\/2024\/02\/23\/pacientes-renales-protestan-por-falta-de-medicamentos-y-atencion-en-manzanillo-colima\/","url_meta":{"origin":68885,"position":0},"title":"Pacientes renales protestan por falta de medicamentos y atenci\u00f3n en Manzanillo (Colima)","author":"grieta","date":"23 febrero, 2024","format":false,"excerpt":"Imagen: Diario Avanzada Redacci\u00f3n \/ Diario Avanzada Colima, M\u00e9xico, Avanzada (23\/02\/2024).- Pacientes que reciben tratamiento de hemodi\u00e1lisis se manifestaron en el Hospital de Manzanillo por la falta de medicamentos, especialmente sueros y vitaminas que han tenido que costear. La ma\u00f1ana de este viernes, un grupo de personas se manifestaron a\u2026","rel":"","context":"En &quot;CINTILLO&quot;","block_context":{"text":"CINTILLO","link":"https:\/\/www.grieta.org.mx\/index.php\/category\/cintillo\/"},"img":{"alt_text":"","src":"https:\/\/i0.wp.com\/www.grieta.org.mx\/wp-content\/uploads\/2024\/02\/a1-153.jpg?resize=350%2C200&ssl=1","width":350,"height":200,"srcset":"https:\/\/i0.wp.com\/www.grieta.org.mx\/wp-content\/uploads\/2024\/02\/a1-153.jpg?resize=350%2C200&ssl=1 1x, https:\/\/i0.wp.com\/www.grieta.org.mx\/wp-content\/uploads\/2024\/02\/a1-153.jpg?resize=525%2C300&ssl=1 1.5x, https:\/\/i0.wp.com\/www.grieta.org.mx\/wp-content\/uploads\/2024\/02\/a1-153.jpg?resize=700%2C400&ssl=1 2x"},"classes":[]},{"id":53757,"url":"https:\/\/www.grieta.org.mx\/index.php\/2020\/09\/23\/hospital-general-de-tecoman-no-tiene-medicamentos-ventiladores-ni-tomas-de-oxigeno-colima\/","url_meta":{"origin":68885,"position":1},"title":"Hospital General de Tecom\u00e1n no tiene medicamentos, ventiladores, ni tomas de ox\u00edgeno (Colima)","author":"grieta","date":"23 septiembre, 2020","format":false,"excerpt":"Foto: Diario Avanzada Heidi de Le\u00f3n Guti\u00e9rrez \/ Diario Avanzada Colima, M\u00e9xico, Avanzada (23\/09\/2020).- M\u00e9dicos y pacientes del Hospital General de Tecom\u00e1n sufren el desabasto de medicamentos, material quir\u00fargico, ventiladores y condiciones adecuadas para poder ofrecer u recibir una adecuada atenci\u00f3n. La desprotecci\u00f3n en la que se encuentra este centro\u2026","rel":"","context":"En &quot;CINTILLO&quot;","block_context":{"text":"CINTILLO","link":"https:\/\/www.grieta.org.mx\/index.php\/category\/cintillo\/"},"img":{"alt_text":"","src":"https:\/\/i0.wp.com\/www.grieta.org.mx\/wp-content\/uploads\/2020\/09\/Salud-Covid-2.jpeg?resize=350%2C200&ssl=1","width":350,"height":200,"srcset":"https:\/\/i0.wp.com\/www.grieta.org.mx\/wp-content\/uploads\/2020\/09\/Salud-Covid-2.jpeg?resize=350%2C200&ssl=1 1x, https:\/\/i0.wp.com\/www.grieta.org.mx\/wp-content\/uploads\/2020\/09\/Salud-Covid-2.jpeg?resize=525%2C300&ssl=1 1.5x, https:\/\/i0.wp.com\/www.grieta.org.mx\/wp-content\/uploads\/2020\/09\/Salud-Covid-2.jpeg?resize=700%2C400&ssl=1 2x"},"classes":[]},{"id":43550,"url":"https:\/\/www.grieta.org.mx\/index.php\/2020\/01\/23\/medicos-en-manzanillo-llevan-7-dias-en-paro-por-impago-colima\/","url_meta":{"origin":68885,"position":2},"title":"M\u00e9dicos en Manzanillo llevan 7 d\u00edas en paro por impago (Colima)","author":"grieta","date":"23 enero, 2020","format":false,"excerpt":"Foto: Ilustrativa Heidi de Le\u00f3n Guti\u00e9rrez \/ Diario Avanzada Colima, M\u00e9xico, Avanzada (23\/01\/2020).- Los m\u00e9dicos residentes del Hospital Civil de Manzanillo llevan siete d\u00edas en paro por la falta del pago de la quincena, misma que debi\u00f3 depositarse entre el 13 o 14 de enero. La misma situaci\u00f3n sucede en\u2026","rel":"","context":"En &quot;CINTILLO&quot;","block_context":{"text":"CINTILLO","link":"https:\/\/www.grieta.org.mx\/index.php\/category\/cintillo\/"},"img":{"alt_text":"","src":"https:\/\/i0.wp.com\/www.grieta.org.mx\/wp-content\/uploads\/2020\/01\/Hospital-Civil-manzanillo.jpg?resize=350%2C200&ssl=1","width":350,"height":200,"srcset":"https:\/\/i0.wp.com\/www.grieta.org.mx\/wp-content\/uploads\/2020\/01\/Hospital-Civil-manzanillo.jpg?resize=350%2C200&ssl=1 1x, https:\/\/i0.wp.com\/www.grieta.org.mx\/wp-content\/uploads\/2020\/01\/Hospital-Civil-manzanillo.jpg?resize=525%2C300&ssl=1 1.5x, https:\/\/i0.wp.com\/www.grieta.org.mx\/wp-content\/uploads\/2020\/01\/Hospital-Civil-manzanillo.jpg?resize=700%2C400&ssl=1 2x"},"classes":[]},{"id":48593,"url":"https:\/\/www.grieta.org.mx\/index.php\/2020\/04\/29\/en-el-hospital-de-tecoman-solo-hay-un-respirador-colima\/","url_meta":{"origin":68885,"position":3},"title":"En el hospital de Tecom\u00e1n s\u00f3lo hay un respirador (Colima)","author":"grieta","date":"29 abril, 2020","format":false,"excerpt":"Imagen: Diario Avanzada Heidi de Le\u00f3n Guti\u00e9rrez \/ Diario Avanzada Colima, M\u00e9xico, Avanzada (29\/04\/2020).- Con una poblaci\u00f3n de 123 mil 191 habitantes, el Hospital General de Tecom\u00e1n s\u00f3lo cuenta con un respirador o ventilador para atender a aquellos pacientes graves que presenten insuficiencia respiratoria, por el Covid-19 o cualquier otra\u2026","rel":"","context":"En &quot;CINTILLO&quot;","block_context":{"text":"CINTILLO","link":"https:\/\/www.grieta.org.mx\/index.php\/category\/cintillo\/"},"img":{"alt_text":"","src":"https:\/\/i0.wp.com\/www.grieta.org.mx\/wp-content\/uploads\/2020\/05\/95486082_2909236652500835_1142122127168634880_n.jpg?resize=350%2C200&ssl=1","width":350,"height":200,"srcset":"https:\/\/i0.wp.com\/www.grieta.org.mx\/wp-content\/uploads\/2020\/05\/95486082_2909236652500835_1142122127168634880_n.jpg?resize=350%2C200&ssl=1 1x, https:\/\/i0.wp.com\/www.grieta.org.mx\/wp-content\/uploads\/2020\/05\/95486082_2909236652500835_1142122127168634880_n.jpg?resize=525%2C300&ssl=1 1.5x, https:\/\/i0.wp.com\/www.grieta.org.mx\/wp-content\/uploads\/2020\/05\/95486082_2909236652500835_1142122127168634880_n.jpg?resize=700%2C400&ssl=1 2x"},"classes":[]},{"id":54775,"url":"https:\/\/www.grieta.org.mx\/index.php\/2020\/11\/06\/fallece-enfermero-del-issste-por-contagio-de-covid-19-trabajadores-acusan-escasez-de-medicamento-colima\/","url_meta":{"origin":68885,"position":4},"title":"Fallece enfermero del ISSSTE por contagio de Covid-19; trabajadores acusan escasez de medicamento (Colima)","author":"grieta","date":"6 noviembre, 2020","format":false,"excerpt":"Foto: Diario Avanzada Heidi de Le\u00f3n Guti\u00e9rrez \/ Diario Avanzada Colima, M\u00e9xico, Avanzada (06\/11\/2020).- El enfermero General del \u00e1rea de Terapia Intensiva del ISSSTE, Jos\u00e9 Gabriel Torres Medina falleci\u00f3 por Covid-19 en la cl\u00ednica Miguel Trejo Ochoa en la capital de Colima. Este jueves por la tarde, la secretar\u00eda de\u2026","rel":"","context":"En &quot;CINTILLO&quot;","block_context":{"text":"CINTILLO","link":"https:\/\/www.grieta.org.mx\/index.php\/category\/cintillo\/"},"img":{"alt_text":"","src":"https:\/\/i0.wp.com\/www.grieta.org.mx\/wp-content\/uploads\/2020\/11\/image-91.png?resize=350%2C200&ssl=1","width":350,"height":200,"srcset":"https:\/\/i0.wp.com\/www.grieta.org.mx\/wp-content\/uploads\/2020\/11\/image-91.png?resize=350%2C200&ssl=1 1x, https:\/\/i0.wp.com\/www.grieta.org.mx\/wp-content\/uploads\/2020\/11\/image-91.png?resize=525%2C300&ssl=1 1.5x"},"classes":[]},{"id":66391,"url":"https:\/\/www.grieta.org.mx\/index.php\/2023\/03\/04\/siguen-las-quejas-en-salud-los-trabajadores-protestan-colima\/","url_meta":{"origin":68885,"position":5},"title":"Siguen las quejas en Salud, los trabajadores protestan (Colima)","author":"grieta","date":"4 marzo, 2023","format":false,"excerpt":"Imagen: portal Colimapm.com. Heidi de Le\u00f3n Guti\u00e9rrez \/ Diario Avanzada Colima, M\u00e9xico, Avanzada (03\/03\/2023).- A las quejas por la falta de atenci\u00f3n m\u00e9dica en el Hospital Regional Universitario (HRU) se suma la protesta de los trabajadores del sector Salud quienes se quejan de abusos por parte de directivos del IMSS-Bienestar.\u2026","rel":"","context":"En &quot;CINTILLO&quot;","block_context":{"text":"CINTILLO","link":"https:\/\/www.grieta.org.mx\/index.php\/category\/cintillo\/"},"img":{"alt_text":"","src":"https:\/\/i0.wp.com\/www.grieta.org.mx\/wp-content\/uploads\/2023\/03\/image-30.png?resize=350%2C200&ssl=1","width":350,"height":200,"srcset":"https:\/\/i0.wp.com\/www.grieta.org.mx\/wp-content\/uploads\/2023\/03\/image-30.png?resize=350%2C200&ssl=1 1x, https:\/\/i0.wp.com\/www.grieta.org.mx\/wp-content\/uploads\/2023\/03\/image-30.png?resize=525%2C300&ssl=1 1.5x"},"classes":[]}],"_links":{"self":[{"href":"https:\/\/www.grieta.org.mx\/index.php\/wp-json\/wp\/v2\/posts\/68885","targetHints":{"allow":["GET"]}}],"collection":[{"href":"https:\/\/www.grieta.org.mx\/index.php\/wp-json\/wp\/v2\/posts"}],"about":[{"href":"https:\/\/www.grieta.org.mx\/index.php\/wp-json\/wp\/v2\/types\/post"}],"author":[{"embeddable":true,"href":"https:\/\/www.grieta.org.mx\/index.php\/wp-json\/wp\/v2\/users\/2"}],"replies":[{"embeddable":true,"href":"https:\/\/www.grieta.org.mx\/index.php\/wp-json\/wp\/v2\/comments?post=68885"}],"version-history":[{"count":1,"href":"https:\/\/www.grieta.org.mx\/index.php\/wp-json\/wp\/v2\/posts\/68885\/revisions"}],"predecessor-version":[{"id":68886,"href":"https:\/\/www.grieta.org.mx\/index.php\/wp-json\/wp\/v2\/posts\/68885\/revisions\/68886"}],"wp:featuredmedia":[{"embeddable":true,"href":"https:\/\/www.grieta.org.mx\/index.php\/wp-json\/wp\/v2\/media\/68887"}],"wp:attachment":[{"href":"https:\/\/www.grieta.org.mx\/index.php\/wp-json\/wp\/v2\/media?parent=68885"}],"wp:term":[{"taxonomy":"category","embeddable":true,"href":"https:\/\/www.grieta.org.mx\/index.php\/wp-json\/wp\/v2\/categories?post=68885"},{"taxonomy":"post_tag","embeddable":true,"href":"https:\/\/www.grieta.org.mx\/index.php\/wp-json\/wp\/v2\/tags?post=68885"}],"curies":[{"name":"wp","href":"https:\/\/api.w.org\/{rel}","templated":true}]}}