{"id":68879,"date":"2024-04-30T15:26:20","date_gmt":"2024-04-30T21:26:20","guid":{"rendered":"https:\/\/www.grieta.org.mx\/?p=68879"},"modified":"2024-05-10T15:33:39","modified_gmt":"2024-05-10T21:33:39","slug":"ocupan-trabajos-peligrosos-8265-menores-en-colima-enti","status":"publish","type":"post","link":"https:\/\/www.grieta.org.mx\/index.php\/2024\/04\/30\/ocupan-trabajos-peligrosos-8265-menores-en-colima-enti\/","title":{"rendered":"Ocupan trabajos peligrosos 8,265 menores en Colima: ENTI"},"content":{"rendered":"<p>Imagen: El Comentario<\/p>\n<p>C\u00e9sar Barrera \/ El Comentario<\/p>\n<p>En el marco del\u00a0<strong>D\u00eda del Ni\u00f1o y la Ni\u00f1a<\/strong>\u00a0las estad\u00edsticas en materia laboral para este sector no son positivas, pues el n\u00famero de menores de edad, de 5 a 17 a\u00f1os, que trabajan en ocupaciones peligrosas aument\u00f3 en el estado de Colima de 7,639 en 2019 a 8,265 en 2023, seg\u00fan datos de la\u00a0<strong>Encuesta Nacional de Trabajo Infantil<\/strong>\u00a0(ENTI) que elabora el Instituto Nacional de Estad\u00edstica y Geograf\u00eda (Inegi).<\/p>\n<p>Comparando los resultados del ENTI 2019 con el ENTI 2022, se observa un incremento del 6.7% (626 menores de edad) que laboran en una ocupaci\u00f3n peligrosa. Adem\u00e1s, se evidencia un aumento en las estad\u00edsticas del\u00a0<strong>trabajo infantil\u00a0<\/strong>en Colima durante ese periodo.<\/p>\n<p>El ENTI 2022 reporta una poblaci\u00f3n de 16,748 menores de edad, entre los 5 a 17 a\u00f1os, que ocupan alg\u00fan trabajo, mientras que en el ENTI 2019 se ten\u00edan 14,918, lo que equivale un aumento del 12% en ocupaciones de\u00a0<strong>menores de edad<\/strong>.<\/p>\n<p>En cuanto a la edad m\u00ednima para laborar, el ENTI 2022 refiere que 6,436 ni\u00f1os y ni\u00f1as no cumplen con este requisito, una cifra similar a la de 2019 (6,735). Tambi\u00e9n se destaca que la mayor\u00eda de estas ocupaciones no est\u00e1n permitidas: 14,701 en 2022 y 14,304 en 2019.<\/p>\n<p>Seg\u00fan el Inegi, la ocupaci\u00f3n peligrosa es una medida de acuerdo con la\u00a0<strong>Ley Federal de Trabajo<\/strong>\u00a0(LFT), es en donde laboran los menores en ocupaciones y sectores peligrosos que ponen en riesgo la salud y sano desarrollo, adem\u00e1s de que laboran en horarios prolongados o nocturnos.<\/p>\n<p><a href=\"https:\/\/elcomentario.ucol.mx\/?p=85678\">https:\/\/elcomentario.ucol.mx\/?p=85678<\/a><\/p>\n","protected":false},"excerpt":{"rendered":"<p>Imagen: El Comentario C\u00e9sar Barrera \/ El Comentario En el marco del\u00a0D\u00eda del Ni\u00f1o y la Ni\u00f1a\u00a0las estad\u00edsticas en materia laboral para este sector no son positivas, pues el n\u00famero &hellip; <a href=\"https:\/\/www.grieta.org.mx\/index.php\/2024\/04\/30\/ocupan-trabajos-peligrosos-8265-menores-en-colima-enti\/\" class=\"more-link\">Leer m\u00e1s<\/a><\/p>\n","protected":false},"author":2,"featured_media":68880,"comment_status":"closed","ping_status":"closed","sticky":false,"template":"","format":"standard","meta":{"ngg_post_thumbnail":0,"_jetpack_newsletter_access":"","_jetpack_dont_email_post_to_subs":false,"_jetpack_newsletter_tier_id":0,"_jetpack_memberships_contains_paywalled_content":false,"_jetpack_memberships_contains_paid_content":false,"footnotes":""},"categories":[80,13,1827,3112,2,83],"tags":[1351,3776,2224,1353,723,3065],"class_list":["post-68879","post","type-post","status-publish","format-standard","has-post-thumbnail","hentry","category-cintillo","category-colima","category-la-ninez-en-la-tormenta-capitalista","category-la-ninez-en-la-tormenta-en-colima","category-noticias-nacionales","category-temas-nacionales","tag-explotacion-infantil","tag-la-ninez-en-la-tormenta-capitalista","tag-pobreza-infantil","tag-tasa-ocupacion-infantil","tag-trabajo-infantil","tag-violencia-contra-la-ninez","entry"],"jetpack_featured_media_url":"https:\/\/www.grieta.org.mx\/wp-content\/uploads\/2024\/05\/gfbhnj.webp","jetpack_sharing_enabled":true,"jetpack_shortlink":"https:\/\/wp.me\/p7ZJR4-hUX","jetpack_likes_enabled":false,"jetpack-related-posts":[{"id":67919,"url":"https:\/\/www.grieta.org.mx\/index.php\/2023\/10\/06\/catorce-mil-ninos-en-colima-estan-en-riesgo-por-el-trabajo-que-realizan\/","url_meta":{"origin":68879,"position":0},"title":"Catorce mil ni\u00f1os en Colima est\u00e1n en riesgo por el trabajo que realizan","author":"grieta","date":"6 octubre, 2023","format":false,"excerpt":"Imagen: Diario Avanzada Heidi de Le\u00f3n Guti\u00e9rrez \/ luzia.com Colima, M\u00e9xico, Avanzada (06\/10\/2023).- La Encuesta Nacional de Trabajo Infantil (ENTI) 2022, revel\u00f3 que m\u00e1s de 28 mil ni\u00f1os y ni\u00f1as en Colima est\u00e1n involucrados en actividades laborales, y la mitad de ellos realizan trabajos no aptos para su edad, lo\u2026","rel":"","context":"En &quot;CINTILLO&quot;","block_context":{"text":"CINTILLO","link":"https:\/\/www.grieta.org.mx\/index.php\/category\/cintillo\/"},"img":{"alt_text":"","src":"https:\/\/i0.wp.com\/www.grieta.org.mx\/wp-content\/uploads\/2023\/10\/Imagen-de-WhatsApp-2023-10-06-a-las-07.09.10_ae8d068c.jpg?resize=350%2C200&ssl=1","width":350,"height":200,"srcset":"https:\/\/i0.wp.com\/www.grieta.org.mx\/wp-content\/uploads\/2023\/10\/Imagen-de-WhatsApp-2023-10-06-a-las-07.09.10_ae8d068c.jpg?resize=350%2C200&ssl=1 1x, https:\/\/i0.wp.com\/www.grieta.org.mx\/wp-content\/uploads\/2023\/10\/Imagen-de-WhatsApp-2023-10-06-a-las-07.09.10_ae8d068c.jpg?resize=525%2C300&ssl=1 1.5x, https:\/\/i0.wp.com\/www.grieta.org.mx\/wp-content\/uploads\/2023\/10\/Imagen-de-WhatsApp-2023-10-06-a-las-07.09.10_ae8d068c.jpg?resize=700%2C400&ssl=1 2x"},"classes":[]},{"id":68813,"url":"https:\/\/www.grieta.org.mx\/index.php\/2024\/04\/11\/inegi-28-mil-menores-trabajan-en-colima-14-mil-en-labores-no-permitidas\/","url_meta":{"origin":68879,"position":1},"title":"INEGI: 28 mil menores trabajan en Colima, 14 mil en labores no permitidas","author":"grieta","date":"11 abril, 2024","format":false,"excerpt":"Imagen ilustrativa, creada con inteligencia artificial, Diario Avanzada Heidi de Le\u00f3n Guti\u00e9rrez\/ Diario Avanzada Colima, M\u00e9xico, Avanzada (11\/04\/2024).- La m\u00e1s reciente Encuesta Nacional de Trabajo Infantil elaborada por el INEGI revela que 28 mil ni\u00f1os en Colima est\u00e1n involucrados en actividades laborales, y la mitad de los menores de edad,\u2026","rel":"","context":"En &quot;CINTILLO&quot;","block_context":{"text":"CINTILLO","link":"https:\/\/www.grieta.org.mx\/index.php\/category\/cintillo\/"},"img":{"alt_text":"","src":"https:\/\/i0.wp.com\/www.grieta.org.mx\/wp-content\/uploads\/2024\/04\/aaa-77.jpg?resize=350%2C200&ssl=1","width":350,"height":200,"srcset":"https:\/\/i0.wp.com\/www.grieta.org.mx\/wp-content\/uploads\/2024\/04\/aaa-77.jpg?resize=350%2C200&ssl=1 1x, https:\/\/i0.wp.com\/www.grieta.org.mx\/wp-content\/uploads\/2024\/04\/aaa-77.jpg?resize=525%2C300&ssl=1 1.5x, https:\/\/i0.wp.com\/www.grieta.org.mx\/wp-content\/uploads\/2024\/04\/aaa-77.jpg?resize=700%2C400&ssl=1 2x, https:\/\/i0.wp.com\/www.grieta.org.mx\/wp-content\/uploads\/2024\/04\/aaa-77.jpg?resize=1050%2C600&ssl=1 3x, https:\/\/i0.wp.com\/www.grieta.org.mx\/wp-content\/uploads\/2024\/04\/aaa-77.jpg?resize=1400%2C800&ssl=1 4x"},"classes":[]},{"id":69196,"url":"https:\/\/www.grieta.org.mx\/index.php\/2024\/06\/13\/en-riesgo-14-mil-ninos-colimenses-5-mil-no-van-a-la-escuela-inegi-colima\/","url_meta":{"origin":68879,"position":2},"title":"En riesgo, 14 mil ni\u00f1os colimenses; 5 mil no van a la escuela: INEGI (Colima)","author":"grieta","date":"13 junio, 2024","format":false,"excerpt":"Imagen: Ilustrativa, tomada de la Red, Diario Avanzada Heidi de Le\u00f3n Guti\u00e9rrez \/ Diario Avanzada Colima, M\u00e9xico, Avanzada (13\/06\/2024).- En el marco del D\u00eda Mundial contra el Trabajo Infantil que se conmemor\u00f3 ayer, el Instituto Nacional de Estad\u00edstica y Geograf\u00eda (INEGI) revel\u00f3 que 14 mil ni\u00f1os y adolescentes colimenses, de\u2026","rel":"","context":"En &quot;CINTILLO&quot;","block_context":{"text":"CINTILLO","link":"https:\/\/www.grieta.org.mx\/index.php\/category\/cintillo\/"},"img":{"alt_text":"","src":"https:\/\/i0.wp.com\/www.grieta.org.mx\/wp-content\/uploads\/2024\/06\/img_0384-1.jpg?resize=350%2C200&ssl=1","width":350,"height":200,"srcset":"https:\/\/i0.wp.com\/www.grieta.org.mx\/wp-content\/uploads\/2024\/06\/img_0384-1.jpg?resize=350%2C200&ssl=1 1x, https:\/\/i0.wp.com\/www.grieta.org.mx\/wp-content\/uploads\/2024\/06\/img_0384-1.jpg?resize=525%2C300&ssl=1 1.5x, https:\/\/i0.wp.com\/www.grieta.org.mx\/wp-content\/uploads\/2024\/06\/img_0384-1.jpg?resize=700%2C400&ssl=1 2x, https:\/\/i0.wp.com\/www.grieta.org.mx\/wp-content\/uploads\/2024\/06\/img_0384-1.jpg?resize=1050%2C600&ssl=1 3x, https:\/\/i0.wp.com\/www.grieta.org.mx\/wp-content\/uploads\/2024\/06\/img_0384-1.jpg?resize=1400%2C800&ssl=1 4x"},"classes":[]},{"id":50332,"url":"https:\/\/www.grieta.org.mx\/index.php\/2020\/06\/02\/aumenta-durante-la-contingencia-el-reporte-de-violencia-contra-menores-colima\/","url_meta":{"origin":68879,"position":3},"title":"Aumenta durante la contingencia el reporte de violencia contra menores (Colima)","author":"grieta","date":"2 junio, 2020","format":false,"excerpt":"Foto: El Comentario Francis Bravo \/ El Comentario De acuerdo con la procuradora de Protecci\u00f3n de Ni\u00f1as, Ni\u00f1os y Adolescentes en el municipio de Colima, Mar\u00eda Guadalupe Garc\u00eda V\u00e1zquez, al igual que en el caso de las mujeres, durante el\u00a0confinamiento por la pandemia\u00a0del Covid-19 la\u00a0violencia contra los menores tambi\u00e9n aument\u00f3.\u2026","rel":"","context":"En &quot;CINTILLO&quot;","block_context":{"text":"CINTILLO","link":"https:\/\/www.grieta.org.mx\/index.php\/category\/cintillo\/"},"img":{"alt_text":"","src":"https:\/\/i0.wp.com\/www.grieta.org.mx\/wp-content\/uploads\/2020\/06\/9eeb27bf0df6ed552eba21a30d4a5109.jpg?resize=350%2C200&ssl=1","width":350,"height":200,"srcset":"https:\/\/i0.wp.com\/www.grieta.org.mx\/wp-content\/uploads\/2020\/06\/9eeb27bf0df6ed552eba21a30d4a5109.jpg?resize=350%2C200&ssl=1 1x, https:\/\/i0.wp.com\/www.grieta.org.mx\/wp-content\/uploads\/2020\/06\/9eeb27bf0df6ed552eba21a30d4a5109.jpg?resize=525%2C300&ssl=1 1.5x, https:\/\/i0.wp.com\/www.grieta.org.mx\/wp-content\/uploads\/2020\/06\/9eeb27bf0df6ed552eba21a30d4a5109.jpg?resize=700%2C400&ssl=1 2x, https:\/\/i0.wp.com\/www.grieta.org.mx\/wp-content\/uploads\/2020\/06\/9eeb27bf0df6ed552eba21a30d4a5109.jpg?resize=1050%2C600&ssl=1 3x"},"classes":[]},{"id":59124,"url":"https:\/\/www.grieta.org.mx\/index.php\/2021\/05\/01\/sufren-abuso-sexual-infantil-24-de-cada-100-mil-infantes-en-colima\/","url_meta":{"origin":68879,"position":4},"title":"Sufren abuso sexual infantil 24 de cada 100 mil infantes en Colima","author":"grieta","date":"1 mayo, 2021","format":false,"excerpt":"Imagen: Diario Avanzada Heidi de Le\u00f3n Guti\u00e9rrez \/ Diario Avanzada Colima, M\u00e9xico, Avanzada (01\/05\/2021).- Los altos \u00edndices de violencia que se registran en el estado, no s\u00f3lo afectan a los adultos, tambi\u00e9n a los ni\u00f1os y las ni\u00f1as, quienes son v\u00edctimas de diversos delitos, como el abuso sexual o conductas\u2026","rel":"","context":"En &quot;CINTILLO&quot;","block_context":{"text":"CINTILLO","link":"https:\/\/www.grieta.org.mx\/index.php\/category\/cintillo\/"},"img":{"alt_text":"","src":"https:\/\/i0.wp.com\/www.grieta.org.mx\/wp-content\/uploads\/2021\/05\/Nin%CC%83o-Proletario-1.jpg?resize=350%2C200&ssl=1","width":350,"height":200,"srcset":"https:\/\/i0.wp.com\/www.grieta.org.mx\/wp-content\/uploads\/2021\/05\/Nin%CC%83o-Proletario-1.jpg?resize=350%2C200&ssl=1 1x, https:\/\/i0.wp.com\/www.grieta.org.mx\/wp-content\/uploads\/2021\/05\/Nin%CC%83o-Proletario-1.jpg?resize=525%2C300&ssl=1 1.5x, https:\/\/i0.wp.com\/www.grieta.org.mx\/wp-content\/uploads\/2021\/05\/Nin%CC%83o-Proletario-1.jpg?resize=700%2C400&ssl=1 2x"},"classes":[]},{"id":49339,"url":"https:\/\/www.grieta.org.mx\/index.php\/2020\/05\/11\/20-mil-ninos-trabajan-en-colima-56-en-actividades-peligrosas\/","url_meta":{"origin":68879,"position":5},"title":"20 mil ni\u00f1os trabajan en Colima; 56% en actividades peligrosas","author":"grieta","date":"11 mayo, 2020","format":false,"excerpt":"Foto: Ilustrativa Heidi de Le\u00f3n Guti\u00e9rrez \/ Diario Avanzada Colima, M\u00e9xico, Avanzada (11\/05\/2020).- La secretar\u00eda de Trabajo y Previsi\u00f3n Social (STYPS) detect\u00f3 a 20 mil 86 ni\u00f1os, ni\u00f1as y adolescentes que realizan una ocupaci\u00f3n o actividad laboral que no est\u00e1 permitida, principalmente en el campo colimense. Adem\u00e1s de esos 20\u2026","rel":"","context":"En &quot;CINTILLO&quot;","block_context":{"text":"CINTILLO","link":"https:\/\/www.grieta.org.mx\/index.php\/category\/cintillo\/"},"img":{"alt_text":"","src":"https:\/\/i0.wp.com\/www.grieta.org.mx\/wp-content\/uploads\/2020\/05\/b2d91eca3_normal_noticia.jpg?resize=350%2C200&ssl=1","width":350,"height":200,"srcset":"https:\/\/i0.wp.com\/www.grieta.org.mx\/wp-content\/uploads\/2020\/05\/b2d91eca3_normal_noticia.jpg?resize=350%2C200&ssl=1 1x, https:\/\/i0.wp.com\/www.grieta.org.mx\/wp-content\/uploads\/2020\/05\/b2d91eca3_normal_noticia.jpg?resize=525%2C300&ssl=1 1.5x, https:\/\/i0.wp.com\/www.grieta.org.mx\/wp-content\/uploads\/2020\/05\/b2d91eca3_normal_noticia.jpg?resize=700%2C400&ssl=1 2x"},"classes":[]}],"_links":{"self":[{"href":"https:\/\/www.grieta.org.mx\/index.php\/wp-json\/wp\/v2\/posts\/68879","targetHints":{"allow":["GET"]}}],"collection":[{"href":"https:\/\/www.grieta.org.mx\/index.php\/wp-json\/wp\/v2\/posts"}],"about":[{"href":"https:\/\/www.grieta.org.mx\/index.php\/wp-json\/wp\/v2\/types\/post"}],"author":[{"embeddable":true,"href":"https:\/\/www.grieta.org.mx\/index.php\/wp-json\/wp\/v2\/users\/2"}],"replies":[{"embeddable":true,"href":"https:\/\/www.grieta.org.mx\/index.php\/wp-json\/wp\/v2\/comments?post=68879"}],"version-history":[{"count":1,"href":"https:\/\/www.grieta.org.mx\/index.php\/wp-json\/wp\/v2\/posts\/68879\/revisions"}],"predecessor-version":[{"id":68881,"href":"https:\/\/www.grieta.org.mx\/index.php\/wp-json\/wp\/v2\/posts\/68879\/revisions\/68881"}],"wp:featuredmedia":[{"embeddable":true,"href":"https:\/\/www.grieta.org.mx\/index.php\/wp-json\/wp\/v2\/media\/68880"}],"wp:attachment":[{"href":"https:\/\/www.grieta.org.mx\/index.php\/wp-json\/wp\/v2\/media?parent=68879"}],"wp:term":[{"taxonomy":"category","embeddable":true,"href":"https:\/\/www.grieta.org.mx\/index.php\/wp-json\/wp\/v2\/categories?post=68879"},{"taxonomy":"post_tag","embeddable":true,"href":"https:\/\/www.grieta.org.mx\/index.php\/wp-json\/wp\/v2\/tags?post=68879"}],"curies":[{"name":"wp","href":"https:\/\/api.w.org\/{rel}","templated":true}]}}