{"id":68867,"date":"2024-05-02T14:33:24","date_gmt":"2024-05-02T20:33:24","guid":{"rendered":"https:\/\/www.grieta.org.mx\/?p=68867"},"modified":"2024-05-10T14:52:56","modified_gmt":"2024-05-10T20:52:56","slug":"doce-anos-sin-agua-en-san-dionisio-del-mar-oaxaca-denuncian-pobladores-no-funciona-ningun-pozo","status":"publish","type":"post","link":"https:\/\/www.grieta.org.mx\/index.php\/2024\/05\/02\/doce-anos-sin-agua-en-san-dionisio-del-mar-oaxaca-denuncian-pobladores-no-funciona-ningun-pozo\/","title":{"rendered":"Doce a\u00f1os sin agua en San Dionisio del Mar, Oaxaca denuncian pobladores: \u201cNo funciona ning\u00fan pozo\u201d"},"content":{"rendered":"<p>Imagen: Itsmo Press<\/p>\n<p>Diana Manzo \/ Itsmo Press<\/p>\n<p>#SanDionisiodelMar #Oaxaca 2 May (#Istmopress) \u2013 \u201cNinguno de los cinco pozos de agua que las autoridades han construido para abastecernos sirve, ninguna funciona\u201d denunciaron pobladores de este municipio oaxaque\u00f1o, al recalcar que de sus tuber\u00edas no cae una sola gota de ese l\u00edquido desde hace 12 a\u00f1os.<\/p>\n<p>\u201cS\u00ed no compramos agua, no podemos hacer nada, no hay para la comida, para ba\u00f1arnos, es una tristeza que estemos viviendo en estas condiciones muy lamentables, no nos lo merecemos\u201d, dijeron.<\/p>\n<p>De acuerdo con el Censo 2020, en San Dionisio del Mar viven 5 mil habitantes, la mayor\u00eda se dedican a la pesca y otro tanto migra a los Estados Unidos. Las mujeres elaboran totopos y realizan vendimias para sobrevivir.<\/p>\n<p>La falta de agua ha provocado tambi\u00e9n el desplazamiento forzado de las familias, quienes prefieren radicar en las poblaciones vecinas de Chicapa de Castro o Guam\u00fachil ubicado a 30 minutos de distancia.<\/p>\n<p>Molestos denunciaron que han pasado cuatro presidentas municipales- Teresita de Jes\u00fas Luis Ojeda \u2013 gobern\u00f3 dos per\u00edodos-, Magali Mart\u00ednez y actualmente Sonia Luis, qui\u00e9n prefiri\u00f3 lanzarse a la diputaci\u00f3n federal por la Alianza PRI, PAN y PRD olvid\u00e1ndose totalmente de atender esta necesidad b\u00e1sica, tal y como lo prometi\u00f3 cuando fue su campa\u00f1a pol\u00edtica.<\/p>\n<p>El Coneval detalla en su informe del 2015, que en Oaxaca la cobertura de infraestructura de agua potable en comunidades ind\u00edgenas como la de San Dionisio del Mar, fue de 87.2%, menor al promedio nacional, lo cual significa que vivir\u00e1n esta pandemia sin gozar de este l\u00edquido indispensable para su salud.<\/p>\n<p>El 70 por ciento de los lugare\u00f1os se dedica a la pesca, el resto a la agricultura y las mujeres elaboran totopos y hacen cinta de palma.<\/p>\n<p>Tambi\u00e9n hay tres pozos comunitarios y alrededor de 50 que han construido en sus patios con valor de 10 mil pesos cada uno, lo ocupa la familia y los vecinos, ha sido una forma solidaria de atender el estiaje que les lleva dos d\u00e9cadas.<\/p>\n<p>El se\u00f1or Rolando Rodr\u00edguez Noriega de 65 a\u00f1os de edad, todos los d\u00edas abre la llave de agua esperando ver caer una gota de l\u00edquido, pero nada, ahora piensa que visibilizar esto podr\u00eda llamar la atenci\u00f3n de las autoridades<\/p>\n<p>Antes de cualquier cosa, inclusive de tejer la cinta y cuidar sus gallinas, lo primero que hace es ver la cantidad de agua y hacer un balance r\u00e1pido s\u00ed le alcanzar\u00e1 a \u00e9l y a su familia para pasar el d\u00eda, se ha vuelto una actividad prioritaria.<\/p>\n<p>\u201cEl agua es nuestro mayor tesoro, lo valoramos m\u00e1s que todo, lo guardamos para no desgastarlo, racionamos el agua para ba\u00f1arnos y los quehaceres de la casa, el que la desperdicia, lo paga caro\u201d, se\u00f1ala Alfredo Vel\u00e1squez Rodr\u00edguez.<\/p>\n<p>En las m\u00e1s de mil 500 viviendas todas almacenan agua, conviven entre tambos y cubetas, entre pl\u00e1sticos llenos de l\u00edquido; los vendedores no se dan abasto, todos los d\u00edas pasan a vender y se distribuyen las calles y avenidas, de norte a sur y de este a oeste.<\/p>\n<p><a href=\"https:\/\/www.istmopress.com.mx\/istmo\/doce-anos-sin-agua-en-san-dionisio-del-mar-oaxaca-denuncian-pobladores-no-funciona-ningun-pozo\/\">https:\/\/www.istmopress.com.mx\/istmo\/doce-anos-sin-agua-en-san-dionisio-del-mar-oaxaca-denuncian-pobladores-no-funciona-ningun-pozo\/<\/a><\/p>\n","protected":false},"excerpt":{"rendered":"<p>Imagen: Itsmo Press Diana Manzo \/ Itsmo Press #SanDionisiodelMar #Oaxaca 2 May (#Istmopress) \u2013 \u201cNinguno de los cinco pozos de agua que las autoridades han construido para abastecernos sirve, ninguna &hellip; <a href=\"https:\/\/www.grieta.org.mx\/index.php\/2024\/05\/02\/doce-anos-sin-agua-en-san-dionisio-del-mar-oaxaca-denuncian-pobladores-no-funciona-ningun-pozo\/\" class=\"more-link\">Leer m\u00e1s<\/a><\/p>\n","protected":false},"author":2,"featured_media":68868,"comment_status":"closed","ping_status":"closed","sticky":false,"template":"","format":"standard","meta":{"ngg_post_thumbnail":0,"_jetpack_newsletter_access":"","_jetpack_dont_email_post_to_subs":false,"_jetpack_newsletter_tier_id":0,"_jetpack_memberships_contains_paywalled_content":false,"_jetpack_memberships_contains_paid_content":false,"footnotes":""},"categories":[80,2355,914,2,25,83],"tags":[2403,3655,1558],"class_list":["post-68867","post","type-post","status-publish","format-standard","has-post-thumbnail","hentry","category-cintillo","category-conflictos-por-agua-en-oaxaca","category-privatizacion-del-agua","category-noticias-nacionales","category-oaxaca","category-temas-nacionales","tag-crisis-del-agua","tag-denuncias","tag-desabasto-de-agua","entry"],"jetpack_featured_media_url":"https:\/\/www.grieta.org.mx\/wp-content\/uploads\/2024\/05\/1714735535808-800x445-1.jpg","jetpack_sharing_enabled":true,"jetpack_shortlink":"https:\/\/wp.me\/p7ZJR4-hUL","jetpack_likes_enabled":false,"jetpack-related-posts":[{"id":65151,"url":"https:\/\/www.grieta.org.mx\/index.php\/2022\/09\/06\/la-batalla-de-pobladores-zapotecas-contra-la-refresquera-gugar-en-oaxaca\/","url_meta":{"origin":68867,"position":0},"title":"La batalla de pobladores zapotecas contra la refresquera Gugar en Oaxaca","author":"grieta","date":"6 septiembre, 2022","format":false,"excerpt":"Imagen: Humberto Ramos Diana Manzo \/ Pie de P\u00e1gina OAXACA.- Con una toma en las instalaciones de la refresquera Gugar, pobladores zapotecas de San Bartolo Coyotepec, ubzapoteicado en los valles centrales de Oaxaca, exigieron que la empresa se vaya de su territorio, debido a que ha saqueado el agua provocando\u2026","rel":"","context":"En &quot;CINTILLO&quot;","block_context":{"text":"CINTILLO","link":"https:\/\/www.grieta.org.mx\/index.php\/category\/cintillo\/"},"img":{"alt_text":"","src":"https:\/\/i0.wp.com\/www.grieta.org.mx\/wp-content\/uploads\/2022\/09\/ya_basta_Oaxaca_cortesia.jpg?resize=350%2C200&ssl=1","width":350,"height":200,"srcset":"https:\/\/i0.wp.com\/www.grieta.org.mx\/wp-content\/uploads\/2022\/09\/ya_basta_Oaxaca_cortesia.jpg?resize=350%2C200&ssl=1 1x, https:\/\/i0.wp.com\/www.grieta.org.mx\/wp-content\/uploads\/2022\/09\/ya_basta_Oaxaca_cortesia.jpg?resize=525%2C300&ssl=1 1.5x, https:\/\/i0.wp.com\/www.grieta.org.mx\/wp-content\/uploads\/2022\/09\/ya_basta_Oaxaca_cortesia.jpg?resize=700%2C400&ssl=1 2x"},"classes":[]},{"id":49094,"url":"https:\/\/www.grieta.org.mx\/index.php\/2020\/04\/14\/agua-para-ayutla-ya-comunidad-en-oaxaca-enfrenta-al-covid-19-sin-agua-oaxaca\/","url_meta":{"origin":68867,"position":1},"title":"Agua para Ayutla ya: comunidad en Oaxaca enfrenta al COVID-19 sin agua (Oaxaca)","author":"grieta","date":"14 abril, 2020","format":false,"excerpt":"ANIMAL POL\u00cdTICO Ante la actual pandemia por COVID-19 los cerca de 5 mil habitantes de San Pedro y San Pablo Ayutla, Oaxaca exigen que ya se resuelva esta problem\u00e1tica. Ayutla lleva casi tres a\u00f1os sin agua desde que un grupo armado de Tamazulapan, un municipio vecino, se adue\u00f1\u00f3 del manantial\u2026","rel":"","context":"En &quot;CINTILLO&quot;","block_context":{"text":"CINTILLO","link":"https:\/\/www.grieta.org.mx\/index.php\/category\/cintillo\/"},"img":{"alt_text":"","src":"https:\/\/i0.wp.com\/www.grieta.org.mx\/wp-content\/uploads\/2018\/03\/14524434_1106112876131411_958039263622046936_o.jpg?resize=350%2C200&ssl=1","width":350,"height":200,"srcset":"https:\/\/i0.wp.com\/www.grieta.org.mx\/wp-content\/uploads\/2018\/03\/14524434_1106112876131411_958039263622046936_o.jpg?resize=350%2C200&ssl=1 1x, https:\/\/i0.wp.com\/www.grieta.org.mx\/wp-content\/uploads\/2018\/03\/14524434_1106112876131411_958039263622046936_o.jpg?resize=525%2C300&ssl=1 1.5x, https:\/\/i0.wp.com\/www.grieta.org.mx\/wp-content\/uploads\/2018\/03\/14524434_1106112876131411_958039263622046936_o.jpg?resize=700%2C400&ssl=1 2x"},"classes":[]},{"id":68524,"url":"https:\/\/www.grieta.org.mx\/index.php\/2024\/02\/08\/campesinos-de-oaxaca-se-resisten-ante-el-cambio-climatico-aunque-sea-una-decima-parte-pero-sembramos\/","url_meta":{"origin":68867,"position":2},"title":"Campesinos de Oaxaca se resisten ante el cambio clim\u00e1tico \u201cAunque sea una d\u00e9cima parte, pero sembramos\u201d","author":"grieta","date":"8 febrero, 2024","format":false,"excerpt":"Imagen: Diana Manzo \/ \/Itsmo Press Para referirse a la sequ\u00eda, Emiliano S\u00e1nchez de 73 a\u00f1os de edad y agricultor desde los 15 a\u00f1os de edad, originario de Ocotl\u00e1n de Morelos, Oaxaca explica que de su terreno de 2 hect\u00e1reas y media, ahora solo ocupa una d\u00e9cima parte para cultivar\u2026","rel":"","context":"En &quot;CINTILLO&quot;","block_context":{"text":"CINTILLO","link":"https:\/\/www.grieta.org.mx\/index.php\/category\/cintillo\/"},"img":{"alt_text":"","src":"https:\/\/i0.wp.com\/www.grieta.org.mx\/wp-content\/uploads\/2024\/02\/1707453641942-800x445-1.jpg?resize=350%2C200&ssl=1","width":350,"height":200,"srcset":"https:\/\/i0.wp.com\/www.grieta.org.mx\/wp-content\/uploads\/2024\/02\/1707453641942-800x445-1.jpg?resize=350%2C200&ssl=1 1x, https:\/\/i0.wp.com\/www.grieta.org.mx\/wp-content\/uploads\/2024\/02\/1707453641942-800x445-1.jpg?resize=525%2C300&ssl=1 1.5x, https:\/\/i0.wp.com\/www.grieta.org.mx\/wp-content\/uploads\/2024\/02\/1707453641942-800x445-1.jpg?resize=700%2C400&ssl=1 2x"},"classes":[]},{"id":70125,"url":"https:\/\/www.grieta.org.mx\/index.php\/2024\/10\/10\/sin-agua-desde-hace-14-dias-3-mil-afectados-por-derrame-de-hidrocarburo-en-el-istmo-oaxaqueno-oaxaca\/","url_meta":{"origin":68867,"position":3},"title":"Sin agua desde hace 14 d\u00edas, 3 mil afectados por derrame de Hidrocarburo en el Istmo oaxaque\u00f1o (Oaxaca)","author":"grieta","date":"10 octubre, 2024","format":false,"excerpt":"Imagen: Itsmo Press Da\u00f1o a cultivos de ma\u00edz y suspensi\u00f3n de clases Diana Manzo \/ Itsmo Press #Oaxaca 10 Oct (#Istmopress) \u2013 Por un derrame de hidrocarburo ocurrido la noche del 26 de septiembre, unas 3 mil familias de al menos 10 comunidades de la Zona Norte del Istmo de\u2026","rel":"","context":"En &quot;CINTILLO&quot;","block_context":{"text":"CINTILLO","link":"https:\/\/www.grieta.org.mx\/index.php\/category\/cintillo\/"},"img":{"alt_text":"","src":"https:\/\/i0.wp.com\/www.grieta.org.mx\/wp-content\/uploads\/2024\/10\/1728622458157-1024x576-1.jpg?resize=350%2C200&ssl=1","width":350,"height":200,"srcset":"https:\/\/i0.wp.com\/www.grieta.org.mx\/wp-content\/uploads\/2024\/10\/1728622458157-1024x576-1.jpg?resize=350%2C200&ssl=1 1x, https:\/\/i0.wp.com\/www.grieta.org.mx\/wp-content\/uploads\/2024\/10\/1728622458157-1024x576-1.jpg?resize=525%2C300&ssl=1 1.5x, https:\/\/i0.wp.com\/www.grieta.org.mx\/wp-content\/uploads\/2024\/10\/1728622458157-1024x576-1.jpg?resize=700%2C400&ssl=1 2x"},"classes":[]},{"id":1893,"url":"https:\/\/www.grieta.org.mx\/index.php\/2015\/02\/02\/el-pueblo-huave-conmemora-tres-anos-defendiendo-su-territorio-de-las-empresas-eolicas\/","url_meta":{"origin":68867,"position":4},"title":"El pueblo huave conmemora tres a\u00f1os defendiendo su territorio de las empresas e\u00f3licas","author":"grieta","date":"2 febrero, 2015","format":false,"excerpt":"Oaxaca 3.0, Redacci\u00f3n, Oaxaca.- Habitantes de San Mateo, Juchit\u00e1n, \u00c1lvaro Obreg\u00f3n, Uni\u00f3n Hidalgo, y San Francisco del Mar, pobladores ind\u00edgenas que han encabezado desde hace tiempo una lucha contra las empresas e\u00f3licas en el Istmo de Tehuantepec, acudieron a San Dionisio del Mar para acompa\u00f1ar al pueblo huave en la\u2026","rel":"","context":"En &quot;CINTILLO&quot;","block_context":{"text":"CINTILLO","link":"https:\/\/www.grieta.org.mx\/index.php\/category\/cintillo\/"},"img":{"alt_text":"","src":"https:\/\/i0.wp.com\/www.grieta.org.mx\/wp-content\/uploads\/2018\/03\/14524434_1106112876131411_958039263622046936_o.jpg?resize=350%2C200&ssl=1","width":350,"height":200,"srcset":"https:\/\/i0.wp.com\/www.grieta.org.mx\/wp-content\/uploads\/2018\/03\/14524434_1106112876131411_958039263622046936_o.jpg?resize=350%2C200&ssl=1 1x, https:\/\/i0.wp.com\/www.grieta.org.mx\/wp-content\/uploads\/2018\/03\/14524434_1106112876131411_958039263622046936_o.jpg?resize=525%2C300&ssl=1 1.5x, https:\/\/i0.wp.com\/www.grieta.org.mx\/wp-content\/uploads\/2018\/03\/14524434_1106112876131411_958039263622046936_o.jpg?resize=700%2C400&ssl=1 2x"},"classes":[]},{"id":1891,"url":"https:\/\/www.grieta.org.mx\/index.php\/2015\/02\/10\/empresa-de-carbon-destruye-mangles-en-zona-huave-denuncian\/","url_meta":{"origin":68867,"position":5},"title":"Empresa de carb\u00f3n destruye mangles en zona huave, denuncian","author":"grieta","date":"10 febrero, 2015","format":false,"excerpt":"Diario P\u00e1gina 3. Diana Manzo, San Dionisio del Mar, Oaxaca.- Defensores del Mar del pueblo de San Dionisio del Mar, denunciaron que supuestos comercializadores de carb\u00f3n, han comenzado a destruir los mangles que se localizan en San Dionisio del Mar y en \u00c1lvaro Obreg\u00f3n cerca de la salinera Ojo de\u2026","rel":"","context":"En &quot;CINTILLO&quot;","block_context":{"text":"CINTILLO","link":"https:\/\/www.grieta.org.mx\/index.php\/category\/cintillo\/"},"img":{"alt_text":"","src":"https:\/\/i0.wp.com\/www.grieta.org.mx\/wp-content\/uploads\/2018\/03\/14524434_1106112876131411_958039263622046936_o.jpg?resize=350%2C200&ssl=1","width":350,"height":200,"srcset":"https:\/\/i0.wp.com\/www.grieta.org.mx\/wp-content\/uploads\/2018\/03\/14524434_1106112876131411_958039263622046936_o.jpg?resize=350%2C200&ssl=1 1x, https:\/\/i0.wp.com\/www.grieta.org.mx\/wp-content\/uploads\/2018\/03\/14524434_1106112876131411_958039263622046936_o.jpg?resize=525%2C300&ssl=1 1.5x, https:\/\/i0.wp.com\/www.grieta.org.mx\/wp-content\/uploads\/2018\/03\/14524434_1106112876131411_958039263622046936_o.jpg?resize=700%2C400&ssl=1 2x"},"classes":[]}],"_links":{"self":[{"href":"https:\/\/www.grieta.org.mx\/index.php\/wp-json\/wp\/v2\/posts\/68867","targetHints":{"allow":["GET"]}}],"collection":[{"href":"https:\/\/www.grieta.org.mx\/index.php\/wp-json\/wp\/v2\/posts"}],"about":[{"href":"https:\/\/www.grieta.org.mx\/index.php\/wp-json\/wp\/v2\/types\/post"}],"author":[{"embeddable":true,"href":"https:\/\/www.grieta.org.mx\/index.php\/wp-json\/wp\/v2\/users\/2"}],"replies":[{"embeddable":true,"href":"https:\/\/www.grieta.org.mx\/index.php\/wp-json\/wp\/v2\/comments?post=68867"}],"version-history":[{"count":1,"href":"https:\/\/www.grieta.org.mx\/index.php\/wp-json\/wp\/v2\/posts\/68867\/revisions"}],"predecessor-version":[{"id":68869,"href":"https:\/\/www.grieta.org.mx\/index.php\/wp-json\/wp\/v2\/posts\/68867\/revisions\/68869"}],"wp:featuredmedia":[{"embeddable":true,"href":"https:\/\/www.grieta.org.mx\/index.php\/wp-json\/wp\/v2\/media\/68868"}],"wp:attachment":[{"href":"https:\/\/www.grieta.org.mx\/index.php\/wp-json\/wp\/v2\/media?parent=68867"}],"wp:term":[{"taxonomy":"category","embeddable":true,"href":"https:\/\/www.grieta.org.mx\/index.php\/wp-json\/wp\/v2\/categories?post=68867"},{"taxonomy":"post_tag","embeddable":true,"href":"https:\/\/www.grieta.org.mx\/index.php\/wp-json\/wp\/v2\/tags?post=68867"}],"curies":[{"name":"wp","href":"https:\/\/api.w.org\/{rel}","templated":true}]}}