{"id":68851,"date":"2024-04-16T12:39:10","date_gmt":"2024-04-16T18:39:10","guid":{"rendered":"https:\/\/www.grieta.org.mx\/?p=68851"},"modified":"2024-04-29T12:55:12","modified_gmt":"2024-04-29T18:55:12","slug":"apicultor-maya-denuncia-envenenamiento-masivo-de-abejas-en-tizimin-yucatan","status":"publish","type":"post","link":"https:\/\/www.grieta.org.mx\/index.php\/2024\/04\/16\/apicultor-maya-denuncia-envenenamiento-masivo-de-abejas-en-tizimin-yucatan\/","title":{"rendered":"Apicultor maya denuncia envenenamiento masivo de abejas en Tizim\u00edn (Yucat\u00e1n)"},"content":{"rendered":"<p>Haz Ruido<\/p>\n<blockquote><p>Acusa a empresa extrajera de provocar el ecocidio al fumigar en esa zona oriente de Yucat\u00e1n. Lament\u00f3 la p\u00e9rdida de 45 colmenas y la contaminaci\u00f3n de la miel.<\/p><\/blockquote>\n<p>M\u00e9rida, Yucat\u00e1n, 16 de abril de 2024.-Un apicultor maya denunci\u00f3 el envenenamiento masivo de abejas en el municipio de Tizim\u00edn, provocado por la fumigaci\u00f3n realizada por una empresa extranjera dedicada al cultivo de ma\u00edz en la zona oriente de Yucat\u00e1n. <\/p>\n<p>En un video de su testimonio, el hombre se\u00f1al\u00f3 que en su caso murieron 45 colmenas pertenecientes a cuatro apiarios, y que lo mismo sucedi\u00f3 con otros apicultores.<\/p>\n<p>\u201cEs todo el trabajo de toda mi vida, compa\u00f1eros, es triste y lamentable. Este es un delito federal, yo le puedo llamar ecocidio\u201d, expres\u00f3 y lament\u00f3 que la miel tambi\u00e9n se contamin\u00f3.<\/p>\n<blockquote class=\"twitter-tweet\" data-width=\"550\" data-dnt=\"true\">\n<p lang=\"es\" dir=\"ltr\"><a href=\"https:\/\/twitter.com\/hashtag\/Video?src=hash&amp;ref_src=twsrc%5Etfw\">#Video<\/a> Denuncian ecocidio por muerte masiva de abejas en Tizim\u00edn<\/p>\n<p>El apicultor maya Marco Cupul denunci\u00f3 la muerte masiva de abejas en Tizimin, provocada por la fumigaci\u00f3n de una empresa extrajera en la regi\u00f3n oriente de Yucat\u00e1n. <a href=\"https:\/\/t.co\/PTaDHjUT3E\">pic.twitter.com\/PTaDHjUT3E<\/a><\/p>\n<p>&mdash; #HazRuido (@HazRuidoYuc) <a href=\"https:\/\/twitter.com\/HazRuidoYuc\/status\/1780332008503132354?ref_src=twsrc%5Etfw\">April 16, 2024<\/a><\/p><\/blockquote>\n<p><script async src=\"https:\/\/platform.twitter.com\/widgets.js\" charset=\"utf-8\"><\/script><\/p>\n<p>Inform\u00f3 que la muerte de sus abejas ocurri\u00f3 en los apiarios ubicados en el kil\u00f3metro 37 de la carretera que conecta a la cabecera de Tizim\u00edn con la comisar\u00eda Colonia Yucat\u00e1n. <\/p>\n<p>\u201cEs triste y lamentable lo que me est\u00e1 pasando, mi pasi\u00f3n por las abejas, mi trabajo por cuidar a esas abejitas. Hoy  me encuentro con estas triste situaci\u00f3n pueden apreciarlo, no tienen nada, no estoy usando velo porque no tienen abejas,  las abejas est\u00e1n d\u00e9biles, le quedan poquitas\u201d, manifest\u00f3 en el video el que se observan los apiarios vac\u00edos.<\/p>\n<p>El apicultor record\u00f3 que no es la primera vez que ocurre este tipo de da\u00f1o ambiental en Tizim\u00edn, por lo que buscar\u00e1 asesor\u00eda legal y apoyo de las autoridades federales ante la p\u00e9rdida de su patrimonio. <\/p>\n<p>\u201cEn plena hora de cosecha, en plena hora de producci\u00f3n, que es lo que estaba yo esperando, vienen a hacerme esto, esta empresa que se dedica al cultivo de ma\u00edz, es una empresa extranjera\u201d, acus\u00f3.<\/p>\n<p><a href=\"https:\/\/www.hazruido.mx\/reportes\/apicultor-maya-denuncia-envenenamiento-masivo-de-abejas-en-tizimin\/\" rel=\"noopener\" target=\"_blank\">https:\/\/www.hazruido.mx\/reportes\/apicultor-maya-denuncia-envenenamiento-masivo-de-abejas-en-tizimin\/<\/a><\/p>\n","protected":false},"excerpt":{"rendered":"<p>Haz Ruido Acusa a empresa extrajera de provocar el ecocidio al fumigar en esa zona oriente de Yucat\u00e1n. Lament\u00f3 la p\u00e9rdida de 45 colmenas y la contaminaci\u00f3n de la miel. &hellip; <a href=\"https:\/\/www.grieta.org.mx\/index.php\/2024\/04\/16\/apicultor-maya-denuncia-envenenamiento-masivo-de-abejas-en-tizimin-yucatan\/\" class=\"more-link\">Leer m\u00e1s<\/a><\/p>\n","protected":false},"author":2,"featured_media":68852,"comment_status":"closed","ping_status":"closed","sticky":false,"template":"","format":"standard","meta":{"ngg_post_thumbnail":0,"_jetpack_newsletter_access":"","_jetpack_dont_email_post_to_subs":false,"_jetpack_newsletter_tier_id":0,"_jetpack_memberships_contains_paywalled_content":false,"_jetpack_memberships_contains_paid_content":false,"footnotes":""},"categories":[42,80,2943,3,922,952,2,1445,36],"tags":[223,4138,2722,2969],"class_list":["post-68851","post","type-post","status-publish","format-standard","has-post-thumbnail","hentry","category-agroindustria","category-cintillo","category-destruccion-y-contaminacion-ambiental-en-yucatan","category-megaproyectos","category-megaproyectos-estados","category-mp-yucatan","category-noticias-nacionales","category-protestas-contra-la-contaminacion-por-agroquimicos-en-yucatan","category-yucatan","tag-ecocidio","tag-fumigacion","tag-muerte-de-abejas","tag-pesticidas","entry"],"jetpack_featured_media_url":"https:\/\/www.grieta.org.mx\/wp-content\/uploads\/2024\/04\/Abejas-e1714416552639.jpg","jetpack_sharing_enabled":true,"jetpack_shortlink":"https:\/\/wp.me\/p7ZJR4-hUv","jetpack_likes_enabled":false,"jetpack-related-posts":[{"id":69496,"url":"https:\/\/www.grieta.org.mx\/index.php\/2024\/08\/08\/alertan-por-nueva-muerte-masiva-de-abejas-ahora-en-tizimin-yucatan\/","url_meta":{"origin":68851,"position":0},"title":"Alertan por nueva muerte masiva de abejas, ahora en Tizim\u00edn, Yucat\u00e1n","author":"grieta","date":"8 agosto, 2024","format":false,"excerpt":"Fotos: Alianza Maya por las Abejas Kaabnalo\u2019on \/ La coperacha Encuentran 769 colmenas afectadas por intoxicaci\u00f3n, principalmente fipronil. La Alianza Maya por las Abejas Kaabnalo\u2019on denunci\u00f3 una cuarta oleada de mortandad de abejas ocurrida en varias comunidades de Tizim\u00edn, Yucat\u00e1n. Esta muerte masiva fue ocasionada por la intoxicaci\u00f3n por plaguicidas,\u2026","rel":"","context":"En &quot;16. Pueblo Maya&quot;","block_context":{"text":"16. Pueblo Maya","link":"https:\/\/www.grieta.org.mx\/index.php\/category\/espejos-de-la-resistencia\/16-pueblo-maya\/"},"img":{"alt_text":"","src":"https:\/\/i0.wp.com\/www.grieta.org.mx\/wp-content\/uploads\/2024\/08\/AbejasTizimin-e1724946432827.jpg?resize=350%2C200&ssl=1","width":350,"height":200,"srcset":"https:\/\/i0.wp.com\/www.grieta.org.mx\/wp-content\/uploads\/2024\/08\/AbejasTizimin-e1724946432827.jpg?resize=350%2C200&ssl=1 1x, https:\/\/i0.wp.com\/www.grieta.org.mx\/wp-content\/uploads\/2024\/08\/AbejasTizimin-e1724946432827.jpg?resize=525%2C300&ssl=1 1.5x, https:\/\/i0.wp.com\/www.grieta.org.mx\/wp-content\/uploads\/2024\/08\/AbejasTizimin-e1724946432827.jpg?resize=700%2C400&ssl=1 2x"},"classes":[]},{"id":68382,"url":"https:\/\/www.grieta.org.mx\/index.php\/2024\/01\/26\/denuncian-nuevo-envenenamiento-y-muerte-masiva-de-abejas-en-hopelchen-campeche\/","url_meta":{"origin":68851,"position":1},"title":"Denuncian nuevo envenenamiento y muerte masiva de abejas en Hopelch\u00e9n, Campeche","author":"grieta","date":"26 enero, 2024","format":false,"excerpt":"Ra\u00fal Ojeda \/ Milenio Campeche \/ El Colectivo Maya de los Chenes denunci\u00f3 un nuevo caso de envenenamiento y muerte masiva abejas en el municipio de Hopelch\u00e9n, Campeche. El se\u00f1alamiento ocurre a un a\u00f1o de la primera muerte masiva de abejas en esta regi\u00f3n maya. En la actualidad, las presentan\u2026","rel":"","context":"En &quot;Agroindustria&quot;","block_context":{"text":"Agroindustria","link":"https:\/\/www.grieta.org.mx\/index.php\/category\/megaproyectos\/agroindustria\/"},"img":{"alt_text":"","src":"https:\/\/i0.wp.com\/www.grieta.org.mx\/wp-content\/uploads\/2024\/01\/Abejas-e1706390391426.jpg?resize=350%2C200&ssl=1","width":350,"height":200,"srcset":"https:\/\/i0.wp.com\/www.grieta.org.mx\/wp-content\/uploads\/2024\/01\/Abejas-e1706390391426.jpg?resize=350%2C200&ssl=1 1x, https:\/\/i0.wp.com\/www.grieta.org.mx\/wp-content\/uploads\/2024\/01\/Abejas-e1706390391426.jpg?resize=525%2C300&ssl=1 1.5x, https:\/\/i0.wp.com\/www.grieta.org.mx\/wp-content\/uploads\/2024\/01\/Abejas-e1706390391426.jpg?resize=700%2C400&ssl=1 2x"},"classes":[]},{"id":66207,"url":"https:\/\/www.grieta.org.mx\/index.php\/2023\/02\/07\/estamos-navegando-contra-corriente-mas-de-20-mil-apicultores-de-la-peninsula-de-yucatan-enfrentan-deforestacion-contaminacion-por-plaguicidas-granjas-porcicolas-robo-de-colmenas-y-ahora-poca\/","url_meta":{"origin":68851,"position":2},"title":"&#8220;Estamos navegando contra corriente&#8221;: M\u00e1s de 20 mil apicultores de la Pen\u00ednsula de Yucat\u00e1n enfrentan deforestaci\u00f3n, contaminaci\u00f3n por plaguicidas, granjas porc\u00edcolas, robo de colmenas y ahora, poca paga por su miel","author":"grieta","date":"7 febrero, 2023","format":false,"excerpt":"Itzel Chan \/ Noticariobe M\u00c9RIDA, MX.- En Yucat\u00e1n, Campeche y Quintana Roo hay cerca de 20 mil apicultores, de acuerdo con la Coordinaci\u00f3n Nacional de la Alianza Ap\u00edcola en M\u00e9xico, quienes hoy en d\u00eda enfrentan los retos que traen consigo la deforestaci\u00f3n, contaminaci\u00f3n por plaguicidas, el establecimiento de granjas porc\u00edcolas,\u2026","rel":"","context":"En &quot;Agroindustria&quot;","block_context":{"text":"Agroindustria","link":"https:\/\/www.grieta.org.mx\/index.php\/category\/megaproyectos\/agroindustria\/"},"img":{"alt_text":"","src":"https:\/\/i0.wp.com\/www.grieta.org.mx\/wp-content\/uploads\/2023\/02\/Apicultores.jpg?resize=350%2C200&ssl=1","width":350,"height":200,"srcset":"https:\/\/i0.wp.com\/www.grieta.org.mx\/wp-content\/uploads\/2023\/02\/Apicultores.jpg?resize=350%2C200&ssl=1 1x, https:\/\/i0.wp.com\/www.grieta.org.mx\/wp-content\/uploads\/2023\/02\/Apicultores.jpg?resize=525%2C300&ssl=1 1.5x"},"classes":[]},{"id":70479,"url":"https:\/\/www.grieta.org.mx\/index.php\/2024\/10\/09\/pueblos-declaran-la-peninsula-de-yucatan-como-zona-de-emergencia-socioambiental-ahora-le-toca-al-estado\/","url_meta":{"origin":68851,"position":3},"title":"Pueblos declaran la Pen\u00ednsula de Yucat\u00e1n como zona de emergencia socioambiental. Ahora le toca al Estado","author":"grieta","date":"9 octubre, 2024","format":false,"excerpt":"Texto: Andrea Amaya \/Foto: Patricio Eleisegui \/ Archivo Pie de P\u00e1gina \/ Pie de P\u00e1gina Colectivos en defensa del territorio exigen a las autoridades federales que tomen acciones ante las problem\u00e1ticas ambientales, sociales y econ\u00f3micas que han generado los megaproyectos extractivistas en el sureste del pa\u00eds CIUDAD DE M\u00c9XICO.- Con\u2026","rel":"","context":"En &quot;Agroindustria&quot;","block_context":{"text":"Agroindustria","link":"https:\/\/www.grieta.org.mx\/index.php\/category\/megaproyectos\/agroindustria\/"},"img":{"alt_text":"","src":"https:\/\/i0.wp.com\/www.grieta.org.mx\/wp-content\/uploads\/2024\/11\/Emergencia-e1731968625759.jpg?resize=350%2C200&ssl=1","width":350,"height":200,"srcset":"https:\/\/i0.wp.com\/www.grieta.org.mx\/wp-content\/uploads\/2024\/11\/Emergencia-e1731968625759.jpg?resize=350%2C200&ssl=1 1x, https:\/\/i0.wp.com\/www.grieta.org.mx\/wp-content\/uploads\/2024\/11\/Emergencia-e1731968625759.jpg?resize=525%2C300&ssl=1 1.5x, https:\/\/i0.wp.com\/www.grieta.org.mx\/wp-content\/uploads\/2024\/11\/Emergencia-e1731968625759.jpg?resize=700%2C400&ssl=1 2x"},"classes":[]},{"id":69002,"url":"https:\/\/www.grieta.org.mx\/index.php\/2024\/05\/25\/las-abejas-de-yucatan-muy-cerca-de-extinguirse-por-la-deforestacion-y-los-venenos-del-agronegocio\/","url_meta":{"origin":68851,"position":4},"title":"Las abejas de Yucat\u00e1n, muy cerca de extinguirse por la deforestaci\u00f3n y los venenos del agronegocio","author":"grieta","date":"25 mayo, 2024","format":false,"excerpt":"Texto Patricio Eleisegui Fotos: Robin Canul En los \u00faltimos dos a\u00f1os, las productoras mayas de la Pen\u00ednsula de Yucat\u00e1n perdieron al menos 5 mil apiarios por efecto de los agrot\u00f3xicos de la agricultura industrial. Ranchos y grandes terratenientes, con participaci\u00f3n preponderante de la comunidad menonita, intensificaron la destrucci\u00f3n del monte\u2026","rel":"","context":"En &quot;Agroindustria&quot;","block_context":{"text":"Agroindustria","link":"https:\/\/www.grieta.org.mx\/index.php\/category\/megaproyectos\/agroindustria\/"},"img":{"alt_text":"","src":"https:\/\/i0.wp.com\/www.grieta.org.mx\/wp-content\/uploads\/2024\/05\/Abejas-e1716732455855.jpg?resize=350%2C200&ssl=1","width":350,"height":200,"srcset":"https:\/\/i0.wp.com\/www.grieta.org.mx\/wp-content\/uploads\/2024\/05\/Abejas-e1716732455855.jpg?resize=350%2C200&ssl=1 1x, https:\/\/i0.wp.com\/www.grieta.org.mx\/wp-content\/uploads\/2024\/05\/Abejas-e1716732455855.jpg?resize=525%2C300&ssl=1 1.5x, https:\/\/i0.wp.com\/www.grieta.org.mx\/wp-content\/uploads\/2024\/05\/Abejas-e1716732455855.jpg?resize=700%2C400&ssl=1 2x"},"classes":[]},{"id":62203,"url":"https:\/\/www.grieta.org.mx\/index.php\/2021\/06\/14\/por-pesticidas-y-deforestacion-mexico-ha-perdido-30-de-colmenas\/","url_meta":{"origin":68851,"position":5},"title":"Por pesticidas y deforestaci\u00f3n, M\u00e9xico ha perdido 30% de colmenas","author":"grieta","date":"14 junio, 2021","format":false,"excerpt":"Jordana Gonz\u00e1lez \/ Contral\u00ednea Los pesticidas y la deforestaci\u00f3n son las principales amenazas para las abejas. Seg\u00fan la espa\u00f1ola Fundaci\u00f3n Aquae, el 90 por ciento de esos insectos ha desaparecido en el mundo, \u201clo que los pone en grave peligro de extinci\u00f3n\u201d. No obstante que en M\u00e9xico vive el 10\u2026","rel":"","context":"En &quot;CINTILLO&quot;","block_context":{"text":"CINTILLO","link":"https:\/\/www.grieta.org.mx\/index.php\/category\/cintillo\/"},"img":{"alt_text":"","src":"https:\/\/i0.wp.com\/www.grieta.org.mx\/wp-content\/uploads\/2018\/03\/14524434_1106112876131411_958039263622046936_o.jpg?resize=350%2C200&ssl=1","width":350,"height":200,"srcset":"https:\/\/i0.wp.com\/www.grieta.org.mx\/wp-content\/uploads\/2018\/03\/14524434_1106112876131411_958039263622046936_o.jpg?resize=350%2C200&ssl=1 1x, https:\/\/i0.wp.com\/www.grieta.org.mx\/wp-content\/uploads\/2018\/03\/14524434_1106112876131411_958039263622046936_o.jpg?resize=525%2C300&ssl=1 1.5x, https:\/\/i0.wp.com\/www.grieta.org.mx\/wp-content\/uploads\/2018\/03\/14524434_1106112876131411_958039263622046936_o.jpg?resize=700%2C400&ssl=1 2x"},"classes":[]}],"_links":{"self":[{"href":"https:\/\/www.grieta.org.mx\/index.php\/wp-json\/wp\/v2\/posts\/68851","targetHints":{"allow":["GET"]}}],"collection":[{"href":"https:\/\/www.grieta.org.mx\/index.php\/wp-json\/wp\/v2\/posts"}],"about":[{"href":"https:\/\/www.grieta.org.mx\/index.php\/wp-json\/wp\/v2\/types\/post"}],"author":[{"embeddable":true,"href":"https:\/\/www.grieta.org.mx\/index.php\/wp-json\/wp\/v2\/users\/2"}],"replies":[{"embeddable":true,"href":"https:\/\/www.grieta.org.mx\/index.php\/wp-json\/wp\/v2\/comments?post=68851"}],"version-history":[{"count":1,"href":"https:\/\/www.grieta.org.mx\/index.php\/wp-json\/wp\/v2\/posts\/68851\/revisions"}],"predecessor-version":[{"id":68853,"href":"https:\/\/www.grieta.org.mx\/index.php\/wp-json\/wp\/v2\/posts\/68851\/revisions\/68853"}],"wp:featuredmedia":[{"embeddable":true,"href":"https:\/\/www.grieta.org.mx\/index.php\/wp-json\/wp\/v2\/media\/68852"}],"wp:attachment":[{"href":"https:\/\/www.grieta.org.mx\/index.php\/wp-json\/wp\/v2\/media?parent=68851"}],"wp:term":[{"taxonomy":"category","embeddable":true,"href":"https:\/\/www.grieta.org.mx\/index.php\/wp-json\/wp\/v2\/categories?post=68851"},{"taxonomy":"post_tag","embeddable":true,"href":"https:\/\/www.grieta.org.mx\/index.php\/wp-json\/wp\/v2\/tags?post=68851"}],"curies":[{"name":"wp","href":"https:\/\/api.w.org\/{rel}","templated":true}]}}