{"id":68848,"date":"2024-04-26T12:28:37","date_gmt":"2024-04-26T18:28:37","guid":{"rendered":"https:\/\/www.grieta.org.mx\/?p=68848"},"modified":"2024-04-29T12:38:30","modified_gmt":"2024-04-29T18:38:30","slug":"santa-maria-chi-obtiene-otra-suspension-en-el-caso-de-la-megagranja-yucatan","status":"publish","type":"post","link":"https:\/\/www.grieta.org.mx\/index.php\/2024\/04\/26\/santa-maria-chi-obtiene-otra-suspension-en-el-caso-de-la-megagranja-yucatan\/","title":{"rendered":"Santa Mar\u00eda Chi obtiene otra suspensi\u00f3n en el caso de la megagranja (Yucat\u00e1n)"},"content":{"rendered":"<p>Por Paloma Reyes \/ Haz Ruido<\/p>\n<blockquote><p>La Secretar\u00eda de Desarrollo Sustentable no podr\u00e1 otorgar la Manifestaci\u00f3n de Impacto Ambiental, en caso de que proceda, a la compa\u00f1\u00eda porc\u00edcola hasta que termine el juicio.<\/p><\/blockquote>\n<p>M\u00e9rida, Yucat\u00e1n, 26 de abril de 2024.-La jueza Karla Alexandra Dom\u00ednguez Aguilar, titular del Juzgado Tercero de Distrito en el Estado de Yucat\u00e1n, notific\u00f3 al Comisario de Santa Maria Chi la admisi\u00f3n de una demanda de amparo y la concesi\u00f3n de una suspensi\u00f3n provisional para que la Secretar\u00eda de Desarrollo Sustentable (SDS) no pueda emitir la Manifestaci\u00f3n de Impacto Ambiental a favor de la empresa \u201cChumoxil\u201d, responsable de la megagranja de cerdos que contamina esa comunidad.<\/p>\n<p>Esto se dio a conocer en un comunicado del Instituto Federal de Defensor\u00eda P\u00fablica, quienes son los encargados de acompa\u00f1ar jur\u00eddicamente a esta comunidad en la lucha contra la f\u00e1brica de cerdos.<\/p>\n<p>Cabe se\u00f1alar que la suspensi\u00f3n es v\u00e1lida hasta que se resuelva el juicio de amparo y tiene como objetivo evitar que las autoridades emitan dicha manifestaci\u00f3n a favor de la empresa \u201cChumoxil\u00bb Sociedad An\u00f3nima de Capital Variable. El juicio se centra en la solicitud de una Manifestaci\u00f3n de Impacto Ambiental por parte de \u00abChumoxil\u00bb, que podr\u00eda afectar negativamente el medio ambiente.<\/p>\n<p>Dicha medida se otorg\u00f3 en respuesta a una demanda de amparo presentada el 17 de abril de 2024 por el Comisario Municipal de Santa Mar\u00eda Chi contra la SDS, el Departamento de Evaluaci\u00f3n Ambiental de la SDS, el Congreso del Estado, el Gobernador y otras autoridades estatales. <\/p>\n<p>Esta demanda se present\u00f3 despu\u00e9s de que la SDS cerrara una denuncia ciudadana sobre problemas ambientales relacionados con una granja de cerdos con capacidad para aproximadamente 42 mil animales.<\/p>\n<p>La demanda de amparo argumenta que la conclusi\u00f3n de la denuncia por parte de la SDS viol\u00f3 el derecho humano a un medio ambiente sano, al impedir que se investigaran las acusaciones de contaminaci\u00f3n y otros problemas ambientales asociados con la granja de cerdos. Tambi\u00e9n se alega que al Comisario Municipal se le neg\u00f3 la oportunidad de participar en la denuncia aportando pruebas y alegatos.<\/p>\n<p>En ese sentido, la jueza al conceder la suspensi\u00f3n provisional sostuvo que, \u201cla conclusi\u00f3n de la denuncia interpuesta por la parte quejosa [Comisario de Santa Mar\u00eda Chi] [\u2026] implica que de manera sucesiva se autorice a la parte tercero interesada la operaci\u00f3n de una granja porc\u00edcola, y que ello genere contaminaci\u00f3n, descargas de aguas con heces fecales, muerte de vegetaci\u00f3n, deforestaci\u00f3n, desplazamiento de especies, afectaciones al agua y al medio ambiente\u00bb.<\/p>\n<p>Asimismo, la jueza fue enf\u00e1tica en se\u00f1alar que la suspensi\u00f3n concedida, \u201c[\u2026] no causa perjuicio al inter\u00e9s social, ni contraviene disposiciones de orden p\u00fablico [\u2026]; por el contrario, dado el inter\u00e9s que aduce el justiciable y la naturaleza de los derechos que pueden afectarse por el acto reclamado, es inter\u00e9s de la sociedad que tales derechos se protejan, al grado de tomar toda clase de medidas que prevengan la afectaci\u00f3n de los mismos.\u00bb<\/p>\n<p>Explic\u00f3 que existe un inter\u00e9s en la sociedad por la conservaci\u00f3n de un medio ambiente libre de contaminaci\u00f3n y saludable para que los habitantes de la comundad tengan una vida digna.<\/p>\n<p>En consecuencia, la jueza orden\u00f3 a las autoridades responsables que informen, en un plazo de tres d\u00edas, sobre las acciones que han tomado para cumplir con la suspensi\u00f3n concedida al Comisario Municipal de Santa Mar\u00eda Chi.<\/p>\n<p>El pr\u00f3ximo 2 de mayo se llevar\u00e1 a cabo la audiencia incidental, en donde la jueza definir\u00e1 si mantiene la suspensi\u00f3n definitiva mientras se resuelve el amparo presentado. Finalmente, el Instituto Federal de Defensor\u00eda P\u00fablica inform\u00f3 que continuar\u00e1 acompa\u00f1ando mediante la defensa de los derechos a la comunidad de Santa Maria Chi.<\/p>\n<p><a href=\"https:\/\/www.hazruido.mx\/reportes\/santa-maria-chi-obtiene-otra-suspension-en-el-caso-de-la-megagranja\/\" rel=\"noopener\" target=\"_blank\">https:\/\/www.hazruido.mx\/reportes\/santa-maria-chi-obtiene-otra-suspension-en-el-caso-de-la-megagranja\/<\/a><\/p>\n","protected":false},"excerpt":{"rendered":"<p>Por Paloma Reyes \/ Haz Ruido La Secretar\u00eda de Desarrollo Sustentable no podr\u00e1 otorgar la Manifestaci\u00f3n de Impacto Ambiental, en caso de que proceda, a la compa\u00f1\u00eda porc\u00edcola hasta que &hellip; <a href=\"https:\/\/www.grieta.org.mx\/index.php\/2024\/04\/26\/santa-maria-chi-obtiene-otra-suspension-en-el-caso-de-la-megagranja-yucatan\/\" class=\"more-link\">Leer m\u00e1s<\/a><\/p>\n","protected":false},"author":2,"featured_media":68849,"comment_status":"closed","ping_status":"closed","sticky":false,"template":"","format":"standard","meta":{"ngg_post_thumbnail":0,"_jetpack_newsletter_access":"","_jetpack_dont_email_post_to_subs":false,"_jetpack_newsletter_tier_id":0,"_jetpack_memberships_contains_paywalled_content":false,"_jetpack_memberships_contains_paid_content":false,"footnotes":""},"categories":[42,80,2943,1020,1023,3,922,952,2,36],"tags":[281,3820,91,2177,1022,3785,4193],"class_list":["post-68848","post","type-post","status-publish","format-standard","has-post-thumbnail","hentry","category-agroindustria","category-cintillo","category-destruccion-y-contaminacion-ambiental-en-yucatan","category-granja-porcicola","category-lucha-contra-granja-porcicola","category-megaproyectos","category-megaproyectos-estados","category-mp-yucatan","category-noticias-nacionales","category-yucatan","tag-agroindustria","tag-amparos","tag-contaminacion-ambiental","tag-contaminacion-de-acuiferos","tag-granja-porcicola","tag-megagranja","tag-santa-maria-chi","entry"],"jetpack_featured_media_url":"https:\/\/www.grieta.org.mx\/wp-content\/uploads\/2024\/04\/StaMariaChi-e1714415691144.jpg","jetpack_sharing_enabled":true,"jetpack_shortlink":"https:\/\/wp.me\/p7ZJR4-hUs","jetpack_likes_enabled":false,"jetpack-related-posts":[{"id":68995,"url":"https:\/\/www.grieta.org.mx\/index.php\/2024\/05\/22\/suspenden-permiso-ambiental-a-megagranja-de-los-loret-de-mola-en-yucatan-temen-contaminacion-irreversible\/","url_meta":{"origin":68848,"position":0},"title":"Suspenden permiso ambiental a megagranja de los Loret de Mola en Yucat\u00e1n; temen contaminaci\u00f3n irreversible","author":"grieta","date":"22 mayo, 2024","format":false,"excerpt":"Texto y fotos: Patricio Eleisegui \/ Pie de P\u00e1gina Autoridades judiciales impusieron una medida que acerca a la megagranja de la familia Loret de Mola al cierre definitivo. La instalaci\u00f3n, reconocen jueces, descarga aguas con heces fecales en el manto fre\u00e1tico y la selva, genera deforestaci\u00f3n, y afecta gravemente la\u2026","rel":"","context":"En &quot;Agroindustria&quot;","block_context":{"text":"Agroindustria","link":"https:\/\/www.grieta.org.mx\/index.php\/category\/megaproyectos\/agroindustria\/"},"img":{"alt_text":"","src":"https:\/\/i0.wp.com\/www.grieta.org.mx\/wp-content\/uploads\/2024\/05\/Chi-e1716731001557.jpg?resize=350%2C200&ssl=1","width":350,"height":200,"srcset":"https:\/\/i0.wp.com\/www.grieta.org.mx\/wp-content\/uploads\/2024\/05\/Chi-e1716731001557.jpg?resize=350%2C200&ssl=1 1x, https:\/\/i0.wp.com\/www.grieta.org.mx\/wp-content\/uploads\/2024\/05\/Chi-e1716731001557.jpg?resize=525%2C300&ssl=1 1.5x, https:\/\/i0.wp.com\/www.grieta.org.mx\/wp-content\/uploads\/2024\/05\/Chi-e1716731001557.jpg?resize=700%2C400&ssl=1 2x"},"classes":[]},{"id":64282,"url":"https:\/\/www.grieta.org.mx\/index.php\/2022\/05\/17\/habitantes-de-sitilpech-exigen-cerrar-granjas-porcicolas-en-yucatan-afuera-del-poder-judicial\/","url_meta":{"origin":68848,"position":1},"title":"Habitantes de Sitilpech exigen cerrar granjas porc\u00edcolas en Yucat\u00e1n afuera del Poder Judicial","author":"grieta","date":"17 mayo, 2022","format":false,"excerpt":"Ruben Dar\u00edo Hau \/ Por Esto! Habitantes de Sitilpech, comisar\u00eda de Izamal, se manifiestan frente a la sede del Poder Judicial de la Federal, en M\u00e9rida, para insistir en que el Juez Primero de Distrito conceda la suspensi\u00f3n definitiva de la granja porc\u00edcola, Kancabch\u00e9n II, aparcera de Kek\u00e9n. El pasado\u2026","rel":"","context":"En &quot;16. Pueblo Maya&quot;","block_context":{"text":"16. Pueblo Maya","link":"https:\/\/www.grieta.org.mx\/index.php\/category\/espejos-de-la-resistencia\/16-pueblo-maya\/"},"img":{"alt_text":"","src":"https:\/\/i0.wp.com\/www.grieta.org.mx\/wp-content\/uploads\/2022\/05\/Sitilpech-e1653577169242.png?resize=350%2C200&ssl=1","width":350,"height":200,"srcset":"https:\/\/i0.wp.com\/www.grieta.org.mx\/wp-content\/uploads\/2022\/05\/Sitilpech-e1653577169242.png?resize=350%2C200&ssl=1 1x, https:\/\/i0.wp.com\/www.grieta.org.mx\/wp-content\/uploads\/2022\/05\/Sitilpech-e1653577169242.png?resize=525%2C300&ssl=1 1.5x, https:\/\/i0.wp.com\/www.grieta.org.mx\/wp-content\/uploads\/2022\/05\/Sitilpech-e1653577169242.png?resize=700%2C400&ssl=1 2x"},"classes":[]},{"id":67720,"url":"https:\/\/www.grieta.org.mx\/index.php\/2023\/09\/09\/keken-se-burla-de-la-ley-continua-operaciones-en-la-granja-clausurada-de-santa-maria-chi-en-merida-yucatan\/","url_meta":{"origin":68848,"position":2},"title":"Kek\u00e9n &#8216;se burla&#8217; de la ley; contin\u00faa operaciones en la granja clausurada de Santa Mar\u00eda Ch\u00ed en M\u00e9rida (Yucat\u00e1n)","author":"grieta","date":"9 septiembre, 2023","format":false,"excerpt":"Rub\u00e9n Dar\u00edo Hau \/ Por Esto! \u201cHartazgo\u201d, es el calificativo que los pobladores de la comisar\u00eda de Santa Mar\u00eda Ch\u00ed expresaron contra la granja San Carlos, aparcera de Kek\u00e9n, que a pesar de que fue cerrada parcialmente, a\u00fan funciona en su interior: siguen engordando alrededor de 60 mil cerdos en\u2026","rel":"","context":"En &quot;Agroindustria&quot;","block_context":{"text":"Agroindustria","link":"https:\/\/www.grieta.org.mx\/index.php\/category\/megaproyectos\/agroindustria\/"},"img":{"alt_text":"","src":"https:\/\/i0.wp.com\/www.grieta.org.mx\/wp-content\/uploads\/2023\/09\/StaMariaChi-e1694453189168.jpg?resize=350%2C200&ssl=1","width":350,"height":200,"srcset":"https:\/\/i0.wp.com\/www.grieta.org.mx\/wp-content\/uploads\/2023\/09\/StaMariaChi-e1694453189168.jpg?resize=350%2C200&ssl=1 1x, https:\/\/i0.wp.com\/www.grieta.org.mx\/wp-content\/uploads\/2023\/09\/StaMariaChi-e1694453189168.jpg?resize=525%2C300&ssl=1 1.5x, https:\/\/i0.wp.com\/www.grieta.org.mx\/wp-content\/uploads\/2023\/09\/StaMariaChi-e1694453189168.jpg?resize=700%2C400&ssl=1 2x"},"classes":[]},{"id":67480,"url":"https:\/\/www.grieta.org.mx\/index.php\/2023\/08\/16\/en-santa-maria-chi-sabemos-que-peleamos-contra-un-monstruo-yucatan\/","url_meta":{"origin":68848,"position":3},"title":"\u201cEn Santa Mar\u00eda Chi, sabemos que peleamos contra un monstruo\u201d (Yucat\u00e1n)","author":"grieta","date":"16 agosto, 2023","format":false,"excerpt":"Itzel Chan \/ Haz Ruido La suspensi\u00f3n temporal de la granja de cerdos es un avance, pero la poblaci\u00f3n seguir\u00e1 luchando hasta que se retire de la comisar\u00eda y deje de contaminar su territorio. M\u00e9rida, Yucat\u00e1n, 16 de agosto de 2023.-La granja de cerdos establecida en la comisar\u00eda de Santa\u2026","rel":"","context":"En &quot;Agroindustria&quot;","block_context":{"text":"Agroindustria","link":"https:\/\/www.grieta.org.mx\/index.php\/category\/megaproyectos\/agroindustria\/"},"img":{"alt_text":"","src":"https:\/\/i0.wp.com\/www.grieta.org.mx\/wp-content\/uploads\/2023\/08\/SantaMriaChi-e1692281370153.jpg?resize=350%2C200&ssl=1","width":350,"height":200,"srcset":"https:\/\/i0.wp.com\/www.grieta.org.mx\/wp-content\/uploads\/2023\/08\/SantaMriaChi-e1692281370153.jpg?resize=350%2C200&ssl=1 1x, https:\/\/i0.wp.com\/www.grieta.org.mx\/wp-content\/uploads\/2023\/08\/SantaMriaChi-e1692281370153.jpg?resize=525%2C300&ssl=1 1.5x, https:\/\/i0.wp.com\/www.grieta.org.mx\/wp-content\/uploads\/2023\/08\/SantaMriaChi-e1692281370153.jpg?resize=700%2C400&ssl=1 2x"},"classes":[]},{"id":56486,"url":"https:\/\/www.grieta.org.mx\/index.php\/2021\/01\/28\/poblacion-maya-paraliza-granja-de-cerdos-que-contamina-chapab-yucatan\/","url_meta":{"origin":68848,"position":4},"title":"Poblaci\u00f3n maya paraliza granja de cerdos que contamina Chapab (Yucat\u00e1n)","author":"grieta","date":"28 enero, 2021","format":false,"excerpt":"Haz Ruido Promovieron un juicio de amparo ante la contaminaci\u00f3n, el uso indebido de sus tierras y porque las autoridades les negaron informaci\u00f3n sobre permisos ambientales. M\u00e9rida, Yucat\u00e1n, 28 de enero de 2021.-El Juzgado Tercero de Distrito, con sede en Yucat\u00e1n, admiti\u00f3 una demanda de amparo y concedi\u00f3 la suspensi\u00f3n\u2026","rel":"","context":"En &quot;Agroindustria&quot;","block_context":{"text":"Agroindustria","link":"https:\/\/www.grieta.org.mx\/index.php\/category\/megaproyectos\/agroindustria\/"},"img":{"alt_text":"","src":"https:\/\/i0.wp.com\/www.grieta.org.mx\/wp-content\/uploads\/2021\/01\/Chapab.png?resize=350%2C200&ssl=1","width":350,"height":200,"srcset":"https:\/\/i0.wp.com\/www.grieta.org.mx\/wp-content\/uploads\/2021\/01\/Chapab.png?resize=350%2C200&ssl=1 1x, https:\/\/i0.wp.com\/www.grieta.org.mx\/wp-content\/uploads\/2021\/01\/Chapab.png?resize=525%2C300&ssl=1 1.5x, https:\/\/i0.wp.com\/www.grieta.org.mx\/wp-content\/uploads\/2021\/01\/Chapab.png?resize=700%2C400&ssl=1 2x"},"classes":[]},{"id":65920,"url":"https:\/\/www.grieta.org.mx\/index.php\/2022\/12\/08\/con-excremento-frente-al-poder-judicial-de-la-federacion-yucatecos-piden-suspension-definitiva-de-las-granjas-porcicolas-yucatan\/","url_meta":{"origin":68848,"position":5},"title":"Con excremento frente al Poder Judicial de la Federaci\u00f3n, yucatecos piden suspensi\u00f3n definitiva de las granjas porc\u00edcolas (Yucat\u00e1n)","author":"grieta","date":"8 diciembre, 2022","format":false,"excerpt":"Itzel Chan \/ Noticaribe M\u00c9RIDA, MX.- Habitantes de Sitilpech no han quitado el dedo del rengl\u00f3n y una vez m\u00e1s volvieron a manifestarse a las afueras del Poder Judicial de la Federaci\u00f3n, pero esta vez lo hicieron con excremento de cerdo dentro de un recipiente, para exigir as\u00ed que sea\u2026","rel":"","context":"En &quot;Agroindustria&quot;","block_context":{"text":"Agroindustria","link":"https:\/\/www.grieta.org.mx\/index.php\/category\/megaproyectos\/agroindustria\/"},"img":{"alt_text":"","src":"https:\/\/i0.wp.com\/www.grieta.org.mx\/wp-content\/uploads\/2022\/12\/Sitilpech10-e1671047518116.jpg?resize=350%2C200&ssl=1","width":350,"height":200,"srcset":"https:\/\/i0.wp.com\/www.grieta.org.mx\/wp-content\/uploads\/2022\/12\/Sitilpech10-e1671047518116.jpg?resize=350%2C200&ssl=1 1x, https:\/\/i0.wp.com\/www.grieta.org.mx\/wp-content\/uploads\/2022\/12\/Sitilpech10-e1671047518116.jpg?resize=525%2C300&ssl=1 1.5x, https:\/\/i0.wp.com\/www.grieta.org.mx\/wp-content\/uploads\/2022\/12\/Sitilpech10-e1671047518116.jpg?resize=700%2C400&ssl=1 2x"},"classes":[]}],"_links":{"self":[{"href":"https:\/\/www.grieta.org.mx\/index.php\/wp-json\/wp\/v2\/posts\/68848","targetHints":{"allow":["GET"]}}],"collection":[{"href":"https:\/\/www.grieta.org.mx\/index.php\/wp-json\/wp\/v2\/posts"}],"about":[{"href":"https:\/\/www.grieta.org.mx\/index.php\/wp-json\/wp\/v2\/types\/post"}],"author":[{"embeddable":true,"href":"https:\/\/www.grieta.org.mx\/index.php\/wp-json\/wp\/v2\/users\/2"}],"replies":[{"embeddable":true,"href":"https:\/\/www.grieta.org.mx\/index.php\/wp-json\/wp\/v2\/comments?post=68848"}],"version-history":[{"count":1,"href":"https:\/\/www.grieta.org.mx\/index.php\/wp-json\/wp\/v2\/posts\/68848\/revisions"}],"predecessor-version":[{"id":68850,"href":"https:\/\/www.grieta.org.mx\/index.php\/wp-json\/wp\/v2\/posts\/68848\/revisions\/68850"}],"wp:featuredmedia":[{"embeddable":true,"href":"https:\/\/www.grieta.org.mx\/index.php\/wp-json\/wp\/v2\/media\/68849"}],"wp:attachment":[{"href":"https:\/\/www.grieta.org.mx\/index.php\/wp-json\/wp\/v2\/media?parent=68848"}],"wp:term":[{"taxonomy":"category","embeddable":true,"href":"https:\/\/www.grieta.org.mx\/index.php\/wp-json\/wp\/v2\/categories?post=68848"},{"taxonomy":"post_tag","embeddable":true,"href":"https:\/\/www.grieta.org.mx\/index.php\/wp-json\/wp\/v2\/tags?post=68848"}],"curies":[{"name":"wp","href":"https:\/\/api.w.org\/{rel}","templated":true}]}}