{"id":68717,"date":"2024-03-21T13:46:56","date_gmt":"2024-03-21T19:46:56","guid":{"rendered":"https:\/\/www.grieta.org.mx\/?p=68717"},"modified":"2024-03-31T13:56:59","modified_gmt":"2024-03-31T19:56:59","slug":"madres-de-personas-desaparecidas-convocan-a-sociedad-a-sumarse-a-jornada-nacional-de-busqueda-y-concentracion-pacifica-quintana-roo","status":"publish","type":"post","link":"https:\/\/www.grieta.org.mx\/index.php\/2024\/03\/21\/madres-de-personas-desaparecidas-convocan-a-sociedad-a-sumarse-a-jornada-nacional-de-busqueda-y-concentracion-pacifica-quintana-roo\/","title":{"rendered":"Madres de personas desaparecidas convocan a sociedad a sumarse a Jornada Nacional de B\u00fasqueda y concentraci\u00f3n pac\u00edfica (Quintana Roo)"},"content":{"rendered":"<p>Adriana Varillas \/ Estamos Aqu\u00ed<\/p>\n<p>21 de marzo\/ Canc\u00fan, Q. Roo.- Colectivos de familiares de personas desaparecidas en Quintana Roo, convocaron a los movimientos feministas, a las y los defensores de derechos humanos, de la Tierra y del territorio, de las disidencias sexuales, a las expresiones religiosas, a la academia, a las organizaciones civiles y sociedad en general, para abrazar su causa y, solidariamente, sumarse a la Jornada Nacional de B\u00fasqueda a efectuarse en abril, as\u00ed como a la Marcha nacional del pr\u00f3ximo 10 de mayo.<\/p>\n<p>Integrantes de la asociaci\u00f3n \u201cVerdad, Memoria y Justicia\u201d, del colectivo \u201cMadres Buscadoras Quintana Roo\u201d, y Deysi Blanco, madre buscadora independiente, se unificaron la tarde de hoy, para lanzar un mensaje afuera de las instalaciones de la Fiscal\u00eda General del estado (FGE), en la ciudad de Canc\u00fan, como parte de una acci\u00f3n simult\u00e1nea a nivel nacional, en la cual familiares de desaparecidos se pronunciaron al un\u00edsono.<\/p>\n<p>\u201cNuestro proceso de organizaci\u00f3n se hab\u00eda estando dando en silencio. Hoy lo hacemos p\u00fablico para hacer un llamado a todas las familias a los que a\u00fan no hemos llegado, as\u00ed como a los colectivos de familia y familiares v\u00edctimas de la violencia para que se sumen a este esfuerzo de unidad.<\/p>\n<p>\u201cQueremos construir acuerdos por encima de nuestras diferencias, queremos abrazarnos sin colores, ni banderas y sin el Estado. Queremos mostrar que somos sujetos de derechos que llevamos a\u00f1os tratando de construir este pa\u00eds; que no hemos dejado de buscar a nuestros seres queridos desaparecidos para traerlos de regreso a casa y que encontrarles es nuestra principal motivaci\u00f3n\u201d, expuso Romana Rivera, presidenta de una de las colectivas.<\/p>\n<p>La madre de Diana Garc\u00eda, desaparecida en febrero del 2020, dijo que pese a los esfuerzos de los colectivos de buscadoras y buscadores, M\u00e9xico se ha convertido en un sin\u00f3nimo de desaparici\u00f3n de personas, al incrementarse \u201calarmantemente\u201d, los casos en los \u00faltimos 15 a\u00f1os.<\/p>\n<p>\u201cLa tolerancia y complicidad han mandado el mensaje de que este crimen atroz puede cometerse sin mayores consecuencias, pues no las hay. No existen\u201d, a\u00f1adi\u00f3.<\/p>\n<p>Mar\u00eda Patr\u00f3n Pat, madre de la joven Francisca Mariner, intervino para expresar que se debe evitar que m\u00e1s familias se sumen a la tortura que ellas sufren, con la cooperaci\u00f3n de la sociedad, sin filias partidistas.<\/p>\n<p>\u201cA los gobiernos de M\u00e9xico, a los partidos pol\u00edticos, con sus candidatas y candidatos, les decimos que no permitiremos que nos utilicen como \u2018bot\u00edn pol\u00edtico\u2019; que no permitiremos que intenten deslegitimizar nuestra lucha constante, diciendo que estamos siendo manipuladas por intereses de quienes quieren golpear al gobierno.<\/p>\n<p>\u201cExigimos la b\u00fasqueda de las m\u00e1s de 112 mil personas desaparecidas; \u00a1ya basta de mantener la pol\u00edtica de seguir desapareciendo a los desaparecidos! Exigimos la b\u00fasqueda de nuestros desaparecidos y desaparecidas, que nos duelen y nos hacen falta en casa. Exigimos una investigaci\u00f3n eficaz, resultados certeros y confiables; la identificaci\u00f3n de todos los cuerpos y fragmentos \u00f3seos recuperados en fosas comunes y clandestinas\u201d, subray\u00f3.<\/p>\n<p>\u201cMarypat\u201d prosigui\u00f3, al se\u00f1alar que se demanda al Poder Judicial y Legislativo se reconozca la problem\u00e1tica que se vive; al Ejecutivo, que empatice con la causa; protecci\u00f3n a buscadoras y buscadores en el pa\u00eds; alto a las desapariciones y violencia y, sobre todo, justicia.<\/p>\n<p>Para dimensionar la escalada de las desapariciones en Quintana Roo, basta saber que hasta finales del 2022, el colectivo \u201cVerdad, Memoria y Justicia\u201d, sumaba 50 familiares de v\u00edctimas. Hoy, Romana Rivera dijo que son ya 100.<\/p>\n<p>A esa cifra se suman otras 23 v\u00edctimas indirectas arropadas en el colectivo de \u201cMadres Buscadoras Quintana Roo\u201d.<\/p>\n<p>En abril, como parte de la Jornada Nacional de B\u00fasqueda, en Quintana Roo se realizar\u00e1n b\u00fasquedas en los municipios de Felipe Carrillo Puerto, Tulum, Playa del Carmen y en Chetumal. La concentraci\u00f3n nacional de mayo, se realizar\u00e1 en la Ciudad de M\u00e9xico.<\/p>\n<p><a href=\"https:\/\/estamosaqui.mx\/2024\/03\/21\/madres-de-personas-desaparecidas-convocan-a-sociedad-a-sumarse-a-jornada-nacional-de-busqueda-y-concentracion-pacifica\/\" rel=\"noopener\" target=\"_blank\">https:\/\/estamosaqui.mx\/2024\/03\/21\/madres-de-personas-desaparecidas-convocan-a-sociedad-a-sumarse-a-jornada-nacional-de-busqueda-y-concentracion-pacifica\/<\/a><\/p>\n","protected":false},"excerpt":{"rendered":"<p>Adriana Varillas \/ Estamos Aqu\u00ed 21 de marzo\/ Canc\u00fan, Q. Roo.- Colectivos de familiares de personas desaparecidas en Quintana Roo, convocaron a los movimientos feministas, a las y los defensores &hellip; <a href=\"https:\/\/www.grieta.org.mx\/index.php\/2024\/03\/21\/madres-de-personas-desaparecidas-convocan-a-sociedad-a-sumarse-a-jornada-nacional-de-busqueda-y-concentracion-pacifica-quintana-roo\/\" class=\"more-link\">Leer m\u00e1s<\/a><\/p>\n","protected":false},"author":2,"featured_media":68718,"comment_status":"closed","ping_status":"closed","sticky":false,"template":"","format":"standard","meta":{"ngg_post_thumbnail":0,"_jetpack_newsletter_access":"","_jetpack_dont_email_post_to_subs":false,"_jetpack_newsletter_tier_id":0,"_jetpack_memberships_contains_paywalled_content":false,"_jetpack_memberships_contains_paid_content":false,"footnotes":""},"categories":[80,87,2808,2,28,83],"tags":[3791,2484,1828,3018],"class_list":["post-68717","post","type-post","status-publish","format-standard","has-post-thumbnail","hentry","category-cintillo","category-desaparecidos","category-desaparecidos-en-quintana-roo","category-noticias-nacionales","category-quintana-roo","category-temas-nacionales","tag-acciones-por-desaparecidos","tag-buscadoras","tag-busqueda-de-desaparecidos","tag-colectivos-de-busqueda-de-desaparecidos","entry"],"jetpack_featured_media_url":"https:\/\/www.grieta.org.mx\/wp-content\/uploads\/2024\/03\/MadresBuscadoras-e1711914841303.jpg","jetpack_sharing_enabled":true,"jetpack_shortlink":"https:\/\/wp.me\/p7ZJR4-hSl","jetpack_likes_enabled":false,"jetpack-related-posts":[{"id":65576,"url":"https:\/\/www.grieta.org.mx\/index.php\/2022\/10\/20\/marchan-activistas-contra-nulos-resultados-de-la-fiscalia-en-casos-de-desaparecidos-quintana-roo\/","url_meta":{"origin":68717,"position":0},"title":"Marchan activistas contra nulos resultados de la Fiscal\u00eda en casos de desaparecidos (Quintana Roo)","author":"grieta","date":"20 octubre, 2022","format":false,"excerpt":"Juan Morales \/ Grupo Pir\u00e1mide Canc\u00fan, Quintana Roo.- Miembros del colectivo Verdad, Memoria y Justicia marcharon en Canc\u00fan contra los nulos resultados de la Fiscal\u00eda General del Estado (FGE) en los reportes de personas desaparecidas, los cuales aumentaron durante septiembre con dos casos m\u00e1s. Los manifestantes arrancaron su protesta desde\u2026","rel":"","context":"En &quot;CINTILLO&quot;","block_context":{"text":"CINTILLO","link":"https:\/\/www.grieta.org.mx\/index.php\/category\/cintillo\/"},"img":{"alt_text":"","src":"https:\/\/i0.wp.com\/www.grieta.org.mx\/wp-content\/uploads\/2022\/10\/DesaparecidosQroo-e1666432285627.jpg?resize=350%2C200&ssl=1","width":350,"height":200,"srcset":"https:\/\/i0.wp.com\/www.grieta.org.mx\/wp-content\/uploads\/2022\/10\/DesaparecidosQroo-e1666432285627.jpg?resize=350%2C200&ssl=1 1x, https:\/\/i0.wp.com\/www.grieta.org.mx\/wp-content\/uploads\/2022\/10\/DesaparecidosQroo-e1666432285627.jpg?resize=525%2C300&ssl=1 1.5x, https:\/\/i0.wp.com\/www.grieta.org.mx\/wp-content\/uploads\/2022\/10\/DesaparecidosQroo-e1666432285627.jpg?resize=700%2C400&ssl=1 2x"},"classes":[]},{"id":69534,"url":"https:\/\/www.grieta.org.mx\/index.php\/2024\/08\/30\/marchan-por-desaparecidos-en-cancun-y-chetumal-quintana-roo\/","url_meta":{"origin":68717,"position":1},"title":"Marchan por desaparecidos en Canc\u00fan y Chetumal (Quintana Roo)","author":"grieta","date":"30 agosto, 2024","format":false,"excerpt":"Noticaribe CANC\u00daN, MX.- Madres y otros familiares de personas desaparecidos marcharon hoy en Canc\u00fan y en Chetumal para conmemorar el D\u00eda de la B\u00fasqueda de Personas. En Canc\u00fan, dos colectivos, el \u201d Verdad y Justicia\u201d, as\u00ed como las \u201cMadres Buscadoras\u201d marcharon por separado rumbo al Palacio Municipal. Integrantes de \u201cVerdad,\u2026","rel":"","context":"En &quot;CINTILLO&quot;","block_context":{"text":"CINTILLO","link":"https:\/\/www.grieta.org.mx\/index.php\/category\/cintillo\/"},"img":{"alt_text":"","src":"https:\/\/i0.wp.com\/www.grieta.org.mx\/wp-content\/uploads\/2024\/08\/Marchan-e1725139943721.jpg?resize=350%2C200&ssl=1","width":350,"height":200,"srcset":"https:\/\/i0.wp.com\/www.grieta.org.mx\/wp-content\/uploads\/2024\/08\/Marchan-e1725139943721.jpg?resize=350%2C200&ssl=1 1x, https:\/\/i0.wp.com\/www.grieta.org.mx\/wp-content\/uploads\/2024\/08\/Marchan-e1725139943721.jpg?resize=525%2C300&ssl=1 1.5x, https:\/\/i0.wp.com\/www.grieta.org.mx\/wp-content\/uploads\/2024\/08\/Marchan-e1725139943721.jpg?resize=700%2C400&ssl=1 2x"},"classes":[]},{"id":69769,"url":"https:\/\/www.grieta.org.mx\/index.php\/2024\/09\/18\/colectivos-de-busqueda-en-quintana-roo-denuncian-el-hallazgo-de-un-crematorio-clandestino-cerca-de-cancun\/","url_meta":{"origin":68717,"position":2},"title":"Colectivos de b\u00fasqueda en Quintana Roo denuncian el hallazgo de un crematorio clandestino cerca de Canc\u00fan","author":"grieta","date":"18 septiembre, 2024","format":false,"excerpt":"Almudena Barrag\u00e1n \/ El Pa\u00eds Familiares de desaparecidos en el Estado de Quintana Roo revelaron el hallazgo de un crematorio clandestino a las afueras de Canc\u00fan, el destino tur\u00edstico m\u00e1s importante de M\u00e9xico. Cerca de la carretera M\u00e9rida - Canc\u00fan, escondido en mitad de la selva, integrantes del Colectivo Verdad,\u2026","rel":"","context":"En &quot;CINTILLO&quot;","block_context":{"text":"CINTILLO","link":"https:\/\/www.grieta.org.mx\/index.php\/category\/cintillo\/"},"img":{"alt_text":"","src":"https:\/\/i0.wp.com\/www.grieta.org.mx\/wp-content\/uploads\/2024\/09\/Crematorio-e1727137836127.jpg?resize=350%2C200&ssl=1","width":350,"height":200,"srcset":"https:\/\/i0.wp.com\/www.grieta.org.mx\/wp-content\/uploads\/2024\/09\/Crematorio-e1727137836127.jpg?resize=350%2C200&ssl=1 1x, https:\/\/i0.wp.com\/www.grieta.org.mx\/wp-content\/uploads\/2024\/09\/Crematorio-e1727137836127.jpg?resize=525%2C300&ssl=1 1.5x, https:\/\/i0.wp.com\/www.grieta.org.mx\/wp-content\/uploads\/2024\/09\/Crematorio-e1727137836127.jpg?resize=700%2C400&ssl=1 2x"},"classes":[]},{"id":69523,"url":"https:\/\/www.grieta.org.mx\/index.php\/2024\/08\/30\/denuncia-colectivo-verdad-memoria-y-justicia-alza-de-desaparecidos-en-quintana-roo-piden-a-autoridades-mas-acciones\/","url_meta":{"origin":68717,"position":3},"title":"Denuncia colectivo &#8216;Verdad, Memoria y Justicia&#8217; alza de desaparecidos en Quintana Roo; piden a autoridades m\u00e1s acciones","author":"grieta","date":"30 agosto, 2024","format":false,"excerpt":"Samanta Carrera \/ Noticaribe Canc\u00fan.- El colectivo \u201cVerdad, Memoria y Justicia'\u201d denunci\u00f3 esta tarde, mediante una conferencia de prensa, que ha aumentado de manera exponencial el n\u00famero de personas desaparecidas en Quintana Roo. En la sede de la Fiscal\u00eda General del Estado en Canc\u00fan Romana Rivera, representante de este colectivo,\u2026","rel":"","context":"En &quot;CINTILLO&quot;","block_context":{"text":"CINTILLO","link":"https:\/\/www.grieta.org.mx\/index.php\/category\/cintillo\/"},"img":{"alt_text":"","src":"https:\/\/i0.wp.com\/www.grieta.org.mx\/wp-content\/uploads\/2024\/08\/VerdadYJusticia-e1725137696985.jpg?resize=350%2C200&ssl=1","width":350,"height":200,"srcset":"https:\/\/i0.wp.com\/www.grieta.org.mx\/wp-content\/uploads\/2024\/08\/VerdadYJusticia-e1725137696985.jpg?resize=350%2C200&ssl=1 1x, https:\/\/i0.wp.com\/www.grieta.org.mx\/wp-content\/uploads\/2024\/08\/VerdadYJusticia-e1725137696985.jpg?resize=525%2C300&ssl=1 1.5x, https:\/\/i0.wp.com\/www.grieta.org.mx\/wp-content\/uploads\/2024\/08\/VerdadYJusticia-e1725137696985.jpg?resize=700%2C400&ssl=1 2x"},"classes":[]},{"id":70482,"url":"https:\/\/www.grieta.org.mx\/index.php\/2024\/11\/13\/cancun-no-es-un-paraiso-es-un-infierno-donde-desaparecen-a-nuestros-hijos-e-hijas-llevan-madres-buscadoras-por-quintana-roo-demandas-al-zocalo-de-la-ciudad-de-mexico\/","url_meta":{"origin":68717,"position":4},"title":"&#8220;Canc\u00fan no es un para\u00edso, es un infierno donde desaparecen a nuestros hijos e hijas&#8221; Llevan \u2018Madres Buscadoras por Quintana Roo\u2019 demandas al Z\u00f3calo de la Ciudad de M\u00e9xico","author":"grieta","date":"13 noviembre, 2024","format":false,"excerpt":"CIUDAD DE M\u00c9XICO, MX.- Representantes del colectivo \u201cMadres Buscadoras por Quintana Roo\u201d acudieron este d\u00eda a la Ciudad de M\u00e9xico para participar en las manifestaciones que se realizan por la Convenci\u00f3n Nacional Activista. Los integrantes del colectivo expusieron en el Z\u00f3calo capitalino la situaci\u00f3n que se vive en Quintana Roo\u2026","rel":"","context":"En &quot;acciones por desaparecidos&quot;","block_context":{"text":"acciones por desaparecidos","link":"https:\/\/www.grieta.org.mx\/index.php\/category\/noticias-nacionales\/quintana-roo\/acciones-por-desaparecidos\/"},"img":{"alt_text":"","src":"https:\/\/i0.wp.com\/www.grieta.org.mx\/wp-content\/uploads\/2024\/11\/Infierno-e1731970401834.jpg?resize=350%2C200&ssl=1","width":350,"height":200,"srcset":"https:\/\/i0.wp.com\/www.grieta.org.mx\/wp-content\/uploads\/2024\/11\/Infierno-e1731970401834.jpg?resize=350%2C200&ssl=1 1x, https:\/\/i0.wp.com\/www.grieta.org.mx\/wp-content\/uploads\/2024\/11\/Infierno-e1731970401834.jpg?resize=525%2C300&ssl=1 1.5x, https:\/\/i0.wp.com\/www.grieta.org.mx\/wp-content\/uploads\/2024\/11\/Infierno-e1731970401834.jpg?resize=700%2C400&ssl=1 2x"},"classes":[]},{"id":60744,"url":"https:\/\/www.grieta.org.mx\/index.php\/2021\/07\/24\/familiares-de-desaparecidos-crean-colectivo-de-busqueda-de-personas-en-quintana-roo\/","url_meta":{"origin":68717,"position":5},"title":"Familiares de desaparecidos crean colectivo de b\u00fasqueda de personas en Quintana Roo","author":"grieta","date":"24 julio, 2021","format":false,"excerpt":"Carlos Hern\u00e1ndez \/ PorEsto! Ayer se conform\u00f3 el Colectivo de B\u00fasqueda de Personas Desaparecidas en Quintana Roo, \u201cVerdad, memoria y justicia\u201d, que ante la omisi\u00f3n de la Fiscal\u00eda General del Estado, buscar\u00e1 ante los entes federales exigir que se agilicen las carpetas de investigaci\u00f3n que est\u00e1n estancadas. \u201cEste colectivo est\u00e1\u2026","rel":"","context":"En &quot;CINTILLO&quot;","block_context":{"text":"CINTILLO","link":"https:\/\/www.grieta.org.mx\/index.php\/category\/cintillo\/"},"img":{"alt_text":"","src":"https:\/\/i0.wp.com\/www.grieta.org.mx\/wp-content\/uploads\/2021\/07\/DesaparecidosQRoo.jpg?resize=350%2C200&ssl=1","width":350,"height":200,"srcset":"https:\/\/i0.wp.com\/www.grieta.org.mx\/wp-content\/uploads\/2021\/07\/DesaparecidosQRoo.jpg?resize=350%2C200&ssl=1 1x, https:\/\/i0.wp.com\/www.grieta.org.mx\/wp-content\/uploads\/2021\/07\/DesaparecidosQRoo.jpg?resize=525%2C300&ssl=1 1.5x, https:\/\/i0.wp.com\/www.grieta.org.mx\/wp-content\/uploads\/2021\/07\/DesaparecidosQRoo.jpg?resize=700%2C400&ssl=1 2x"},"classes":[]}],"_links":{"self":[{"href":"https:\/\/www.grieta.org.mx\/index.php\/wp-json\/wp\/v2\/posts\/68717","targetHints":{"allow":["GET"]}}],"collection":[{"href":"https:\/\/www.grieta.org.mx\/index.php\/wp-json\/wp\/v2\/posts"}],"about":[{"href":"https:\/\/www.grieta.org.mx\/index.php\/wp-json\/wp\/v2\/types\/post"}],"author":[{"embeddable":true,"href":"https:\/\/www.grieta.org.mx\/index.php\/wp-json\/wp\/v2\/users\/2"}],"replies":[{"embeddable":true,"href":"https:\/\/www.grieta.org.mx\/index.php\/wp-json\/wp\/v2\/comments?post=68717"}],"version-history":[{"count":1,"href":"https:\/\/www.grieta.org.mx\/index.php\/wp-json\/wp\/v2\/posts\/68717\/revisions"}],"predecessor-version":[{"id":68719,"href":"https:\/\/www.grieta.org.mx\/index.php\/wp-json\/wp\/v2\/posts\/68717\/revisions\/68719"}],"wp:featuredmedia":[{"embeddable":true,"href":"https:\/\/www.grieta.org.mx\/index.php\/wp-json\/wp\/v2\/media\/68718"}],"wp:attachment":[{"href":"https:\/\/www.grieta.org.mx\/index.php\/wp-json\/wp\/v2\/media?parent=68717"}],"wp:term":[{"taxonomy":"category","embeddable":true,"href":"https:\/\/www.grieta.org.mx\/index.php\/wp-json\/wp\/v2\/categories?post=68717"},{"taxonomy":"post_tag","embeddable":true,"href":"https:\/\/www.grieta.org.mx\/index.php\/wp-json\/wp\/v2\/tags?post=68717"}],"curies":[{"name":"wp","href":"https:\/\/api.w.org\/{rel}","templated":true}]}}