{"id":68703,"date":"2024-03-08T14:36:48","date_gmt":"2024-03-08T20:36:48","guid":{"rendered":"https:\/\/www.grieta.org.mx\/?p=68703"},"modified":"2024-03-29T15:04:05","modified_gmt":"2024-03-29T21:04:05","slug":"comunidad-muxe-de-oaxaca-exige-justicia-por-transfeminicidio-de-alize","status":"publish","type":"post","link":"https:\/\/www.grieta.org.mx\/index.php\/2024\/03\/08\/comunidad-muxe-de-oaxaca-exige-justicia-por-transfeminicidio-de-alize\/","title":{"rendered":"Comunidad muxe de Oaxaca exige justicia por transfeminicidio de Alize"},"content":{"rendered":"<p>Imagen: Tomada de la Internet<\/p>\n<p>Diana Manzo \/ Itsmo Press<\/p>\n<p class=\"p1\">#Tehuantepec 8 Mar (#Istmopress) \u2013\u00a0.- En el marco del D\u00eda Internacional de la Mujer, la comunidad muxe del Istmo de Tehuantepec exige justicia por el transfeminicidio ocurrido en<span class=\"Apple-converted-space\">\u00a0\u00a0<\/span>contra una de sus hermanas.<\/p>\n<p class=\"p1\">Alize D\u00edaz fue hallada sin vida en un bar, donde trabajaba como mesera, en Tapachula, Chiapas.<\/p>\n<p class=\"p1\">De acuerdo con testimonios de sus amigas, ayer el cuerpo de Alize fue encontrado sin vida, torturado.<\/p>\n<p class=\"p1\">Adem\u00e1s, le quitaron la blusa para pon\u00e9rsela en el cuello y asfixiarla, para finalmente ultimarla con dos disparos de arma de fuego.<\/p>\n<h5 class=\"p1\">Sus amigas exigieron<span class=\"Apple-converted-space\">\u00a0\u00a0<\/span>justicia y castigo para quienes sean responsables de este crimen de odio.<\/h5>\n<p class=\"p1\">Tambi\u00e9n solicitaron urgentemente una investigaci\u00f3n exhaustiva a la Fiscal\u00eda del Estado Chiapas por el transfeminicidio de su compa\u00f1era, pues lo \u00fanico que hac\u00eda era trabajar dignamente.<\/p>\n<p class=\"p1\">Alize D\u00edaz era originaria del municipio de Santo Domingo Tehuantepec, Oaxaca, y emigr\u00f3 al estado de Chiapas para mejorar sus condiciones de vida, y seguir luchando por el respeto a su preferencia sexual.<\/p>\n<p class=\"p1\">Joseline Sosa, activista y defensora de los derechos de la comunidad muxe y trans en Tehuantepec, conden\u00f3 este crimen de odio y dijo que suman 21 transfeminicidios a nivel nacional.<\/p>\n<p>\u201cAlize ten\u00eda el camino por delante, era muy amable, sonriente y trabajadora; ahora la mataron y eso es injusto, exigimos justicia, y que estos cr\u00edmenes de odio por nuestra preferencia sexual se castiguen y se detengan\u201d, enfatiz\u00f3.<\/p>\n<p class=\"p1\">Alex Orozco, actriz muxe y amiga de Alize, lament\u00f3 su crimen y exigi\u00f3 a las instancias de justicia aclarar que fue lo que le pas\u00f3 a su amiga.<\/p>\n<h5 class=\"p1\">En sus redes sociales coment\u00f3: \u201cExigimos a la fiscal\u00eda de Tapachula saber qu\u00e9 pas\u00f3 con el asesinato de Alize Diaz y dejen de cubrir como la mataron \u00bfCu\u00e1ntas m\u00e1s?\u201d.<\/h5>\n<p class=\"p1\">Por su parte, Sof\u00eda Guandulain, reci\u00e9n nombrada por segunda vez comisionada en Oaxaca de la diversidad sexual por la Comisi\u00f3n Iberoamericana de Derechos Humanos enfatiz\u00f3 que no es posible que los cr\u00edmenes de odio contin\u00faen y no se act\u00fae para detenerlos.<\/p>\n<p class=\"p1\">Sofia dijo que es una responsabilidad muy grande su nombramiento pues cada vez hay m\u00e1s discriminaci\u00f3n y odio contra las personas de la diversidad sexual.<\/p>\n<p class=\"p1\">\u201cM\u00e1s de un mill\u00f3n de personas se han declarado ser de la diversidad sexual, pero eso no nos preocupa.<\/p>\n<p class=\"p1\">Lo que nos ocupa es que hay todav\u00eda racismo, discriminaci\u00f3n y violencia por ejercer una libre sexualidad, y eso es lo que nos adolece porque vemos que los cr\u00edmenes de odio est\u00e1n aumentando\u201d, recalc\u00f3.<\/p>\n<p class=\"p1\">El cuerpo de Alize ser\u00e1 velado en Tehuantepec y se espera que este 8 de marzo sea sepultada en su natal Tehuantepec, Oaxaca.<\/p>\n<p><a href=\"https:\/\/www.istmopress.com.mx\/oaxaca\/comunidad-muxe-de-oaxaca-exige-justicia-por-transfeminicidio-de-alize\/\">https:\/\/www.istmopress.com.mx\/oaxaca\/comunidad-muxe-de-oaxaca-exige-justicia-por-transfeminicidio-de-alize\/<\/a><\/p>\n","protected":false},"excerpt":{"rendered":"<p>Imagen: Tomada de la Internet Diana Manzo \/ Itsmo Press #Tehuantepec 8 Mar (#Istmopress) \u2013\u00a0.- En el marco del D\u00eda Internacional de la Mujer, la comunidad muxe del Istmo de &hellip; <a href=\"https:\/\/www.grieta.org.mx\/index.php\/2024\/03\/08\/comunidad-muxe-de-oaxaca-exige-justicia-por-transfeminicidio-de-alize\/\" class=\"more-link\">Leer m\u00e1s<\/a><\/p>\n","protected":false},"author":2,"featured_media":68704,"comment_status":"closed","ping_status":"closed","sticky":false,"template":"","format":"standard","meta":{"ngg_post_thumbnail":0,"_jetpack_newsletter_access":"","_jetpack_dont_email_post_to_subs":false,"_jetpack_newsletter_tier_id":0,"_jetpack_memberships_contains_paywalled_content":false,"_jetpack_memberships_contains_paid_content":false,"footnotes":""},"categories":[80,84,2,25,83,1615],"tags":[4095,3370,1568,3578,1226],"class_list":["post-68703","post","type-post","status-publish","format-standard","has-post-thumbnail","hentry","category-cintillo","category-feminicidios","category-noticias-nacionales","category-oaxaca","category-temas-nacionales","category-violencia-contra-la-comunidad-lgbttti-en-oaxaca","tag-asesinatos-mujeres-trans","tag-comunidad-trans","tag-transfeminicidio","tag-transfeminicidios","tag-violencia-contra-la-comunidad-lgbttti","entry"],"jetpack_featured_media_url":"https:\/\/www.grieta.org.mx\/wp-content\/uploads\/2024\/03\/1709917124902-800x445-1.jpg","jetpack_sharing_enabled":true,"jetpack_shortlink":"https:\/\/wp.me\/p7ZJR4-hS7","jetpack_likes_enabled":false,"jetpack-related-posts":[{"id":55593,"url":"https:\/\/www.grieta.org.mx\/index.php\/2020\/12\/04\/comunidad-muxe-del-istmo-exige-justicia-por-transfeminicidio-de-giovanna-y-shyrley-oaxaca\/","url_meta":{"origin":68703,"position":0},"title":"Comunidad Muxe del Istmo exige justicia por transfeminicidio de Giovanna y Shyrley (Oaxaca)","author":"grieta","date":"4 diciembre, 2020","format":false,"excerpt":"Noticias \/ Gerardo Valdivieso Parada. JUCHIT\u00c1N, Oaxaca.- Varias muxe's trans de esta ciudad lamentaron el asesinato de su compa\u00f1era trans Giovana \u00c1ngulo Ramos, originaria de Santiago Etla -en la regi\u00f3n de Valles Centrales-, quien fue encontrada al fondo de un barranco el pasado 30 de noviembre v\u00edctima de un crimen\u2026","rel":"","context":"En &quot;CINTILLO&quot;","block_context":{"text":"CINTILLO","link":"https:\/\/www.grieta.org.mx\/index.php\/category\/cintillo\/"},"img":{"alt_text":"","src":"https:\/\/i0.wp.com\/www.grieta.org.mx\/wp-content\/uploads\/2020\/12\/1.jpg?resize=350%2C200&ssl=1","width":350,"height":200,"srcset":"https:\/\/i0.wp.com\/www.grieta.org.mx\/wp-content\/uploads\/2020\/12\/1.jpg?resize=350%2C200&ssl=1 1x, https:\/\/i0.wp.com\/www.grieta.org.mx\/wp-content\/uploads\/2020\/12\/1.jpg?resize=525%2C300&ssl=1 1.5x, https:\/\/i0.wp.com\/www.grieta.org.mx\/wp-content\/uploads\/2020\/12\/1.jpg?resize=700%2C400&ssl=1 2x, https:\/\/i0.wp.com\/www.grieta.org.mx\/wp-content\/uploads\/2020\/12\/1.jpg?resize=1050%2C600&ssl=1 3x"},"classes":[]},{"id":70017,"url":"https:\/\/www.grieta.org.mx\/index.php\/2024\/10\/02\/exigen-justicia-por-asesinato-de-mayte-lopez-mujer-trans-e-integrante-de-la-comunidad-muxe-en-juchitan-oaxaca\/","url_meta":{"origin":68703,"position":1},"title":"Exigen justicia por asesinato de Mayte L\u00f3pez, mujer trans e integrante de la comunidad muxe, en Juchit\u00e1n, Oaxaca","author":"grieta","date":"2 octubre, 2024","format":false,"excerpt":"Imagen: Francisco Ramos \/\u00a0 La cadera de Eva Integrantes de las comunidades LGBTIQ+ exigieron justicia por el asesinato de Mayte L\u00f3pez, el cual se\u00f1alaron que forma parte de una ola de violencia que ha afectado a la comunidad muxe y de la diversidad sexual en Oaxaca y el pa\u00eds. Redacci\u00f3n\u2026","rel":"","context":"En &quot;CINTILLO&quot;","block_context":{"text":"CINTILLO","link":"https:\/\/www.grieta.org.mx\/index.php\/category\/cintillo\/"},"img":{"alt_text":"","src":"https:\/\/i0.wp.com\/www.grieta.org.mx\/wp-content\/uploads\/2024\/10\/mayte-lopez-la-cadera-de-eva-focus-0-0-1260-1050.jpg?resize=350%2C200&ssl=1","width":350,"height":200,"srcset":"https:\/\/i0.wp.com\/www.grieta.org.mx\/wp-content\/uploads\/2024\/10\/mayte-lopez-la-cadera-de-eva-focus-0-0-1260-1050.jpg?resize=350%2C200&ssl=1 1x, https:\/\/i0.wp.com\/www.grieta.org.mx\/wp-content\/uploads\/2024\/10\/mayte-lopez-la-cadera-de-eva-focus-0-0-1260-1050.jpg?resize=525%2C300&ssl=1 1.5x, https:\/\/i0.wp.com\/www.grieta.org.mx\/wp-content\/uploads\/2024\/10\/mayte-lopez-la-cadera-de-eva-focus-0-0-1260-1050.jpg?resize=700%2C400&ssl=1 2x, https:\/\/i0.wp.com\/www.grieta.org.mx\/wp-content\/uploads\/2024\/10\/mayte-lopez-la-cadera-de-eva-focus-0-0-1260-1050.jpg?resize=1050%2C600&ssl=1 3x"},"classes":[]},{"id":66005,"url":"https:\/\/www.grieta.org.mx\/index.php\/2022\/12\/27\/documentan-25-crimenes-de-odio-en-la-region-del-istmo-de-tehuantepec-oaxaca\/","url_meta":{"origin":68703,"position":2},"title":"Documentan 25 cr\u00edmenes de odio en la regi\u00f3n del Istmo de Tehuantepec (Oaxaca)","author":"grieta","date":"27 diciembre, 2022","format":false,"excerpt":"Imagen: Cortes\u00eda Gerardo Valdivieso Parada \/NVINoticias En este a\u00f1o se present\u00f3 el informe \u201cDocumentaci\u00f3n de casos de violencia y cr\u00edmenes contra personas muxhe (sic) y trans en el Istmo de Tehuantepec en el Istmo de Tehuantepec\u201d, a cargo un grupo de lideresas muxe' que trabajan en el proyecto \u201cTransform\u00e1ndome\u201d de\u2026","rel":"","context":"En &quot;CINTILLO&quot;","block_context":{"text":"CINTILLO","link":"https:\/\/www.grieta.org.mx\/index.php\/category\/cintillo\/"},"img":{"alt_text":"","src":"https:\/\/i0.wp.com\/www.grieta.org.mx\/wp-content\/uploads\/2022\/12\/marcha_cazorla.webp?resize=350%2C200&ssl=1","width":350,"height":200,"srcset":"https:\/\/i0.wp.com\/www.grieta.org.mx\/wp-content\/uploads\/2022\/12\/marcha_cazorla.webp?resize=350%2C200&ssl=1 1x, https:\/\/i0.wp.com\/www.grieta.org.mx\/wp-content\/uploads\/2022\/12\/marcha_cazorla.webp?resize=525%2C300&ssl=1 1.5x, https:\/\/i0.wp.com\/www.grieta.org.mx\/wp-content\/uploads\/2022\/12\/marcha_cazorla.webp?resize=700%2C400&ssl=1 2x"},"classes":[]},{"id":65748,"url":"https:\/\/www.grieta.org.mx\/index.php\/2022\/11\/18\/intrepidas-buscadoras-del-peligro-exigen-seguridad-ante-agresiones-y-justicia-por-crimenes-de-odio-contra-comunidad-muxe\/","url_meta":{"origin":68703,"position":3},"title":"Intr\u00e9pidas buscadoras del peligro exigen seguridad ante agresiones y justicia por cr\u00edmenes de odio contra comunidad muxe","author":"grieta","date":"18 noviembre, 2022","format":false,"excerpt":"Imagen: Diana Manzo En el marco de la 47 edici\u00f3n de la tradicional vela de las intr\u00e9pidas, las muxes zapotecas recalcaron la importancia de que se contin\u00fae garantizando la integridad y seguridad de su comunidad. Diana Manzo \/ Pie de P\u00e1gina JUCHIT\u00c1N, 17 Nov. \u2013 Las integrantes del colectivo muxe\u2026","rel":"","context":"En &quot;CINTILLO&quot;","block_context":{"text":"CINTILLO","link":"https:\/\/www.grieta.org.mx\/index.php\/category\/cintillo\/"},"img":{"alt_text":"","src":"https:\/\/i0.wp.com\/www.grieta.org.mx\/wp-content\/uploads\/2022\/11\/Muxes_Diana_Manzo.jpeg?resize=350%2C200&ssl=1","width":350,"height":200,"srcset":"https:\/\/i0.wp.com\/www.grieta.org.mx\/wp-content\/uploads\/2022\/11\/Muxes_Diana_Manzo.jpeg?resize=350%2C200&ssl=1 1x, https:\/\/i0.wp.com\/www.grieta.org.mx\/wp-content\/uploads\/2022\/11\/Muxes_Diana_Manzo.jpeg?resize=525%2C300&ssl=1 1.5x, https:\/\/i0.wp.com\/www.grieta.org.mx\/wp-content\/uploads\/2022\/11\/Muxes_Diana_Manzo.jpeg?resize=700%2C400&ssl=1 2x"},"classes":[]},{"id":58913,"url":"https:\/\/www.grieta.org.mx\/index.php\/2021\/04\/20\/paola-buenrostro-a-casi-5-anos-de-su-transfeminicidio-activistas-exigen-justicia-ciudad-de-mexico\/","url_meta":{"origin":68703,"position":4},"title":"Paola Buenrostro: A casi 5 a\u00f1os de su transfeminicidio, activistas exigen justicia (Ciudad de M\u00e9xico)","author":"grieta","date":"20 abril, 2021","format":false,"excerpt":"Yazm\u00edn Navarro \/ SDPNoticias Foto: Mujeres trans marchando \/\u00a0Agencia Presentes Paola Buenrostro fue asesinada en 2016; ninguno de los puntos para investigar el crimen como\u00a0transfeminicidio ha sido acatado M\u00e9xico.- Mujeres transg\u00e9nero pidieron justicia por eltransfeminicidio de Paola Buenrostro, perpetrado el 29 de septiembre de 2016, en la esquina de Puente\u2026","rel":"","context":"En &quot;CINTILLO&quot;","block_context":{"text":"CINTILLO","link":"https:\/\/www.grieta.org.mx\/index.php\/category\/cintillo\/"},"img":{"alt_text":"","src":"https:\/\/i0.wp.com\/www.grieta.org.mx\/wp-content\/uploads\/2021\/04\/Paola-Buenrostro-A-casi-5-anos-de-su-transfeminicidio-activistas-exigen-justicia-cdmx-abr.jpeg?resize=350%2C200&ssl=1","width":350,"height":200,"srcset":"https:\/\/i0.wp.com\/www.grieta.org.mx\/wp-content\/uploads\/2021\/04\/Paola-Buenrostro-A-casi-5-anos-de-su-transfeminicidio-activistas-exigen-justicia-cdmx-abr.jpeg?resize=350%2C200&ssl=1 1x, https:\/\/i0.wp.com\/www.grieta.org.mx\/wp-content\/uploads\/2021\/04\/Paola-Buenrostro-A-casi-5-anos-de-su-transfeminicidio-activistas-exigen-justicia-cdmx-abr.jpeg?resize=525%2C300&ssl=1 1.5x, https:\/\/i0.wp.com\/www.grieta.org.mx\/wp-content\/uploads\/2021\/04\/Paola-Buenrostro-A-casi-5-anos-de-su-transfeminicidio-activistas-exigen-justicia-cdmx-abr.jpeg?resize=700%2C400&ssl=1 2x"},"classes":[]},{"id":72300,"url":"https:\/\/www.grieta.org.mx\/index.php\/2025\/08\/18\/transfeminicidio-en-tepatitlan-joselinne-paez-muere-tras-brutal-ataque-activistas-exigen-justicia-jalisco\/","url_meta":{"origin":68703,"position":5},"title":"Transfeminicidio en Tepatitl\u00e1n: Joselinne P\u00e1ez muere tras brutal ataque, activistas exigen justicia (Jalisco)","author":"grieta","date":"18 agosto, 2025","format":false,"excerpt":"Imagen: Zona Docs Redacci\u00f3n \/ Zona Docs La agresi\u00f3n que sufri\u00f3 Joselinne P\u00e1ez deriv\u00f3 en lesiones graves que la llevaron a cuidados cr\u00edticos,\u00a0donde finalmente perdi\u00f3 la vida este 18 de agosto de 2025, esto a pesar de recibir atenci\u00f3n m\u00e9dica. Su muerte se suma a una ola de violencia contra\u2026","rel":"","context":"En &quot;CINTILLO&quot;","block_context":{"text":"CINTILLO","link":"https:\/\/www.grieta.org.mx\/index.php\/category\/cintillo\/"},"img":{"alt_text":"","src":"https:\/\/i0.wp.com\/www.grieta.org.mx\/wp-content\/uploads\/2025\/09\/2458bfcd-bd60-4316-a804-4e0144cbce58.jpeg?resize=350%2C200&ssl=1","width":350,"height":200,"srcset":"https:\/\/i0.wp.com\/www.grieta.org.mx\/wp-content\/uploads\/2025\/09\/2458bfcd-bd60-4316-a804-4e0144cbce58.jpeg?resize=350%2C200&ssl=1 1x, https:\/\/i0.wp.com\/www.grieta.org.mx\/wp-content\/uploads\/2025\/09\/2458bfcd-bd60-4316-a804-4e0144cbce58.jpeg?resize=525%2C300&ssl=1 1.5x, https:\/\/i0.wp.com\/www.grieta.org.mx\/wp-content\/uploads\/2025\/09\/2458bfcd-bd60-4316-a804-4e0144cbce58.jpeg?resize=700%2C400&ssl=1 2x"},"classes":[]}],"_links":{"self":[{"href":"https:\/\/www.grieta.org.mx\/index.php\/wp-json\/wp\/v2\/posts\/68703","targetHints":{"allow":["GET"]}}],"collection":[{"href":"https:\/\/www.grieta.org.mx\/index.php\/wp-json\/wp\/v2\/posts"}],"about":[{"href":"https:\/\/www.grieta.org.mx\/index.php\/wp-json\/wp\/v2\/types\/post"}],"author":[{"embeddable":true,"href":"https:\/\/www.grieta.org.mx\/index.php\/wp-json\/wp\/v2\/users\/2"}],"replies":[{"embeddable":true,"href":"https:\/\/www.grieta.org.mx\/index.php\/wp-json\/wp\/v2\/comments?post=68703"}],"version-history":[{"count":1,"href":"https:\/\/www.grieta.org.mx\/index.php\/wp-json\/wp\/v2\/posts\/68703\/revisions"}],"predecessor-version":[{"id":68705,"href":"https:\/\/www.grieta.org.mx\/index.php\/wp-json\/wp\/v2\/posts\/68703\/revisions\/68705"}],"wp:featuredmedia":[{"embeddable":true,"href":"https:\/\/www.grieta.org.mx\/index.php\/wp-json\/wp\/v2\/media\/68704"}],"wp:attachment":[{"href":"https:\/\/www.grieta.org.mx\/index.php\/wp-json\/wp\/v2\/media?parent=68703"}],"wp:term":[{"taxonomy":"category","embeddable":true,"href":"https:\/\/www.grieta.org.mx\/index.php\/wp-json\/wp\/v2\/categories?post=68703"},{"taxonomy":"post_tag","embeddable":true,"href":"https:\/\/www.grieta.org.mx\/index.php\/wp-json\/wp\/v2\/tags?post=68703"}],"curies":[{"name":"wp","href":"https:\/\/api.w.org\/{rel}","templated":true}]}}