{"id":68696,"date":"2024-03-24T14:04:45","date_gmt":"2024-03-24T20:04:45","guid":{"rendered":"https:\/\/www.grieta.org.mx\/?p=68696"},"modified":"2024-03-29T14:20:52","modified_gmt":"2024-03-29T20:20:52","slug":"interponen-amparo-por-danos-ecologicos-del-interoceanico-denuncian-danos-a-humedales-especies-endemicas-y-aguajes-oaxaca","status":"publish","type":"post","link":"https:\/\/www.grieta.org.mx\/index.php\/2024\/03\/24\/interponen-amparo-por-danos-ecologicos-del-interoceanico-denuncian-danos-a-humedales-especies-endemicas-y-aguajes-oaxaca\/","title":{"rendered":"Interponen amparo por da\u00f1os ecol\u00f3gicos del Interoce\u00e1nico; denuncian da\u00f1os a humedales, especies end\u00e9micas y aguajes (Oaxaca)"},"content":{"rendered":"<p>Imagen: P\u00e1gina 3<\/p>\n<p>Diana Manzo \/ P\u00e1gina 3<\/p>\n<p>Juchit\u00e1n, Oax.- La comunidad agraria de Uni\u00f3n Hidalgo y de Chicapa de Castro, ambas aleda\u00f1as a Juchit\u00e1n, Oaxaca, interpusieron un amparo ante el juez del s\u00e9ptimo distrito.<\/p>\n<p>Es para denunciar da\u00f1os ambientales y territoriales ocasionados por la magna obra de rehabilitaci\u00f3n de\u00a0<a href=\"https:\/\/pagina3.mx\/2024\/01\/han-derribado-7-mil-100-arboles-en-union-hidalgo-por-el-interoceanico\/\" target=\"_blank\" rel=\"noopener\">la l\u00ednea K,<\/a>\u00a0del Corredor Interoce\u00e1nico del Istmo de Tehuantepec (CIIT) a cargo de la Secretar\u00eda de Marina (Semar) y la empresa Grupo Ferrocarrilero del Sureste (Ferrosur).<\/p>\n<p>En conferencia de prensa, el activista e hijo de comunero, Carlos Manzo, inform\u00f3 que dicho amparo fue presentado el 13 de marzo, y ser\u00e1 en un plazo de dos semanas cuando habr\u00e1 respuesta de las denuncias.<\/p>\n<p>El juicio de amparo registrado con el n\u00famero 126\/2024- IV-B se\u00f1ala la suspensi\u00f3n de plano y oficio.<\/p>\n<p>Ello significar\u00eda que las autoridades responsables deben dejar de ejecutar actos que tengan por objeto privarla total o parcialmente de las comunidades agrarias zapotecas de Juchit\u00e1n, Uni\u00f3n Hidalgo y Chicapa de Castro.<\/p>\n<p>\u201cLa afectaci\u00f3n es mucha en aproximadamente 20 mil hect\u00e1reas, donde hay mangles, arroyos, humedales y m\u00e1s de 12 especies end\u00e9micas, adem\u00e1s est\u00e1n por secarse 15 aguajes que conectaban al sur con el norte y donde viv\u00edan decenas de aves, en su mayor\u00eda migratorias\u201d, denunci\u00f3.<\/p>\n<p>Dijo que la planeaci\u00f3n, construcci\u00f3n, rehabilitaci\u00f3n y operaci\u00f3n de la l\u00ednea K del interoce\u00e1nico afecta las tierras de uso com\u00fan; pero eso no es todo, lo m\u00e1s lamentable es que no hubo consulta ind\u00edgena; es decir, las comunidades no avalaron dicha obra.<\/p>\n<p>El activista se\u00f1al\u00f3 que la Semar justifica que los \u00e1rboles derribados se ubicaban en el derecho de v\u00eda, que son de 15 metros.<\/p>\n<p>Sin embargo, eso no les justifica los casi 15 mil \u00e1rboles derribados, y lo peor con especies end\u00e9micas protegidas bajo la Norma 059 de la Semarnat.<\/p>\n<p>Carlos Manzo refiri\u00f3 que ampararse es una de las formas de protestar ante este proyecto, al que llam\u00f3 \u201cun monstruo\u201d, pues para su rehabilitaci\u00f3n contempla maquinaria pesada, cientos de camiones con piedra extra\u00edda del estero y un da\u00f1o ecol\u00f3gico amplio.<\/p>\n<p>\u201cSe ten\u00eda que denunciar, no podemos dejar pasar estos cambios que est\u00e1 sufriendo nuestro territorio, nuevamente decimos que se quieren adue\u00f1ar del Istmo, que empresas extranjeras vinculadas con el gobierno federal quieren arrebatarnos nuestra tierra que es colectiva, que es de uso com\u00fan\u201d, enfatiz\u00f3.<\/p>\n<p>Por \u00faltimo, dijo que esperan que la resoluci\u00f3n emitida sea favorable, que se logre realmente detener las afectaciones, o m\u00ednimamente repararlas.<\/p>\n<p><a href=\"https:\/\/pagina3.mx\/2024\/03\/interponen-amparo-por-danos-ecologicos-del-interoceanico-denuncian-danos-a-humedales-especies-endemicas-y-aguajes\/\">https:\/\/pagina3.mx\/2024\/03\/interponen-amparo-por-danos-ecologicos-del-interoceanico-denuncian-danos-a-humedales-especies-endemicas-y-aguajes\/<\/a><\/p>\n","protected":false},"excerpt":{"rendered":"<p>Imagen: P\u00e1gina 3 Diana Manzo \/ P\u00e1gina 3 Juchit\u00e1n, Oax.- La comunidad agraria de Uni\u00f3n Hidalgo y de Chicapa de Castro, ambas aleda\u00f1as a Juchit\u00e1n, Oaxaca, interpusieron un amparo ante &hellip; <a href=\"https:\/\/www.grieta.org.mx\/index.php\/2024\/03\/24\/interponen-amparo-por-danos-ecologicos-del-interoceanico-denuncian-danos-a-humedales-especies-endemicas-y-aguajes-oaxaca\/\" class=\"more-link\">Leer m\u00e1s<\/a><\/p>\n","protected":false},"author":2,"featured_media":68697,"comment_status":"closed","ping_status":"closed","sticky":false,"template":"","format":"standard","meta":{"ngg_post_thumbnail":0,"_jetpack_newsletter_access":"","_jetpack_dont_email_post_to_subs":false,"_jetpack_newsletter_tier_id":0,"_jetpack_memberships_contains_paywalled_content":false,"_jetpack_memberships_contains_paid_content":false,"footnotes":""},"categories":[49,80,1358,1708,1948,1605,1278,973,1,954,3,922,941,2,25,83],"tags":[3614,1689,4172,628,2562,4136,3703,96,2528],"class_list":["post-68696","post","type-post","status-publish","format-standard","has-post-thumbnail","hentry","category-5-istmo","category-cintillo","category-conflictos-por-megaproyectos-en-oaxaca","category-corredor-del-istmo-de-tehuantepec","category-corredor-transistmico","category-despojo-de-tierras-en-oaxaca","category-despojo-de-tierras-y-territorios","category-esp-oaxaca","category-espejos-de-la-resistencia","category-espejos-estados","category-megaproyectos","category-megaproyectos-estados","category-mp-oaxaca","category-noticias-nacionales","category-oaxaca","category-temas-nacionales","tag-corredor-interoceanico","tag-danos-ambientales","tag-defensa-de-la-tierra-y-el-territorio","tag-defensa-del-territorio","tag-destruccion-ambiental","tag-espejo-5","tag-lucha-contra-megapoyectos","tag-megaproyectos","tag-resistencia-contra-megaproyectos","entry"],"jetpack_featured_media_url":"https:\/\/www.grieta.org.mx\/wp-content\/uploads\/2024\/03\/IMG_7837.webp","jetpack_sharing_enabled":true,"jetpack_shortlink":"https:\/\/wp.me\/p7ZJR4-hS0","jetpack_likes_enabled":false,"jetpack-related-posts":[{"id":69275,"url":"https:\/\/www.grieta.org.mx\/index.php\/2024\/06\/17\/despoja-marina-cerro-a-juchitan-oaxaca-para-beneficiar-obra-de-linea-k-del-interoceanico\/","url_meta":{"origin":68696,"position":0},"title":"Despoja Marina cerro a Juchit\u00e1n, Oaxaca para beneficiar obra de L\u00ednea K del Interoce\u00e1nico","author":"grieta","date":"17 junio, 2024","format":false,"excerpt":"Imagen: Edgar Mar\u00edn Diana Manzo \/ Agencia de Noticias IstmoPress #Juchit\u00e1n 17 Jun (#Istmopress) \u2013 Sin importar que exista un amparo federal que ordena la no extracci\u00f3n de roca del cerro del Estero Gui\u00e9 \u2013 hogar de aves y donde existe una amplia biodiversidad- en el municipio de Juchit\u00e1n, Oaxaca,\u2026","rel":"","context":"En &quot;5. Istmo&quot;","block_context":{"text":"5. Istmo","link":"https:\/\/www.grieta.org.mx\/index.php\/category\/espejos-de-la-resistencia\/5-istmo\/"},"img":{"alt_text":"","src":"https:\/\/i0.wp.com\/www.grieta.org.mx\/wp-content\/uploads\/2024\/07\/1718682209188-800x445-1.jpg?resize=350%2C200&ssl=1","width":350,"height":200,"srcset":"https:\/\/i0.wp.com\/www.grieta.org.mx\/wp-content\/uploads\/2024\/07\/1718682209188-800x445-1.jpg?resize=350%2C200&ssl=1 1x, https:\/\/i0.wp.com\/www.grieta.org.mx\/wp-content\/uploads\/2024\/07\/1718682209188-800x445-1.jpg?resize=525%2C300&ssl=1 1.5x, https:\/\/i0.wp.com\/www.grieta.org.mx\/wp-content\/uploads\/2024\/07\/1718682209188-800x445-1.jpg?resize=700%2C400&ssl=1 2x"},"classes":[]},{"id":65997,"url":"https:\/\/www.grieta.org.mx\/index.php\/2022\/12\/14\/ven-en-el-interoceanico-proyecto-de-saqueo-y-despojo-apiidtt-15-anos-de-lucha-y-resistencia-por-la-vida-oaxaca\/","url_meta":{"origin":68696,"position":1},"title":"Ven en el Interoce\u00e1nico proyecto de saqueo y despojo, APIIDTT 15 a\u00f1os de lucha y resistencia por la vida (Oaxaca)","author":"grieta","date":"14 diciembre, 2022","format":false,"excerpt":"Imagen: Cortes\u00eda Gerardo Valdivieso Parada \/ NVINoticias SAN BLAS ATEMPA, Oaxaca.- Integrantes de la Asamblea de los Pueblos Ind\u00edgenas del Istmo en Defensa de la Tierra y el Territorio (APIIDTT) conmemoraron 15 a\u00f1os \u201cen este caminar de lucha y resistencia por la defensa de la vida, tierra y territorio\u201d. En\u2026","rel":"","context":"En &quot;5. Istmo&quot;","block_context":{"text":"5. Istmo","link":"https:\/\/www.grieta.org.mx\/index.php\/category\/espejos-de-la-resistencia\/5-istmo\/"},"img":{"alt_text":"","src":"https:\/\/i0.wp.com\/www.grieta.org.mx\/wp-content\/uploads\/2022\/12\/proyecto_interoceanico.webp?resize=350%2C200&ssl=1","width":350,"height":200,"srcset":"https:\/\/i0.wp.com\/www.grieta.org.mx\/wp-content\/uploads\/2022\/12\/proyecto_interoceanico.webp?resize=350%2C200&ssl=1 1x, https:\/\/i0.wp.com\/www.grieta.org.mx\/wp-content\/uploads\/2022\/12\/proyecto_interoceanico.webp?resize=525%2C300&ssl=1 1.5x, https:\/\/i0.wp.com\/www.grieta.org.mx\/wp-content\/uploads\/2022\/12\/proyecto_interoceanico.webp?resize=700%2C400&ssl=1 2x"},"classes":[]},{"id":67028,"url":"https:\/\/www.grieta.org.mx\/index.php\/2023\/06\/15\/comunidad-indigena-binniza-de-puente-madera-detiene-polo-de-desarrollo-del-corredor-interoceanico-del-istmo-de-tehuantepec\/","url_meta":{"origin":68696,"position":2},"title":"Comunidad ind\u00edgena Binniza de Puente Madera detiene Polo de Desarrollo del Corredor Interoce\u00e1nico del Istmo de Tehuantepec (Oaxaca)","author":"grieta","date":"15 junio, 2023","format":false,"excerpt":"Imagen: P\u00e1gina 3 Pedro Mat\u00edas \/ P\u00e1gina 3 OAXACA, Oax. (pagina3.mx).- La comunidad ind\u00edgena Binniza de Puente Madera logr\u00f3 detener mediante un juicio de amparo el Polo de Desarrollo para el Bienestar en San Blas Atempa que pretende imponer el presidente Andr\u00e9s Manuel L\u00f3pez Obrador como parte del Corredor Interoce\u00e1nico\u2026","rel":"","context":"En &quot;5. Istmo&quot;","block_context":{"text":"5. Istmo","link":"https:\/\/www.grieta.org.mx\/index.php\/category\/espejos-de-la-resistencia\/5-istmo\/"},"img":{"alt_text":"","src":"https:\/\/i0.wp.com\/www.grieta.org.mx\/wp-content\/uploads\/2023\/06\/IMG_4332.webp?resize=350%2C200&ssl=1","width":350,"height":200,"srcset":"https:\/\/i0.wp.com\/www.grieta.org.mx\/wp-content\/uploads\/2023\/06\/IMG_4332.webp?resize=350%2C200&ssl=1 1x, https:\/\/i0.wp.com\/www.grieta.org.mx\/wp-content\/uploads\/2023\/06\/IMG_4332.webp?resize=525%2C300&ssl=1 1.5x"},"classes":[]},{"id":68485,"url":"https:\/\/www.grieta.org.mx\/index.php\/2024\/02\/12\/dan-46-anos-de-carcel-a-activista-comunitario-que-se-opuso-al-corredor-interoceanico-oaxaca\/","url_meta":{"origin":68696,"position":3},"title":"Dan 46 a\u00f1os de c\u00e1rcel a activista comunitario que se opuso al Corredor Interoce\u00e1nico (Oaxaca)","author":"grieta","date":"12 febrero, 2024","format":false,"excerpt":"Imagen: Diana Manzo Diana Manzo \/Istmo Press OAXACA. -Un juez de Oaxaca dict\u00f3 sentencia por 46 a\u00f1os y seis meses de prisi\u00f3n a David Hern\u00e1ndez Salazar, defensor comunitario binniz\u00e1 (zapoteco), que se opuso al Polo de Desarrollo industrial del Corredor Interoce\u00e1nico del Istmo de Tehuantepec en su comunidad, Puente Madera,\u2026","rel":"","context":"En &quot;5. Istmo&quot;","block_context":{"text":"5. Istmo","link":"https:\/\/www.grieta.org.mx\/index.php\/category\/espejos-de-la-resistencia\/5-istmo\/"},"img":{"alt_text":"","src":"https:\/\/i0.wp.com\/www.grieta.org.mx\/wp-content\/uploads\/2024\/02\/activista_agua_David_Hernandez_Diana_Manzo.jpg?resize=350%2C200&ssl=1","width":350,"height":200,"srcset":"https:\/\/i0.wp.com\/www.grieta.org.mx\/wp-content\/uploads\/2024\/02\/activista_agua_David_Hernandez_Diana_Manzo.jpg?resize=350%2C200&ssl=1 1x, https:\/\/i0.wp.com\/www.grieta.org.mx\/wp-content\/uploads\/2024\/02\/activista_agua_David_Hernandez_Diana_Manzo.jpg?resize=525%2C300&ssl=1 1.5x, https:\/\/i0.wp.com\/www.grieta.org.mx\/wp-content\/uploads\/2024\/02\/activista_agua_David_Hernandez_Diana_Manzo.jpg?resize=700%2C400&ssl=1 2x"},"classes":[]},{"id":65676,"url":"https:\/\/www.grieta.org.mx\/index.php\/2022\/10\/28\/matan-a-comunero-y-atentan-contra-dirigente-del-colectivo-sol-rojo-en-el-istmo-oaxaqueno-ambos-opositores-del-corredor-interoceanico-oaxaca\/","url_meta":{"origin":68696,"position":4},"title":"Matan a comunero y atentan contra dirigente del colectivo \u201cSol Rojo\u201d en el Istmo oaxaque\u00f1o ; ambos opositores del corredor interoce\u00e1nico (Oaxaca)","author":"grieta","date":"28 octubre, 2022","format":false,"excerpt":"Imagen: Especial Diana Manzo \/ Agencia de Noticias IstmoPress #Tehuantepec 28 Oct (#Istmopress) \u2013 Ayer por la noche, Jes\u00fas Manuel Garc\u00eda Mart\u00ednez, comunero zapoteca de la comunidad agraria de Santa Cruz Tagolaba conocido tambi\u00e9n como \u201cChu Pau\u201d, fue asesinado por un grupo de personas armadas, quienes interrumpieron su domicilio en\u2026","rel":"","context":"En &quot;CINTILLO&quot;","block_context":{"text":"CINTILLO","link":"https:\/\/www.grieta.org.mx\/index.php\/category\/cintillo\/"},"img":{"alt_text":"","src":"https:\/\/i0.wp.com\/www.grieta.org.mx\/wp-content\/uploads\/2022\/11\/BSZASRZZ5NG2DO2KEHU5OFYRNI.webp?resize=350%2C200&ssl=1","width":350,"height":200,"srcset":"https:\/\/i0.wp.com\/www.grieta.org.mx\/wp-content\/uploads\/2022\/11\/BSZASRZZ5NG2DO2KEHU5OFYRNI.webp?resize=350%2C200&ssl=1 1x, https:\/\/i0.wp.com\/www.grieta.org.mx\/wp-content\/uploads\/2022\/11\/BSZASRZZ5NG2DO2KEHU5OFYRNI.webp?resize=525%2C300&ssl=1 1.5x, https:\/\/i0.wp.com\/www.grieta.org.mx\/wp-content\/uploads\/2022\/11\/BSZASRZZ5NG2DO2KEHU5OFYRNI.webp?resize=700%2C400&ssl=1 2x"},"classes":[]},{"id":69944,"url":"https:\/\/www.grieta.org.mx\/index.php\/2024\/09\/26\/con-violencia-impiden-que-se-cancele-banco-petreo-que-opera-ilegalmente-para-el-fc-interoceanico-oaxaca\/","url_meta":{"origin":68696,"position":5},"title":"Con violencia impiden que se cancele banco p\u00e9treo que opera ilegalmente para el FC interoce\u00e1nico (Oaxaca)","author":"grieta","date":"26 septiembre, 2024","format":false,"excerpt":"Imagen: P\u00e1gina 3 Diana Manzon \/ P\u00e1gina 3 \u00a0Oaxaca, Oax.- La violencia contra defensores en\u00a0\u00a0Oaxaca\u00a0va en aumento, y es que hace 10 d\u00edas, el pasado 15 de agosto, un grupo de civiles armados violent\u00f3 a funcionarios de la Procuradur\u00eda de Protecci\u00f3n al Ambiente del Estado de Oaxaca (PROPAEO) y al\u2026","rel":"","context":"En &quot;CINTILLO&quot;","block_context":{"text":"CINTILLO","link":"https:\/\/www.grieta.org.mx\/index.php\/category\/cintillo\/"},"img":{"alt_text":"","src":"https:\/\/i0.wp.com\/www.grieta.org.mx\/wp-content\/uploads\/2024\/10\/banco-petreo-ilegal-Istmo-0.jpeg?resize=350%2C200&ssl=1","width":350,"height":200,"srcset":"https:\/\/i0.wp.com\/www.grieta.org.mx\/wp-content\/uploads\/2024\/10\/banco-petreo-ilegal-Istmo-0.jpeg?resize=350%2C200&ssl=1 1x, https:\/\/i0.wp.com\/www.grieta.org.mx\/wp-content\/uploads\/2024\/10\/banco-petreo-ilegal-Istmo-0.jpeg?resize=525%2C300&ssl=1 1.5x, https:\/\/i0.wp.com\/www.grieta.org.mx\/wp-content\/uploads\/2024\/10\/banco-petreo-ilegal-Istmo-0.jpeg?resize=700%2C400&ssl=1 2x"},"classes":[]}],"_links":{"self":[{"href":"https:\/\/www.grieta.org.mx\/index.php\/wp-json\/wp\/v2\/posts\/68696","targetHints":{"allow":["GET"]}}],"collection":[{"href":"https:\/\/www.grieta.org.mx\/index.php\/wp-json\/wp\/v2\/posts"}],"about":[{"href":"https:\/\/www.grieta.org.mx\/index.php\/wp-json\/wp\/v2\/types\/post"}],"author":[{"embeddable":true,"href":"https:\/\/www.grieta.org.mx\/index.php\/wp-json\/wp\/v2\/users\/2"}],"replies":[{"embeddable":true,"href":"https:\/\/www.grieta.org.mx\/index.php\/wp-json\/wp\/v2\/comments?post=68696"}],"version-history":[{"count":1,"href":"https:\/\/www.grieta.org.mx\/index.php\/wp-json\/wp\/v2\/posts\/68696\/revisions"}],"predecessor-version":[{"id":68698,"href":"https:\/\/www.grieta.org.mx\/index.php\/wp-json\/wp\/v2\/posts\/68696\/revisions\/68698"}],"wp:featuredmedia":[{"embeddable":true,"href":"https:\/\/www.grieta.org.mx\/index.php\/wp-json\/wp\/v2\/media\/68697"}],"wp:attachment":[{"href":"https:\/\/www.grieta.org.mx\/index.php\/wp-json\/wp\/v2\/media?parent=68696"}],"wp:term":[{"taxonomy":"category","embeddable":true,"href":"https:\/\/www.grieta.org.mx\/index.php\/wp-json\/wp\/v2\/categories?post=68696"},{"taxonomy":"post_tag","embeddable":true,"href":"https:\/\/www.grieta.org.mx\/index.php\/wp-json\/wp\/v2\/tags?post=68696"}],"curies":[{"name":"wp","href":"https:\/\/api.w.org\/{rel}","templated":true}]}}