{"id":68642,"date":"2024-03-22T13:02:04","date_gmt":"2024-03-22T19:02:04","guid":{"rendered":"https:\/\/www.grieta.org.mx\/?p=68642"},"modified":"2024-03-24T13:10:08","modified_gmt":"2024-03-24T19:10:08","slug":"tribunal-admite-demanda-contra-el-despojo-de-tierras-en-ixil-yucatan","status":"publish","type":"post","link":"https:\/\/www.grieta.org.mx\/index.php\/2024\/03\/22\/tribunal-admite-demanda-contra-el-despojo-de-tierras-en-ixil-yucatan\/","title":{"rendered":"Tribunal admite demanda contra el despojo de tierras en Ixil (Yucat\u00e1n)"},"content":{"rendered":"<p> Paloma Reyes \/ Haz Ruido<\/p>\n<blockquote><p>Conceden suspensi\u00f3n para que el Registro Agrario no pueda entregar certificados o t\u00edtulos sobre las tierras a gente de fuera y\/o empresarios hasta que termine el juicio. <\/p><\/blockquote>\n<p>M\u00e9rida, Yucat\u00e1n, 22 de marzo de 2024.-La asociaci\u00f3n Kanan Derechos Humanos inform\u00f3 que el Tribunal Unitario Agrario (TUA) admiti\u00f3 la demanda interpuesta por ejidatarios de Ixil contra el despojo de tierras y concedi\u00f3 una suspensi\u00f3n para que no se puedan entregar t\u00edtulos de propiedad a gente de fuera o empresarios hasta que acabe el juicio.<\/p>\n<p>La agrupaci\u00f3n record\u00f3 que en 2014 se aprob\u00f3 un acta ejidal fraudulenta para el Cambio de Destino de m\u00e1s de 5 mil hect\u00e1reas de tierras de uso com\u00fan, lo que provocar\u00eda el despojo y privatizaci\u00f3n de estas tierras.<\/p>\n<p>Por ello, ejidatarios del municipio de Ixil presentaron una demanda agraria ante el Tribunal Unitario Agrario (TUA) con sede en M\u00e9rida, exigiendo la nulidad de dicha acta. Dentro de la demanda se argumenta que el acta presenta distintas violaciones a la ley agraria, a derechos humanos, ind\u00edgenas y colectivos. <\/p>\n<p>Asimismo, manifestaron que dentro de las hect\u00e1reas en disputa existe monte y de concretarse afectar\u00eda a quienes habitan en la comunidad. <\/p>\n<p>Fue el pasado 11 de marzo que el TUA admiti\u00f3 la demanda y concedi\u00f3 una medida de protecci\u00f3n para que el Registro Agrario Nacional (RAN) pueda revisar la solicitud de inscripci\u00f3n del acta, pero que se abstenga de entregar certificados o t\u00edtulos sobre las tierras de Ixil a gente de fuera y\/o empresarios, hasta que termine el juicio agrario. <\/p>\n<p>Kanan asegur\u00f3 que esta es una primera victoria dentro del proceso legal, ya que se podr\u00e1 garantizar la protecci\u00f3n del territorio y demostrar en el juicio agrario que el acta del 2014 contiene muchas irregularidades.<\/p>\n<p>Al lograr suspender el acta se impide que las tierras ejidales de Ixil pasen a manos de empresarios y esto les permite conservar el medio ambiente, los modos de vida tradicionales y comunitarios.<\/p>\n<p>Con esta victoria se evitar\u00e1 el despojo de tierras y se permitir\u00e1 que autoridades como la Secretar\u00eda de Medio Ambiente y Recursos Naturales (SEMARNAT) puedan analizar el asunto y emitir sus dict\u00e1menes sobre el monte de Ixil, como evitar que se deforesten zonas que son exclusivas para selvas.<\/p>\n<p>Finalmente, Kanan Derechos Humanos exigi\u00f3 a las autoridades agrarias y ambientales hacer su trabajo por la protecci\u00f3n del territorio y de los derechos humanos e ind\u00edgenas, favoreciendo a toda comunidad en este proceso de calificaci\u00f3n y dictamen ambiental, pues dicho territorio es de suma importancia para todas y todos.(Foto de Archivo)<\/p>\n<p><a href=\"https:\/\/www.hazruido.mx\/reportes\/tribunal-admite-demanda-contra-el-despojo-de-tierras-en-ixil\/\" rel=\"noopener\" target=\"_blank\">https:\/\/www.hazruido.mx\/reportes\/tribunal-admite-demanda-contra-el-despojo-de-tierras-en-ixil\/<\/a><\/p>\n","protected":false},"excerpt":{"rendered":"<p>Paloma Reyes \/ Haz Ruido Conceden suspensi\u00f3n para que el Registro Agrario no pueda entregar certificados o t\u00edtulos sobre las tierras a gente de fuera y\/o empresarios hasta que termine &hellip; <a href=\"https:\/\/www.grieta.org.mx\/index.php\/2024\/03\/22\/tribunal-admite-demanda-contra-el-despojo-de-tierras-en-ixil-yucatan\/\" class=\"more-link\">Leer m\u00e1s<\/a><\/p>\n","protected":false},"author":2,"featured_media":68644,"comment_status":"closed","ping_status":"closed","sticky":false,"template":"","format":"standard","meta":{"ngg_post_thumbnail":0,"_jetpack_newsletter_access":"","_jetpack_dont_email_post_to_subs":false,"_jetpack_newsletter_tier_id":0,"_jetpack_memberships_contains_paywalled_content":false,"_jetpack_memberships_contains_paid_content":false,"footnotes":""},"categories":[80,1269,2943,2,1071,36],"tags":[3820,2311,2942,2004,2466],"class_list":["post-68642","post","type-post","status-publish","format-standard","has-post-thumbnail","hentry","category-cintillo","category-protestas-ante-despojo-por-proyectos-inmobiliarios-en-yucatan","category-destruccion-y-contaminacion-ambiental-en-yucatan","category-noticias-nacionales","category-resistencia-al-despojo-de-tierras-ejidales-en-yucatan","category-yucatan","tag-amparos","tag-despojo-de-tierras","tag-despojo-de-tierras-por-inmobiliarias","tag-ixil","tag-luchas-y-resistencias-de-pueblos-originarios","entry"],"jetpack_featured_media_url":"https:\/\/www.grieta.org.mx\/wp-content\/uploads\/2024\/03\/Ixil-e1711307211667.jpg","jetpack_sharing_enabled":true,"jetpack_shortlink":"https:\/\/wp.me\/p7ZJR4-hR8","jetpack_likes_enabled":false,"jetpack-related-posts":[{"id":68112,"url":"https:\/\/www.grieta.org.mx\/index.php\/2023\/11\/10\/ixil-logra-importante-victoria-para-impedir-despojo-de-sus-tierras-yucatan\/","url_meta":{"origin":68642,"position":0},"title":"Ixil logra importante victoria para impedir despojo de sus tierras (Yucat\u00e1n)","author":"grieta","date":"10 noviembre, 2023","format":false,"excerpt":"Haz Ruido Con la suspensi\u00f3n provisional dictada por el Juzgado Primero, los pobladores mayas podr\u00e1n nuevamente abrir los caminos cosecheros para acceder sin restricciones a las tierras de cultivo, las cuales actualmente est\u00e1n aseguradas por la Fiscal\u00eda y la SSP. Ixil, Yucat\u00e1n, 10 de noviembre de 2023.- La comunidad maya\u2026","rel":"","context":"En &quot;CINTILLO&quot;","block_context":{"text":"CINTILLO","link":"https:\/\/www.grieta.org.mx\/index.php\/category\/cintillo\/"},"img":{"alt_text":"","src":"https:\/\/i0.wp.com\/www.grieta.org.mx\/wp-content\/uploads\/2023\/11\/Ixil-e1699921606522.jpg?resize=350%2C200&ssl=1","width":350,"height":200,"srcset":"https:\/\/i0.wp.com\/www.grieta.org.mx\/wp-content\/uploads\/2023\/11\/Ixil-e1699921606522.jpg?resize=350%2C200&ssl=1 1x, https:\/\/i0.wp.com\/www.grieta.org.mx\/wp-content\/uploads\/2023\/11\/Ixil-e1699921606522.jpg?resize=525%2C300&ssl=1 1.5x, https:\/\/i0.wp.com\/www.grieta.org.mx\/wp-content\/uploads\/2023\/11\/Ixil-e1699921606522.jpg?resize=700%2C400&ssl=1 2x"},"classes":[]},{"id":28592,"url":"https:\/\/www.grieta.org.mx\/index.php\/2019\/01\/18\/desaparecen-el-ejido-de-ixil-yucatan\/","url_meta":{"origin":68642,"position":1},"title":"\u201cDesaparecen\u201d el Ejido de Ixil (Yucat\u00e1n)","author":"grieta","date":"18 enero, 2019","format":false,"excerpt":"(InformaTe Yucat\u00e1n) M\u00e9rida, Yucat\u00e1n .- Ejidatarios de Ixil est\u00e1n en riesgo de perder m\u00e1s de 5,700 hect\u00e1reas, tierras que se est\u00e1n vendiendo a ciudadanos de Baja California, Guadalajara, Sinaloa, Puebla, Veracruz, Ciudad de M\u00e9xico, Yucat\u00e1n y hasta de los Estados Unidos, denunci\u00f3 este viernes el comisario ejidal de ese municipio,\u2026","rel":"","context":"En &quot;CINTILLO&quot;","block_context":{"text":"CINTILLO","link":"https:\/\/www.grieta.org.mx\/index.php\/category\/cintillo\/"},"img":{"alt_text":"","src":"https:\/\/i0.wp.com\/www.grieta.org.mx\/wp-content\/uploads\/2019\/01\/EJIDDATARIOS-IXIL-.jpg?resize=350%2C200","width":350,"height":200,"srcset":"https:\/\/i0.wp.com\/www.grieta.org.mx\/wp-content\/uploads\/2019\/01\/EJIDDATARIOS-IXIL-.jpg?resize=350%2C200 1x, https:\/\/i0.wp.com\/www.grieta.org.mx\/wp-content\/uploads\/2019\/01\/EJIDDATARIOS-IXIL-.jpg?resize=525%2C300 1.5x, https:\/\/i0.wp.com\/www.grieta.org.mx\/wp-content\/uploads\/2019\/01\/EJIDDATARIOS-IXIL-.jpg?resize=700%2C400 2x"},"classes":[]},{"id":32627,"url":"https:\/\/www.grieta.org.mx\/index.php\/2019\/04\/25\/defienden-sus-tierras-de-falsos-avecindados-video-yucatan\/","url_meta":{"origin":68642,"position":2},"title":"Defienden sus tierras de falsos \u201cavecindados\u201d (V\u00eddeo) (Yucat\u00e1n)","author":"grieta","date":"25 abril, 2019","format":false,"excerpt":"Jes\u00fas Mej\u00eda\/LectorMx M\u00e9rida, Yucat\u00e1n.- Ejidatarios de los municipios de Mococh\u00e1, Yaxkukul, Ixil y Conkal realizaron una manifestaci\u00f3n en la sede del Tribunal Agrario en M\u00e9rida para protestar por la corrupci\u00f3n en despojos de sus tierras a manos de los comisarios ejidales en complicidad con autoridades y un grupo de supuestos\u2026","rel":"","context":"En &quot;CINTILLO&quot;","block_context":{"text":"CINTILLO","link":"https:\/\/www.grieta.org.mx\/index.php\/category\/cintillo\/"},"img":{"alt_text":"","src":"https:\/\/i0.wp.com\/www.grieta.org.mx\/wp-content\/uploads\/2019\/04\/eji2-1280x640.jpg?resize=350%2C200&ssl=1","width":350,"height":200,"srcset":"https:\/\/i0.wp.com\/www.grieta.org.mx\/wp-content\/uploads\/2019\/04\/eji2-1280x640.jpg?resize=350%2C200&ssl=1 1x, https:\/\/i0.wp.com\/www.grieta.org.mx\/wp-content\/uploads\/2019\/04\/eji2-1280x640.jpg?resize=525%2C300&ssl=1 1.5x, https:\/\/i0.wp.com\/www.grieta.org.mx\/wp-content\/uploads\/2019\/04\/eji2-1280x640.jpg?resize=700%2C400&ssl=1 2x, https:\/\/i0.wp.com\/www.grieta.org.mx\/wp-content\/uploads\/2019\/04\/eji2-1280x640.jpg?resize=1050%2C600&ssl=1 3x"},"classes":[]},{"id":40898,"url":"https:\/\/www.grieta.org.mx\/index.php\/2019\/11\/02\/pretenden-obligar-a-desistirse-de-su-denuncia-contra-venta-amanada-de-tierras-a-ejidatarios-que-se-oponen-en-chochola-yucatan\/","url_meta":{"origin":68642,"position":3},"title":"Pretenden obligar a desistirse de su denuncia contra venta ama\u00f1ada de tierras a ejidatarios que se oponen en Chochol\u00e1 (Yucat\u00e1n)","author":"grieta","date":"2 noviembre, 2019","format":false,"excerpt":"https:\/\/youtu.be\/hBL2UFMSF2M Redacci\u00f3n\/ Infolliteras Los ejidatarios que han denunciado las maniobras empresariales para apropiarse ilegalmente de tierras en el municipio de Chochol\u00e1 y que se oponen a la venta de tierras a empresarios conocidos en Yucat\u00e1n, dieron a conocer las amenazas a trav\u00e9s de las cuales se les pretende obligar a\u2026","rel":"","context":"En &quot;CINTILLO&quot;","block_context":{"text":"CINTILLO","link":"https:\/\/www.grieta.org.mx\/index.php\/category\/cintillo\/"},"img":{"alt_text":"","src":"https:\/\/i0.wp.com\/www.grieta.org.mx\/wp-content\/uploads\/2019\/11\/RechazanChochola.png?resize=350%2C200&ssl=1","width":350,"height":200,"srcset":"https:\/\/i0.wp.com\/www.grieta.org.mx\/wp-content\/uploads\/2019\/11\/RechazanChochola.png?resize=350%2C200&ssl=1 1x, https:\/\/i0.wp.com\/www.grieta.org.mx\/wp-content\/uploads\/2019\/11\/RechazanChochola.png?resize=525%2C300&ssl=1 1.5x, https:\/\/i0.wp.com\/www.grieta.org.mx\/wp-content\/uploads\/2019\/11\/RechazanChochola.png?resize=700%2C400&ssl=1 2x"},"classes":[]},{"id":67484,"url":"https:\/\/www.grieta.org.mx\/index.php\/2023\/08\/17\/ixil-en-resistencia-por-defender-sus-tierras-ssp-les-lanza-gas-lacrimogeno-yucatan\/","url_meta":{"origin":68642,"position":4},"title":"Ixil en resistencia por defender sus tierras; SSP les lanza gas lacrim\u00f3geno (Yucat\u00e1n)","author":"grieta","date":"17 agosto, 2023","format":false,"excerpt":"Por Claudia V. Arriaga Dur\u00e1n. \/ Proyecto Libres Desde las 5 de la ma\u00f1ana, m\u00e1s de 100 elementos de la Secretar\u00eda de Seguridad P\u00fablica (SSP) cerraron el acceso a las parcelas de las y los ejidatarios de Ixil. La poblaci\u00f3n protest\u00f3 y la polic\u00eda respondi\u00f3 lanz\u00e1ndoles gas lacrim\u00f3genos y piedras.\u2026","rel":"","context":"En &quot;CINTILLO&quot;","block_context":{"text":"CINTILLO","link":"https:\/\/www.grieta.org.mx\/index.php\/category\/cintillo\/"},"img":{"alt_text":"","src":"https:\/\/i0.wp.com\/www.grieta.org.mx\/wp-content\/uploads\/2023\/08\/Ixil-e1692298552408.jpg?resize=350%2C200&ssl=1","width":350,"height":200,"srcset":"https:\/\/i0.wp.com\/www.grieta.org.mx\/wp-content\/uploads\/2023\/08\/Ixil-e1692298552408.jpg?resize=350%2C200&ssl=1 1x, https:\/\/i0.wp.com\/www.grieta.org.mx\/wp-content\/uploads\/2023\/08\/Ixil-e1692298552408.jpg?resize=525%2C300&ssl=1 1.5x, https:\/\/i0.wp.com\/www.grieta.org.mx\/wp-content\/uploads\/2023\/08\/Ixil-e1692298552408.jpg?resize=700%2C400&ssl=1 2x"},"classes":[]},{"id":31889,"url":"https:\/\/www.grieta.org.mx\/index.php\/2019\/04\/08\/jubilo-en-ixil-ejidatarios-recuperan-sus-tierras-perdidas-hace-5-anos-yucatan\/","url_meta":{"origin":68642,"position":5},"title":"J\u00fabilo en Ixil: ejidatarios recuperan sus tierras \u201cperdidas\u201d hace 5 a\u00f1os (Yucat\u00e1n)","author":"grieta","date":"8 abril, 2019","format":false,"excerpt":"Mayapolitikon Ejidatarios del Ixil, Yucat\u00e1n, recuperaron hoy del Registro Agrario Nacional (RAN) los documentos legales de su ejido, y con ello la certeza de la posesi\u00f3n de sus tierras que muchos ya cre\u00edan perdidas para siempre. Cinco a\u00f1os tuvieron que transcurrir para que los ejidatarios tuvieran de nuevo en sus\u2026","rel":"","context":"En &quot;CINTILLO&quot;","block_context":{"text":"CINTILLO","link":"https:\/\/www.grieta.org.mx\/index.php\/category\/cintillo\/"},"img":{"alt_text":"","src":"https:\/\/i0.wp.com\/www.grieta.org.mx\/wp-content\/uploads\/2019\/04\/cecilioIxil.jpg?resize=350%2C200&ssl=1","width":350,"height":200,"srcset":"https:\/\/i0.wp.com\/www.grieta.org.mx\/wp-content\/uploads\/2019\/04\/cecilioIxil.jpg?resize=350%2C200&ssl=1 1x, https:\/\/i0.wp.com\/www.grieta.org.mx\/wp-content\/uploads\/2019\/04\/cecilioIxil.jpg?resize=525%2C300&ssl=1 1.5x, https:\/\/i0.wp.com\/www.grieta.org.mx\/wp-content\/uploads\/2019\/04\/cecilioIxil.jpg?resize=700%2C400&ssl=1 2x"},"classes":[]}],"_links":{"self":[{"href":"https:\/\/www.grieta.org.mx\/index.php\/wp-json\/wp\/v2\/posts\/68642","targetHints":{"allow":["GET"]}}],"collection":[{"href":"https:\/\/www.grieta.org.mx\/index.php\/wp-json\/wp\/v2\/posts"}],"about":[{"href":"https:\/\/www.grieta.org.mx\/index.php\/wp-json\/wp\/v2\/types\/post"}],"author":[{"embeddable":true,"href":"https:\/\/www.grieta.org.mx\/index.php\/wp-json\/wp\/v2\/users\/2"}],"replies":[{"embeddable":true,"href":"https:\/\/www.grieta.org.mx\/index.php\/wp-json\/wp\/v2\/comments?post=68642"}],"version-history":[{"count":1,"href":"https:\/\/www.grieta.org.mx\/index.php\/wp-json\/wp\/v2\/posts\/68642\/revisions"}],"predecessor-version":[{"id":68643,"href":"https:\/\/www.grieta.org.mx\/index.php\/wp-json\/wp\/v2\/posts\/68642\/revisions\/68643"}],"wp:featuredmedia":[{"embeddable":true,"href":"https:\/\/www.grieta.org.mx\/index.php\/wp-json\/wp\/v2\/media\/68644"}],"wp:attachment":[{"href":"https:\/\/www.grieta.org.mx\/index.php\/wp-json\/wp\/v2\/media?parent=68642"}],"wp:term":[{"taxonomy":"category","embeddable":true,"href":"https:\/\/www.grieta.org.mx\/index.php\/wp-json\/wp\/v2\/categories?post=68642"},{"taxonomy":"post_tag","embeddable":true,"href":"https:\/\/www.grieta.org.mx\/index.php\/wp-json\/wp\/v2\/tags?post=68642"}],"curies":[{"name":"wp","href":"https:\/\/api.w.org\/{rel}","templated":true}]}}