{"id":68635,"date":"2023-08-10T10:11:04","date_gmt":"2023-08-10T16:11:04","guid":{"rendered":"https:\/\/www.grieta.org.mx\/?p=68635"},"modified":"2024-03-18T10:33:36","modified_gmt":"2024-03-18T16:33:36","slug":"atropellados-por-la-transformacion-el-tren-maya-en-mexico","status":"publish","type":"post","link":"https:\/\/www.grieta.org.mx\/index.php\/2023\/08\/10\/atropellados-por-la-transformacion-el-tren-maya-en-mexico\/","title":{"rendered":"Atropellados por la transformaci\u00f3n: El Tren Maya en M\u00e9xico"},"content":{"rendered":"<p>Dawn Marie Paley \/ Ojal\u00e1<\/p>\n<p>\u2022 10 de agosto, 2023 \u2022<br \/>\nPedro Uc ha vivido la mayor parte de sus sesenta a\u00f1os en o cerca de Buctzotz, un pueblo maya a 90 kil\u00f3metros de M\u00e9rida donde sus antepasados han vivido desde tiempos inmemoriales. Conocido por su poes\u00eda y su escritura en maya, Uc es tambi\u00e9n un activista comprometido que lleva d\u00e9cadas difundiendo y trabajando para proteger su cultura y los derechos de su pueblo a las tierras comunales.<\/p>\n<p>Pareciera, quiz\u00e1, que hay poco que podr\u00eda sorprender a este activista tan experimentado con conocimiento y ra\u00edces locales profundas. Pero la velocidad de los cambios provocados por el mal llamado Tren Maya ha rebasado por completo sus expectativas.<\/p>\n<p>\u201cEn estos \u00faltimos tres a\u00f1os se ha vendido m\u00e1s tierra que en los 50 a\u00f1os anteriores\u201d, afirma Uc en una entrevista telef\u00f3nica desde Buctzotz. El frenes\u00ed de especulaci\u00f3n con la tierra que describe Uc ha sido provocado por la construcci\u00f3n de m\u00e1s de mil 500 kil\u00f3metros de v\u00edas de tren en la pen\u00ednsula de Yucat\u00e1n, parte de un megaproyecto tur\u00edstico y de infraestructura que est\u00e1 al centro del programa pol\u00edtico del presidente mexicano Andr\u00e9s Manuel L\u00f3pez Obrador.<\/p>\n<p>Un frenes\u00ed de expropiaciones<\/p>\n<p>En los dos \u00faltimos a\u00f1os, el gobierno federal de M\u00e9xico ha expropiado m\u00e1s de 15 mil hect\u00e1reas de tierra para el Tren Maya. Gran parte de esa tierra era ejidal, o de propiedad comunal, y una fracci\u00f3n era de propiedad privada. Cada hect\u00e1rea se compra a precios muy superiores a los del mercado, lo que eleva los precios de la tierra en toda la regi\u00f3n y desplaza a las comunidades locales. En la gaceta parlamentaria mexicana se publican nuevos decretos de expropiaci\u00f3n con regularidad.<\/p>\n<p>Por ejemplo, el lunes 10 de julio, mediante dos decretos se expropiaron m\u00e1s de 138 hect\u00e1reas de dos ejidos de Bacalar, Quintana Roo, y mediante un tercero se expropiaron 94 propiedades privadas en zonas donde se construir\u00e1 la l\u00ednea del tren. Un cuarto decreto expropi\u00f3 m\u00e1s de mil 500 hect\u00e1reas de tierras ejidales en Felipe Carrillo Puerto, en el mismo estado costero, para la construcci\u00f3n de una base militar y un nuevo aeropuerto en Tulum. La construcci\u00f3n del aeropuerto de Tulum forma parte de una agenda regional m\u00e1s amplia en la que el ej\u00e9rcito remodelar\u00e1 y operar\u00e1 otros dos aeropuertos \u2014en Palenque y Chetumal\u2014 a lo largo de la ruta del tren.<\/p>\n<p>Inversionistas privados y especuladores ya est\u00e1n intentando beneficiarse del aumento del valor de la tierra. Uc describe el proceso con el que los representantes del gobierno federal convencen a los propietarios comunales de que cedan sus propiedades. Dice que el proceso de cesi\u00f3n de tierras va acompa\u00f1ado de pagos en efectivo, promesas, recompensas individuales y, a veces, hasta amenazas.<\/p>\n<p>\u201cPrimero a la gente se les invita a participar en el gran proyecto del Tren Maya, y su participaci\u00f3n va a consistir en ofrendar su tierra. Les dicen que m\u00e1s adelante van a tener empleo y le van a hacer un favor al mundo porque van a conectar la pen\u00ednsula con el resto del pa\u00eds\u201d, dijo Uc. <\/p>\n<p>\u201cEs una narrativa en la que se plantea una mejor vida \u2014lo de siempre\u2014 para las comunidades; si la gente no quiere eso, entonces buscan a los l\u00edderes de los ejidos y los corrompen por FONATUR\u201d, la agencia federal de turismo en M\u00e9xico. Muchos ceden sus tierras con gusto, pero otros no.<\/p>\n<p>Pero el proceso de adquirir tierra no termina ah\u00ed. Si todav\u00eda hay personas que no quieren vender su tierra para el megaproyecto, entra a cuadro otro actor clave: el ej\u00e9rcito.<\/p>\n<p>\u201cEn caso de que no se quieran corromper, entonces el ej\u00e9rcito les hace algunas visitas, y los amenazan para que entreguen la tierra\u201d, dijo Uc. Pocos han denunciado p\u00fablicamente este tipo de amenaza, pero Uc sostiene que no son eventos aislados.<\/p>\n<p>Todo lo viejo es nuevo otra vez<\/p>\n<p>La idea de que la pen\u00ednsula de Yucat\u00e1n est\u00e9 conectada\u2014y transformada\u2014por ferrocarril no es nueva. <\/p>\n<p>Durante las \u00faltimas d\u00e9cadas del siglo XIX, cinco l\u00edneas ferroviarias diferentes fueron construidas a lo largo de la pen\u00ednsula, expandiendose como una telara\u00f1a desde la ciudad de M\u00e9rida. A diferencia de otras partes de M\u00e9xico, las v\u00edas de la \u00e9poca porfiriana en los estados de Yucat\u00e1n y Campeche no fueron financiadas por empresas inglesas o estadounidenses, sino que fueron construidas y administradas por \u00e9lites locales que buscaban comercializar el henequ\u00e9n.<\/p>\n<p>El henequ\u00e9n \u2014una fibra de agave conocida entonces como oro verde\u2014 fue el principal producto de exportaci\u00f3n de la pen\u00ednsula hasta principios del siglo XX. Hizo extremadamente ricas a un pu\u00f1ado de familias, al tiempo que somet\u00eda a los ind\u00edgenas mayas y a los trabajadores migrantes a unas condiciones que el periodista John Kenneth Turner equipar\u00f3 a la esclavitud.<\/p>\n<p>En ese momento, como ahora, la construcci\u00f3n de ferrocarriles se trataba de m\u00e1s que transporte. En su libro Crecimiento contra desarrollo, el historiador John H. Coatsworth sostiene que la expansi\u00f3n de las v\u00edas del tren por todo M\u00e9xico durante el largo gobierno de Porfirio D\u00edaz fue un catalizador central en la privatizaci\u00f3n de las tierras comunales ind\u00edgenas. <\/p>\n<p>Han pasado casi 50 a\u00f1os desde que los Ferrocarriles Unidos de Yucat\u00e1n cayeron en desuso, y casi el mismo tiempo desde que algunos hombres poderosos de la Ciudad de M\u00e9xico se propusieron reactivar la inversi\u00f3n y transformar la regi\u00f3n.<\/p>\n<p>Carlos Salinas promovi\u00f3 el &#8220;Proyecto Mundo Maya&#8221;, un proyecto de turismo masivo similar al Tren Maya en muchos aspectos. Una d\u00e9cada despu\u00e9s, el Plan Puebla Panam\u00e1 de Vicente Fox anunciaba la reactivaci\u00f3n de un corredor ferroviario a trav\u00e9s de la pen\u00ednsula. Ninguno de estos proyectos se materializ\u00f3 en la pen\u00ednsula.<\/p>\n<p>No fue sino hasta que L\u00f3pez Obrador asumi\u00f3 la presidencia que ese viejo sue\u00f1o de modernizaci\u00f3n y reordenamiento territorial para la pen\u00ednsula de Yucat\u00e1n se hizo realidad. <\/p>\n<p>Un megaproyecto emblem\u00e1tico hecho al vuelo<\/p>\n<p>Tras una serie de anuncios sobre el proyecto, a finales de 2019 se realizaron consultas aceleradas con los residentes locales durante un mes. Poco se sab\u00eda del proyecto en ese momento. La Oficina del Alto Comisionado de las Naciones Unidas para los Derechos Humanos fue invitada a observar el proceso de consulta. Esta desaprob\u00f3 las consultas, al encontrar que no cumpl\u00edan las normas internacionales. <\/p>\n<p>\u201cSe ha reducido el tema del Tren Maya al tema de transporte y a tramos, se ha dividido y se ha fragmentado\u201d, dijo Jazm\u00edn S\u00e1nchez Arceo, una ingeniera ambiental por la Universidad de Yucat\u00e1n. \u201cIncluso en sus propias evaluaciones de impacto ambiental por tramos, no se analiza el proyecto en general y se reduce al tema de las v\u00edas f\u00e9rreas, cuando va mucho m\u00e1s all\u00e1 e implica una reconfiguraci\u00f3n social y territorial\u201d.<\/p>\n<p>Activistas y acad\u00e9micos locales est\u00e1n preocupados por la disrupci\u00f3n que el megaproyecto \u2014que incluye 21 estaciones y toda una nueva infraestructura tur\u00edstica\u2014 puede causar en ecosistemas y geolog\u00edas sensibles. Tambi\u00e9n est\u00e1n conscientes de c\u00f3mo se conecta con otros fuertes intereses en la regi\u00f3n. <\/p>\n<p>\u201cVemos justamente c\u00f3mo viene a catalizar y ser un potencializador mucho m\u00e1s fuerte para todo el proceso de extractivismo que vemos en la pen\u00ednsula desde hace varios a\u00f1os\u201d, dijo S\u00e1nchez Arceo, quien es parte de Articulaci\u00f3n Yucat\u00e1n.<\/p>\n<p>Articulaci\u00f3n Yucat\u00e1n es una coalici\u00f3n de acad\u00e9micxs y activistas que promueve procesos de \u201ctraducci\u00f3n\u201d de informaci\u00f3n t\u00e9cnica, proces\u00e1ndola para volverla m\u00e1s accesible para un p\u00fablico no especialista, y haciendo procesos de socializaci\u00f3n a trav\u00e9s de presentaciones en comunidades, ejidos y por internet, entre otros.<\/p>\n<p>Antes de que se desarrollara el Tren Maya, los principales intereses en la pen\u00ednsula eran los de las granjas industriales porcinas y av\u00edcolas, la agroindustria, las plantas de energ\u00eda solar y e\u00f3lica, la explotaci\u00f3n petrolera, la construcci\u00f3n, la manufactura y el turismo.<\/p>\n<p>En estudios recientes, integrantes de Articulaci\u00f3n Yucat\u00e1n exploran los impactos del Tren Maya en la biodiversidad y las tierras ejidales, as\u00ed como la forma en que los promotores del proyecto han minimizado territorios y formas de vida complejas mediante el uso de un discurso desarrollista de progreso y la fragmentaci\u00f3n del megaproyecto y la infraestructura que lo acompa\u00f1a.<\/p>\n<p>Sergio Prieto, investigador y profesor del Laboratorio de Investigaciones Transfronterizas en M\u00e9xico, dice que es importante considerar el Tren Maya y el paquete de proyectos relacionados con \u00e9l como parte de una visi\u00f3n m\u00e1s amplia para la regi\u00f3n. <\/p>\n<p>Entre ellos figuran el Corredor Interoce\u00e1nico del Istmo de Tehuantepec, o Corredor Trans\u00edstmico, que se extiende del Atl\u00e1ntico al Pac\u00edfico a trav\u00e9s de la parte m\u00e1s estrecha de M\u00e9xico, y Sembrando Vida, un proyecto federal que incentiva a los agricultores a cultivar \u00e1rboles frutales y nogales comercializables, con frecuencia en tierras comunales. <\/p>\n<p>\u201cEstos tres grandes proyectos son de iniciativa p\u00fablica, y tienen el sentido justamente de penetrar y controlar un territorio que hasta cierto punto ha estado como una frontera, marginalizado de las din\u00e1micas globales o de las din\u00e1micas de estados\u201d, dijo Prieto.<\/p>\n<p>El trabajo de Prieto se centra en la migraci\u00f3n, y su an\u00e1lisis trae al frente otro inter\u00e9s geopol\u00edtico favorecido por el creciente control del Estado sobre el sur de M\u00e9xico.<\/p>\n<p>\u201cEs el mayor corredor migratorio del mundo\u201d, dijo Prieto. \u201cLa externalizaci\u00f3n de la frontera de Estados Unidos tambi\u00e9n funciona en el marco de estos territorios estrat\u00e9gicos\u201d.<\/p>\n<p>Un tren militar <\/p>\n<p>Aunque su participaci\u00f3n no se anunci\u00f3 hasta mucho despu\u00e9s de las consultas simuladas de 2019, soldados e ingenieros militares ya han cortado una franja profunda a trav\u00e9s de la selva tropical seca del sur de Campeche para construir la L\u00ednea 7, y est\u00e1n trabajando a contrarreloj para terminar el proyecto antes de que AMLO deje la presidencia en 2024.<\/p>\n<p>En total, la Secretar\u00eda de la Defensa Nacional (SEDENA) est\u00e1 construyendo 553 kil\u00f3metros de v\u00edas para la L\u00ednea 5 (de Canc\u00fan a Tulum), la L\u00ednea 6 (de Tulum a Bacalar) y la L\u00ednea 7 (de Bacalar a Esc\u00e1rcega). Se espera que los militares operen esos tramos del tren por tiempo indefinido, que proporcionen seguridad a todo el proyecto y que reconstruyan y operen tres aeropuertos locales.<\/p>\n<p>Hasta la fecha, la Secretar\u00eda de la Defensa Nacional ha obtenido m\u00e1s de 6 mil 500 hect\u00e1reas de terreno en la pen\u00ednsula a trav\u00e9s de expropiaciones. Los medios de comunicaci\u00f3n mexicanos han informado que SEDENA est\u00e1 construyendo un hotel sin autorizaci\u00f3n a menos de 10 kil\u00f3metros de la zona arqueol\u00f3gica y reserva de la biosfera de Calakmul.<\/p>\n<p>\u201cEl proyecto no est\u00e1 pensado o designado en t\u00e9rminos ben\u00e9volos, en t\u00e9rminos de desarrollo, o para las necesidades de las comunidades en el territorio\u201d, dice Prieto. \u201cEst\u00e1 pensado en t\u00e9rminos de seguridad nacional\u201d.<\/p>\n<p><a href=\"https:\/\/www.ojala.mx\/es\/ojala-es\/atropellados-por-la-transformacion\" rel=\"noopener\" target=\"_blank\">https:\/\/www.ojala.mx\/es\/ojala-es\/atropellados-por-la-transformacion<\/a><\/p>\n","protected":false},"excerpt":{"rendered":"<p>Dawn Marie Paley \/ Ojal\u00e1 \u2022 10 de agosto, 2023 \u2022 Pedro Uc ha vivido la mayor parte de sus sesenta a\u00f1os en o cerca de Buctzotz, un pueblo maya &hellip; <a href=\"https:\/\/www.grieta.org.mx\/index.php\/2023\/08\/10\/atropellados-por-la-transformacion-el-tren-maya-en-mexico\/\" class=\"more-link\">Leer m\u00e1s<\/a><\/p>\n","protected":false},"author":2,"featured_media":21928,"comment_status":"closed","ping_status":"closed","sticky":false,"template":"","format":"standard","meta":{"ngg_post_thumbnail":0,"_jetpack_newsletter_access":"","_jetpack_dont_email_post_to_subs":false,"_jetpack_newsletter_tier_id":0,"_jetpack_memberships_contains_paywalled_content":false,"_jetpack_memberships_contains_paid_content":false,"footnotes":""},"categories":[11,80,2997,2949,1269,2749,2943,2258,3,922,926,944,952,2,28,1877,1875,1876,2026,36],"tags":[3764,1704,184,2271,1124,96,614,1878],"class_list":["post-68635","post","type-post","status-publish","format-standard","has-post-thumbnail","hentry","category-campeche","category-cintillo","category-despojo-de-tierras-en-campeche","category-despojo-de-tierras-en-quintana-roo","category-protestas-ante-despojo-por-proyectos-inmobiliarios-en-yucatan","category-destruccion-y-contaminacion-ambiental-en-quintana-roo","category-destruccion-y-contaminacion-ambiental-en-yucatan","category-ecocidio-en-campeche","category-megaproyectos","category-megaproyectos-estados","category-mp-campeche","category-mp-quintana-roo","category-mp-yucatan","category-noticias-nacionales","category-quintana-roo","category-resistencia-al-tren-maya-en-la-peninsula-de-yucatan-campeche","category-resistencia-al-tren-maya-en-la-peninsula-de-yucatan","category-resistencia-al-tren-maya-en-la-peninsula-de-yucatan-quintana-roo","category-tren-maya","category-yucatan","tag-amenazas","tag-desarrollos-inmobiliarios","tag-despojo","tag-especulacion-inmobiliaria","tag-expropiacion-de-tierras","tag-megaproyectos","tag-militarizacion","tag-tren-maya","entry"],"jetpack_featured_media_url":"https:\/\/www.grieta.org.mx\/wp-content\/uploads\/2018\/03\/14524434_1106112876131411_958039263622046936_o.jpg","jetpack_sharing_enabled":true,"jetpack_shortlink":"https:\/\/wp.me\/p7ZJR4-hR1","jetpack_likes_enabled":false,"jetpack-related-posts":[{"id":35945,"url":"https:\/\/www.grieta.org.mx\/index.php\/2019\/07\/05\/expansion-de-megaproyectos-en-la-peninsula-de-yucatan-video\/","url_meta":{"origin":68635,"position":0},"title":"Expansi\u00f3n de Megaproyectos en la Pen\u00ednsula de Yucat\u00e1n (Video)","author":"grieta","date":"5 julio, 2019","format":false,"excerpt":"https:\/\/youtu.be\/qLBARIAaBsI","rel":"","context":"En &quot;Campeche&quot;","block_context":{"text":"Campeche","link":"https:\/\/www.grieta.org.mx\/index.php\/category\/noticias-nacionales\/campeche\/"},"img":{"alt_text":"","src":"https:\/\/i0.wp.com\/img.youtube.com\/vi\/qLBARIAaBsI\/0.jpg?resize=350%2C200","width":350,"height":200},"classes":[]},{"id":47874,"url":"https:\/\/www.grieta.org.mx\/index.php\/2020\/04\/13\/las-vias-torcidas-del-tren-maya-video\/","url_meta":{"origin":68635,"position":1},"title":"Las v\u00edas torcidas del tren maya (Video)","author":"grieta","date":"13 abril, 2020","format":false,"excerpt":"https:\/\/www.youtube.com\/watch?v=k8FRX9eT0YY","rel":"","context":"En &quot;16. Pueblo Maya&quot;","block_context":{"text":"16. Pueblo Maya","link":"https:\/\/www.grieta.org.mx\/index.php\/category\/espejos-de-la-resistencia\/16-pueblo-maya\/"},"img":{"alt_text":"","src":"https:\/\/i0.wp.com\/www.grieta.org.mx\/wp-content\/uploads\/2020\/04\/ViasTorcidasTrenMaya.png?resize=350%2C200&ssl=1","width":350,"height":200,"srcset":"https:\/\/i0.wp.com\/www.grieta.org.mx\/wp-content\/uploads\/2020\/04\/ViasTorcidasTrenMaya.png?resize=350%2C200&ssl=1 1x, https:\/\/i0.wp.com\/www.grieta.org.mx\/wp-content\/uploads\/2020\/04\/ViasTorcidasTrenMaya.png?resize=525%2C300&ssl=1 1.5x, https:\/\/i0.wp.com\/www.grieta.org.mx\/wp-content\/uploads\/2020\/04\/ViasTorcidasTrenMaya.png?resize=700%2C400&ssl=1 2x"},"classes":[]},{"id":68844,"url":"https:\/\/www.grieta.org.mx\/index.php\/2024\/04\/29\/ambientalistas-clausuran-las-oficinas-de-semarnat-tras-calificarla-de-ecocida-quintana-roo\/","url_meta":{"origin":68635,"position":2},"title":"Ambientalistas &#8220;clausuran&#8221; las oficinas de Semarnat tras calificarla de ecocida (Quintana Roo)","author":"grieta","date":"29 abril, 2024","format":false,"excerpt":"Leslie Gordillo \/ NOTICARIBE PENINSULAR CANC\u00daN.- Un grupo de ambientalistas, representante de diferentes organismos y asociaciones civiles, se manifestaron en la zona hotelera de Canc\u00fan y clausuraron de manera simb\u00f3lica las oficinas de la Secretar\u00eda de Medio Ambiente y Recursos Naturales (Semarnat). La denuncia es que la Semarnat ha sido\u2026","rel":"","context":"En &quot;Campeche&quot;","block_context":{"text":"Campeche","link":"https:\/\/www.grieta.org.mx\/index.php\/category\/noticias-nacionales\/campeche\/"},"img":{"alt_text":"","src":"https:\/\/i0.wp.com\/www.grieta.org.mx\/wp-content\/uploads\/2024\/04\/ambientalitas-e1715552774254.jpg?resize=350%2C200&ssl=1","width":350,"height":200,"srcset":"https:\/\/i0.wp.com\/www.grieta.org.mx\/wp-content\/uploads\/2024\/04\/ambientalitas-e1715552774254.jpg?resize=350%2C200&ssl=1 1x, https:\/\/i0.wp.com\/www.grieta.org.mx\/wp-content\/uploads\/2024\/04\/ambientalitas-e1715552774254.jpg?resize=525%2C300&ssl=1 1.5x, https:\/\/i0.wp.com\/www.grieta.org.mx\/wp-content\/uploads\/2024\/04\/ambientalitas-e1715552774254.jpg?resize=700%2C400&ssl=1 2x"},"classes":[]},{"id":58003,"url":"https:\/\/www.grieta.org.mx\/index.php\/2021\/03\/27\/son-proyectos-que-no-estan-siendo-consultados-por-tren-maya-se-harian-10-parques-solares-activistas-de-yucatan-no-quieren-mas-despojo-de-tierras\/","url_meta":{"origin":68635,"position":3},"title":"\u201cSon proyectos que no est\u00e1n siendo consultados\u201d: Por Tren Maya, se har\u00edan 10 parques solares; activistas de Yucat\u00e1n no quieren m\u00e1s despojo de tierras","author":"grieta","date":"27 marzo, 2021","format":false,"excerpt":"Itzel Chan \/ Noticaribe M\u00c9RIDA, MX.- Ante el anuncio relacionado con la construcci\u00f3n de 10 parques de energ\u00eda solar para abastecer los tramos electrificados del Tren Maya, integrantes de la Asamblea de Defensores del Territorio Maya M\u00fauch\u2019 X\u00edinbal, se pronuncian desde ahora que se oponen a m\u00e1s despojo de tierras.\u2026","rel":"","context":"En &quot;Campeche&quot;","block_context":{"text":"Campeche","link":"https:\/\/www.grieta.org.mx\/index.php\/category\/noticias-nacionales\/campeche\/"},"img":{"alt_text":"","src":"https:\/\/i0.wp.com\/www.grieta.org.mx\/wp-content\/uploads\/2021\/03\/ParquesSolaresTrenMalla-e1616978369383.png?resize=350%2C200&ssl=1","width":350,"height":200,"srcset":"https:\/\/i0.wp.com\/www.grieta.org.mx\/wp-content\/uploads\/2021\/03\/ParquesSolaresTrenMalla-e1616978369383.png?resize=350%2C200&ssl=1 1x, https:\/\/i0.wp.com\/www.grieta.org.mx\/wp-content\/uploads\/2021\/03\/ParquesSolaresTrenMalla-e1616978369383.png?resize=525%2C300&ssl=1 1.5x, https:\/\/i0.wp.com\/www.grieta.org.mx\/wp-content\/uploads\/2021\/03\/ParquesSolaresTrenMalla-e1616978369383.png?resize=700%2C400&ssl=1 2x"},"classes":[]},{"id":35613,"url":"https:\/\/www.grieta.org.mx\/index.php\/2019\/06\/27\/impactos-sociales-y-territoriales-del-proyecto-tren-maya-video\/","url_meta":{"origin":68635,"position":4},"title":"Impactos sociales y territoriales del proyecto tren maya (Video)","author":"grieta","date":"27 junio, 2019","format":false,"excerpt":"https:\/\/youtu.be\/FPH4ZTKgMPc","rel":"","context":"En &quot;CINTILLO&quot;","block_context":{"text":"CINTILLO","link":"https:\/\/www.grieta.org.mx\/index.php\/category\/cintillo\/"},"img":{"alt_text":"","src":"https:\/\/i0.wp.com\/www.grieta.org.mx\/wp-content\/uploads\/2018\/03\/14524434_1106112876131411_958039263622046936_o.jpg?resize=350%2C200&ssl=1","width":350,"height":200,"srcset":"https:\/\/i0.wp.com\/www.grieta.org.mx\/wp-content\/uploads\/2018\/03\/14524434_1106112876131411_958039263622046936_o.jpg?resize=350%2C200&ssl=1 1x, https:\/\/i0.wp.com\/www.grieta.org.mx\/wp-content\/uploads\/2018\/03\/14524434_1106112876131411_958039263622046936_o.jpg?resize=525%2C300&ssl=1 1.5x, https:\/\/i0.wp.com\/www.grieta.org.mx\/wp-content\/uploads\/2018\/03\/14524434_1106112876131411_958039263622046936_o.jpg?resize=700%2C400&ssl=1 2x"},"classes":[]},{"id":65964,"url":"https:\/\/www.grieta.org.mx\/index.php\/2022\/12\/15\/tren-maya-duplica-tendencia-de-deforestacion-en-el-sureste-mexicano\/","url_meta":{"origin":68635,"position":5},"title":"Tren Maya duplica tendencia de deforestaci\u00f3n en el sureste mexicano","author":"grieta","date":"15 diciembre, 2022","format":false,"excerpt":"Jes\u00fas V\u00e1zquez \/ Foto: Cuartoscuro \/ El Economista Canc\u00fan, QR. Con la construcci\u00f3n y entrada de operaci\u00f3n del Tren Maya, la tendencia de deforestaci\u00f3n neta en la regi\u00f3n de influencia del proyecto aumentar\u00e1 de 9,786 hect\u00e1reas por a\u00f1o (ha\/a\u00f1o) a 12,189.2 ha\/a\u00f1o entre el 2018 y el 2030, lo que\u2026","rel":"","context":"En &quot;Campeche&quot;","block_context":{"text":"Campeche","link":"https:\/\/www.grieta.org.mx\/index.php\/category\/noticias-nacionales\/campeche\/"},"img":{"alt_text":"","src":"https:\/\/i0.wp.com\/www.grieta.org.mx\/wp-content\/uploads\/2022\/12\/Deforestacion-e1671797549818.jpg?resize=350%2C200&ssl=1","width":350,"height":200,"srcset":"https:\/\/i0.wp.com\/www.grieta.org.mx\/wp-content\/uploads\/2022\/12\/Deforestacion-e1671797549818.jpg?resize=350%2C200&ssl=1 1x, https:\/\/i0.wp.com\/www.grieta.org.mx\/wp-content\/uploads\/2022\/12\/Deforestacion-e1671797549818.jpg?resize=525%2C300&ssl=1 1.5x, https:\/\/i0.wp.com\/www.grieta.org.mx\/wp-content\/uploads\/2022\/12\/Deforestacion-e1671797549818.jpg?resize=700%2C400&ssl=1 2x"},"classes":[]}],"_links":{"self":[{"href":"https:\/\/www.grieta.org.mx\/index.php\/wp-json\/wp\/v2\/posts\/68635","targetHints":{"allow":["GET"]}}],"collection":[{"href":"https:\/\/www.grieta.org.mx\/index.php\/wp-json\/wp\/v2\/posts"}],"about":[{"href":"https:\/\/www.grieta.org.mx\/index.php\/wp-json\/wp\/v2\/types\/post"}],"author":[{"embeddable":true,"href":"https:\/\/www.grieta.org.mx\/index.php\/wp-json\/wp\/v2\/users\/2"}],"replies":[{"embeddable":true,"href":"https:\/\/www.grieta.org.mx\/index.php\/wp-json\/wp\/v2\/comments?post=68635"}],"version-history":[{"count":1,"href":"https:\/\/www.grieta.org.mx\/index.php\/wp-json\/wp\/v2\/posts\/68635\/revisions"}],"predecessor-version":[{"id":68636,"href":"https:\/\/www.grieta.org.mx\/index.php\/wp-json\/wp\/v2\/posts\/68635\/revisions\/68636"}],"wp:featuredmedia":[{"embeddable":true,"href":"https:\/\/www.grieta.org.mx\/index.php\/wp-json\/wp\/v2\/media\/21928"}],"wp:attachment":[{"href":"https:\/\/www.grieta.org.mx\/index.php\/wp-json\/wp\/v2\/media?parent=68635"}],"wp:term":[{"taxonomy":"category","embeddable":true,"href":"https:\/\/www.grieta.org.mx\/index.php\/wp-json\/wp\/v2\/categories?post=68635"},{"taxonomy":"post_tag","embeddable":true,"href":"https:\/\/www.grieta.org.mx\/index.php\/wp-json\/wp\/v2\/tags?post=68635"}],"curies":[{"name":"wp","href":"https:\/\/api.w.org\/{rel}","templated":true}]}}