{"id":68627,"date":"2024-02-22T20:09:35","date_gmt":"2024-02-23T02:09:35","guid":{"rendered":"https:\/\/www.grieta.org.mx\/?p=68627"},"modified":"2024-03-18T07:38:55","modified_gmt":"2024-03-18T13:38:55","slug":"bacalar-en-la-defensa-de-su-territorio-maya-quintana-roo","status":"publish","type":"post","link":"https:\/\/www.grieta.org.mx\/index.php\/2024\/02\/22\/bacalar-en-la-defensa-de-su-territorio-maya-quintana-roo\/","title":{"rendered":"Bacalar, en la defensa de su territorio Maya (Quintana Roo)"},"content":{"rendered":"<p>Haizel de la Cruz \/ Ojal\u00e1<\/p>\n<p>J\u00f3venes mayas disfrutan la Laguna de Huay-Pix, que se encuentra en el extremo sur de Quintana Roo, y forma un gran sistema lagunar junto a la Laguna de Bacalar y al r\u00edo Hondo. Enero, 2021, foto \u00a9 Haizel de la Cruz.<\/p>\n<p>Entrevista \u00b7 Haizel de la Cruz \u00b7 22 de febrero, 2024 \u00b7 <\/p>\n<p>Bacalar es un pueblo maya que nuestras abuelas y abuelos m\u00e1s primeros eligieron porque hay una laguna: la mayor\u00eda de los pueblos en la Pen\u00ednsula de Yucat\u00e1n se fundaban alrededor de alguna fuente de agua. Su nombre significa \u201crodeado de carrizo\u201d, de las palabras mayas Bak\u2019, que significa alrededor y jalal que significa ca\u00f1a o carrizo. <\/p>\n<p>Es conocido como La laguna de los siete colores, que en realidad son siete tonalidades de azul; tambi\u00e9n tiene tres cenotes. En Bacalar, que se ubica en el estado costero de Quintana Roo, la gente vive de la milpa, siembra ma\u00edz, calabaza, frijol, papaya, pi\u00f1a, pl\u00e1tano, mango y otros, adem\u00e1s de la apicultura y el turismo comunitario. <\/p>\n<p>Antes la gente de Bacalar viv\u00eda alrededor de la laguna, pero el panorama ha cambiado: hoy a la orilla vemos grandes hoteles, restaurantes y servicios de turismo. <\/p>\n<p>En la \u00faltima d\u00e9cada la laguna se ha convertido en un parque acu\u00e1tico para los turistas, generando una derrama econ\u00f3mica para los empresarios. Hoy, en Bacalar se pretende poner una estaci\u00f3n del mal llamado Tren Maya, afectando no solo la salud de la laguna, sino tambi\u00e9n del pueblo maya. Ya tenemos claro que los impactos de estas megaobras da\u00f1an nuestro tejido social, econ\u00f3mico, organizativo, pol\u00edtico y cultural. <\/p>\n<p>Hace poco m\u00e1s de 15 a\u00f1os, Bacalar fue nombrada \u201cPueblo M\u00e1gico\u201d por la Secretar\u00eda de Turismo. El secretario de esta dependencia, Miguel Torruco, dijo al anunciar la designaci\u00f3n que ven\u00edan cosas mejores para Bacalar. Las declaraciones del secretario reflejan su inter\u00e9s \u00fanicamente por el turismo de masas. Cuando dice que vienen cosas mejores, la pregunta que tenemos nosotros es: \u00bfpara qui\u00e9nes?<\/p>\n<p>Como mayas, vimos con mucha preocupaci\u00f3n c\u00f3mo nuestro territorio comenzaba a ser invadido por diversos megaproyectos. De ah\u00ed nos hemos organizado a nivel peninsular a trav\u00e9s de la Asamblea de Defensores del Territorio Maya M\u00fauch\u2019 X\u00edimbal, en la que soy integrante.<\/p>\n<p>Esta asamblea tiene por objetivo la defensa de la vida maya, para esto construimos algunos acuerdos: No vendemos ni rentamos la tierra, No a las religiones, No a los partidos pol\u00edticos, S\u00ed a la cultura y lengua maya, S\u00ed a la defensa de nuestros derechos como pueblos mayas, S\u00ed a la identidad como pueblos mayas.<\/p>\n<p>Nuestra vida, como pueblo maya, es una vida familiar que tenemos con los animales, con las aves, con las piedras, con el viento, con el fuego, con el agua, con los Yuum (guardianes).<\/p>\n<p>Nos preocupa que hoy nuestra vida familiar maya toda se ve amenazada por los megaproyectos, entre ellos la soya transg\u00e9nica, las granjas porc\u00edcolas, el turismo de alto impacto, la energ\u00eda fotovoltaica y e\u00f3lica y ahora el tren mal llamado Maya.<\/p>\n<p>En enero, la Asamblea de Defensores del Territorio Maya M\u00fauch\u2019 X\u00edimbal, cuyo nombre significa \u201ccaminamos juntos\u201d, cumpli\u00f3 seis a\u00f1os como organizaci\u00f3n. En el marco de la celebraci\u00f3n de los seis a\u00f1os, convers\u00e9 con una persona integrante de la asamblea en Bacalar. <\/p>\n<p>A lo largo de la entrevista, el entrevistado se\u00f1al\u00f3 el crecimiento de la violencia en esa zona con la llegada del megaproyecto Tren Maya. Tambi\u00e9n manifest\u00f3 su desacuerdo con la postura de Torruco y otros funcionarios del gobierno federal, por asumir que el turismo de alto impacto es algo deseado por los \u201cpobladores mayas\u201d del lugar. <\/p>\n<p>Enfatiz\u00f3 que las comunidades no est\u00e1n de acuerdo con el tren, que m\u00e1s bien la gente est\u00e1 desinformada porque la informaci\u00f3n no est\u00e1 llegando a las comunidades. La persona que entrevist\u00e9 ha pedido que su nombre quede en el anonimato por temor a represalias. Nuestra conversaci\u00f3n ha sido ligeramente editada por claridad y extensi\u00f3n.<\/p>\n<p><img loading=\"lazy\" decoding=\"async\" data-attachment-id=\"68629\" data-permalink=\"https:\/\/www.grieta.org.mx\/index.php\/2024\/02\/22\/bacalar-en-la-defensa-de-su-territorio-maya-quintana-roo\/bacalar2-4\/\" data-orig-file=\"https:\/\/www.grieta.org.mx\/wp-content\/uploads\/2024\/03\/Bacalar2-e1710768612899.jpg\" data-orig-size=\"800,410\" data-comments-opened=\"0\" data-image-meta=\"{&quot;aperture&quot;:&quot;0&quot;,&quot;credit&quot;:&quot;&quot;,&quot;camera&quot;:&quot;&quot;,&quot;caption&quot;:&quot;&quot;,&quot;created_timestamp&quot;:&quot;0&quot;,&quot;copyright&quot;:&quot;&quot;,&quot;focal_length&quot;:&quot;0&quot;,&quot;iso&quot;:&quot;0&quot;,&quot;shutter_speed&quot;:&quot;0&quot;,&quot;title&quot;:&quot;&quot;,&quot;orientation&quot;:&quot;1&quot;}\" data-image-title=\"Bacalar2\" data-image-description=\"\" data-image-caption=\"\" data-medium-file=\"https:\/\/www.grieta.org.mx\/wp-content\/uploads\/2024\/03\/Bacalar2-300x154.jpg\" data-large-file=\"https:\/\/www.grieta.org.mx\/wp-content\/uploads\/2024\/03\/Bacalar2-1024x524.jpg\" src=\"http:\/\/www.grieta.org.mx\/wp-content\/uploads\/2024\/03\/Bacalar2-e1710768612899.jpg\" alt=\"\" width=\"800\" height=\"410\" class=\"alignnone size-full wp-image-68629\" \/><br \/>\nHoteles, restaurantes, centros tur\u00edsticos, se establecieron en la orilla de la Laguna de Bacalar, desplazando a sus habitantes. Diciembre 2023, foto \u00a9 Haizel de la Cruz.<\/p>\n<p>Haizel de la Cruz: Para empezar, cu\u00e9ntanos un poco de Bacalar.<\/p>\n<p>Compa\u00f1ero de Bacalar: Es un pueblo que tiene una historia bastante larga, m\u00e1s de 1,500 a\u00f1os de historia desde que nace Bacalar como un pueblo maya, antes de la llegada de los espa\u00f1oles. Se ha ido poblando: la poblaci\u00f3n es maya y de estados vecinos. Hasta hace una d\u00e9cada, o 15 a\u00f1os, digamos, hace relativamente poco, casi todos se conoc\u00edan en el pueblo. Yo creo que eso de alguna forma mantuvo segura a la poblaci\u00f3n, porque, pues, conoces a tus vecinos. Todos se llevan, todos tienen alg\u00fan tipo de amistad o cercan\u00eda entre familias; muchas son de la misma familia. Entonces Bacalar era bastante tranquilo, pod\u00edas transitar por sus casas, por sus calles, ir por sus brechas, ir a tu terrenito, a tu milpa sin ning\u00fan problema. <\/p>\n<p>El narcotr\u00e1fico era algo inexistente, todo bastante tranquilo, como ha sido en las comunidades mayas desde siempre. Hasta la propia poblaci\u00f3n se cuidaba, la propia poblaci\u00f3n aseguraba esa tranquilidad, sin que hubiera ni polic\u00edas ni militares en la poblaci\u00f3n. Estaba segura, ella misma estaba segura. <\/p>\n<p>De ah\u00ed para ac\u00e1 vemos que la violencia inici\u00f3 y se fue incrementando con este empuje que el gobierno ha estado insistiendo de que Bacalar crezca como un pueblo que recibe al turismo, que este lo convierte en \u201cpueblo m\u00e1gico\u201d. <\/p>\n<p>HdlC: \u00bfT\u00fa crees que esta violencia la empiezan a vivir ante el anunci\u00f3 de la llegada del Tren?<\/p>\n<p>CdB: La violencia la viene desencadenado principalmente el megaproyecto del Tren y a los megaproyectos asociados a \u00e9l, que son los aeropuertos, los hoteles, todo ese tipo de proyectos. El propio Estado los est\u00e1 imponiendo en el territorio y los due\u00f1os son principalmente de la [Secretar\u00eda de la Defensa]. <\/p>\n<p>Nosotros hemos visto que los megaproyectos vinieron tambi\u00e9n a inaugurar la violencia del crimen organizado. Viene este megaproyecto del tren que no es maya, y ah\u00ed ya viene una ola enorme de violencia, una violencia, pues, jam\u00e1s vista por esta zona, por todo este territorio maya. <\/p>\n<p>Est\u00e1 relacionada a secuestros, a extorsiones, a desapariciones forzadas, a levantones, a descuartizados. <\/p>\n<p>Ese tipo de violencia era impensable. No es propia de ac\u00e1. No es algo que hayamos visto antes.<\/p>\n<p>HdlC: \u00bfCu\u00e1l es tu interpretaci\u00f3n de la violencia en tu comunidad?<\/p>\n<p>CdB: Nosotros vemos [la violencia] como algo integral: donde mete la mano el gobierno imponiendo megaproyectos, llega el crimen organizado.<\/p>\n<p>El gobierno, siendo pues tambi\u00e9n un narcogobierno, llegan de la mano con el mismo prop\u00f3sito de despojar a los pueblos ind\u00edgenas de sus tierras, de su agua, de sus montes, por eso tambi\u00e9n vemos que es absurdo que digan: \u201cNosotros estamos militarizado la zona por el bien de la poblaci\u00f3n\u201d.<\/p>\n<p>Realmente est\u00e1n militarizando para defender a sus narcos y defender sus megaproyectos que llegan con una demanda del turismo. Tambi\u00e9n las drogas llegan, no tanto para consumo sino para venta y distribuci\u00f3n. <\/p>\n<p>Este movimiento de drogas era bastante m\u00ednimo, tal vez en las comunidades ni exist\u00eda este tipo de cosas, pero s\u00ed lo ve\u00edamos en las zonas m\u00e1s tur\u00edsticas de la pen\u00ednsula de Quintana Roo, como Canc\u00fan, Playa [del Carmen], Tulum, Mahahual, pues es donde m\u00e1s se mueve este tipo de sustancias. <\/p>\n<p>La forma en la que esto llega le llaman desarrollo: el gobierno ve que Canc\u00fan es una ciudad desarrollada para ellos, es un ejemplo, nosotros la vemos con temor.<\/p>\n<p><img loading=\"lazy\" decoding=\"async\" data-attachment-id=\"68630\" data-permalink=\"https:\/\/www.grieta.org.mx\/index.php\/2024\/02\/22\/bacalar-en-la-defensa-de-su-territorio-maya-quintana-roo\/bacalar3-4\/\" data-orig-file=\"https:\/\/www.grieta.org.mx\/wp-content\/uploads\/2024\/03\/Bacalar3-e1710768756304.jpg\" data-orig-size=\"800,596\" data-comments-opened=\"0\" data-image-meta=\"{&quot;aperture&quot;:&quot;0&quot;,&quot;credit&quot;:&quot;&quot;,&quot;camera&quot;:&quot;&quot;,&quot;caption&quot;:&quot;&quot;,&quot;created_timestamp&quot;:&quot;0&quot;,&quot;copyright&quot;:&quot;&quot;,&quot;focal_length&quot;:&quot;0&quot;,&quot;iso&quot;:&quot;0&quot;,&quot;shutter_speed&quot;:&quot;0&quot;,&quot;title&quot;:&quot;&quot;,&quot;orientation&quot;:&quot;1&quot;}\" data-image-title=\"Bacalar3\" data-image-description=\"\" data-image-caption=\"\" data-medium-file=\"https:\/\/www.grieta.org.mx\/wp-content\/uploads\/2024\/03\/Bacalar3-300x223.jpg\" data-large-file=\"https:\/\/www.grieta.org.mx\/wp-content\/uploads\/2024\/03\/Bacalar3-1024x762.jpg\" src=\"http:\/\/www.grieta.org.mx\/wp-content\/uploads\/2024\/03\/Bacalar3-e1710768756304.jpg\" alt=\"\" width=\"800\" height=\"596\" class=\"alignnone size-full wp-image-68630\" \/><br \/>\nFlor n\u00e1ab (flor de loto) en la Laguna de Bacalar, abril 2017. Foto \u00a9 Haizel de la Cruz.<\/p>\n<p>HdlC: T\u00fa hablabas de que lo que quiere el estado es generar una divisi\u00f3n en la comunidad y as\u00ed es mucho m\u00e1s f\u00e1cil despojar y controlar el territorio, \u00bfC\u00f3mo percibes esto?<\/p>\n<p>CdB: Ellos [el gobierno] saben c\u00f3mo meterse en las comunidades y c\u00f3mo ir rompiendo la propia comunidad. <\/p>\n<p>Con el auge del turismo, toda esta zona la ven como una oportunidad econ\u00f3mica. Mucha de la poblaci\u00f3n que est\u00e1 [trabajando] en estos hoteles es explotada. No saben bien c\u00f3mo se manejan ese tipo de negocios, pues viven un poco enga\u00f1ados, piensan que est\u00e1 bien trabajar tanto y no recibir un sueldo como deber\u00eda de ser, por eso la mayor\u00eda de la poblaci\u00f3n juvenil vive cada vez m\u00e1s en la pobreza. <\/p>\n<p>Se les hace m\u00e1s dif\u00edcil acceder a la educaci\u00f3n, a las universidades. Eso tiene que ver tambi\u00e9n con el despojo de tierra, con el incremento de las cosas b\u00e1sicas, de la alimentaci\u00f3n, de la electricidad, de la luz, porque se encarece realmente Bacalar. No va a la par con los sueldos, ni con la capacidad que tenemos para poder tener ese nivel de adquisici\u00f3n.<\/p>\n<p>[El narco] est\u00e1 captando a la poblaci\u00f3n joven, que es la fuerza que va naciendo de la comunidad, que deber\u00eda de ser esa fuerza que est\u00e9 aprendiendo a defender su tierra, que est\u00e9 aprendiendo a ser m\u00e1s fuerte. Son los herederos de este territorio. <\/p>\n<p>Ahora, en lugar de estar pensando en defender su tierra, pues est\u00e1n pensando en defender a su c\u00e1rtel, est\u00e1n pensando en defender a su jefe y, \u00bfd\u00f3nde va a quedar entonces quien defienda la tierra? Si ellos son los j\u00f3venes. <\/p>\n<p>HdlC: Por \u00faltimo, \u00bfc\u00f3mo se organizan en tu comunidad a partir de la Asamblea de Defensores del Territorio Maya M\u00fauch\u2019 X\u00edimbal?<\/p>\n<p>CdB: Algunas de las cosas que hacemos van enfocados en llevar informaci\u00f3n a las comunidades, tejer poco a poco ese tejido comunitario, platicar con nuestra comunidad, estar en contacto, expresar esto por medio de textos, de peque\u00f1as asambleas dentro de las comunidades. Nosotros intentamos acercarnos e ir escuchando sus temores, sus dolores, ir buscando c\u00f3mo apoyarlos, hemos puesto amparos, hemos recurrido a esta parte legal tambi\u00e9n, porque es parte del caminar. <\/p>\n<p>Tambi\u00e9n tenemos la No-Radio M\u00fauch\u2019 X\u00edimbal y usamos este espacio para dar la informaci\u00f3n de lo que estamos viviendo en nuestras comunidades y para reforzar nuestra identidad y nuestro pensamiento cr\u00edtico respecto a lo que estamos viviendo. <\/p>\n<p>Cada vez la gente afortunadamente est\u00e1 cuestion\u00e1ndose: \u00bfqu\u00e9 realmente es la Cuarta Transformaci\u00f3n? \u00bfEs una transformaci\u00f3n? \u00bfEso da una pauta para hacer algo m\u00e1s? Eso es para pensar qu\u00e9 vamos a hacer como comunidades. As\u00ed es un poco lo que andamos haciendo en la Asamblea.<\/p>\n<p><a href=\"https:\/\/www.ojala.mx\/es\/ojala-es\/bacalar-en-la-defensa-de-su-territorio-maya\" rel=\"noopener\" target=\"_blank\">https:\/\/www.ojala.mx\/es\/ojala-es\/bacalar-en-la-defensa-de-su-territorio-maya<\/a><\/p>\n","protected":false},"excerpt":{"rendered":"<p>Haizel de la Cruz \/ Ojal\u00e1 J\u00f3venes mayas disfrutan la Laguna de Huay-Pix, que se encuentra en el extremo sur de Quintana Roo, y forma un gran sistema lagunar junto &hellip; <a href=\"https:\/\/www.grieta.org.mx\/index.php\/2024\/02\/22\/bacalar-en-la-defensa-de-su-territorio-maya-quintana-roo\/\" class=\"more-link\">Leer m\u00e1s<\/a><\/p>\n","protected":false},"author":2,"featured_media":68628,"comment_status":"closed","ping_status":"closed","sticky":false,"template":"","format":"standard","meta":{"ngg_post_thumbnail":0,"_jetpack_newsletter_access":"","_jetpack_dont_email_post_to_subs":false,"_jetpack_newsletter_tier_id":0,"_jetpack_memberships_contains_paywalled_content":false,"_jetpack_memberships_contains_paid_content":false,"footnotes":""},"categories":[80,2749,1557,3,922,944,2,28,2026],"tags":[2821,315,2520,628,2987,4130,1878,2231],"class_list":["post-68627","post","type-post","status-publish","format-standard","has-post-thumbnail","hentry","category-cintillo","category-destruccion-y-contaminacion-ambiental-en-quintana-roo","category-incremento-en-la-violencia-en-quintana-roo","category-megaproyectos","category-megaproyectos-estados","category-mp-quintana-roo","category-noticias-nacionales","category-quintana-roo","category-tren-maya","tag-asamblea-de-defensores-del-territorio-maya-muuch-xiinbal","tag-bacalar","tag-crimen-organizado","tag-defensa-del-territorio","tag-impacto-ecologico-por-tren-maya","tag-impactos-sociales-por-tren-maya","tag-tren-maya","tag-violencia-por-megaproyectos","entry"],"jetpack_featured_media_url":"https:\/\/www.grieta.org.mx\/wp-content\/uploads\/2024\/03\/Bacalar-e1710768406179.jpg","jetpack_sharing_enabled":true,"jetpack_shortlink":"https:\/\/wp.me\/p7ZJR4-hQT","jetpack_likes_enabled":false,"jetpack-related-posts":[{"id":67152,"url":"https:\/\/www.grieta.org.mx\/index.php\/2023\/07\/08\/ejercito-suspende-relleno-del-estero-de-chac-ante-quejas-de-habitantes-de-bacalar-quintana-roo\/","url_meta":{"origin":68627,"position":0},"title":"Ej\u00e9rcito suspende relleno del estero de Chac ante quejas de habitantes de Bacalar (Quintana Roo)","author":"grieta","date":"8 julio, 2023","format":false,"excerpt":"Emilio G\u00f3mez \/ Foto: Facebook Acci\u00f3n Juvenil Quintana Roo \/ La Jornada Maya Chetumal, Quintana Roo El Ej\u00e9rcito mexicano suspendi\u00f3 el relleno del estero de Chac, un canal de agua que parte de la ciudad de Chetumal, de norte a sur y que conecta a la laguna de Bacalar con\u2026","rel":"","context":"En &quot;CINTILLO&quot;","block_context":{"text":"CINTILLO","link":"https:\/\/www.grieta.org.mx\/index.php\/category\/cintillo\/"},"img":{"alt_text":"","src":"https:\/\/i0.wp.com\/www.grieta.org.mx\/wp-content\/uploads\/2023\/07\/RellenoChetumal-e1688839701794.jpg?resize=350%2C200&ssl=1","width":350,"height":200,"srcset":"https:\/\/i0.wp.com\/www.grieta.org.mx\/wp-content\/uploads\/2023\/07\/RellenoChetumal-e1688839701794.jpg?resize=350%2C200&ssl=1 1x, https:\/\/i0.wp.com\/www.grieta.org.mx\/wp-content\/uploads\/2023\/07\/RellenoChetumal-e1688839701794.jpg?resize=525%2C300&ssl=1 1.5x, https:\/\/i0.wp.com\/www.grieta.org.mx\/wp-content\/uploads\/2023\/07\/RellenoChetumal-e1688839701794.jpg?resize=700%2C400&ssl=1 2x"},"classes":[]},{"id":68588,"url":"https:\/\/www.grieta.org.mx\/index.php\/2024\/02\/09\/colapsa-estructura-del-tren-maya-cerca-de-bacalar-hay-dos-personas-lesionadas-videoquintana-roo\/","url_meta":{"origin":68627,"position":1},"title":"Colapsa estructura del Tren Maya cerca de Bacalar; hay dos personas lesionadas (Video)(Quintana Roo)","author":"grieta","date":"9 febrero, 2024","format":false,"excerpt":"Octavio Mart\u00ednez \/ Revista Proceso El desplome de una estructura de concreto en las obras del Tren Maya cerca de Bacalar, en Quintana Roo, dej\u00f3 un saldo de dos trabajadores lesionados. CANC\u00daN, Qroo. (apro).\u2013 El desplome de una estructura de concreto en las obras del Tren Maya cerca de Bacalar,\u2026","rel":"","context":"En &quot;CINTILLO&quot;","block_context":{"text":"CINTILLO","link":"https:\/\/www.grieta.org.mx\/index.php\/category\/cintillo\/"},"img":{"alt_text":"","src":"https:\/\/i0.wp.com\/www.grieta.org.mx\/wp-content\/uploads\/2024\/03\/TrenAccidente-e1709625311972.jpg?resize=350%2C200&ssl=1","width":350,"height":200,"srcset":"https:\/\/i0.wp.com\/www.grieta.org.mx\/wp-content\/uploads\/2024\/03\/TrenAccidente-e1709625311972.jpg?resize=350%2C200&ssl=1 1x, https:\/\/i0.wp.com\/www.grieta.org.mx\/wp-content\/uploads\/2024\/03\/TrenAccidente-e1709625311972.jpg?resize=525%2C300&ssl=1 1.5x, https:\/\/i0.wp.com\/www.grieta.org.mx\/wp-content\/uploads\/2024\/03\/TrenAccidente-e1709625311972.jpg?resize=700%2C400&ssl=1 2x"},"classes":[]},{"id":69463,"url":"https:\/\/www.grieta.org.mx\/index.php\/2024\/08\/25\/alarman-danos-a-estero-de-chac-hay-visible-coloracion-de-agua-quintna-roo\/","url_meta":{"origin":68627,"position":2},"title":"Alarman da\u00f1os a Estero de Chac, hay visible coloraci\u00f3n de agua (Quintna Roo)","author":"grieta","date":"25 agosto, 2024","format":false,"excerpt":"REDACCI\u00d3N \/ GRUPO CANT\u00d3N \/ Quintana Roo Hoy Acusan expertos que los espacios para las obras interfieren con el flujo de agua, afectando al cauce y a la laguna CANC\u00daN.- Las obras del Tren Maya en Quintana Roo han sido se\u00f1aladas de afectar de nuevo los humedales, en este caso\u2026","rel":"","context":"En &quot;CINTILLO&quot;","block_context":{"text":"CINTILLO","link":"https:\/\/www.grieta.org.mx\/index.php\/category\/cintillo\/"},"img":{"alt_text":"","src":"https:\/\/i0.wp.com\/www.grieta.org.mx\/wp-content\/uploads\/2024\/08\/Estero-e1724699059158.jpg?resize=350%2C200&ssl=1","width":350,"height":200,"srcset":"https:\/\/i0.wp.com\/www.grieta.org.mx\/wp-content\/uploads\/2024\/08\/Estero-e1724699059158.jpg?resize=350%2C200&ssl=1 1x, https:\/\/i0.wp.com\/www.grieta.org.mx\/wp-content\/uploads\/2024\/08\/Estero-e1724699059158.jpg?resize=525%2C300&ssl=1 1.5x, https:\/\/i0.wp.com\/www.grieta.org.mx\/wp-content\/uploads\/2024\/08\/Estero-e1724699059158.jpg?resize=700%2C400&ssl=1 2x"},"classes":[]},{"id":70705,"url":"https:\/\/www.grieta.org.mx\/index.php\/2024\/12\/13\/trabajadores-del-tren-maya-bloquean-la-carretera-chetumal-bacalar-por-salarios-atrasados-quintana-roo\/","url_meta":{"origin":68627,"position":3},"title":"Trabajadores del Tren Maya Bloquean la Carretera Chetumal-Bacalar por Salarios Atrasados (Quintana Roo)","author":"grieta","date":"13 diciembre, 2024","format":false,"excerpt":"Antonio Brice\u00f1o \/ CAMBIO 22 Trabajadores del Tren Maya bloquearon esta ma\u00f1ana la carretera Chetumal-Bacalar, en protesta por la falta de pago de sus salarios desde octubre Exigen una soluci\u00f3n inmediata para poder reanudar su labor CHETUMAL, 13 de diciembre.- Un grupo de trabajadores del Tren Maya bloque\u00f3 esta ma\u00f1ana\u2026","rel":"","context":"En &quot;CINTILLO&quot;","block_context":{"text":"CINTILLO","link":"https:\/\/www.grieta.org.mx\/index.php\/category\/cintillo\/"},"img":{"alt_text":"","src":"https:\/\/i0.wp.com\/www.grieta.org.mx\/wp-content\/uploads\/2024\/12\/Bloqueo.jpg?resize=350%2C200&ssl=1","width":350,"height":200},"classes":[]},{"id":55555,"url":"https:\/\/www.grieta.org.mx\/index.php\/2020\/11\/28\/que-desarrollo-traera-el-tren-maya-estacion-bacalar\/","url_meta":{"origin":68627,"position":4},"title":"\u00bfQu\u00e9 desarrollo traer\u00e1 el Tren Maya? Estaci\u00f3n Bacalar","author":"grieta","date":"28 noviembre, 2020","format":false,"excerpt":"Colectivo Grieta \u00a0 \u00a0 \u00a0 La estaci\u00f3n de Bacalar se planea como una de las 19 estaciones del mega proyecto de despojo, mal llamado Tren Maya. Bacalar es una localidad del estado de Quintana Roo con 11,089 habitantes, de los cuales 6,658 se registran como Poblaci\u00f3n Econ\u00f3micamente Activa. Actualmente recibe\u2026","rel":"","context":"En &quot;CINTILLO&quot;","block_context":{"text":"CINTILLO","link":"https:\/\/www.grieta.org.mx\/index.php\/category\/cintillo\/"},"img":{"alt_text":"","src":"https:\/\/i0.wp.com\/www.grieta.org.mx\/wp-content\/uploads\/2020\/11\/WhatsApp-Image-2020-11-22-at-8.07.51-PM.jpg?resize=350%2C200&ssl=1","width":350,"height":200,"srcset":"https:\/\/i0.wp.com\/www.grieta.org.mx\/wp-content\/uploads\/2020\/11\/WhatsApp-Image-2020-11-22-at-8.07.51-PM.jpg?resize=350%2C200&ssl=1 1x, https:\/\/i0.wp.com\/www.grieta.org.mx\/wp-content\/uploads\/2020\/11\/WhatsApp-Image-2020-11-22-at-8.07.51-PM.jpg?resize=525%2C300&ssl=1 1.5x"},"classes":[]},{"id":69827,"url":"https:\/\/www.grieta.org.mx\/index.php\/2024\/09\/06\/ejidatarios-de-limones-bloquean-acceso-al-tren-maya-quintana-roo\/","url_meta":{"origin":68627,"position":5},"title":"Ejidatarios de Limones bloquean acceso al Tren Maya (Quintana Roo)","author":"grieta","date":"6 septiembre, 2024","format":false,"excerpt":"Christian Christ \/ De Peso Quintana Roo Este viernes 6 de septiembre habitantes del poblado de Limones, en el municipio de Bacalar, bloquearon temporalmente la entrada principal que conduce a la estaci\u00f3n del Tren Maya, debido al incumplimiento de acuerdos previamente pactados. El bloqueo se realiz\u00f3 en la carretera Chetumal-Canc\u00fan,\u2026","rel":"","context":"En &quot;CINTILLO&quot;","block_context":{"text":"CINTILLO","link":"https:\/\/www.grieta.org.mx\/index.php\/category\/cintillo\/"},"img":{"alt_text":"","src":"https:\/\/i0.wp.com\/www.grieta.org.mx\/wp-content\/uploads\/2024\/09\/bloqueo-e1727228798471.jpg?resize=350%2C200&ssl=1","width":350,"height":200,"srcset":"https:\/\/i0.wp.com\/www.grieta.org.mx\/wp-content\/uploads\/2024\/09\/bloqueo-e1727228798471.jpg?resize=350%2C200&ssl=1 1x, https:\/\/i0.wp.com\/www.grieta.org.mx\/wp-content\/uploads\/2024\/09\/bloqueo-e1727228798471.jpg?resize=525%2C300&ssl=1 1.5x, https:\/\/i0.wp.com\/www.grieta.org.mx\/wp-content\/uploads\/2024\/09\/bloqueo-e1727228798471.jpg?resize=700%2C400&ssl=1 2x"},"classes":[]}],"_links":{"self":[{"href":"https:\/\/www.grieta.org.mx\/index.php\/wp-json\/wp\/v2\/posts\/68627","targetHints":{"allow":["GET"]}}],"collection":[{"href":"https:\/\/www.grieta.org.mx\/index.php\/wp-json\/wp\/v2\/posts"}],"about":[{"href":"https:\/\/www.grieta.org.mx\/index.php\/wp-json\/wp\/v2\/types\/post"}],"author":[{"embeddable":true,"href":"https:\/\/www.grieta.org.mx\/index.php\/wp-json\/wp\/v2\/users\/2"}],"replies":[{"embeddable":true,"href":"https:\/\/www.grieta.org.mx\/index.php\/wp-json\/wp\/v2\/comments?post=68627"}],"version-history":[{"count":1,"href":"https:\/\/www.grieta.org.mx\/index.php\/wp-json\/wp\/v2\/posts\/68627\/revisions"}],"predecessor-version":[{"id":68631,"href":"https:\/\/www.grieta.org.mx\/index.php\/wp-json\/wp\/v2\/posts\/68627\/revisions\/68631"}],"wp:featuredmedia":[{"embeddable":true,"href":"https:\/\/www.grieta.org.mx\/index.php\/wp-json\/wp\/v2\/media\/68628"}],"wp:attachment":[{"href":"https:\/\/www.grieta.org.mx\/index.php\/wp-json\/wp\/v2\/media?parent=68627"}],"wp:term":[{"taxonomy":"category","embeddable":true,"href":"https:\/\/www.grieta.org.mx\/index.php\/wp-json\/wp\/v2\/categories?post=68627"},{"taxonomy":"post_tag","embeddable":true,"href":"https:\/\/www.grieta.org.mx\/index.php\/wp-json\/wp\/v2\/tags?post=68627"}],"curies":[{"name":"wp","href":"https:\/\/api.w.org\/{rel}","templated":true}]}}