{"id":68621,"date":"2024-03-08T19:52:33","date_gmt":"2024-03-09T01:52:33","guid":{"rendered":"https:\/\/www.grieta.org.mx\/?p=68621"},"modified":"2024-03-17T20:09:05","modified_gmt":"2024-03-18T02:09:05","slug":"protestan-yucatecas-en-el-8m-y-la-policia-amuralla-la-ciudad-blanca","status":"publish","type":"post","link":"https:\/\/www.grieta.org.mx\/index.php\/2024\/03\/08\/protestan-yucatecas-en-el-8m-y-la-policia-amuralla-la-ciudad-blanca\/","title":{"rendered":"Protestan yucatecas en el #8M y la polic\u00eda amuralla la \u2018ciudad blanca\u2019"},"content":{"rendered":"<p> Itzel Chan \/ Haz Ruido<\/p>\n<blockquote><p>Las manifestantes realizaron diversas intervenciones durante la marcha. En el Palacio de Gobierno intentaron derribar las vallas y la polic\u00eda las dispers\u00f3 con agua a presi\u00f3n.<\/p><\/blockquote>\n<p>M\u00e9rida, Yucat\u00e1n, 08 de marzo de 2024.-La manifestaci\u00f3n feminista en el marco del D\u00eda Internacional de la Mujer 2024 fue distinta en esta ocasi\u00f3n en la ciudad de M\u00e9rida, pues las autoridades dictaron la orden de amurallar \u2018la ciudad blanca\u2019.<\/p>\n<p>Desde las primeras horas de este 8 de marzo las autoridades ordenaron \u2018proteger\u2019 el Palacio de Gobierno y la catedral de M\u00e9rida, no s\u00f3lo con vallas con una altura cercana a los tres metros sino tambi\u00e9n cerraron las calles del primer cuadro del Centro Hist\u00f3rico.<\/p>\n<p><img loading=\"lazy\" decoding=\"async\" data-attachment-id=\"68623\" data-permalink=\"https:\/\/www.grieta.org.mx\/index.php\/2024\/03\/08\/protestan-yucatecas-en-el-8m-y-la-policia-amuralla-la-ciudad-blanca\/8m2\/\" data-orig-file=\"https:\/\/www.grieta.org.mx\/wp-content\/uploads\/2024\/03\/8M2.jpg\" data-orig-size=\"696,512\" data-comments-opened=\"0\" data-image-meta=\"{&quot;aperture&quot;:&quot;0&quot;,&quot;credit&quot;:&quot;&quot;,&quot;camera&quot;:&quot;&quot;,&quot;caption&quot;:&quot;&quot;,&quot;created_timestamp&quot;:&quot;0&quot;,&quot;copyright&quot;:&quot;&quot;,&quot;focal_length&quot;:&quot;0&quot;,&quot;iso&quot;:&quot;0&quot;,&quot;shutter_speed&quot;:&quot;0&quot;,&quot;title&quot;:&quot;&quot;,&quot;orientation&quot;:&quot;1&quot;}\" data-image-title=\"8M2\" data-image-description=\"\" data-image-caption=\"\" data-medium-file=\"https:\/\/www.grieta.org.mx\/wp-content\/uploads\/2024\/03\/8M2-300x221.jpg\" data-large-file=\"https:\/\/www.grieta.org.mx\/wp-content\/uploads\/2024\/03\/8M2.jpg\" src=\"http:\/\/www.grieta.org.mx\/wp-content\/uploads\/2024\/03\/8M2.jpg\" alt=\"\" width=\"696\" height=\"512\" class=\"alignnone size-full wp-image-68623\" srcset=\"https:\/\/www.grieta.org.mx\/wp-content\/uploads\/2024\/03\/8M2.jpg 696w, https:\/\/www.grieta.org.mx\/wp-content\/uploads\/2024\/03\/8M2-300x221.jpg 300w\" sizes=\"auto, (max-width: 696px) 100vw, 696px\" \/><\/p>\n<p>La manifestaci\u00f3n en la que se reunieron diversos contingentes comenz\u00f3 alrededor de las 6:00 de la tarde y el punto de encuentro fue el monumento a la Patria.<\/p>\n<p>Despu\u00e9s de partir hacia Paseo de Montejo, un bloque se detuvo a la altura del monumento a Felipe Carrillo Puerto, en donde realizaron las primeras intervenciones.<\/p>\n<p>Con el grito de \u00ab\u00a1Fuimos todas!\u00bb derribaron las maderas que proteg\u00edan esta estatua, adem\u00e1s escribieron en ellas denuncias en contra de la violencia de g\u00e9nero que se vive en Yucat\u00e1n.<\/p>\n<p><img loading=\"lazy\" decoding=\"async\" data-attachment-id=\"68624\" data-permalink=\"https:\/\/www.grieta.org.mx\/index.php\/2024\/03\/08\/protestan-yucatecas-en-el-8m-y-la-policia-amuralla-la-ciudad-blanca\/8m3\/\" data-orig-file=\"https:\/\/www.grieta.org.mx\/wp-content\/uploads\/2024\/03\/8M3-e1710727519103.jpg\" data-orig-size=\"800,589\" data-comments-opened=\"0\" data-image-meta=\"{&quot;aperture&quot;:&quot;0&quot;,&quot;credit&quot;:&quot;&quot;,&quot;camera&quot;:&quot;&quot;,&quot;caption&quot;:&quot;&quot;,&quot;created_timestamp&quot;:&quot;0&quot;,&quot;copyright&quot;:&quot;&quot;,&quot;focal_length&quot;:&quot;0&quot;,&quot;iso&quot;:&quot;0&quot;,&quot;shutter_speed&quot;:&quot;0&quot;,&quot;title&quot;:&quot;&quot;,&quot;orientation&quot;:&quot;1&quot;}\" data-image-title=\"8M3\" data-image-description=\"\" data-image-caption=\"\" data-medium-file=\"https:\/\/www.grieta.org.mx\/wp-content\/uploads\/2024\/03\/8M3-300x221.jpg\" data-large-file=\"https:\/\/www.grieta.org.mx\/wp-content\/uploads\/2024\/03\/8M3-e1710727519103.jpg\" src=\"http:\/\/www.grieta.org.mx\/wp-content\/uploads\/2024\/03\/8M3-e1710727519103.jpg\" alt=\"\" width=\"800\" height=\"589\" class=\"alignnone size-full wp-image-68624\" \/><\/p>\n<p>Entre las asistentes hab\u00eda mujeres con diversidad funcional y madres con sus hijas e hijos, por lo que al final los contingentes tomaron distintos rumbos: uno de ellos regres\u00f3 al punto de inicio, otro m\u00e1s fue al Remate y el \u00faltimo grupo se dirigi\u00f3 al Centro Hist\u00f3rico.<\/p>\n<p>Ah\u00ed gritaron \u00ab\u00a1Vila tiene miedo!\u00bb mientras intentaron tirar las vallas de acero colocadas.<\/p>\n<p>Al llegar al Palacio de Gobierno, algunas manifestantes intentaron derribar las vallas y prender fuego. Fue entonces que elementos de la Secretar\u00eda de Seguridad P\u00fablica (SSP) comenzaron a lanzar agua a presi\u00f3n para tratar de dispersarlas, pero las feministas continuaron.<\/p>\n<p>Despu\u00e9s de casi una hora de estar frente al Palacio de Gobierno, las mujeres se trasladaron frente al edificio del Ayuntamiento de M\u00e9rida en donde no hab\u00eda cubiertas de metal.<\/p>\n<p><img loading=\"lazy\" decoding=\"async\" data-attachment-id=\"68625\" data-permalink=\"https:\/\/www.grieta.org.mx\/index.php\/2024\/03\/08\/protestan-yucatecas-en-el-8m-y-la-policia-amuralla-la-ciudad-blanca\/8m4\/\" data-orig-file=\"https:\/\/www.grieta.org.mx\/wp-content\/uploads\/2024\/03\/8M4-e1710727610927.jpg\" data-orig-size=\"800,596\" data-comments-opened=\"0\" data-image-meta=\"{&quot;aperture&quot;:&quot;0&quot;,&quot;credit&quot;:&quot;&quot;,&quot;camera&quot;:&quot;&quot;,&quot;caption&quot;:&quot;&quot;,&quot;created_timestamp&quot;:&quot;0&quot;,&quot;copyright&quot;:&quot;&quot;,&quot;focal_length&quot;:&quot;0&quot;,&quot;iso&quot;:&quot;0&quot;,&quot;shutter_speed&quot;:&quot;0&quot;,&quot;title&quot;:&quot;&quot;,&quot;orientation&quot;:&quot;1&quot;}\" data-image-title=\"8M4\" data-image-description=\"\" data-image-caption=\"\" data-medium-file=\"https:\/\/www.grieta.org.mx\/wp-content\/uploads\/2024\/03\/8M4-300x223.jpg\" data-large-file=\"https:\/\/www.grieta.org.mx\/wp-content\/uploads\/2024\/03\/8M4-e1710727610927.jpg\" src=\"http:\/\/www.grieta.org.mx\/wp-content\/uploads\/2024\/03\/8M4-e1710727610927.jpg\" alt=\"\" width=\"800\" height=\"596\" class=\"alignnone size-full wp-image-68625\" \/><\/p>\n<p>Durante la manifestaci\u00f3n en esta zona principal del centro de M\u00e9rida, sobrevolaron drones presuntamente pertenecientes a la SSP.<\/p>\n<p>A los alrededores de la manifestaci\u00f3n, cientos de personas que regresaban de su trabajo se quedaron como espectadores.<\/p>\n<p>Hay que recordar que en la marcha pasada de 2023, s\u00f3lo fue resguardado el Palacio de Gobierno con vallas de madera, las cuales fueron derribadas y quemadas ante el hartazgo y denuncia de la violencia machista en el estado.<\/p>\n<p>Una vez m\u00e1s las mujeres yucatecas piden alto a los feminicidios y justicia por las mujeres desaparecidas y asesinadas.<\/p>\n<p><a href=\"https:\/\/www.hazruido.mx\/reportes\/protestan-yucatecas-en-el-8m-y-la-policia-amuralla-la-ciudad-blanca\/\" rel=\"noopener\" target=\"_blank\">https:\/\/www.hazruido.mx\/reportes\/protestan-yucatecas-en-el-8m-y-la-policia-amuralla-la-ciudad-blanca\/<\/a><\/p>\n","protected":false},"excerpt":{"rendered":"<p>Itzel Chan \/ Haz Ruido Las manifestantes realizaron diversas intervenciones durante la marcha. En el Palacio de Gobierno intentaron derribar las vallas y la polic\u00eda las dispers\u00f3 con agua a &hellip; <a href=\"https:\/\/www.grieta.org.mx\/index.php\/2024\/03\/08\/protestan-yucatecas-en-el-8m-y-la-policia-amuralla-la-ciudad-blanca\/\" class=\"more-link\">Leer m\u00e1s<\/a><\/p>\n","protected":false},"author":2,"featured_media":68622,"comment_status":"closed","ping_status":"closed","sticky":false,"template":"","format":"standard","meta":{"ngg_post_thumbnail":0,"_jetpack_newsletter_access":"","_jetpack_dont_email_post_to_subs":false,"_jetpack_newsletter_tier_id":0,"_jetpack_memberships_contains_paywalled_content":false,"_jetpack_memberships_contains_paid_content":false,"footnotes":""},"categories":[80,3168,2,36],"tags":[3146,2272,2248,2317],"class_list":["post-68621","post","type-post","status-publish","format-standard","has-post-thumbnail","hentry","category-cintillo","category-lucha-de-las-mujeres-en-yucatan","category-noticias-nacionales","category-yucatan","tag-8m","tag-dia-internacional-de-la-mujer","tag-luchas-de-las-mujeres","tag-manifestaciones-de-mujeres","entry"],"jetpack_featured_media_url":"https:\/\/www.grieta.org.mx\/wp-content\/uploads\/2024\/03\/8M-e1710727308266.jpg","jetpack_sharing_enabled":true,"jetpack_shortlink":"https:\/\/wp.me\/p7ZJR4-hQN","jetpack_likes_enabled":false,"jetpack-related-posts":[{"id":57613,"url":"https:\/\/www.grieta.org.mx\/index.php\/2021\/03\/07\/si-no-luchamos-juntas-nos-mataran-por-separado-las-vallas-son-una-provocacion-gritan-mujeres-de-yucatan-en-las-calles-de-merida\/","url_meta":{"origin":68621,"position":0},"title":"\u201c\u00a1Si no luchamos juntas nos mataran por separado!\u201d: \u201cLas vallas son una provocaci\u00f3n\u201d, gritan mujeres de Yucat\u00e1n en las calles de M\u00e9rida","author":"grieta","date":"7 marzo, 2021","format":false,"excerpt":"Itzel Chan \/ Noticaribe M\u00c9RIDA, MX.- Ante la ola de violencia de g\u00e9nero y feminicidios en Yucat\u00e1n, mujeres salieron a las calles, previamente al D\u00eda Internacional de la Mujer, para gritar: \u00a1Si no luchamos juntas, nos matar\u00e1n por separado! Y al llegar al monumento a la Patria, derribaron las vallas\u2026","rel":"","context":"En &quot;CINTILLO&quot;","block_context":{"text":"CINTILLO","link":"https:\/\/www.grieta.org.mx\/index.php\/category\/cintillo\/"},"img":{"alt_text":"","src":"https:\/\/i0.wp.com\/www.grieta.org.mx\/wp-content\/uploads\/2021\/03\/Marchap8MMerida.png?resize=350%2C200&ssl=1","width":350,"height":200,"srcset":"https:\/\/i0.wp.com\/www.grieta.org.mx\/wp-content\/uploads\/2021\/03\/Marchap8MMerida.png?resize=350%2C200&ssl=1 1x, https:\/\/i0.wp.com\/www.grieta.org.mx\/wp-content\/uploads\/2021\/03\/Marchap8MMerida.png?resize=525%2C300&ssl=1 1.5x"},"classes":[]},{"id":66485,"url":"https:\/\/www.grieta.org.mx\/index.php\/2023\/03\/08\/miles-de-mujeres-marcharon-contra-la-violencia-feminicida-yucatan\/","url_meta":{"origin":68621,"position":1},"title":"Miles de mujeres marcharon contra la violencia feminicida (Yucat\u00e1n)","author":"grieta","date":"8 marzo, 2023","format":false,"excerpt":"Por Paloma Reyes e Itzel Chan \/ Fotos de Otilia Rauda \/ Haz Ruido Pese a la oscuridad en Paseo de Montejo, se realizaron dos marchas en el Centro Hist\u00f3rico. Durante sus trayectos, gritaron consignas, tocaron m\u00fasica, intervinieron espacios p\u00fablicos y prendieron fogatas a vallas instaladas por la polic\u00eda. Merida,\u2026","rel":"","context":"En &quot;CINTILLO&quot;","block_context":{"text":"CINTILLO","link":"https:\/\/www.grieta.org.mx\/index.php\/category\/cintillo\/"},"img":{"alt_text":"","src":"https:\/\/i0.wp.com\/www.grieta.org.mx\/wp-content\/uploads\/2023\/03\/8M23Merida-e1678665299626.jpg?resize=350%2C200&ssl=1","width":350,"height":200,"srcset":"https:\/\/i0.wp.com\/www.grieta.org.mx\/wp-content\/uploads\/2023\/03\/8M23Merida-e1678665299626.jpg?resize=350%2C200&ssl=1 1x, https:\/\/i0.wp.com\/www.grieta.org.mx\/wp-content\/uploads\/2023\/03\/8M23Merida-e1678665299626.jpg?resize=525%2C300&ssl=1 1.5x, https:\/\/i0.wp.com\/www.grieta.org.mx\/wp-content\/uploads\/2023\/03\/8M23Merida-e1678665299626.jpg?resize=700%2C400&ssl=1 2x"},"classes":[]},{"id":71234,"url":"https:\/\/www.grieta.org.mx\/index.php\/2025\/03\/08\/yucatan-gobierno-de-huacho-reprime-a-mujeres-manifestantes-les-avientan-gas-lacrimogeno\/","url_meta":{"origin":68621,"position":2},"title":"Yucat\u00e1n | Gobierno de &#8216;Huacho&#8217; reprime a mujeres manifestantes; les avientan gas lacrim\u00f3geno","author":"grieta","date":"8 marzo, 2025","format":false,"excerpt":"Itzel Chan M\u00c9RIDA, MX.- Elementos de la Secretar\u00eda de Seguridad P\u00fablica (SSP) Yucat\u00e1n, \u201creprimieron\u201d a la manifestantes en el D\u00eda Internacional de la Mujer, pues les aventaron gas lacrim\u00f3geno para detener la protesta. Mientras las mujeres salieron a manifestarse para pedir un alto a la violaci\u00f3n de sus derechos humanos,\u2026","rel":"","context":"En &quot;CINTILLO&quot;","block_context":{"text":"CINTILLO","link":"https:\/\/www.grieta.org.mx\/index.php\/category\/cintillo\/"},"img":{"alt_text":"","src":"https:\/\/i0.wp.com\/www.grieta.org.mx\/wp-content\/uploads\/2025\/03\/8MMerida.jpg?resize=350%2C200&ssl=1","width":350,"height":200,"srcset":"https:\/\/i0.wp.com\/www.grieta.org.mx\/wp-content\/uploads\/2025\/03\/8MMerida.jpg?resize=350%2C200&ssl=1 1x, https:\/\/i0.wp.com\/www.grieta.org.mx\/wp-content\/uploads\/2025\/03\/8MMerida.jpg?resize=525%2C300&ssl=1 1.5x, https:\/\/i0.wp.com\/www.grieta.org.mx\/wp-content\/uploads\/2025\/03\/8MMerida.jpg?resize=700%2C400&ssl=1 2x"},"classes":[]},{"id":71507,"url":"https:\/\/www.grieta.org.mx\/index.php\/2025\/03\/08\/con-gas-lacrimogeno-y-balas-de-goma-policias-reprimen-a-mujeres-durante-el-8m-en-oaxaca\/","url_meta":{"origin":68621,"position":3},"title":"Con gas lacrim\u00f3geno y balas de goma, polic\u00edas reprimen a mujeres durante el 8M en Oaxaca","author":"grieta","date":"8 marzo, 2025","format":false,"excerpt":"Imagen:\u00a0 captura de video \/ Proceso Consorcio Oaxaca denunci\u00f3 \"la represi\u00f3n de la administraci\u00f3n encabezada por Salom\u00f3n Jara Cruz, quien esta tarde orden\u00f3 a elementos de Seguridad P\u00fablica que dispararan gas lacrim\u00f3geno desde Palacio de Gobierno contra las asistentes a la marcha en el marco del 8M, a su\u00a0 \u00a0llegada\u2026","rel":"","context":"En &quot;CINTILLO&quot;","block_context":{"text":"CINTILLO","link":"https:\/\/www.grieta.org.mx\/index.php\/category\/cintillo\/"},"img":{"alt_text":"","src":"https:\/\/i0.wp.com\/www.grieta.org.mx\/wp-content\/uploads\/2025\/03\/f685x385-218537_256230_5453.webp?resize=350%2C200&ssl=1","width":350,"height":200,"srcset":"https:\/\/i0.wp.com\/www.grieta.org.mx\/wp-content\/uploads\/2025\/03\/f685x385-218537_256230_5453.webp?resize=350%2C200&ssl=1 1x, https:\/\/i0.wp.com\/www.grieta.org.mx\/wp-content\/uploads\/2025\/03\/f685x385-218537_256230_5453.webp?resize=525%2C300&ssl=1 1.5x"},"classes":[]},{"id":57313,"url":"https:\/\/www.grieta.org.mx\/index.php\/2021\/03\/08\/ellos-pusieron-una-valla-nosotras-un-memorial-mujeres-solidarias-denuncian-el-feminicidio-interviniendo-las-vallas-de-amlo-sheinbaum-ciudad-de-mexico\/","url_meta":{"origin":68621,"position":4},"title":"&#8220;Ellos pusieron una valla, nosotras un memorial&#8221;: Mujeres solidarias denuncian el feminicidio interviniendo las vallas de AMLO\/Sheinbaum (Ciudad de M\u00e9xico)","author":"grieta","date":"8 marzo, 2021","format":false,"excerpt":"\u00a0 Un d\u00eda antes del d\u00eda internacional de la mujer, mujeres organizadas nombran a las mujeres que faltan y que fueron v\u00edctimas de feminicidio al tiempo que denuncian el desd\u00e9n, indiferencia y omisiones de las autoridades federales y locales. \u00a0 COLECTIVO GRIETA\/ Ciudad de M\u00e9xico.- Las vallas y cercas alzadas\u2026","rel":"","context":"En &quot;CINTILLO&quot;","block_context":{"text":"CINTILLO","link":"https:\/\/www.grieta.org.mx\/index.php\/category\/cintillo\/"},"img":{"alt_text":"","src":"https:\/\/i0.wp.com\/www.grieta.org.mx\/wp-content\/uploads\/2021\/03\/Zocalo-intervenido.jpg?resize=350%2C200&ssl=1","width":350,"height":200,"srcset":"https:\/\/i0.wp.com\/www.grieta.org.mx\/wp-content\/uploads\/2021\/03\/Zocalo-intervenido.jpg?resize=350%2C200&ssl=1 1x, https:\/\/i0.wp.com\/www.grieta.org.mx\/wp-content\/uploads\/2021\/03\/Zocalo-intervenido.jpg?resize=525%2C300&ssl=1 1.5x, https:\/\/i0.wp.com\/www.grieta.org.mx\/wp-content\/uploads\/2021\/03\/Zocalo-intervenido.jpg?resize=700%2C400&ssl=1 2x, https:\/\/i0.wp.com\/www.grieta.org.mx\/wp-content\/uploads\/2021\/03\/Zocalo-intervenido.jpg?resize=1050%2C600&ssl=1 3x"},"classes":[]},{"id":68593,"url":"https:\/\/www.grieta.org.mx\/index.php\/2024\/03\/09\/reprime-gobierno-de-colima-marcha-del-8m\/","url_meta":{"origin":68621,"position":5},"title":"Reprime Gobierno de Colima marcha del 8M","author":"grieta","date":"9 marzo, 2024","format":false,"excerpt":"Imagen: Diario Avanzada Somoselmedio \/ @Somoselmedio Colima, Colima, 9 de marzo 2024.-\u00a0El llamado de al menos tres mil mujeres en Colima para cesar la violencia en su contra fue interrumpido por el gas lacrim\u00f3geno que el gobierno estatal lanz\u00f3 a las manifestantes desde el interior de Palacio de Gobierno generando\u2026","rel":"","context":"En &quot;CINTILLO&quot;","block_context":{"text":"CINTILLO","link":"https:\/\/www.grieta.org.mx\/index.php\/category\/cintillo\/"},"img":{"alt_text":"","src":"https:\/\/i0.wp.com\/www.grieta.org.mx\/wp-content\/uploads\/2024\/03\/aa-12.jpg?resize=350%2C200&ssl=1","width":350,"height":200,"srcset":"https:\/\/i0.wp.com\/www.grieta.org.mx\/wp-content\/uploads\/2024\/03\/aa-12.jpg?resize=350%2C200&ssl=1 1x, https:\/\/i0.wp.com\/www.grieta.org.mx\/wp-content\/uploads\/2024\/03\/aa-12.jpg?resize=525%2C300&ssl=1 1.5x, https:\/\/i0.wp.com\/www.grieta.org.mx\/wp-content\/uploads\/2024\/03\/aa-12.jpg?resize=700%2C400&ssl=1 2x, https:\/\/i0.wp.com\/www.grieta.org.mx\/wp-content\/uploads\/2024\/03\/aa-12.jpg?resize=1050%2C600&ssl=1 3x"},"classes":[]}],"_links":{"self":[{"href":"https:\/\/www.grieta.org.mx\/index.php\/wp-json\/wp\/v2\/posts\/68621","targetHints":{"allow":["GET"]}}],"collection":[{"href":"https:\/\/www.grieta.org.mx\/index.php\/wp-json\/wp\/v2\/posts"}],"about":[{"href":"https:\/\/www.grieta.org.mx\/index.php\/wp-json\/wp\/v2\/types\/post"}],"author":[{"embeddable":true,"href":"https:\/\/www.grieta.org.mx\/index.php\/wp-json\/wp\/v2\/users\/2"}],"replies":[{"embeddable":true,"href":"https:\/\/www.grieta.org.mx\/index.php\/wp-json\/wp\/v2\/comments?post=68621"}],"version-history":[{"count":1,"href":"https:\/\/www.grieta.org.mx\/index.php\/wp-json\/wp\/v2\/posts\/68621\/revisions"}],"predecessor-version":[{"id":68626,"href":"https:\/\/www.grieta.org.mx\/index.php\/wp-json\/wp\/v2\/posts\/68621\/revisions\/68626"}],"wp:featuredmedia":[{"embeddable":true,"href":"https:\/\/www.grieta.org.mx\/index.php\/wp-json\/wp\/v2\/media\/68622"}],"wp:attachment":[{"href":"https:\/\/www.grieta.org.mx\/index.php\/wp-json\/wp\/v2\/media?parent=68621"}],"wp:term":[{"taxonomy":"category","embeddable":true,"href":"https:\/\/www.grieta.org.mx\/index.php\/wp-json\/wp\/v2\/categories?post=68621"},{"taxonomy":"post_tag","embeddable":true,"href":"https:\/\/www.grieta.org.mx\/index.php\/wp-json\/wp\/v2\/tags?post=68621"}],"curies":[{"name":"wp","href":"https:\/\/api.w.org\/{rel}","templated":true}]}}