{"id":68618,"date":"2024-03-17T19:52:13","date_gmt":"2024-03-18T01:52:13","guid":{"rendered":"https:\/\/www.grieta.org.mx\/?p=68618"},"modified":"2024-03-17T19:52:13","modified_gmt":"2024-03-18T01:52:13","slug":"alertan-de-un-desastre-no-toda-la-costa-yucateca-es-apta-para-casas-dice-un-experto","status":"publish","type":"post","link":"https:\/\/www.grieta.org.mx\/index.php\/2024\/03\/17\/alertan-de-un-desastre-no-toda-la-costa-yucateca-es-apta-para-casas-dice-un-experto\/","title":{"rendered":"Alertan de un desastre: No toda la costa yucateca es apta para casas; dice un experto"},"content":{"rendered":"<p>ST \/ Yucat\u00e1n a la Mano<\/p>\n<p>En Yucat\u00e1n hay territorios costeros con alto riesgo de erosi\u00f3n. Construir casas en ellos significa construir vulnerabilidad al desastre, alerta Francisco Bautista Z\u00fa\u00f1iga, investigador del Centro de Investigaciones en Geograf\u00eda Ambiental de la Universidad Nacional Aut\u00f3noma de M\u00e9xico (UNAM).<\/p>\n<p>El doctor en Ciencias se\u00f1ala que las ci\u00e9nagas, las lagunas costeras y los pantanos pueden saturarse de agua y, sin embargo, son puntos que est\u00e1n siendo rellenados con escombro para construir casas.<\/p>\n<p>Adem\u00e1s, con nuevas ciudades y nuevos fraccionamientos, la planicie k\u00e1rstica que siempre estuvo deshabitada ahora es el fil\u00f3n de oro de los \u201clotes de inversi\u00f3n\u201d en el norte de M\u00e9rida, abunda. Son zonas que se encuentran a diez, ocho, seis, cuatro o dos metros sobre el nivel del mar y est\u00e1n expuestas a inundaciones, vientos huracanados y aumento del nivel del mar. Hay que tener presentes las inundaciones en el norte de M\u00e9rida (en 2020).<\/p>\n<p>El investigador, presidente fundador de la Asociaci\u00f3n Mexicana de Estudios sobre el Karst (AMEK), plantea este escenario en un an\u00e1lisis titulado \u201cEl mal uso del territorio en la Pen\u00ednsula de Yucat\u00e1n: echando a aprender se aprende\u201d.<\/p>\n<p>\u00bfY el ordenamiento?<\/p>\n<p>Entre otras cosas, expone que los programas de ordenamiento ecol\u00f3gico del territorio son pr\u00e1cticamente norma muerta, a pesar de que en su elaboraci\u00f3n participaron expertos altamente calificados, y advierte de los peligros que aflorar\u00e1n si las autoridades no regulan el uso del territorio k\u00e1rsticode la Pen\u00ednsula.<\/p>\n<p>En el caso espec\u00edfico de los \u201clotes de inversi\u00f3n\u201d, el doctor Bautista Z\u00fa\u00f1iga se\u00f1ala que a la vulnerabilidad de las zonas donde se ubican esos terrenos hay que agregar que los nuevos fraccionamientos o ciudades necesitar\u00e1n agua potable.<\/p>\n<p>\u201cTienen mucha agua a pocos metros de profundidad, pero es agua salina, no potable\u201d, subraya. \u201cNecesitar\u00e1n reservas hidrol\u00f3gicas que no existen o vivir\u00e1n del agua de lluvia. \u00bfEsto lo sabr\u00e1n los vendedores y compradores de los lotes de inversi\u00f3n?\u201d<\/p>\n<p>\u201cSe aducir\u00e1 que los due\u00f1os de la tierra pueden hacer lo que ellos quieran. Sin embargo, existen reglas para el uso de la tierra, como las manifestaciones de impacto ambiental que ojal\u00e1 se est\u00e9n haciendo\u201d.<\/p>\n<p>\u201cNo aprendemos\u201d<\/p>\n<p>El especialista, quien ha desarrollado varios proyectos y estudios sobre agua, ambiente y suelos en la Pen\u00ednsula de Yucat\u00e1n, tambi\u00e9n detalla lo siguiente:<\/p>\n<p>\u2014Echando a perder se aprende, reza el refr\u00e1n popular. Esta frase se refiere a una forma de aprender, el empirismo, al aprender haciendo, el aprender de ensayo y error. El refr\u00e1n viene a cuento porque no aprendemos en territorio ajeno, no aprendemos de lo sucedido en Acapulco con el hurac\u00e1n \u201cOtis\u201d, no aprendemos del ascenso en el nivel del mar en Tabasco, no aprendemos de las inundaciones en M\u00e9rida, no aprendemos a vivir en las planicies k\u00e1rsticas (roca caliza y poco suelo), planicies fluviales (confluencia de r\u00edos y pantanos), planicies palustres (pantanos, lagunas costeras, ci\u00e9nagas) y planicies costeras (cordones litorales) de la Pen\u00ednsula de Yucat\u00e1n.<\/p>\n<p>\u2014No hemos aprendido nada o no nos importa. Los que administran el territorio, o ignoran los peligros, o son omisos o corruptos. Todos estos territorios est\u00e1n en riesgo.<\/p>\n<p>\u2014El calentamiento global con su consecuente ascenso en el nivel del mar, aumento de temperatura y aumento en la frecuencia e intensidad de los huracanes, es algo que ya est\u00e1 ocurriendo en el mundo, no solo en nuestro pa\u00eds.<\/p>\n<p>\u2014No aprendemos en territorio ajeno, pero le podemos sumar una premisa falsa desde la abducci\u00f3n, lo cual ya lleva a cometer errores de todo tipo. Por ejemplo, \u201ctodos los territorios de M\u00e9xico son habitables\u201d, \u201cLa pen\u00ednsula de Yucat\u00e1n es un territorio mexicano\u201d, \u201cLos territorios de la pen\u00ednsula de Yucat\u00e1n son habitables\u201d.<\/p>\n<p>\u2014La premisa y la conjetura son falsas. No todos los territorios de M\u00e9xico son habitables y tampoco todos tienen el mismo factor de riesgo al habitarlo.<\/p>\n<p>Terrenos en la costa con riesgo de erosi\u00f3n<\/p>\n<p>\u2014Me explico: existen territorios costeros con alto riesgo de erosi\u00f3n (norte del estado de Yucat\u00e1n), lo que conlleva a que los sitios erosionados por el mar pierdan suelo y la marea destruya las casas all\u00ed construidas y las carreteras tambi\u00e9n.<\/p>\n<p>\u2014Por all\u00ed transitan los huracanes a\u00f1o con a\u00f1o, de manera que existe alto riesgo de desastres ambientales por viento (derribo del tendido el\u00e9ctrico, casas, edificios, destrucci\u00f3n de carreteras) y exceso de lluvia (inundaciones, marea alta). Construir casas en esas zonas costeras significa que est\u00e1n construyendo la vulnerabilidad al desastre, y cuando ocurra se oir\u00e1n voces que pedir\u00e1n que el gobierno se haga cargo. Y ni que hablar de la biodiversidad, que ya est\u00e1 en etapa de p\u00e9rdida.<\/p>\n<p>\u2014Los programas de ordenamiento ecol\u00f3gico del territorio (POET), el estatal de 2005-2006 y el costero algunos a\u00f1os despu\u00e9s, as\u00ed como el nuevo POET estatal han servido para que el gobierno se limpie la cara y se lave las manos. Esos programas ocuparon mucho tiempo de investigadores altamente calificados (principalmente los dos primeros) y no se han operado.<\/p>\n<p>\u00bfQui\u00e9n puede salvar?<\/p>\n<p>\u2014La poblaci\u00f3n peninsular no puede esperar a que sus gobiernos estatales y municipales los salven. Solo ella, la poblaci\u00f3n, se puede salvar y prevenir de la gran vulnerabilidad ambiental que se est\u00e1 construyendo mediante el desorden en el uso del territorio.<\/p>\n<p>\u2014Cuando no hay planeaci\u00f3n sobre el uso del territorio y la ocupaci\u00f3n del mismo se deja en las manos del mercado inmobiliario, se construye la vulnerabilidad y posterior desastre socio-ambiental. Si los due\u00f1os de la tierra pudieran hacer lo que ellos quieran, entonces \u00bfnos quedar\u00edamos callados cuando construyan una gasoliner\u00eda a un lado de una escuela? \u00bfNo habr\u00eda protestas si frente a mi casa pusieran una granja de cerdos o de pollos? \u00bfNo dir\u00eda nada si frente a mi casa pusieran un sitio de recolecci\u00f3n de basura? La propiedad de un terreno no le confiere al due\u00f1o la autoridad de hacer lo que \u00e9l quiera a su libre albedr\u00edo.<\/p>\n<p>\u2014Ya imagino las declaraciones de los gobernadores y presidentes municipales: \u201cEste desastre es por el cambio clim\u00e1tico\u201d. Los que construyen en la costa sobre los cordones litorales (suelos arenosos) dir\u00e1n que los gobiernos no apoyan en la reconstrucci\u00f3n, los que construyen sobre las ci\u00e9nagas dir\u00e1n que la culpa es del gobierno.<\/p>\n<p>Los que vendieron y compraron los \u201clotes de inversi\u00f3n\u201d echar\u00e1n la culpa a los gobiernos. Unos y otros buscar\u00e1n echar la culpa a quien se deje, pero la verdad es que con el desorden inmobiliario ganan unos empresarios al amparo de las actuales autoridades y perder\u00e1n los compradores.<\/p>\n<p>\u2014Ojal\u00e1 y me equivoque, pero esto pasar\u00e1 si las autoridades no regulan el uso del precioso territorio k\u00e1rstico de la Pen\u00ednsula de Yucat\u00e1n.<\/p>\n<p>Fuente: Diario de Yucat\u00e1n\/Angel Noh Estrada<\/p>\n<p><a href=\"https:\/\/www.yucatanalamano.com\/alertan-de-un-desastre-no-toda-la-costa-yucateca-es-apta-para-casas-dice-un-experto\/\" rel=\"noopener\" target=\"_blank\">https:\/\/www.yucatanalamano.com\/alertan-de-un-desastre-no-toda-la-costa-yucateca-es-apta-para-casas-dice-un-experto\/<\/a><\/p>\n","protected":false},"excerpt":{"rendered":"<p>ST \/ Yucat\u00e1n a la Mano En Yucat\u00e1n hay territorios costeros con alto riesgo de erosi\u00f3n. Construir casas en ellos significa construir vulnerabilidad al desastre, alerta Francisco Bautista Z\u00fa\u00f1iga, investigador &hellip; <a href=\"https:\/\/www.grieta.org.mx\/index.php\/2024\/03\/17\/alertan-de-un-desastre-no-toda-la-costa-yucateca-es-apta-para-casas-dice-un-experto\/\" class=\"more-link\">Leer m\u00e1s<\/a><\/p>\n","protected":false},"author":2,"featured_media":68619,"comment_status":"closed","ping_status":"closed","sticky":false,"template":"","format":"standard","meta":{"ngg_post_thumbnail":0,"_jetpack_newsletter_access":"","_jetpack_dont_email_post_to_subs":false,"_jetpack_newsletter_tier_id":0,"_jetpack_memberships_contains_paywalled_content":false,"_jetpack_memberships_contains_paid_content":false,"footnotes":""},"categories":[80,3538,1269,2943,2,36],"tags":[3699,386,4188,853],"class_list":["post-68618","post","type-post","status-publish","format-standard","has-post-thumbnail","hentry","category-cintillo","category-crisis-del-agua-en-yucatan","category-protestas-ante-despojo-por-proyectos-inmobiliarios-en-yucatan","category-destruccion-y-contaminacion-ambiental-en-yucatan","category-noticias-nacionales","category-yucatan","tag-destruccion-ambiental-por-proyectos-inmobiliarios","tag-devastacion","tag-erosion","tag-proyectos-inmobiliarios","entry"],"jetpack_featured_media_url":"https:\/\/www.grieta.org.mx\/wp-content\/uploads\/2024\/03\/Alertan-e1710726517705.jpg","jetpack_sharing_enabled":true,"jetpack_shortlink":"https:\/\/wp.me\/p7ZJR4-hQK","jetpack_likes_enabled":false,"jetpack-related-posts":[{"id":68795,"url":"https:\/\/www.grieta.org.mx\/index.php\/2024\/04\/09\/sisal-pide-detener-cuatro-proyectos-inmobiliarios-que-danan-el-medioambiente-yucatan\/","url_meta":{"origin":68618,"position":0},"title":"Sisal pide detener cuatro proyectos inmobiliarios que da\u00f1an el medioambiente (Yucat\u00e1n)","author":"grieta","date":"9 abril, 2024","format":false,"excerpt":"Haz Ruido Sunset Shores, Arrecife, Ocean View y Maraqua no tienen permisos para su ejecuci\u00f3n. Advierten de un ecocidio irreversible con consecuencias devastadoras para la flora y fauna. Sisal, Hunucm\u00e1, Yucat\u00e1n, 9 de abril de 2024.-La comunidad de Sisal hizo un llamado de emergencia a las autoridades para detener cuatro\u2026","rel":"","context":"En &quot;CINTILLO&quot;","block_context":{"text":"CINTILLO","link":"https:\/\/www.grieta.org.mx\/index.php\/category\/cintillo\/"},"img":{"alt_text":"","src":"https:\/\/i0.wp.com\/www.grieta.org.mx\/wp-content\/uploads\/2024\/04\/Sisal-e1712950416868.jpg?resize=350%2C200&ssl=1","width":350,"height":200,"srcset":"https:\/\/i0.wp.com\/www.grieta.org.mx\/wp-content\/uploads\/2024\/04\/Sisal-e1712950416868.jpg?resize=350%2C200&ssl=1 1x, https:\/\/i0.wp.com\/www.grieta.org.mx\/wp-content\/uploads\/2024\/04\/Sisal-e1712950416868.jpg?resize=525%2C300&ssl=1 1.5x, https:\/\/i0.wp.com\/www.grieta.org.mx\/wp-content\/uploads\/2024\/04\/Sisal-e1712950416868.jpg?resize=700%2C400&ssl=1 2x"},"classes":[]},{"id":68857,"url":"https:\/\/www.grieta.org.mx\/index.php\/2024\/04\/29\/monstruos-inmobiliarios-devoran-a-sisal-para-construir-edificios-en-la-costa-yucatan\/","url_meta":{"origin":68618,"position":1},"title":"&#8216;Monstruos&#8217; inmobiliarios devoran a Sisal para construir edificios en la costa (Yucat\u00e1n)","author":"grieta","date":"29 abril, 2024","format":false,"excerpt":"Darcet Salazar \/ Por Esto! Para\u00edso Sisal y otros desarrollos habitacionales est\u00e1n destruyendo Sisal, advirti\u00f3 la gu\u00eda de naturaleza y activista Hilda Crespo, quien asegur\u00f3 que los recursos naturales de la costa se ven comprometidos con los monstruos inmobiliarios y la hoteler\u00eda, que se han apoderado del lugar. Asegur\u00f3 que\u2026","rel":"","context":"En &quot;CINTILLO&quot;","block_context":{"text":"CINTILLO","link":"https:\/\/www.grieta.org.mx\/index.php\/category\/cintillo\/"},"img":{"alt_text":"","src":"https:\/\/i0.wp.com\/www.grieta.org.mx\/wp-content\/uploads\/2024\/04\/SisalGentrificacion-e1714422213321.jpg?resize=350%2C200&ssl=1","width":350,"height":200,"srcset":"https:\/\/i0.wp.com\/www.grieta.org.mx\/wp-content\/uploads\/2024\/04\/SisalGentrificacion-e1714422213321.jpg?resize=350%2C200&ssl=1 1x, https:\/\/i0.wp.com\/www.grieta.org.mx\/wp-content\/uploads\/2024\/04\/SisalGentrificacion-e1714422213321.jpg?resize=525%2C300&ssl=1 1.5x, https:\/\/i0.wp.com\/www.grieta.org.mx\/wp-content\/uploads\/2024\/04\/SisalGentrificacion-e1714422213321.jpg?resize=700%2C400&ssl=1 2x"},"classes":[]},{"id":66127,"url":"https:\/\/www.grieta.org.mx\/index.php\/2023\/01\/20\/especulacion-inmobiliaria-y-desarrollo-sin-planeacion-en-yucatan-hay-una-logica-de-explotar-y-desarrollar-en-la-playa-que-tiende-a-ser-como-quintana-roo-advierte-especialista\/","url_meta":{"origin":68618,"position":2},"title":"Especulaci\u00f3n inmobiliaria y desarrollo sin planeaci\u00f3n: En Yucat\u00e1n hay una l\u00f3gica de explotar y desarrollar en la playa que tiende a ser como Quintana Roo, advierte especialista","author":"grieta","date":"20 enero, 2023","format":false,"excerpt":"Itzel Chan M\u00c9RIDA, MX.- Para quienes habitan en el extranjero y en otros estados de la rep\u00fablica mexicana, Yucat\u00e1n es uno de los sitios anhelados para sus casas de retiro y esto ha llevado a que empresas tur\u00edsticas e inmobiliarias busquen desarrollar muy cerca de la costa, lo cual pone\u2026","rel":"","context":"En &quot;CINTILLO&quot;","block_context":{"text":"CINTILLO","link":"https:\/\/www.grieta.org.mx\/index.php\/category\/cintillo\/"},"img":{"alt_text":"","src":"https:\/\/i0.wp.com\/www.grieta.org.mx\/wp-content\/uploads\/2023\/01\/Especulacion.jpg?resize=350%2C200&ssl=1","width":350,"height":200,"srcset":"https:\/\/i0.wp.com\/www.grieta.org.mx\/wp-content\/uploads\/2023\/01\/Especulacion.jpg?resize=350%2C200&ssl=1 1x, https:\/\/i0.wp.com\/www.grieta.org.mx\/wp-content\/uploads\/2023\/01\/Especulacion.jpg?resize=525%2C300&ssl=1 1.5x, https:\/\/i0.wp.com\/www.grieta.org.mx\/wp-content\/uploads\/2023\/01\/Especulacion.jpg?resize=700%2C400&ssl=1 2x"},"classes":[]},{"id":68243,"url":"https:\/\/www.grieta.org.mx\/index.php\/2023\/12\/07\/detectan-10-nuevos-proyectos-inmobiliarios-que-amenazan-a-kinchil-yucatan\/","url_meta":{"origin":68618,"position":3},"title":"Detectan 10 nuevos proyectos inmobiliarios que amenazan a Kinchil (Yucat\u00e1n)","author":"grieta","date":"7 diciembre, 2023","format":false,"excerpt":"Itzel Chan \/ Haz Ruido Habitantes mayas piden a las autoridades estatales y federales que ya no concedan m\u00e1s permisos y procuren la preservaci\u00f3n de la selva en el estado. M\u00e9rida, Yucat\u00e1n, 7 de diciembre de 2023.-Habitantes de Kinchil denunciaron la proliferaci\u00f3n de proyectos inmobiliarios en su zona y hasta\u2026","rel":"","context":"En &quot;CINTILLO&quot;","block_context":{"text":"CINTILLO","link":"https:\/\/www.grieta.org.mx\/index.php\/category\/cintillo\/"},"img":{"alt_text":"","src":"https:\/\/i0.wp.com\/www.grieta.org.mx\/wp-content\/uploads\/2023\/12\/Kinchil-e1702329044866.jpg?resize=350%2C200&ssl=1","width":350,"height":200,"srcset":"https:\/\/i0.wp.com\/www.grieta.org.mx\/wp-content\/uploads\/2023\/12\/Kinchil-e1702329044866.jpg?resize=350%2C200&ssl=1 1x, https:\/\/i0.wp.com\/www.grieta.org.mx\/wp-content\/uploads\/2023\/12\/Kinchil-e1702329044866.jpg?resize=525%2C300&ssl=1 1.5x, https:\/\/i0.wp.com\/www.grieta.org.mx\/wp-content\/uploads\/2023\/12\/Kinchil-e1702329044866.jpg?resize=700%2C400&ssl=1 2x"},"classes":[]},{"id":65620,"url":"https:\/\/www.grieta.org.mx\/index.php\/2022\/10\/26\/inmobiliaria-tapa-cenote-natural-y-devasta-plantas-endemicas-en-dzemul-yucatan\/","url_meta":{"origin":68618,"position":4},"title":"Inmobiliaria tapa cenote natural y devasta plantas end\u00e9micas en Dzemul (Yucat\u00e1n)","author":"grieta","date":"26 octubre, 2022","format":false,"excerpt":"Emilio Pellicer \/ Por Esto! Top\u00f3grafos de instancias especializadas en colaboraci\u00f3n con la subsecretar\u00eda de Asuntos Agrarios del Gobierno del Estado de Yucat\u00e1n revisaron las m\u00e1s de 800 hect\u00e1reas que presuntamente compr\u00f3 el empresario Rodrigo Rosas Cantillo a la exgobernadora Ivonne Ortega Pacheco. Los ejidatarios de Dzemul denunciaron fraude contra\u2026","rel":"","context":"En &quot;CINTILLO&quot;","block_context":{"text":"CINTILLO","link":"https:\/\/www.grieta.org.mx\/index.php\/category\/cintillo\/"},"img":{"alt_text":"","src":"https:\/\/i0.wp.com\/www.grieta.org.mx\/wp-content\/uploads\/2022\/10\/Dzemul-e1666887165289.jpg?resize=350%2C200&ssl=1","width":350,"height":200,"srcset":"https:\/\/i0.wp.com\/www.grieta.org.mx\/wp-content\/uploads\/2022\/10\/Dzemul-e1666887165289.jpg?resize=350%2C200&ssl=1 1x, https:\/\/i0.wp.com\/www.grieta.org.mx\/wp-content\/uploads\/2022\/10\/Dzemul-e1666887165289.jpg?resize=525%2C300&ssl=1 1.5x, https:\/\/i0.wp.com\/www.grieta.org.mx\/wp-content\/uploads\/2022\/10\/Dzemul-e1666887165289.jpg?resize=700%2C400&ssl=1 2x"},"classes":[]},{"id":68957,"url":"https:\/\/www.grieta.org.mx\/index.php\/2024\/05\/14\/en-cuatro-anos-se-han-perdido-285-mil-hectareas-de-selva-en-la-peninsula-campeche-quintana-roo-yucatan\/","url_meta":{"origin":68618,"position":5},"title":"En cuatro a\u00f1os, se han perdido 285 mil hect\u00e1reas de selva en la Pen\u00ednsula (Campeche, Quintana Roo, Yucat\u00e1n)","author":"grieta","date":"14 mayo, 2024","format":false,"excerpt":"Itzel Chan \/ Haz Ruido La zona tiene una tasa anual de p\u00e9rdida de 0.4% y es la m\u00e1s alta en las \u00faltimas d\u00e9cadas, incluso por encima de la media nacional que es de 0.1%. M\u00e9rida, Yucat\u00e1n, 14 de mayo de 2024.- Cada d\u00eda, entre Campeche, Quintana Roo y Yucat\u00e1n\u2026","rel":"","context":"En &quot;Agroindustria&quot;","block_context":{"text":"Agroindustria","link":"https:\/\/www.grieta.org.mx\/index.php\/category\/megaproyectos\/agroindustria\/"},"img":{"alt_text":"","src":"https:\/\/i0.wp.com\/www.grieta.org.mx\/wp-content\/uploads\/2024\/05\/Deforestacion-e1716423920624.jpg?resize=350%2C200&ssl=1","width":350,"height":200,"srcset":"https:\/\/i0.wp.com\/www.grieta.org.mx\/wp-content\/uploads\/2024\/05\/Deforestacion-e1716423920624.jpg?resize=350%2C200&ssl=1 1x, https:\/\/i0.wp.com\/www.grieta.org.mx\/wp-content\/uploads\/2024\/05\/Deforestacion-e1716423920624.jpg?resize=525%2C300&ssl=1 1.5x, https:\/\/i0.wp.com\/www.grieta.org.mx\/wp-content\/uploads\/2024\/05\/Deforestacion-e1716423920624.jpg?resize=700%2C400&ssl=1 2x"},"classes":[]}],"_links":{"self":[{"href":"https:\/\/www.grieta.org.mx\/index.php\/wp-json\/wp\/v2\/posts\/68618","targetHints":{"allow":["GET"]}}],"collection":[{"href":"https:\/\/www.grieta.org.mx\/index.php\/wp-json\/wp\/v2\/posts"}],"about":[{"href":"https:\/\/www.grieta.org.mx\/index.php\/wp-json\/wp\/v2\/types\/post"}],"author":[{"embeddable":true,"href":"https:\/\/www.grieta.org.mx\/index.php\/wp-json\/wp\/v2\/users\/2"}],"replies":[{"embeddable":true,"href":"https:\/\/www.grieta.org.mx\/index.php\/wp-json\/wp\/v2\/comments?post=68618"}],"version-history":[{"count":1,"href":"https:\/\/www.grieta.org.mx\/index.php\/wp-json\/wp\/v2\/posts\/68618\/revisions"}],"predecessor-version":[{"id":68620,"href":"https:\/\/www.grieta.org.mx\/index.php\/wp-json\/wp\/v2\/posts\/68618\/revisions\/68620"}],"wp:featuredmedia":[{"embeddable":true,"href":"https:\/\/www.grieta.org.mx\/index.php\/wp-json\/wp\/v2\/media\/68619"}],"wp:attachment":[{"href":"https:\/\/www.grieta.org.mx\/index.php\/wp-json\/wp\/v2\/media?parent=68618"}],"wp:term":[{"taxonomy":"category","embeddable":true,"href":"https:\/\/www.grieta.org.mx\/index.php\/wp-json\/wp\/v2\/categories?post=68618"},{"taxonomy":"post_tag","embeddable":true,"href":"https:\/\/www.grieta.org.mx\/index.php\/wp-json\/wp\/v2\/tags?post=68618"}],"curies":[{"name":"wp","href":"https:\/\/api.w.org\/{rel}","templated":true}]}}