{"id":68612,"date":"2024-03-03T19:19:06","date_gmt":"2024-03-04T01:19:06","guid":{"rendered":"https:\/\/www.grieta.org.mx\/?p=68612"},"modified":"2024-03-17T19:26:26","modified_gmt":"2024-03-18T01:26:26","slug":"jubilados-y-pensionados-de-la-unacar-exigen-pagos-atrasados-desde-hace-tres-anos-campeche","status":"publish","type":"post","link":"https:\/\/www.grieta.org.mx\/index.php\/2024\/03\/03\/jubilados-y-pensionados-de-la-unacar-exigen-pagos-atrasados-desde-hace-tres-anos-campeche\/","title":{"rendered":"Jubilados y pensionados de la Unacar exigen pagos atrasados desde hace tres a\u00f1os (Campeche)"},"content":{"rendered":"<p>Gerardo Can \/ Por Esto!<\/p>\n<p>Ante la inacci\u00f3n de la rectora de la Universidad Aut\u00f3noma del Carmen (Unacar), Sandra Martha Laff\u00f3n Leal, lo cual se ha convertido en una situaci\u00f3n preocupante, los extrabajadores jubilados y pensionados sindicalizados han externado su enojo exigiendo los pagos pendientes del 2023, y las primeras cuatro quincenas del 2024, esto mediante un oficio que le presentaron a la rector\u00eda.<\/p>\n<p>El penar de los extrabajadores universitarios afiliados al Sindicato \u00danico de Trabajadores de la Universidad Aut\u00f3noma del Carmen (Sutunacar) ha sido desde hace m\u00e1s de tres a\u00f1os, pues desde finales del 2021 la Universidad ha tenido problemas para pagarles sus salarios, conforme lo establecido en la cl\u00e1usula 49 del Contrato Colectivo de Trabajo (CCT), desde que estaba como rector Jos\u00e9 Antonio Ruz Hern\u00e1ndez, situaci\u00f3n que se agrav\u00f3 en el 2022 lo que llev\u00f3 a que en plena reactivaci\u00f3n en la instituci\u00f3n a consecuencia de la pandemia de COVID-19, tomaron por 15 d\u00edas las instalaciones en protesta por el impago.<\/p>\n<p>Esto llev\u00f3 a la defenestraci\u00f3n de Ruz Hern\u00e1ndez y la ascensi\u00f3n de quien en ese momento era la titular de la Secretar\u00eda de Medio Ambiente, Biodiversidad, Cambio Clim\u00e1tico y Energ\u00eda (Semabicce), Sandra Martha Laff\u00f3n Leal, luego de dejar el cargo como directora de la Facultad de Ciencias Naturales de la Unacar (agosto de 2017 a febrero de 2021), el 22 de noviembre del 2022, y durante este tiempo poco ha hecho para resolver o dar una soluci\u00f3n a esta situaci\u00f3n.<\/p>\n<p>Ebhlim Flores Mart\u00ednez, de la Comisi\u00f3n de Jubilados, coment\u00f3 que durante el 2023 los jubilados y pensionados se manifestaron de diversas formas para exigir el pago, pues la rectora, Laff\u00f3n Leal y el Consejo Universitario poco han hecho para pagarles de manera definitiva los salarios y dem\u00e1s prestaciones del 2023 y ya acumulan cuatro quincenas del 2024 sin recibir un solo peso.<\/p>\n<p>Gerardo Can<\/p>\n<p>Por tal motivo, el lunes con un oficio dirigido a la rectora de la Unacar, Sandra Martha Laff\u00f3n Leal, con atenci\u00f3n al Consejo Universitario, que ahora encabeza, Juan Pablo Cetina Monterrey, quien despu\u00e9s de casi 10 a\u00f1os regres\u00f3 a la Universidad, despu\u00e9s de que fue sacado junto a Sergio Augusto L\u00f3pez Pe\u00f1a por un supuesto fraude de un aula digital en la comunidad de Aguacatal, Carmen, y parte de la administraci\u00f3n que estaf\u00f3 al Instituto de Educaci\u00f3n de Aguascalientes por m\u00e1s de 330 millones de pesos, para ser secretario administrativo y hoy Secretario General; los hoy jubilados y pensionados exigen informaci\u00f3n sobre sus pagos.<\/p>\n<p>\u201cNos dirigimos a usted de manera urgente, para solicitar informaci\u00f3n sobre los pagos de quincenas del 2024, as\u00ed como sobre los avances en las gestiones para el cumplimiento de los pagos de salarios del a\u00f1o en curso y sus derivados, mismos que desde que inici\u00f3 su administraci\u00f3n en noviembre del 2022, nos ha mencionado que le preocupa la situaci\u00f3n del personal jubilado sindicalizado\u201d, se\u00f1ala el oficio que el lunes 26 de febrero fue entregado y recibido en rector\u00eda.<\/p>\n<p>En el que se agrega que solicitan informaci\u00f3n de sus pagos, pues el fideicomiso que opera en ceros desde el 2022 no les interesa, pues es obligaci\u00f3n de la Unacar pagar el sueldo de 152 beneficiarios del sistema de pensiones de la M\u00e1xima Casa de Estudios carmelita, conforme lo establece la cl\u00e1usula 49 del Contrato Colectivo de Trabajo, 2021-2023, pues el 23-2025 a\u00fan no ha sido firmado.<\/p>\n<p>\u201cTambi\u00e9n le recordamos que la falta de fondo en el Fideicomiso no nos ata\u00f1e, ya que el fideicomiso es para pagar al personal que ingres\u00f3 despu\u00e9s del 19 de septiembre de 2003, como lo se\u00f1ala el CCT\u201d, a\u00f1aden.<\/p>\n<p>Este es firmado por Juan Arturo Ruiz P\u00e9rez, Eblhin Flores Mart\u00ednez, Elizabeth C\u00e1rdenas Mart\u00ednez, Daisy del Carmen Alamina Cruz, Mar\u00eda Damas L\u00f3pez, Judith Acosta Villanueva.<\/p>\n<p><a href=\"https:\/\/www.poresto.net\/campeche\/2024\/3\/3\/jubilados-pensionados-de-la-unacar-exigen-pagos-atrasados-desde-hace-tres-anos-425005.html\" rel=\"noopener\" target=\"_blank\">https:\/\/www.poresto.net\/campeche\/2024\/3\/3\/jubilados-pensionados-de-la-unacar-exigen-pagos-atrasados-desde-hace-tres-anos-425005.html<\/a><\/p>\n","protected":false},"excerpt":{"rendered":"<p>Gerardo Can \/ Por Esto! Ante la inacci\u00f3n de la rectora de la Universidad Aut\u00f3noma del Carmen (Unacar), Sandra Martha Laff\u00f3n Leal, lo cual se ha convertido en una situaci\u00f3n &hellip; <a href=\"https:\/\/www.grieta.org.mx\/index.php\/2024\/03\/03\/jubilados-y-pensionados-de-la-unacar-exigen-pagos-atrasados-desde-hace-tres-anos-campeche\/\" class=\"more-link\">Leer m\u00e1s<\/a><\/p>\n","protected":false},"author":2,"featured_media":68613,"comment_status":"closed","ping_status":"closed","sticky":false,"template":"","format":"standard","meta":{"ngg_post_thumbnail":0,"_jetpack_newsletter_access":"","_jetpack_dont_email_post_to_subs":false,"_jetpack_newsletter_tier_id":0,"_jetpack_memberships_contains_paywalled_content":false,"_jetpack_memberships_contains_paid_content":false,"footnotes":""},"categories":[11,80,2,3212,1150],"tags":[3792],"class_list":["post-68612","post","type-post","status-publish","format-standard","has-post-thumbnail","hentry","category-campeche","category-cintillo","category-noticias-nacionales","category-precariedad-laboral-en-campeche","category-protestas-de-jubilados-en-campeche","tag-protestas-de-jubilados-y-pensionados","entry"],"jetpack_featured_media_url":"https:\/\/www.grieta.org.mx\/wp-content\/uploads\/2024\/03\/Jubilados-e1710725065743.jpg","jetpack_sharing_enabled":true,"jetpack_shortlink":"https:\/\/wp.me\/p7ZJR4-hQE","jetpack_likes_enabled":false,"jetpack-related-posts":[{"id":67735,"url":"https:\/\/www.grieta.org.mx\/index.php\/2023\/09\/14\/en-ciudad-del-carmen-jubilados-de-la-unacar-exigen-pagos-atrasados-campeche\/","url_meta":{"origin":68612,"position":0},"title":"En Ciudad del Carmen, jubilados de la Unacar exigen pagos atrasados (Campeche)","author":"grieta","date":"14 septiembre, 2023","format":false,"excerpt":"Un grupo de jubilados y pensionados de la Universidad Aut\u00f3noma del Carmen marcharon del Sindicato \u00danico de Trabajadores de la Unacar (Sutunacar) hasta rector\u00eda para exigir a las autoridades universitarias, encabezadas por Sandra Martha Laff\u00f3n Leal, como rectora, que cumpla con el pago de quincenas atrasadas, pues hay algunos a\u2026","rel":"","context":"En &quot;Campeche&quot;","block_context":{"text":"Campeche","link":"https:\/\/www.grieta.org.mx\/index.php\/category\/noticias-nacionales\/campeche\/"},"img":{"alt_text":"","src":"https:\/\/i0.wp.com\/www.grieta.org.mx\/wp-content\/uploads\/2023\/09\/CDCarmen-e1694802785883.jpg?resize=350%2C200&ssl=1","width":350,"height":200,"srcset":"https:\/\/i0.wp.com\/www.grieta.org.mx\/wp-content\/uploads\/2023\/09\/CDCarmen-e1694802785883.jpg?resize=350%2C200&ssl=1 1x, https:\/\/i0.wp.com\/www.grieta.org.mx\/wp-content\/uploads\/2023\/09\/CDCarmen-e1694802785883.jpg?resize=525%2C300&ssl=1 1.5x, https:\/\/i0.wp.com\/www.grieta.org.mx\/wp-content\/uploads\/2023\/09\/CDCarmen-e1694802785883.jpg?resize=700%2C400&ssl=1 2x"},"classes":[]},{"id":67383,"url":"https:\/\/www.grieta.org.mx\/index.php\/2023\/08\/03\/rectora-de-la-unacar-se-da-a-la-fuga-tras-manifestacion-de-sindicalizados-campeche\/","url_meta":{"origin":68612,"position":1},"title":"Rectora de la Unacar se da a la fuga tras manifestaci\u00f3n de sindicalizados (Campeche)","author":"grieta","date":"3 agosto, 2023","format":false,"excerpt":"Por Esto! As\u00ed huy\u00f3 la rectora de la Universidad Aut\u00f3noma del Carmen (Unacar), Sandra Martha Laff\u00f3n Leal, despu\u00e9s de que los extrabajadores cerraron los accesos a la rector\u00eda con candados y cadenas, en protesta por la falta de pago de hasta 14 quincenas Es decir, que la mayor\u00eda de los\u2026","rel":"","context":"En &quot;Campeche&quot;","block_context":{"text":"Campeche","link":"https:\/\/www.grieta.org.mx\/index.php\/category\/noticias-nacionales\/campeche\/"},"img":{"alt_text":"","src":"https:\/\/i0.wp.com\/www.grieta.org.mx\/wp-content\/uploads\/2023\/08\/Unacar-e1691365545385.jpg?resize=350%2C200&ssl=1","width":350,"height":200,"srcset":"https:\/\/i0.wp.com\/www.grieta.org.mx\/wp-content\/uploads\/2023\/08\/Unacar-e1691365545385.jpg?resize=350%2C200&ssl=1 1x, https:\/\/i0.wp.com\/www.grieta.org.mx\/wp-content\/uploads\/2023\/08\/Unacar-e1691365545385.jpg?resize=525%2C300&ssl=1 1.5x, https:\/\/i0.wp.com\/www.grieta.org.mx\/wp-content\/uploads\/2023\/08\/Unacar-e1691365545385.jpg?resize=700%2C400&ssl=1 2x"},"classes":[]},{"id":68783,"url":"https:\/\/www.grieta.org.mx\/index.php\/2024\/03\/28\/en-campeche-extrabajadores-de-la-universidad-del-carmen-llevan-dos-quincenas-sin-cobrar\/","url_meta":{"origin":68612,"position":2},"title":"En Campeche, extrabajadores de la Universidad del Carmen llevan dos quincenas sin cobrar","author":"grieta","date":"28 marzo, 2024","format":false,"excerpt":"Gerardo Can \/ Por Esto! Una vez m\u00e1s, la rectora de la Universidad Aut\u00f3noma del Carmen, Sandra Martha Laff\u00f3n Leal y el secretario general, Juan Pablo Cetina Monterrey, incumplieron la promesa de pago de al menos dos quincenas del 2024 a los extrabajadores sindicalizados, con lo que ya suman tres\u2026","rel":"","context":"En &quot;Campeche&quot;","block_context":{"text":"Campeche","link":"https:\/\/www.grieta.org.mx\/index.php\/category\/noticias-nacionales\/campeche\/"},"img":{"alt_text":"","src":"https:\/\/i0.wp.com\/www.grieta.org.mx\/wp-content\/uploads\/2024\/04\/FaltaPago-e1712682131509.jpg?resize=350%2C200&ssl=1","width":350,"height":200,"srcset":"https:\/\/i0.wp.com\/www.grieta.org.mx\/wp-content\/uploads\/2024\/04\/FaltaPago-e1712682131509.jpg?resize=350%2C200&ssl=1 1x, https:\/\/i0.wp.com\/www.grieta.org.mx\/wp-content\/uploads\/2024\/04\/FaltaPago-e1712682131509.jpg?resize=525%2C300&ssl=1 1.5x, https:\/\/i0.wp.com\/www.grieta.org.mx\/wp-content\/uploads\/2024\/04\/FaltaPago-e1712682131509.jpg?resize=700%2C400&ssl=1 2x"},"classes":[]},{"id":65696,"url":"https:\/\/www.grieta.org.mx\/index.php\/2022\/11\/07\/sindicalizados-de-la-universidad-autonoma-del-carmen-se-van-a-paro-indefinido-campeche\/","url_meta":{"origin":68612,"position":3},"title":"Sindicalizados de la Universidad Aut\u00f3noma del Carmen se van a paro indefinido (Campeche)","author":"grieta","date":"7 noviembre, 2022","format":false,"excerpt":"Gerardo Can \/ Por Esto! Por falta de pago de sueldos de un mes, los jubilados y pensionados sindicalizados de la Universidad Aut\u00f3noma del Carmen (Unacar), se manifestaron sobre la calle 31 y 22, adem\u00e1s de irse al paro indefinido de actividades en la m\u00e1xima casa de estudios carmelita o\u2026","rel":"","context":"En &quot;Campeche&quot;","block_context":{"text":"Campeche","link":"https:\/\/www.grieta.org.mx\/index.php\/category\/noticias-nacionales\/campeche\/"},"img":{"alt_text":"","src":"https:\/\/i0.wp.com\/www.grieta.org.mx\/wp-content\/uploads\/2022\/11\/Unacar-e1668709961820.jpg?resize=350%2C200&ssl=1","width":350,"height":200,"srcset":"https:\/\/i0.wp.com\/www.grieta.org.mx\/wp-content\/uploads\/2022\/11\/Unacar-e1668709961820.jpg?resize=350%2C200&ssl=1 1x, https:\/\/i0.wp.com\/www.grieta.org.mx\/wp-content\/uploads\/2022\/11\/Unacar-e1668709961820.jpg?resize=525%2C300&ssl=1 1.5x, https:\/\/i0.wp.com\/www.grieta.org.mx\/wp-content\/uploads\/2022\/11\/Unacar-e1668709961820.jpg?resize=700%2C400&ssl=1 2x"},"classes":[]},{"id":65623,"url":"https:\/\/www.grieta.org.mx\/index.php\/2022\/10\/22\/jubilados-de-la-unacar-denuncian-al-rector-por-corrupcion-campeche\/","url_meta":{"origin":68612,"position":4},"title":"Jubilados de la Unacar denuncian al Rector por corrupci\u00f3n (Campeche)","author":"grieta","date":"22 octubre, 2022","format":false,"excerpt":"Roberto Espinoza \/ Ricardo Jim\u00e9nez \/ Por Esto! Derivado del adeudo de dos quincenas que no ha pagado la Universidad Aut\u00f3noma de Carmen a los jubilados y pensionados de la m\u00e1xima casa de estudios carmelita, un grupo de al menos 15 inconformes de la Uni\u00f3n de jubilados de la UNACAR\u2026","rel":"","context":"En &quot;Campeche&quot;","block_context":{"text":"Campeche","link":"https:\/\/www.grieta.org.mx\/index.php\/category\/noticias-nacionales\/campeche\/"},"img":{"alt_text":"","src":"https:\/\/i0.wp.com\/www.grieta.org.mx\/wp-content\/uploads\/2022\/10\/Unacar-e1666888270396.jpg?resize=350%2C200&ssl=1","width":350,"height":200,"srcset":"https:\/\/i0.wp.com\/www.grieta.org.mx\/wp-content\/uploads\/2022\/10\/Unacar-e1666888270396.jpg?resize=350%2C200&ssl=1 1x, https:\/\/i0.wp.com\/www.grieta.org.mx\/wp-content\/uploads\/2022\/10\/Unacar-e1666888270396.jpg?resize=525%2C300&ssl=1 1.5x, https:\/\/i0.wp.com\/www.grieta.org.mx\/wp-content\/uploads\/2022\/10\/Unacar-e1666888270396.jpg?resize=700%2C400&ssl=1 2x"},"classes":[]},{"id":67964,"url":"https:\/\/www.grieta.org.mx\/index.php\/2023\/10\/18\/jubilados-toman-la-rectoria-de-la-unacar-campeche\/","url_meta":{"origin":68612,"position":5},"title":"Jubilados toman la Rector\u00eda de la Unacar (Campeche)","author":"grieta","date":"18 octubre, 2023","format":false,"excerpt":"CARMEN. \u201cSi las autoridades universitarias han perdido el poder de gesti\u00f3n o no pueden trabajar en nuestro beneficio, que se vayan\u201d, exigieron los trabajadores jubilados y pensionados de la Universidad Aut\u00f3noma del Carmen (Unacar), al tomar las instalaciones de la Rector\u00eda de la maxima casa de estudios en demanda del\u2026","rel":"","context":"En &quot;Campeche&quot;","block_context":{"text":"Campeche","link":"https:\/\/www.grieta.org.mx\/index.php\/category\/noticias-nacionales\/campeche\/"},"img":{"alt_text":"","src":"https:\/\/i0.wp.com\/www.grieta.org.mx\/wp-content\/uploads\/2023\/10\/Jubilados-e1697896122422.jpg?resize=350%2C200&ssl=1","width":350,"height":200,"srcset":"https:\/\/i0.wp.com\/www.grieta.org.mx\/wp-content\/uploads\/2023\/10\/Jubilados-e1697896122422.jpg?resize=350%2C200&ssl=1 1x, https:\/\/i0.wp.com\/www.grieta.org.mx\/wp-content\/uploads\/2023\/10\/Jubilados-e1697896122422.jpg?resize=525%2C300&ssl=1 1.5x, https:\/\/i0.wp.com\/www.grieta.org.mx\/wp-content\/uploads\/2023\/10\/Jubilados-e1697896122422.jpg?resize=700%2C400&ssl=1 2x"},"classes":[]}],"_links":{"self":[{"href":"https:\/\/www.grieta.org.mx\/index.php\/wp-json\/wp\/v2\/posts\/68612","targetHints":{"allow":["GET"]}}],"collection":[{"href":"https:\/\/www.grieta.org.mx\/index.php\/wp-json\/wp\/v2\/posts"}],"about":[{"href":"https:\/\/www.grieta.org.mx\/index.php\/wp-json\/wp\/v2\/types\/post"}],"author":[{"embeddable":true,"href":"https:\/\/www.grieta.org.mx\/index.php\/wp-json\/wp\/v2\/users\/2"}],"replies":[{"embeddable":true,"href":"https:\/\/www.grieta.org.mx\/index.php\/wp-json\/wp\/v2\/comments?post=68612"}],"version-history":[{"count":1,"href":"https:\/\/www.grieta.org.mx\/index.php\/wp-json\/wp\/v2\/posts\/68612\/revisions"}],"predecessor-version":[{"id":68614,"href":"https:\/\/www.grieta.org.mx\/index.php\/wp-json\/wp\/v2\/posts\/68612\/revisions\/68614"}],"wp:featuredmedia":[{"embeddable":true,"href":"https:\/\/www.grieta.org.mx\/index.php\/wp-json\/wp\/v2\/media\/68613"}],"wp:attachment":[{"href":"https:\/\/www.grieta.org.mx\/index.php\/wp-json\/wp\/v2\/media?parent=68612"}],"wp:term":[{"taxonomy":"category","embeddable":true,"href":"https:\/\/www.grieta.org.mx\/index.php\/wp-json\/wp\/v2\/categories?post=68612"},{"taxonomy":"post_tag","embeddable":true,"href":"https:\/\/www.grieta.org.mx\/index.php\/wp-json\/wp\/v2\/tags?post=68612"}],"curies":[{"name":"wp","href":"https:\/\/api.w.org\/{rel}","templated":true}]}}