{"id":68593,"date":"2024-03-09T18:53:19","date_gmt":"2024-03-10T00:53:19","guid":{"rendered":"https:\/\/www.grieta.org.mx\/?p=68593"},"modified":"2024-03-12T19:05:39","modified_gmt":"2024-03-13T01:05:39","slug":"reprime-gobierno-de-colima-marcha-del-8m","status":"publish","type":"post","link":"https:\/\/www.grieta.org.mx\/index.php\/2024\/03\/09\/reprime-gobierno-de-colima-marcha-del-8m\/","title":{"rendered":"Reprime Gobierno de Colima marcha del 8M"},"content":{"rendered":"<p>Imagen: Diario Avanzada<\/p>\n<p>Somoselmedio \/ @Somoselmedio<\/p>\n<p><strong>Colima, Colima, 9 de marzo 2024.-<\/strong>\u00a0El llamado de al menos tres mil mujeres en Colima para cesar la violencia en su contra fue interrumpido por el gas lacrim\u00f3geno que el gobierno estatal lanz\u00f3 a las manifestantes desde el interior de Palacio de Gobierno generando estampidas y afectaciones f\u00edsicas entre las ni\u00f1as, ni\u00f1os, mujeres y personas que se encontraban en las inmediaciones del jard\u00edn Libertad, donde ocurri\u00f3 el hecho.<\/p>\n<p>La represi\u00f3n ocurri\u00f3 luego de que las mujeres tirar\u00e1n las vallas que el gobierno hab\u00eda colocado alrededor de Palacio el d\u00eda de anterior para evitar actos de iconoclas\u00eda y da\u00f1os a la puerta principal, la cual fue derribada en la movilizaci\u00f3n de 2023.<\/p>\n<p>La marcha, que recorri\u00f3 la calle Camino Real, Calzada Galv\u00e1n y Francisco I. Madero, incluy\u00f3 un performance contra los feminicidios en la Plaza de las y los Desaparecidos y un homenaje a la madre buscadora, Blanca \u00c1lvarez, fallecida el 6 de febrero pasado sin conocer el paradero de su hija, Joanna L\u00f3pez, desaparecida en 2019 en la entidad.<\/p>\n<p>En medio de la represi\u00f3n, el Presidente de la Comisi\u00f3n de Derechos Humanos se present\u00f3 en el jard\u00edn y expres\u00f3 una condena ante los actos gubernamentales y el intento de diseminar a las manifestantes. En un comunicado, la instituci\u00f3n los calific\u00f3 como una \u201cagresi\u00f3n a la libertad de expresi\u00f3n\u201d en la que fueron \u201cda\u00f1ados ni\u00f1as, ni\u00f1os, mujeres, personas adultas mayores y cientos de personas manifestantes que salieron a la calle a emitir un grito de auxilio\u201d.<\/p>\n<p>En redes sociales las internautas han dado a conocer videos y fotograf\u00edas de las ni\u00f1as, ni\u00f1os y mujeres con afectaciones en ojos y garganta por el gas lacrim\u00f3geno, a quienes auxiliaron las mismas manifestantes con ayuda de leche y agua con vinagre y bicarbonato.<\/p>\n<p>A trav\u00e9s de un comunicado la\u00a0<a class=\"x1i10hfl xjbqb8w x1ejq31n xd10rxx x1sy0etr x17r0tee x972fbf xcfux6l x1qhh985 xm0m39n x9f619 x1ypdohk xt0psk2 xe8uvvx xdj266r x11i5rnm xat24cr x1mh8g0r xexx8yu x4uap5 x18d9i69 xkhd6sd x16tdsg8 x1hl2dhg xggy1nq x1a2a7pz xt0b8zv x1fey0fg xo1l8bm\" tabindex=\"0\" role=\"link\" href=\"https:\/\/www.facebook.com\/CDHColima?__cft__[0]=AZUGD05KEiy6w3MDnVf-jhVVT6HWRk5oeMz7GKKASXMgYU10KTsMCwd_qnPUHn7syFiPWq5WDNCIHPnOmAXkvIVAn5RQT3NlfYT1-FfrKwzeu1QacilufEglXrlEa28ttoqHQ8gT86hTcOcQsjSpvYWk59dy-XuNyG_j3tl8T6nmSzqzk_VPBgwmojw2QiVCPdV3bh7-QPM6s41ikDyliQEu&amp;__tn__=-]K-R\" target=\"_blank\" rel=\"noopener\"><span class=\"xt0psk2\">Comisi\u00f3n de Derechos Humanos del Estado de Colima<\/span><\/a>\u00a0exigi\u00f3 la \u201crenuncia o destituci\u00f3n de quien dio la orden de que se ejecutar\u00e1n los actos de represi\u00f3n e intimidaci\u00f3n\u201d durante la marcha\u00a0<a class=\"x1i10hfl xjbqb8w x1ejq31n xd10rxx x1sy0etr x17r0tee x972fbf xcfux6l x1qhh985 xm0m39n x9f619 x1ypdohk xt0psk2 xe8uvvx xdj266r x11i5rnm xat24cr x1mh8g0r xexx8yu x4uap5 x18d9i69 xkhd6sd x16tdsg8 x1hl2dhg xggy1nq x1a2a7pz xt0b8zv x1fey0fg xo1l8bm\" tabindex=\"0\" role=\"link\" href=\"https:\/\/www.facebook.com\/hashtag\/8m?__eep__=6&amp;__cft__[0]=AZUGD05KEiy6w3MDnVf-jhVVT6HWRk5oeMz7GKKASXMgYU10KTsMCwd_qnPUHn7syFiPWq5WDNCIHPnOmAXkvIVAn5RQT3NlfYT1-FfrKwzeu1QacilufEglXrlEa28ttoqHQ8gT86hTcOcQsjSpvYWk59dy-XuNyG_j3tl8T6nmSzqzk_VPBgwmojw2QiVCPdV3bh7-QPM6s41ikDyliQEu&amp;__tn__=*NK-R\" target=\"_blank\" rel=\"noopener\">#8M<\/a>\u00a0en Colima.<\/p>\n<p><a href=\"https:\/\/www.somoselmedio.com\/reprime-gobierno-de-colima-marcha-del-8m\/\">https:\/\/www.somoselmedio.com\/reprime-gobierno-de-colima-marcha-del-8m\/<\/a><\/p>\n","protected":false},"excerpt":{"rendered":"<p>Imagen: Diario Avanzada Somoselmedio \/ @Somoselmedio Colima, Colima, 9 de marzo 2024.-\u00a0El llamado de al menos tres mil mujeres en Colima para cesar la violencia en su contra fue interrumpido &hellip; <a href=\"https:\/\/www.grieta.org.mx\/index.php\/2024\/03\/09\/reprime-gobierno-de-colima-marcha-del-8m\/\" class=\"more-link\">Leer m\u00e1s<\/a><\/p>\n","protected":false},"author":2,"featured_media":68594,"comment_status":"closed","ping_status":"closed","sticky":false,"template":"","format":"standard","meta":{"ngg_post_thumbnail":0,"_jetpack_newsletter_access":"","_jetpack_dont_email_post_to_subs":false,"_jetpack_newsletter_tier_id":0,"_jetpack_memberships_contains_paywalled_content":false,"_jetpack_memberships_contains_paid_content":false,"footnotes":""},"categories":[80,13,84,1016,2,83,1983],"tags":[199,3486,2272,3209,2288,2000,130,3637,1168],"class_list":["post-68593","post","type-post","status-publish","format-standard","has-post-thumbnail","hentry","category-cintillo","category-colima","category-feminicidios","category-feminicidios-en-colima","category-noticias-nacionales","category-temas-nacionales","category-violencia-contra-mujeres-en-colima","tag-abuso-policiaco","tag-brutalidad-policiaca","tag-dia-internacional-de-la-mujer","tag-lucha-contra-la-violencia-contra-las-mujeres","tag-marcha-mujeres","tag-policia-estatal","tag-represion","tag-represion-contra-feministas","tag-represion-contra-las-protestas","entry"],"jetpack_featured_media_url":"https:\/\/www.grieta.org.mx\/wp-content\/uploads\/2024\/03\/aa-12.jpg","jetpack_sharing_enabled":true,"jetpack_shortlink":"https:\/\/wp.me\/p7ZJR4-hQl","jetpack_likes_enabled":false,"jetpack-related-posts":[{"id":71254,"url":"https:\/\/www.grieta.org.mx\/index.php\/2025\/03\/08\/mujeres-de-colima-regresan-a-las-calles-este-8m-en-respuesta-a-represion-de-2024\/","url_meta":{"origin":68593,"position":0},"title":"Mujeres de Colima regresan a las calles este 8M en respuesta a represi\u00f3n de 2024","author":"grieta","date":"8 marzo, 2025","format":false,"excerpt":"Imagen: Monserrat C\u00e1rdenas Miles de mujeres tomaron las calles de Colima este 8 de marzo para exigir justicia y seguridad en un estado marcado por la violencia y la impunidad. La marcha, que record\u00f3 la represi\u00f3n del a\u00f1o pasado con gases lacrim\u00f3genos, culmin\u00f3 con actos de protesta frente a Palacio\u2026","rel":"","context":"En &quot;CINTILLO&quot;","block_context":{"text":"CINTILLO","link":"https:\/\/www.grieta.org.mx\/index.php\/category\/cintillo\/"},"img":{"alt_text":"","src":"https:\/\/i0.wp.com\/www.grieta.org.mx\/wp-content\/uploads\/2025\/03\/WhatsApp-Image-2025-03-09-at-3.11.43-PM-4.jpeg?resize=350%2C200&ssl=1","width":350,"height":200,"srcset":"https:\/\/i0.wp.com\/www.grieta.org.mx\/wp-content\/uploads\/2025\/03\/WhatsApp-Image-2025-03-09-at-3.11.43-PM-4.jpeg?resize=350%2C200&ssl=1 1x, https:\/\/i0.wp.com\/www.grieta.org.mx\/wp-content\/uploads\/2025\/03\/WhatsApp-Image-2025-03-09-at-3.11.43-PM-4.jpeg?resize=525%2C300&ssl=1 1.5x, https:\/\/i0.wp.com\/www.grieta.org.mx\/wp-content\/uploads\/2025\/03\/WhatsApp-Image-2025-03-09-at-3.11.43-PM-4.jpeg?resize=700%2C400&ssl=1 2x, https:\/\/i0.wp.com\/www.grieta.org.mx\/wp-content\/uploads\/2025\/03\/WhatsApp-Image-2025-03-09-at-3.11.43-PM-4.jpeg?resize=1050%2C600&ssl=1 3x, https:\/\/i0.wp.com\/www.grieta.org.mx\/wp-content\/uploads\/2025\/03\/WhatsApp-Image-2025-03-09-at-3.11.43-PM-4.jpeg?resize=1400%2C800&ssl=1 4x"},"classes":[]},{"id":54762,"url":"https:\/\/www.grieta.org.mx\/index.php\/2020\/11\/03\/catrinas-marchan-contra-los-feminicidios-en-colima\/","url_meta":{"origin":68593,"position":1},"title":"Catrinas marchan contra los feminicidios en Colima","author":"grieta","date":"3 noviembre, 2020","format":false,"excerpt":"Foto: Moserrat C\u00e1rdenas Con el objetivo de visibilizar la violencia contra las mujeres en Colima, mujeres feministas caracterizadas de catrinas, realizaron una marcha por las principales calles de esta ciudad para denunciar y exigir justicia para todas las mujeres asesinada.\u00a0 Redacci\u00f3n \/ Somos El Medio Vestidas de catrinas, con flores\u2026","rel":"","context":"En &quot;CINTILLO&quot;","block_context":{"text":"CINTILLO","link":"https:\/\/www.grieta.org.mx\/index.php\/category\/cintillo\/"},"img":{"alt_text":"","src":"https:\/\/i0.wp.com\/www.grieta.org.mx\/wp-content\/uploads\/2020\/11\/MG_3108.jpg?resize=350%2C200&ssl=1","width":350,"height":200,"srcset":"https:\/\/i0.wp.com\/www.grieta.org.mx\/wp-content\/uploads\/2020\/11\/MG_3108.jpg?resize=350%2C200&ssl=1 1x, https:\/\/i0.wp.com\/www.grieta.org.mx\/wp-content\/uploads\/2020\/11\/MG_3108.jpg?resize=525%2C300&ssl=1 1.5x, https:\/\/i0.wp.com\/www.grieta.org.mx\/wp-content\/uploads\/2020\/11\/MG_3108.jpg?resize=700%2C400&ssl=1 2x, https:\/\/i0.wp.com\/www.grieta.org.mx\/wp-content\/uploads\/2020\/11\/MG_3108.jpg?resize=1050%2C600&ssl=1 3x"},"classes":[]},{"id":68888,"url":"https:\/\/www.grieta.org.mx\/index.php\/2024\/04\/28\/para-recordar-la-represion-en-el-pasado-8m-mujeres-instalan-placa-en-palacio-de-colima\/","url_meta":{"origin":68593,"position":2},"title":"Para recordar la represi\u00f3n en el pasado 8M, mujeres instalan placa en Palacio de Colima","author":"grieta","date":"28 abril, 2024","format":false,"excerpt":"Imagen: Monserrat C\u00e1rdenas Monserrat C\u00e1rdenas \/ Somos El medio \u201cFue en el jard\u00edn Libertad, frente a Palacio de Gobierno, donde nos congregamos mujeres, infancias, adultas mayores, personas con discapacidad y dem\u00e1s ciudadan\u00eda, cuando pasadas las 8:00 PM, el Gobierno del Estado de Colima nos reprimi\u00f3 con gas lacrim\u00f3geno, violent\u00e1ndonos y\u2026","rel":"","context":"En &quot;CINTILLO&quot;","block_context":{"text":"CINTILLO","link":"https:\/\/www.grieta.org.mx\/index.php\/category\/cintillo\/"},"img":{"alt_text":"","src":"https:\/\/i0.wp.com\/www.grieta.org.mx\/wp-content\/uploads\/2024\/05\/MG_1107-2048x1365-1.jpg?resize=350%2C200&ssl=1","width":350,"height":200,"srcset":"https:\/\/i0.wp.com\/www.grieta.org.mx\/wp-content\/uploads\/2024\/05\/MG_1107-2048x1365-1.jpg?resize=350%2C200&ssl=1 1x, https:\/\/i0.wp.com\/www.grieta.org.mx\/wp-content\/uploads\/2024\/05\/MG_1107-2048x1365-1.jpg?resize=525%2C300&ssl=1 1.5x, https:\/\/i0.wp.com\/www.grieta.org.mx\/wp-content\/uploads\/2024\/05\/MG_1107-2048x1365-1.jpg?resize=700%2C400&ssl=1 2x, https:\/\/i0.wp.com\/www.grieta.org.mx\/wp-content\/uploads\/2024\/05\/MG_1107-2048x1365-1.jpg?resize=1050%2C600&ssl=1 3x, https:\/\/i0.wp.com\/www.grieta.org.mx\/wp-content\/uploads\/2024\/05\/MG_1107-2048x1365-1.jpg?resize=1400%2C800&ssl=1 4x"},"classes":[]},{"id":10998,"url":"https:\/\/www.grieta.org.mx\/index.php\/2016\/04\/24\/movilizacion-contra-la-violencia-hacia-las-mujeres-en-colima\/","url_meta":{"origin":68593,"position":3},"title":"Movilizaci\u00f3n contra la violencia hacia las mujeres en Colima","author":"grieta","date":"24 abril, 2016","format":false,"excerpt":"24\/04\/16. \u201cVivas nos queremos\u201d, mujeres de Colima se suman a marcha nacionalAF Medios","rel":"","context":"En &quot;Colima&quot;","block_context":{"text":"Colima","link":"https:\/\/www.grieta.org.mx\/index.php\/category\/noticias-nacionales\/colima\/"},"img":{"alt_text":"","src":"https:\/\/i0.wp.com\/www.grieta.org.mx\/wp-content\/uploads\/2018\/03\/14524434_1106112876131411_958039263622046936_o.jpg?resize=350%2C200&ssl=1","width":350,"height":200,"srcset":"https:\/\/i0.wp.com\/www.grieta.org.mx\/wp-content\/uploads\/2018\/03\/14524434_1106112876131411_958039263622046936_o.jpg?resize=350%2C200&ssl=1 1x, https:\/\/i0.wp.com\/www.grieta.org.mx\/wp-content\/uploads\/2018\/03\/14524434_1106112876131411_958039263622046936_o.jpg?resize=525%2C300&ssl=1 1.5x, https:\/\/i0.wp.com\/www.grieta.org.mx\/wp-content\/uploads\/2018\/03\/14524434_1106112876131411_958039263622046936_o.jpg?resize=700%2C400&ssl=1 2x"},"classes":[]},{"id":63701,"url":"https:\/\/www.grieta.org.mx\/index.php\/2022\/03\/09\/dos-mil-mujeres-marchan-en-colima-contra-la-inseguridad-feminicidios-y-desaparicion-forzada\/","url_meta":{"origin":68593,"position":4},"title":"Dos mil mujeres marchan en Colima contra la inseguridad, feminicidios y desaparici\u00f3n forzada","author":"grieta","date":"9 marzo, 2022","format":false,"excerpt":"Foto: Monserrat C\u00e1rdenas Monserrat C\u00e1rdenas \/ Somos El Medio Este martes, 8 de marzo, al menos\u00a02 mil mujeres colimenses marcharon bajo el lema \u201cLas calles son nuestras\u201d\u00a0en la capital del estado, condenando la violencia armada y los asesinatos y desapariciones de mujeres en la entidad. La manifestaci\u00f3n, encabezada por las\u2026","rel":"","context":"En &quot;CINTILLO&quot;","block_context":{"text":"CINTILLO","link":"https:\/\/www.grieta.org.mx\/index.php\/category\/cintillo\/"},"img":{"alt_text":"","src":"https:\/\/i0.wp.com\/www.grieta.org.mx\/wp-content\/uploads\/2022\/03\/275370076_5206834432696102_2328778518388474479_n-1068x712-1.jpg?resize=350%2C200&ssl=1","width":350,"height":200,"srcset":"https:\/\/i0.wp.com\/www.grieta.org.mx\/wp-content\/uploads\/2022\/03\/275370076_5206834432696102_2328778518388474479_n-1068x712-1.jpg?resize=350%2C200&ssl=1 1x, https:\/\/i0.wp.com\/www.grieta.org.mx\/wp-content\/uploads\/2022\/03\/275370076_5206834432696102_2328778518388474479_n-1068x712-1.jpg?resize=525%2C300&ssl=1 1.5x, https:\/\/i0.wp.com\/www.grieta.org.mx\/wp-content\/uploads\/2022\/03\/275370076_5206834432696102_2328778518388474479_n-1068x712-1.jpg?resize=700%2C400&ssl=1 2x, https:\/\/i0.wp.com\/www.grieta.org.mx\/wp-content\/uploads\/2022\/03\/275370076_5206834432696102_2328778518388474479_n-1068x712-1.jpg?resize=1050%2C600&ssl=1 3x"},"classes":[]},{"id":64095,"url":"https:\/\/www.grieta.org.mx\/index.php\/2022\/04\/27\/exigen-con-marcha-un-alto-a-los-feminicidios-y-desapariciones-de-mujeres-colima\/","url_meta":{"origin":68593,"position":5},"title":"Exigen con marcha un alto a los feminicidios y desapariciones de mujeres (Colima)","author":"grieta","date":"27 abril, 2022","format":false,"excerpt":"Foto: El Comentario Redacci\u00f3n \/ El Comentario Un nutrido grupo de\u00a0mujeres vestidas de negro\u00a0march\u00f3 desde la\u00a0Piedra Lisa\u00a0hasta el\u00a0jard\u00edn Libertad, en el centro de la\u00a0capital colimense, para exigir un alto a los\u00a0feminicidios\u00a0en la entidad. Al grito de \u201c\u00a1Se\u00f1or, se\u00f1ora, no sea indiferente, se mata a las mujeres en la cara de\u2026","rel":"","context":"En &quot;CINTILLO&quot;","block_context":{"text":"CINTILLO","link":"https:\/\/www.grieta.org.mx\/index.php\/category\/cintillo\/"},"img":{"alt_text":"","src":"https:\/\/i0.wp.com\/www.grieta.org.mx\/wp-content\/uploads\/2022\/05\/d27ad9eb9d9b5b4b0c12fb37b3801617.jpg?resize=350%2C200&ssl=1","width":350,"height":200,"srcset":"https:\/\/i0.wp.com\/www.grieta.org.mx\/wp-content\/uploads\/2022\/05\/d27ad9eb9d9b5b4b0c12fb37b3801617.jpg?resize=350%2C200&ssl=1 1x, https:\/\/i0.wp.com\/www.grieta.org.mx\/wp-content\/uploads\/2022\/05\/d27ad9eb9d9b5b4b0c12fb37b3801617.jpg?resize=525%2C300&ssl=1 1.5x, https:\/\/i0.wp.com\/www.grieta.org.mx\/wp-content\/uploads\/2022\/05\/d27ad9eb9d9b5b4b0c12fb37b3801617.jpg?resize=700%2C400&ssl=1 2x"},"classes":[]}],"_links":{"self":[{"href":"https:\/\/www.grieta.org.mx\/index.php\/wp-json\/wp\/v2\/posts\/68593","targetHints":{"allow":["GET"]}}],"collection":[{"href":"https:\/\/www.grieta.org.mx\/index.php\/wp-json\/wp\/v2\/posts"}],"about":[{"href":"https:\/\/www.grieta.org.mx\/index.php\/wp-json\/wp\/v2\/types\/post"}],"author":[{"embeddable":true,"href":"https:\/\/www.grieta.org.mx\/index.php\/wp-json\/wp\/v2\/users\/2"}],"replies":[{"embeddable":true,"href":"https:\/\/www.grieta.org.mx\/index.php\/wp-json\/wp\/v2\/comments?post=68593"}],"version-history":[{"count":1,"href":"https:\/\/www.grieta.org.mx\/index.php\/wp-json\/wp\/v2\/posts\/68593\/revisions"}],"predecessor-version":[{"id":68595,"href":"https:\/\/www.grieta.org.mx\/index.php\/wp-json\/wp\/v2\/posts\/68593\/revisions\/68595"}],"wp:featuredmedia":[{"embeddable":true,"href":"https:\/\/www.grieta.org.mx\/index.php\/wp-json\/wp\/v2\/media\/68594"}],"wp:attachment":[{"href":"https:\/\/www.grieta.org.mx\/index.php\/wp-json\/wp\/v2\/media?parent=68593"}],"wp:term":[{"taxonomy":"category","embeddable":true,"href":"https:\/\/www.grieta.org.mx\/index.php\/wp-json\/wp\/v2\/categories?post=68593"},{"taxonomy":"post_tag","embeddable":true,"href":"https:\/\/www.grieta.org.mx\/index.php\/wp-json\/wp\/v2\/tags?post=68593"}],"curies":[{"name":"wp","href":"https:\/\/api.w.org\/{rel}","templated":true}]}}