{"id":68588,"date":"2024-02-09T01:50:30","date_gmt":"2024-02-09T07:50:30","guid":{"rendered":"https:\/\/www.grieta.org.mx\/?p=68588"},"modified":"2024-03-05T02:05:58","modified_gmt":"2024-03-05T08:05:58","slug":"colapsa-estructura-del-tren-maya-cerca-de-bacalar-hay-dos-personas-lesionadas-videoquintana-roo","status":"publish","type":"post","link":"https:\/\/www.grieta.org.mx\/index.php\/2024\/02\/09\/colapsa-estructura-del-tren-maya-cerca-de-bacalar-hay-dos-personas-lesionadas-videoquintana-roo\/","title":{"rendered":"Colapsa estructura del Tren Maya cerca de Bacalar; hay dos personas lesionadas (Video)(Quintana Roo)"},"content":{"rendered":"<p>Octavio Mart\u00ednez \/ Revista Proceso<\/p>\n<blockquote><p>El desplome de una estructura de concreto en las obras del Tren Maya cerca de Bacalar, en Quintana Roo, dej\u00f3 un saldo de dos trabajadores lesionados.<\/p><\/blockquote>\n<p>CANC\u00daN, Qroo. (apro).\u2013 El desplome de una estructura de concreto en las obras del Tren Maya cerca de Bacalar, en Quintana Roo, dej\u00f3 un saldo de dos trabajadores lesionados.<\/p>\n<p>El reporte del accidente surgi\u00f3 durante el viernes, aunque \u00e9ste ocurri\u00f3 el jueves en el Tramo 6 del Tren Maya, entre las localidades de Felipe Carrillo Puerto y Bacalar.<\/p>\n<p>De acuerdo con testimonios, la ma\u00f1ana del jueves se desprendi\u00f3 un muro que iba a formar parte de un puente para el paso de la v\u00eda ferroviaria, cercano a la comunidad de Pedro Antonio Santos.<\/p>\n<p>El reporte indic\u00f3 que mientras los trabajadores armaban una estructura, una parte se vino abajo con una cantidad importante de varillas, las cuales sepultaron a los obreros.<\/p>\n<p>Resultaron lesionados dos trabajadores de nombres Gerardo N. y David N., quienes fueron trasladados a cl\u00ednicas cercanas de la zona.<\/p>\n<p>Se desconoce su estado de salud, pues hasta ahora la Secretar\u00eda de la Defensa Nacional (Sedena), encargada del proyecto en ese tramo, no ha brindado una postura oficial.<\/p>\n<p>En fotograf\u00edas que han circulado se puede apreciar cuando trabajadores buscan sacar a sus compa\u00f1eros de entre las varillas colapsadas.<\/p>\n<p>Los trabajos se han acelerado en las \u00faltimas semanas en los tramos 5, 6 y 7, que corresponden a Quintana Roo y Campeche, esto porque el presidente Andr\u00e9s Manuel L\u00f3pez Obrador ha prometido entregar la obra para su inauguraci\u00f3n luego del 2 de junio.<\/p>\n<p>Antes, el 29 de febrero pr\u00f3ximo, entregar\u00e1 un tramo de alrededor de 45 kil\u00f3metros entre Playa del Carmen y Canc\u00fan, donde se preparan para recibir los veh\u00edculos construidos por Alstom.<\/p>\n<p>Estos trabajos acelerados han tra\u00eddo accidentes de diverso tipo. Tan s\u00f3lo este viernes se report\u00f3 la colisi\u00f3n de dos unidades tipo volteo empleados en el Tren Maya, en la carretera federal entre Chetumal y Esc\u00e1rcega, en el tramo 7.<\/p>\n<p>Desde el a\u00f1o pasado, otros accidentes similares entre camiones pesados que se emplean en la obra han sido reportados, algo que ya se ha vuelto com\u00fan en la zona.<\/p>\n<p><a href=\"https:\/\/www.proceso.com.mx\/nacional\/estados\/2024\/2\/9\/colapsa-estructura-del-tren-maya-cerca-de-bacalar-hay-dos-personas-lesionadas-video-323719.html\" rel=\"noopener\" target=\"_blank\">https:\/\/www.proceso.com.mx\/nacional\/estados\/2024\/2\/9\/colapsa-estructura-del-tren-maya-cerca-de-bacalar-hay-dos-personas-lesionadas-video-323719.html<\/a><\/p>\n","protected":false},"excerpt":{"rendered":"<p>Octavio Mart\u00ednez \/ Revista Proceso El desplome de una estructura de concreto en las obras del Tren Maya cerca de Bacalar, en Quintana Roo, dej\u00f3 un saldo de dos trabajadores &hellip; <a href=\"https:\/\/www.grieta.org.mx\/index.php\/2024\/02\/09\/colapsa-estructura-del-tren-maya-cerca-de-bacalar-hay-dos-personas-lesionadas-videoquintana-roo\/\" class=\"more-link\">Leer m\u00e1s<\/a><\/p>\n","protected":false},"author":2,"featured_media":68589,"comment_status":"closed","ping_status":"closed","sticky":false,"template":"","format":"standard","meta":{"ngg_post_thumbnail":0,"_jetpack_newsletter_access":"","_jetpack_dont_email_post_to_subs":false,"_jetpack_newsletter_tier_id":0,"_jetpack_memberships_contains_paywalled_content":false,"_jetpack_memberships_contains_paid_content":false,"footnotes":""},"categories":[80,3,922,926,944,952,2,3210,28,2026],"tags":[882,2841,1878],"class_list":["post-68588","post","type-post","status-publish","format-standard","has-post-thumbnail","hentry","category-cintillo","category-megaproyectos","category-megaproyectos-estados","category-mp-campeche","category-mp-quintana-roo","category-mp-yucatan","category-noticias-nacionales","category-precariedad-laboral-en-quintana-roo","category-quintana-roo","category-tren-maya","tag-accidentes-laborales","tag-explotacion-y-precariedad-laboral","tag-tren-maya","entry"],"jetpack_featured_media_url":"https:\/\/www.grieta.org.mx\/wp-content\/uploads\/2024\/03\/TrenAccidente-e1709625311972.jpg","jetpack_sharing_enabled":true,"jetpack_shortlink":"https:\/\/wp.me\/p7ZJR4-hQg","jetpack_likes_enabled":false,"jetpack-related-posts":[{"id":70705,"url":"https:\/\/www.grieta.org.mx\/index.php\/2024\/12\/13\/trabajadores-del-tren-maya-bloquean-la-carretera-chetumal-bacalar-por-salarios-atrasados-quintana-roo\/","url_meta":{"origin":68588,"position":0},"title":"Trabajadores del Tren Maya Bloquean la Carretera Chetumal-Bacalar por Salarios Atrasados (Quintana Roo)","author":"grieta","date":"13 diciembre, 2024","format":false,"excerpt":"Antonio Brice\u00f1o \/ CAMBIO 22 Trabajadores del Tren Maya bloquearon esta ma\u00f1ana la carretera Chetumal-Bacalar, en protesta por la falta de pago de sus salarios desde octubre Exigen una soluci\u00f3n inmediata para poder reanudar su labor CHETUMAL, 13 de diciembre.- Un grupo de trabajadores del Tren Maya bloque\u00f3 esta ma\u00f1ana\u2026","rel":"","context":"En &quot;CINTILLO&quot;","block_context":{"text":"CINTILLO","link":"https:\/\/www.grieta.org.mx\/index.php\/category\/cintillo\/"},"img":{"alt_text":"","src":"https:\/\/i0.wp.com\/www.grieta.org.mx\/wp-content\/uploads\/2024\/12\/Bloqueo.jpg?resize=350%2C200&ssl=1","width":350,"height":200},"classes":[]},{"id":67152,"url":"https:\/\/www.grieta.org.mx\/index.php\/2023\/07\/08\/ejercito-suspende-relleno-del-estero-de-chac-ante-quejas-de-habitantes-de-bacalar-quintana-roo\/","url_meta":{"origin":68588,"position":1},"title":"Ej\u00e9rcito suspende relleno del estero de Chac ante quejas de habitantes de Bacalar (Quintana Roo)","author":"grieta","date":"8 julio, 2023","format":false,"excerpt":"Emilio G\u00f3mez \/ Foto: Facebook Acci\u00f3n Juvenil Quintana Roo \/ La Jornada Maya Chetumal, Quintana Roo El Ej\u00e9rcito mexicano suspendi\u00f3 el relleno del estero de Chac, un canal de agua que parte de la ciudad de Chetumal, de norte a sur y que conecta a la laguna de Bacalar con\u2026","rel":"","context":"En &quot;CINTILLO&quot;","block_context":{"text":"CINTILLO","link":"https:\/\/www.grieta.org.mx\/index.php\/category\/cintillo\/"},"img":{"alt_text":"","src":"https:\/\/i0.wp.com\/www.grieta.org.mx\/wp-content\/uploads\/2023\/07\/RellenoChetumal-e1688839701794.jpg?resize=350%2C200&ssl=1","width":350,"height":200,"srcset":"https:\/\/i0.wp.com\/www.grieta.org.mx\/wp-content\/uploads\/2023\/07\/RellenoChetumal-e1688839701794.jpg?resize=350%2C200&ssl=1 1x, https:\/\/i0.wp.com\/www.grieta.org.mx\/wp-content\/uploads\/2023\/07\/RellenoChetumal-e1688839701794.jpg?resize=525%2C300&ssl=1 1.5x, https:\/\/i0.wp.com\/www.grieta.org.mx\/wp-content\/uploads\/2023\/07\/RellenoChetumal-e1688839701794.jpg?resize=700%2C400&ssl=1 2x"},"classes":[]},{"id":67351,"url":"https:\/\/www.grieta.org.mx\/index.php\/2023\/08\/05\/paraliza-obras-de-tren-maya-quema-de-maquinaria-en-tramo-6-quintana-roo\/","url_meta":{"origin":68588,"position":2},"title":"Paraliza obras de Tren Maya quema de maquinaria en tramo 6 (Quintana Roo)","author":"grieta","date":"5 agosto, 2023","format":false,"excerpt":"antonio.hernandez.press \/ Quadrat\u00edn Quintana Roo OTH\u00d3N P. BLANCO, QRoo, 5 de agosto de 2023.- Cinco maquinarias pesadas fueron incendiadas en las obras del Tren Maya, en el frente seis del Tramo 6, muy cerca de la comunidad de Buenavista, supuestamente por parte de trabajadores inconformes por falta de pago. De\u2026","rel":"","context":"En &quot;CINTILLO&quot;","block_context":{"text":"CINTILLO","link":"https:\/\/www.grieta.org.mx\/index.php\/category\/cintillo\/"},"img":{"alt_text":"","src":"https:\/\/i0.wp.com\/www.grieta.org.mx\/wp-content\/uploads\/2023\/08\/Quema-e1691331646543.jpg?resize=350%2C200&ssl=1","width":350,"height":200,"srcset":"https:\/\/i0.wp.com\/www.grieta.org.mx\/wp-content\/uploads\/2023\/08\/Quema-e1691331646543.jpg?resize=350%2C200&ssl=1 1x, https:\/\/i0.wp.com\/www.grieta.org.mx\/wp-content\/uploads\/2023\/08\/Quema-e1691331646543.jpg?resize=525%2C300&ssl=1 1.5x, https:\/\/i0.wp.com\/www.grieta.org.mx\/wp-content\/uploads\/2023\/08\/Quema-e1691331646543.jpg?resize=700%2C400&ssl=1 2x"},"classes":[]},{"id":69310,"url":"https:\/\/www.grieta.org.mx\/index.php\/2024\/07\/21\/culpan-a-obras-del-tren-maya-de-inundaciones-en-bacalar-quintana-roo\/","url_meta":{"origin":68588,"position":3},"title":"Culpan a obras del Tren Maya de inundaciones en Bacalar (Quintana Roo)","author":"grieta","date":"21 julio, 2024","format":false,"excerpt":"Carolina Carrasco \/ Foto: @VisionRedTez \/ Infobae Los pobladores de la zona advirtieron a los ingenieros del Tren Maya que esto pod\u00eda ocurrir. Comunidades de la zona de Bacalar que llevan poco m\u00e1s de 10 d\u00edas inundadas aseguran que este fen\u00f3meno ha sido culpa de las construcciones del Tren Maya,\u2026","rel":"","context":"En &quot;CINTILLO&quot;","block_context":{"text":"CINTILLO","link":"https:\/\/www.grieta.org.mx\/index.php\/category\/cintillo\/"},"img":{"alt_text":"","src":"https:\/\/i0.wp.com\/www.grieta.org.mx\/wp-content\/uploads\/2024\/07\/Bacalar-e1721568433550.jpg?resize=350%2C200&ssl=1","width":350,"height":200,"srcset":"https:\/\/i0.wp.com\/www.grieta.org.mx\/wp-content\/uploads\/2024\/07\/Bacalar-e1721568433550.jpg?resize=350%2C200&ssl=1 1x, https:\/\/i0.wp.com\/www.grieta.org.mx\/wp-content\/uploads\/2024\/07\/Bacalar-e1721568433550.jpg?resize=525%2C300&ssl=1 1.5x, https:\/\/i0.wp.com\/www.grieta.org.mx\/wp-content\/uploads\/2024\/07\/Bacalar-e1721568433550.jpg?resize=700%2C400&ssl=1 2x"},"classes":[]},{"id":70988,"url":"https:\/\/www.grieta.org.mx\/index.php\/2025\/02\/04\/denuncian-graves-irregularidades-de-empresa-encargada-de-obras-del-tren-maya-en-sur-de-quintana-roo\/","url_meta":{"origin":68588,"position":4},"title":"Denuncian Graves Irregularidades de Empresa Encargada de Obras del Tren Maya en Sur de Quintana Roo","author":"grieta","date":"4 febrero, 2025","format":false,"excerpt":"Antonio Brice\u00f1o\/CAMBIO 22 \u25ba Trabajadores acusan a Tizacons de despidos masivos sin pago de sueldos, aguinaldos y descansos trabajados; omisiones en materia de seguridad, ocultamiento de accidentes y hasta la alteraci\u00f3n de un diagn\u00f3stico m\u00e9dico sobre la muerte de un trabajador CHETUMAL, 4 de febrero.- El fallecimiento de un joven,\u2026","rel":"","context":"En &quot;CINTILLO&quot;","block_context":{"text":"CINTILLO","link":"https:\/\/www.grieta.org.mx\/index.php\/category\/cintillo\/"},"img":{"alt_text":"","src":"https:\/\/i0.wp.com\/www.grieta.org.mx\/wp-content\/uploads\/2025\/02\/Irregularidades.jpg?resize=350%2C200&ssl=1","width":350,"height":200,"srcset":"https:\/\/i0.wp.com\/www.grieta.org.mx\/wp-content\/uploads\/2025\/02\/Irregularidades.jpg?resize=350%2C200&ssl=1 1x, https:\/\/i0.wp.com\/www.grieta.org.mx\/wp-content\/uploads\/2025\/02\/Irregularidades.jpg?resize=525%2C300&ssl=1 1.5x, https:\/\/i0.wp.com\/www.grieta.org.mx\/wp-content\/uploads\/2025\/02\/Irregularidades.jpg?resize=700%2C400&ssl=1 2x, https:\/\/i0.wp.com\/www.grieta.org.mx\/wp-content\/uploads\/2025\/02\/Irregularidades.jpg?resize=1050%2C600&ssl=1 3x"},"classes":[]},{"id":69466,"url":"https:\/\/www.grieta.org.mx\/index.php\/2024\/08\/26\/bloquean-trabajadores-del-tren-maya-carretera-hacia-subteniente-lopez-y-belice-por-falta-de-pago-quintana-roo\/","url_meta":{"origin":68588,"position":5},"title":"Bloquean trabajadores del Tren Maya carretera hacia subteniente L\u00f3pez y Belice por falta de pago (Quintana Roo)","author":"grieta","date":"26 agosto, 2024","format":false,"excerpt":"Rafael Brice\u00f1o \/ Noticaribe CHETUMAL, MX.- Ante la falta de respuesta a sus peticiones de pago por el servicio prestado, trabajadores que construyen el paso del Tren Maya sobre la carretera que conduce a la comunidad de Subteniente L\u00f3pez y hacia Belice mantienen un bloqueo como protesta y medida de\u2026","rel":"","context":"En &quot;CINTILLO&quot;","block_context":{"text":"CINTILLO","link":"https:\/\/www.grieta.org.mx\/index.php\/category\/cintillo\/"},"img":{"alt_text":"","src":"https:\/\/i0.wp.com\/www.grieta.org.mx\/wp-content\/uploads\/2024\/08\/Bloquean.jpg?resize=350%2C200&ssl=1","width":350,"height":200,"srcset":"https:\/\/i0.wp.com\/www.grieta.org.mx\/wp-content\/uploads\/2024\/08\/Bloquean.jpg?resize=350%2C200&ssl=1 1x, https:\/\/i0.wp.com\/www.grieta.org.mx\/wp-content\/uploads\/2024\/08\/Bloquean.jpg?resize=525%2C300&ssl=1 1.5x"},"classes":[]}],"_links":{"self":[{"href":"https:\/\/www.grieta.org.mx\/index.php\/wp-json\/wp\/v2\/posts\/68588","targetHints":{"allow":["GET"]}}],"collection":[{"href":"https:\/\/www.grieta.org.mx\/index.php\/wp-json\/wp\/v2\/posts"}],"about":[{"href":"https:\/\/www.grieta.org.mx\/index.php\/wp-json\/wp\/v2\/types\/post"}],"author":[{"embeddable":true,"href":"https:\/\/www.grieta.org.mx\/index.php\/wp-json\/wp\/v2\/users\/2"}],"replies":[{"embeddable":true,"href":"https:\/\/www.grieta.org.mx\/index.php\/wp-json\/wp\/v2\/comments?post=68588"}],"version-history":[{"count":1,"href":"https:\/\/www.grieta.org.mx\/index.php\/wp-json\/wp\/v2\/posts\/68588\/revisions"}],"predecessor-version":[{"id":68590,"href":"https:\/\/www.grieta.org.mx\/index.php\/wp-json\/wp\/v2\/posts\/68588\/revisions\/68590"}],"wp:featuredmedia":[{"embeddable":true,"href":"https:\/\/www.grieta.org.mx\/index.php\/wp-json\/wp\/v2\/media\/68589"}],"wp:attachment":[{"href":"https:\/\/www.grieta.org.mx\/index.php\/wp-json\/wp\/v2\/media?parent=68588"}],"wp:term":[{"taxonomy":"category","embeddable":true,"href":"https:\/\/www.grieta.org.mx\/index.php\/wp-json\/wp\/v2\/categories?post=68588"},{"taxonomy":"post_tag","embeddable":true,"href":"https:\/\/www.grieta.org.mx\/index.php\/wp-json\/wp\/v2\/tags?post=68588"}],"curies":[{"name":"wp","href":"https:\/\/api.w.org\/{rel}","templated":true}]}}