{"id":68579,"date":"2024-03-04T13:40:24","date_gmt":"2024-03-04T19:40:24","guid":{"rendered":"https:\/\/www.grieta.org.mx\/?p=68579"},"modified":"2024-03-04T13:40:24","modified_gmt":"2024-03-04T19:40:24","slug":"aeropuerto-de-merida-trabajadores-de-la-empresa-menzies-aviation-se-declaran-en-paro-yucatan","status":"publish","type":"post","link":"https:\/\/www.grieta.org.mx\/index.php\/2024\/03\/04\/aeropuerto-de-merida-trabajadores-de-la-empresa-menzies-aviation-se-declaran-en-paro-yucatan\/","title":{"rendered":"Aeropuerto de M\u00e9rida: Trabajadores de la empresa Menzies Aviation se declaran en paro (Yucat\u00e1n)"},"content":{"rendered":"<p>V\u00edctor Lara Mart\u00ednez \/ Por Esto!<\/p>\n<p>Esta empresa tiene a su cargo los servicios esenciales en tierra de las aerol\u00edneas que operan en este aeropuerto. Sin embargo, desde el mes de diciembre enfrenta diversas demoras en sus servicios tras la renuncia masiva de trabajadores, quienes han denunciado malas condiciones generales de trabajo.<\/p>\n<p>La empresa brinda servicios esenciales en tierra, como agentes de servicio al pasajero (agente de tr\u00e1fico) y oficiales de operaciones. Tambi\u00e9n se encarga de la comprobaci\u00f3n y reabastecimiento de combustible y lubricantes, limpieza en cabina y transporte y manejo de equipaje y carga.<\/p>\n<p>Las condiciones de servicio que presta Menzies Aviation ha provocado cancelaciones, p\u00e9rdidas y demoras de vuelos. Los afectados acusan largas esperas para recoger el equipaje y extrav\u00edo del mismo.<\/p>\n<p>Los trabajadores denuncian malas condiciones laborales y bajos salarios, Acusan que su salario bajo y la carga de trabajo es excesiva y no cuentan con descanso suficiente, que provoca una elevada rotaci\u00f3n.<\/p>\n<p>Se trata de un conflicto entre empresas y trabajadores, por lo que ninguna autoridad puede intervenir para resolver el asunto, que siguen sumando p\u00e9rdidas a pasajeros y aerol\u00edneas.<\/p>\n<p><a href=\"https:\/\/www.poresto.net\/yucatan\/2024\/3\/4\/aeropuerto-de-merida-trabajadores-de-la-empresa-menzies-aviation-se-declaran-en-paro-425073.html\" rel=\"noopener\" target=\"_blank\">https:\/\/www.poresto.net\/yucatan\/2024\/3\/4\/aeropuerto-de-merida-trabajadores-de-la-empresa-menzies-aviation-se-declaran-en-paro-425073.html<\/a><\/p>\n","protected":false},"excerpt":{"rendered":"<p>V\u00edctor Lara Mart\u00ednez \/ Por Esto! Esta empresa tiene a su cargo los servicios esenciales en tierra de las aerol\u00edneas que operan en este aeropuerto. Sin embargo, desde el mes &hellip; <a href=\"https:\/\/www.grieta.org.mx\/index.php\/2024\/03\/04\/aeropuerto-de-merida-trabajadores-de-la-empresa-menzies-aviation-se-declaran-en-paro-yucatan\/\" class=\"more-link\">Leer m\u00e1s<\/a><\/p>\n","protected":false},"author":2,"featured_media":68580,"comment_status":"closed","ping_status":"closed","sticky":false,"template":"","format":"standard","meta":{"ngg_post_thumbnail":0,"_jetpack_newsletter_access":"","_jetpack_dont_email_post_to_subs":false,"_jetpack_newsletter_tier_id":0,"_jetpack_memberships_contains_paywalled_content":false,"_jetpack_memberships_contains_paid_content":false,"footnotes":""},"categories":[80,1072,910,2,83,36],"tags":[634,113,105,2841,858],"class_list":["post-68579","post","type-post","status-publish","format-standard","has-post-thumbnail","hentry","category-cintillo","category-conflictos-laborales-en-yucatan","category-explotacion-y-precariedad-laboral","category-noticias-nacionales","category-temas-nacionales","category-yucatan","tag-condiciones-laborales","tag-conflictos-laborales","tag-derechos-laborales","tag-explotacion-y-precariedad-laboral","tag-paro-laboral","entry"],"jetpack_featured_media_url":"https:\/\/www.grieta.org.mx\/wp-content\/uploads\/2024\/03\/trabajadoresAeropuerto-e1709581109641.jpg","jetpack_sharing_enabled":true,"jetpack_shortlink":"https:\/\/wp.me\/p7ZJR4-hQ7","jetpack_likes_enabled":false,"jetpack-related-posts":[{"id":71828,"url":"https:\/\/www.grieta.org.mx\/index.php\/2025\/06\/10\/ahora-la-utm-se-une-al-paro-yucatan\/","url_meta":{"origin":68579,"position":0},"title":"Ahora la UTM se une al paro (Yucat\u00e1n)","author":"grieta","date":"10 junio, 2025","format":false,"excerpt":"Herbeth Escalante \/ Haz Ruido Los docentes y el personal administrativo exigen mejores condiciones laborales y mejorar la infraestructura para sus estudiantes M\u00e9rida, Yucat\u00e1n, 10 de junio de 2025.- Desde temprana hora, docentes y personal administrativo cerraron con candados las rejas de las instalaciones de la Universidad Tecnol\u00f3gica Metropolitana (UTM)\u2026","rel":"","context":"En &quot;CINTILLO&quot;","block_context":{"text":"CINTILLO","link":"https:\/\/www.grieta.org.mx\/index.php\/category\/cintillo\/"},"img":{"alt_text":"","src":"https:\/\/i0.wp.com\/www.grieta.org.mx\/wp-content\/uploads\/2025\/06\/Utm-e1749645096482.jpg?resize=350%2C200&ssl=1","width":350,"height":200,"srcset":"https:\/\/i0.wp.com\/www.grieta.org.mx\/wp-content\/uploads\/2025\/06\/Utm-e1749645096482.jpg?resize=350%2C200&ssl=1 1x, https:\/\/i0.wp.com\/www.grieta.org.mx\/wp-content\/uploads\/2025\/06\/Utm-e1749645096482.jpg?resize=525%2C300&ssl=1 1.5x, https:\/\/i0.wp.com\/www.grieta.org.mx\/wp-content\/uploads\/2025\/06\/Utm-e1749645096482.jpg?resize=700%2C400&ssl=1 2x"},"classes":[]},{"id":69834,"url":"https:\/\/www.grieta.org.mx\/index.php\/2024\/09\/24\/anuncian-paro-laboral-en-diversas-universidades-de-yucatan-por-derechos-laborales\/","url_meta":{"origin":68579,"position":1},"title":"Anuncian Paro Laboral en Diversas Universidades de Yucat\u00e1n por Derechos Laborales","author":"grieta","date":"24 septiembre, 2024","format":false,"excerpt":"Erick Mart\u00edn Huh\/CAMBIO 22 Instituciones de educaci\u00f3n superior en el estado se preparan para suspender actividades el pr\u00f3ximo viernes en demanda de mejoras laborales VALLADOLID, YUCAT\u00c1N, 24 DE SEPTIEMBRE DE 2024.Diversas universidades de Yucat\u00e1n, incluidas el Tecnol\u00f3gico Superior Campus Valladolid, la Universidad Tecnol\u00f3gica Metropolitana de M\u00e9rida y la Universidad Tecnol\u00f3gica\u2026","rel":"","context":"En &quot;CINTILLO&quot;","block_context":{"text":"CINTILLO","link":"https:\/\/www.grieta.org.mx\/index.php\/category\/cintillo\/"},"img":{"alt_text":"","src":"https:\/\/i0.wp.com\/www.grieta.org.mx\/wp-content\/uploads\/2024\/09\/UniversidadesYucatan-e1727230420440.jpg?resize=350%2C200&ssl=1","width":350,"height":200,"srcset":"https:\/\/i0.wp.com\/www.grieta.org.mx\/wp-content\/uploads\/2024\/09\/UniversidadesYucatan-e1727230420440.jpg?resize=350%2C200&ssl=1 1x, https:\/\/i0.wp.com\/www.grieta.org.mx\/wp-content\/uploads\/2024\/09\/UniversidadesYucatan-e1727230420440.jpg?resize=525%2C300&ssl=1 1.5x, https:\/\/i0.wp.com\/www.grieta.org.mx\/wp-content\/uploads\/2024\/09\/UniversidadesYucatan-e1727230420440.jpg?resize=700%2C400&ssl=1 2x"},"classes":[]},{"id":69170,"url":"https:\/\/www.grieta.org.mx\/index.php\/2024\/06\/10\/personal-del-issste-cierra-calles-y-exige-mejores-condiciones-laborales-yucatan\/","url_meta":{"origin":68579,"position":2},"title":"Personal del ISSSTE cierra calles y exige mejores condiciones laborales (Yucat\u00e1n)","author":"grieta","date":"10 junio, 2024","format":false,"excerpt":"Reporteros Hoy Desde temprana hora de este lunes, trabajadores de la salud del ISSSTE cerraron la avenida Alfredo Barrera en el fraccionamiento Pensiones, para exigir al gobierno mejores condiciones laborales y denunciar presunta corrupci\u00f3n y desv\u00edo de recursos por parte del titular del Hospital Regional Elvia Carrillo Puerto. Entre los\u2026","rel":"","context":"En &quot;CINTILLO&quot;","block_context":{"text":"CINTILLO","link":"https:\/\/www.grieta.org.mx\/index.php\/category\/cintillo\/"},"img":{"alt_text":"","src":"https:\/\/i0.wp.com\/www.grieta.org.mx\/wp-content\/uploads\/2024\/06\/Issste-e1718627953463.jpg?resize=350%2C200&ssl=1","width":350,"height":200,"srcset":"https:\/\/i0.wp.com\/www.grieta.org.mx\/wp-content\/uploads\/2024\/06\/Issste-e1718627953463.jpg?resize=350%2C200&ssl=1 1x, https:\/\/i0.wp.com\/www.grieta.org.mx\/wp-content\/uploads\/2024\/06\/Issste-e1718627953463.jpg?resize=525%2C300&ssl=1 1.5x, https:\/\/i0.wp.com\/www.grieta.org.mx\/wp-content\/uploads\/2024\/06\/Issste-e1718627953463.jpg?resize=700%2C400&ssl=1 2x"},"classes":[]},{"id":71745,"url":"https:\/\/www.grieta.org.mx\/index.php\/2025\/05\/21\/paro-de-choferes-del-va-y-ven-deja-sin-servicio-a-miles-de-usuarios-no-les-dieron-utilidades-yucatan\/","url_meta":{"origin":68579,"position":3},"title":"Paro de choferes del &#8220;Va y Ven&#8221; deja sin servicio a miles de usuarios, no les dieron utilidades (Yucat\u00e1n)","author":"grieta","date":"21 mayo, 2025","format":false,"excerpt":"Jorge Robles \/ MAS Medio Alternativo Choferes del Va y Ven de dos rutas Circuito Rojo iniciaron un paro de labores, en protesta por la negativa de la empresa concesionaria a entregarles el reparto de utilidades. Seg\u00fan los conductores, pese a las extensas jornadas laborales y a las ganancias de\u2026","rel":"","context":"En &quot;CINTILLO&quot;","block_context":{"text":"CINTILLO","link":"https:\/\/www.grieta.org.mx\/index.php\/category\/cintillo\/"},"img":{"alt_text":"","src":"https:\/\/i0.wp.com\/www.grieta.org.mx\/wp-content\/uploads\/2025\/05\/VayVen-e1748783169437.jpg?resize=350%2C200&ssl=1","width":350,"height":200,"srcset":"https:\/\/i0.wp.com\/www.grieta.org.mx\/wp-content\/uploads\/2025\/05\/VayVen-e1748783169437.jpg?resize=350%2C200&ssl=1 1x, https:\/\/i0.wp.com\/www.grieta.org.mx\/wp-content\/uploads\/2025\/05\/VayVen-e1748783169437.jpg?resize=525%2C300&ssl=1 1.5x, https:\/\/i0.wp.com\/www.grieta.org.mx\/wp-content\/uploads\/2025\/05\/VayVen-e1748783169437.jpg?resize=700%2C400&ssl=1 2x"},"classes":[]},{"id":71825,"url":"https:\/\/www.grieta.org.mx\/index.php\/2025\/06\/05\/maestros-bloquean-acceso-al-aeropuerto-de-merida-yucatan\/","url_meta":{"origin":68579,"position":4},"title":"Maestros bloquean acceso al aeropuerto de M\u00e9rida (Yucat\u00e1n)","author":"grieta","date":"5 junio, 2025","format":false,"excerpt":"Herbeth Escalante \/ Haz Ruido Desde temprana hora, docentes de la CNTE han tomado la avenida Aviaci\u00f3n e incluso protestaron en las puertas del aeropuerto. M\u00e9rida, Yucat\u00e1n, 5 de junio de 2025.- Aproximadamente 3 mil maestros de la Coordinadora Nacional de Trabajadores de la Educaci\u00f3n (CNTE) mantienen bloqueado el acceso\u2026","rel":"","context":"En &quot;CINTILLO&quot;","block_context":{"text":"CINTILLO","link":"https:\/\/www.grieta.org.mx\/index.php\/category\/cintillo\/"},"img":{"alt_text":"","src":"https:\/\/i0.wp.com\/www.grieta.org.mx\/wp-content\/uploads\/2025\/06\/Maestros-e1749477518770.jpg?resize=350%2C200&ssl=1","width":350,"height":200,"srcset":"https:\/\/i0.wp.com\/www.grieta.org.mx\/wp-content\/uploads\/2025\/06\/Maestros-e1749477518770.jpg?resize=350%2C200&ssl=1 1x, https:\/\/i0.wp.com\/www.grieta.org.mx\/wp-content\/uploads\/2025\/06\/Maestros-e1749477518770.jpg?resize=525%2C300&ssl=1 1.5x, https:\/\/i0.wp.com\/www.grieta.org.mx\/wp-content\/uploads\/2025\/06\/Maestros-e1749477518770.jpg?resize=700%2C400&ssl=1 2x"},"classes":[]},{"id":69160,"url":"https:\/\/www.grieta.org.mx\/index.php\/2024\/06\/14\/paro-indefinido-en-instituciones-educativas-de-yucatan\/","url_meta":{"origin":68579,"position":5},"title":"Paro indefinido en instituciones educativas de Yucat\u00e1n","author":"grieta","date":"14 junio, 2024","format":false,"excerpt":"Reporteros Hoy Inici\u00f3 un paro de labores de manera indefinida en diversas instituciones de educaci\u00f3n b\u00e1sica en Yucat\u00e1n. Los docentes se\u00f1alan que, al no hallar respuesta formal a sus demandas salariales y de prestaciones, decidieron iniciar con esta manifestaci\u00f3n, con el objetivo de que las autoridades volteen hacia estos y\u2026","rel":"","context":"En &quot;CINTILLO&quot;","block_context":{"text":"CINTILLO","link":"https:\/\/www.grieta.org.mx\/index.php\/category\/cintillo\/"},"img":{"alt_text":"","src":"https:\/\/i0.wp.com\/www.grieta.org.mx\/wp-content\/uploads\/2024\/06\/ParoMaestros-e1718578057215.jpg?resize=350%2C200&ssl=1","width":350,"height":200,"srcset":"https:\/\/i0.wp.com\/www.grieta.org.mx\/wp-content\/uploads\/2024\/06\/ParoMaestros-e1718578057215.jpg?resize=350%2C200&ssl=1 1x, https:\/\/i0.wp.com\/www.grieta.org.mx\/wp-content\/uploads\/2024\/06\/ParoMaestros-e1718578057215.jpg?resize=525%2C300&ssl=1 1.5x, https:\/\/i0.wp.com\/www.grieta.org.mx\/wp-content\/uploads\/2024\/06\/ParoMaestros-e1718578057215.jpg?resize=700%2C400&ssl=1 2x"},"classes":[]}],"_links":{"self":[{"href":"https:\/\/www.grieta.org.mx\/index.php\/wp-json\/wp\/v2\/posts\/68579","targetHints":{"allow":["GET"]}}],"collection":[{"href":"https:\/\/www.grieta.org.mx\/index.php\/wp-json\/wp\/v2\/posts"}],"about":[{"href":"https:\/\/www.grieta.org.mx\/index.php\/wp-json\/wp\/v2\/types\/post"}],"author":[{"embeddable":true,"href":"https:\/\/www.grieta.org.mx\/index.php\/wp-json\/wp\/v2\/users\/2"}],"replies":[{"embeddable":true,"href":"https:\/\/www.grieta.org.mx\/index.php\/wp-json\/wp\/v2\/comments?post=68579"}],"version-history":[{"count":1,"href":"https:\/\/www.grieta.org.mx\/index.php\/wp-json\/wp\/v2\/posts\/68579\/revisions"}],"predecessor-version":[{"id":68581,"href":"https:\/\/www.grieta.org.mx\/index.php\/wp-json\/wp\/v2\/posts\/68579\/revisions\/68581"}],"wp:featuredmedia":[{"embeddable":true,"href":"https:\/\/www.grieta.org.mx\/index.php\/wp-json\/wp\/v2\/media\/68580"}],"wp:attachment":[{"href":"https:\/\/www.grieta.org.mx\/index.php\/wp-json\/wp\/v2\/media?parent=68579"}],"wp:term":[{"taxonomy":"category","embeddable":true,"href":"https:\/\/www.grieta.org.mx\/index.php\/wp-json\/wp\/v2\/categories?post=68579"},{"taxonomy":"post_tag","embeddable":true,"href":"https:\/\/www.grieta.org.mx\/index.php\/wp-json\/wp\/v2\/tags?post=68579"}],"curies":[{"name":"wp","href":"https:\/\/api.w.org\/{rel}","templated":true}]}}