{"id":68573,"date":"2024-02-12T12:56:10","date_gmt":"2024-02-12T18:56:10","guid":{"rendered":"https:\/\/www.grieta.org.mx\/?p=68573"},"modified":"2024-03-04T13:08:52","modified_gmt":"2024-03-04T19:08:52","slug":"trabajadores-del-issste-denuncian-falta-de-transparencia-en-asignacion-de-plazas-yucatan","status":"publish","type":"post","link":"https:\/\/www.grieta.org.mx\/index.php\/2024\/02\/12\/trabajadores-del-issste-denuncian-falta-de-transparencia-en-asignacion-de-plazas-yucatan\/","title":{"rendered":"Trabajadores del ISSSTE denuncian falta de transparencia en asignaci\u00f3n de plazas (Yucat\u00e1n)"},"content":{"rendered":"<p> Paloma Reyes \/ Haz Ruido<\/p>\n<blockquote><p>Protestaron en el hospital de Susul\u00e1 debido a que se otorgaron plazas sin boletinar a sindicalizados que llevaban tiempo en la bolsa de trabajo.\n<\/p><\/blockquote>\n<p>M\u00e9rida, Yucat\u00e1n, 12 de febrero de 2024.-Trabajadores sindicalizados del Instituto de Seguridad y Servicios Sociales de los Trabajadores del Estado (ISSSTE) protestaron esta ma\u00f1ana en el hospital de Susul\u00e1 para denunciar que hubo falta de transparencia en la asignaci\u00f3n de plazas, dejando fuera a personal de base que llevaba tiempo esperando subir por escalaf\u00f3n.<\/p>\n<p>El grupo de manifestantes asegur\u00f3 que el sindicato secci\u00f3n XXXVI a cargo de Mart\u00edn Arceo Acevedo incurri\u00f3 en falta de transparencia en toda la gesti\u00f3n sindical y \u201crob\u00f3\u201d oportunidades de escalaf\u00f3n a todo el personal de base que lleva muchos a\u00f1os esperando por una plaza, las cuales habr\u00edan sido otorgadas a principios de enero de este a\u00f1o y no fueron boletinadas debidamente.<\/p>\n<p>Es por eso que entregaron un documento en donde manifestaron su inconformidad y pidieron un informe detallado de cada plaza otorgada con los motivos a los que se apeg\u00f3 la subcomisi\u00f3n mixta de bolsa de trabajo para su asignaci\u00f3n en las \u00e1reas m\u00e9dicas, param\u00e9dicas, administrativas, t\u00e9cnicos, camilleros y plazas de categor\u00eda C, siendo las \u00faltimas las que requer\u00edan una antig\u00fcedad m\u00ednima de tres a\u00f1os.<\/p>\n<p>Finalmente, adem\u00e1s de acusar que existe nepotismo en ese sindicato, los trabajadores de la salud indicaron que por falta de recursos humanos este hospital de Susul\u00e1 trabaja con menos del 50 por ciento del personal. (Foto El Principal)<\/p>\n<p><a href=\"https:\/\/www.hazruido.mx\/reportes\/trabajadores-del-issste-denuncian-falta-de-transparencia-en-asignacion-de-plazas\/\" rel=\"noopener\" target=\"_blank\">https:\/\/www.hazruido.mx\/reportes\/trabajadores-del-issste-denuncian-falta-de-transparencia-en-asignacion-de-plazas\/<\/a><\/p>\n","protected":false},"excerpt":{"rendered":"<p>Paloma Reyes \/ Haz Ruido Protestaron en el hospital de Susul\u00e1 debido a que se otorgaron plazas sin boletinar a sindicalizados que llevaban tiempo en la bolsa de trabajo. M\u00e9rida, &hellip; <a href=\"https:\/\/www.grieta.org.mx\/index.php\/2024\/02\/12\/trabajadores-del-issste-denuncian-falta-de-transparencia-en-asignacion-de-plazas-yucatan\/\" class=\"more-link\">Leer m\u00e1s<\/a><\/p>\n","protected":false},"author":2,"featured_media":68574,"comment_status":"closed","ping_status":"closed","sticky":false,"template":"","format":"standard","meta":{"ngg_post_thumbnail":0,"_jetpack_newsletter_access":"","_jetpack_dont_email_post_to_subs":false,"_jetpack_newsletter_tier_id":0,"_jetpack_memberships_contains_paywalled_content":false,"_jetpack_memberships_contains_paid_content":false,"footnotes":""},"categories":[80,1072,918,1105,2,3211,83,36],"tags":[113,2367,105,3458,2841,492,3789,1323],"class_list":["post-68573","post","type-post","status-publish","format-standard","has-post-thumbnail","hentry","category-cintillo","category-conflictos-laborales-en-yucatan","category-privatizacion-del-sector-salud","category-desmantelamiento-del-sector-salud-en-yucatan","category-noticias-nacionales","category-precariedad-laboral-en-yucatan","category-temas-nacionales","category-yucatan","tag-conflictos-laborales","tag-crisis-en-el-sector-salud","tag-derechos-laborales","tag-exigencia-de-plazas","tag-explotacion-y-precariedad-laboral","tag-issste","tag-protestas-de-trabajadores-de-la-salud","tag-sindicato-corrupto","entry"],"jetpack_featured_media_url":"https:\/\/www.grieta.org.mx\/wp-content\/uploads\/2024\/03\/issste-e1709578753364.jpg","jetpack_sharing_enabled":true,"jetpack_shortlink":"https:\/\/wp.me\/p7ZJR4-hQ1","jetpack_likes_enabled":false,"jetpack-related-posts":[{"id":68576,"url":"https:\/\/www.grieta.org.mx\/index.php\/2024\/03\/04\/denuncian-corrupcion-en-asignacion-de-plazas-en-el-issste-yucatan\/","url_meta":{"origin":68573,"position":0},"title":"Denuncian corrupci\u00f3n en asignaci\u00f3n de plazas en el ISSSTE (Yucat\u00e1n)","author":"grieta","date":"4 marzo, 2024","format":false,"excerpt":"Alejandro Rubalcaba \/ Desde el Balc\u00f3n Empleados suplentes exigen certidumbre laboral y pago de sus quincenas M\u00e9rida, Yucat\u00e1n, a 4 de marzo de 2024.- Este lunes, personal m\u00e9dico y de enfermer\u00eda del Instituto de Seguridad y Servicios Sociales de los Trabajadores del Estado (ISSSTE) en Yucat\u00e1n exigieron su incorporaci\u00f3n a\u2026","rel":"","context":"En &quot;CINTILLO&quot;","block_context":{"text":"CINTILLO","link":"https:\/\/www.grieta.org.mx\/index.php\/category\/cintillo\/"},"img":{"alt_text":"","src":"https:\/\/i0.wp.com\/www.grieta.org.mx\/wp-content\/uploads\/2024\/03\/Issste-1-e1709580215754.jpg?resize=350%2C200&ssl=1","width":350,"height":200,"srcset":"https:\/\/i0.wp.com\/www.grieta.org.mx\/wp-content\/uploads\/2024\/03\/Issste-1-e1709580215754.jpg?resize=350%2C200&ssl=1 1x, https:\/\/i0.wp.com\/www.grieta.org.mx\/wp-content\/uploads\/2024\/03\/Issste-1-e1709580215754.jpg?resize=525%2C300&ssl=1 1.5x, https:\/\/i0.wp.com\/www.grieta.org.mx\/wp-content\/uploads\/2024\/03\/Issste-1-e1709580215754.jpg?resize=700%2C400&ssl=1 2x"},"classes":[]},{"id":69170,"url":"https:\/\/www.grieta.org.mx\/index.php\/2024\/06\/10\/personal-del-issste-cierra-calles-y-exige-mejores-condiciones-laborales-yucatan\/","url_meta":{"origin":68573,"position":1},"title":"Personal del ISSSTE cierra calles y exige mejores condiciones laborales (Yucat\u00e1n)","author":"grieta","date":"10 junio, 2024","format":false,"excerpt":"Reporteros Hoy Desde temprana hora de este lunes, trabajadores de la salud del ISSSTE cerraron la avenida Alfredo Barrera en el fraccionamiento Pensiones, para exigir al gobierno mejores condiciones laborales y denunciar presunta corrupci\u00f3n y desv\u00edo de recursos por parte del titular del Hospital Regional Elvia Carrillo Puerto. Entre los\u2026","rel":"","context":"En &quot;CINTILLO&quot;","block_context":{"text":"CINTILLO","link":"https:\/\/www.grieta.org.mx\/index.php\/category\/cintillo\/"},"img":{"alt_text":"","src":"https:\/\/i0.wp.com\/www.grieta.org.mx\/wp-content\/uploads\/2024\/06\/Issste-e1718627953463.jpg?resize=350%2C200&ssl=1","width":350,"height":200,"srcset":"https:\/\/i0.wp.com\/www.grieta.org.mx\/wp-content\/uploads\/2024\/06\/Issste-e1718627953463.jpg?resize=350%2C200&ssl=1 1x, https:\/\/i0.wp.com\/www.grieta.org.mx\/wp-content\/uploads\/2024\/06\/Issste-e1718627953463.jpg?resize=525%2C300&ssl=1 1.5x, https:\/\/i0.wp.com\/www.grieta.org.mx\/wp-content\/uploads\/2024\/06\/Issste-e1718627953463.jpg?resize=700%2C400&ssl=1 2x"},"classes":[]},{"id":68778,"url":"https:\/\/www.grieta.org.mx\/index.php\/2024\/04\/05\/no-estan-conformes-con-solo-3-meses-de-contrato-yucatan\/","url_meta":{"origin":68573,"position":2},"title":"No est\u00e1n conformes con s\u00f3lo 3 meses de contrato (Yucat\u00e1n)","author":"grieta","date":"5 abril, 2024","format":false,"excerpt":"Haz Ruido \u201cAntes h\u00e9roes, ahora desempleados\u201d, exclamaron trabajadores de la salud que protestaron en Yucat\u00e1n, porque a\u00fan no les asignan plazas. Tambi\u00e9n piden que no se politicen sus demandas. M\u00e9rida, Yucat\u00e1n, 5 de abril de 2024.- Trabajadoras y trabajadores de salud que pertenecen al IMSS-Bienestar volvieron a protestar en la\u2026","rel":"","context":"En &quot;CINTILLO&quot;","block_context":{"text":"CINTILLO","link":"https:\/\/www.grieta.org.mx\/index.php\/category\/cintillo\/"},"img":{"alt_text":"","src":"https:\/\/i0.wp.com\/www.grieta.org.mx\/wp-content\/uploads\/2024\/04\/AntesHeroes-e1712339198125.jpg?resize=350%2C200&ssl=1","width":350,"height":200,"srcset":"https:\/\/i0.wp.com\/www.grieta.org.mx\/wp-content\/uploads\/2024\/04\/AntesHeroes-e1712339198125.jpg?resize=350%2C200&ssl=1 1x, https:\/\/i0.wp.com\/www.grieta.org.mx\/wp-content\/uploads\/2024\/04\/AntesHeroes-e1712339198125.jpg?resize=525%2C300&ssl=1 1.5x, https:\/\/i0.wp.com\/www.grieta.org.mx\/wp-content\/uploads\/2024\/04\/AntesHeroes-e1712339198125.jpg?resize=700%2C400&ssl=1 2x"},"classes":[]},{"id":70958,"url":"https:\/\/www.grieta.org.mx\/index.php\/2025\/02\/07\/crisis-en-el-hospital-de-alta-especialidad-yucatan\/","url_meta":{"origin":68573,"position":3},"title":"Crisis en el hospital de alta especialidad (Yucat\u00e1n)","author":"grieta","date":"7 febrero, 2025","format":false,"excerpt":"Redacci\u00f3n\/Sol Yucat\u00e1n El martes pasado fueron colocadas mantas y pancartas en el Hospital Regional de Alta Especialidad de la Pen\u00ednsula de Yucat\u00e1n (HRAEPY) por parte de trabajadores de este nosocomio en el norte de M\u00e9rida quienes denunciaron la falta de medicamentos e insumos hospitalarios que se agudiz\u00f3 con la incorporaci\u00f3n\u2026","rel":"","context":"En &quot;CINTILLO&quot;","block_context":{"text":"CINTILLO","link":"https:\/\/www.grieta.org.mx\/index.php\/category\/cintillo\/"},"img":{"alt_text":"","src":"https:\/\/i0.wp.com\/www.grieta.org.mx\/wp-content\/uploads\/2025\/02\/Crisis-e1739408837835.jpg?resize=350%2C200&ssl=1","width":350,"height":200,"srcset":"https:\/\/i0.wp.com\/www.grieta.org.mx\/wp-content\/uploads\/2025\/02\/Crisis-e1739408837835.jpg?resize=350%2C200&ssl=1 1x, https:\/\/i0.wp.com\/www.grieta.org.mx\/wp-content\/uploads\/2025\/02\/Crisis-e1739408837835.jpg?resize=525%2C300&ssl=1 1.5x, https:\/\/i0.wp.com\/www.grieta.org.mx\/wp-content\/uploads\/2025\/02\/Crisis-e1739408837835.jpg?resize=700%2C400&ssl=1 2x"},"classes":[]},{"id":71825,"url":"https:\/\/www.grieta.org.mx\/index.php\/2025\/06\/05\/maestros-bloquean-acceso-al-aeropuerto-de-merida-yucatan\/","url_meta":{"origin":68573,"position":4},"title":"Maestros bloquean acceso al aeropuerto de M\u00e9rida (Yucat\u00e1n)","author":"grieta","date":"5 junio, 2025","format":false,"excerpt":"Herbeth Escalante \/ Haz Ruido Desde temprana hora, docentes de la CNTE han tomado la avenida Aviaci\u00f3n e incluso protestaron en las puertas del aeropuerto. M\u00e9rida, Yucat\u00e1n, 5 de junio de 2025.- Aproximadamente 3 mil maestros de la Coordinadora Nacional de Trabajadores de la Educaci\u00f3n (CNTE) mantienen bloqueado el acceso\u2026","rel":"","context":"En &quot;CINTILLO&quot;","block_context":{"text":"CINTILLO","link":"https:\/\/www.grieta.org.mx\/index.php\/category\/cintillo\/"},"img":{"alt_text":"","src":"https:\/\/i0.wp.com\/www.grieta.org.mx\/wp-content\/uploads\/2025\/06\/Maestros-e1749477518770.jpg?resize=350%2C200&ssl=1","width":350,"height":200,"srcset":"https:\/\/i0.wp.com\/www.grieta.org.mx\/wp-content\/uploads\/2025\/06\/Maestros-e1749477518770.jpg?resize=350%2C200&ssl=1 1x, https:\/\/i0.wp.com\/www.grieta.org.mx\/wp-content\/uploads\/2025\/06\/Maestros-e1749477518770.jpg?resize=525%2C300&ssl=1 1.5x, https:\/\/i0.wp.com\/www.grieta.org.mx\/wp-content\/uploads\/2025\/06\/Maestros-e1749477518770.jpg?resize=700%2C400&ssl=1 2x"},"classes":[]},{"id":46916,"url":"https:\/\/www.grieta.org.mx\/index.php\/2020\/03\/27\/coronavirus-yucatan-protesta-personal-del-issste-por-falta-de-material\/","url_meta":{"origin":68573,"position":5},"title":"Coronavirus Yucat\u00e1n: protesta personal del Issste por falta de material","author":"grieta","date":"27 marzo, 2020","format":false,"excerpt":"Trabajadores y personal m\u00e9dico que presta sus servicios en la cl\u00ednica - hospital del Issste al poniente de la ciudad, pararon labores para exigir la entrega de material sanitarios y protocolos de tenci\u00f3n a pacientes de COVID-19; temen por su salud Rebeca Gonz\u00e1lez \/ La Verdad Personal m\u00e9dico, enfermeras, asistentes,\u2026","rel":"","context":"En &quot;CINTILLO&quot;","block_context":{"text":"CINTILLO","link":"https:\/\/www.grieta.org.mx\/index.php\/category\/cintillo\/"},"img":{"alt_text":"","src":"https:\/\/i0.wp.com\/www.grieta.org.mx\/wp-content\/uploads\/2020\/03\/manifestacion.jpg_793492074.jpg?resize=350%2C200&ssl=1","width":350,"height":200,"srcset":"https:\/\/i0.wp.com\/www.grieta.org.mx\/wp-content\/uploads\/2020\/03\/manifestacion.jpg_793492074.jpg?resize=350%2C200&ssl=1 1x, https:\/\/i0.wp.com\/www.grieta.org.mx\/wp-content\/uploads\/2020\/03\/manifestacion.jpg_793492074.jpg?resize=525%2C300&ssl=1 1.5x, https:\/\/i0.wp.com\/www.grieta.org.mx\/wp-content\/uploads\/2020\/03\/manifestacion.jpg_793492074.jpg?resize=700%2C400&ssl=1 2x"},"classes":[]}],"_links":{"self":[{"href":"https:\/\/www.grieta.org.mx\/index.php\/wp-json\/wp\/v2\/posts\/68573","targetHints":{"allow":["GET"]}}],"collection":[{"href":"https:\/\/www.grieta.org.mx\/index.php\/wp-json\/wp\/v2\/posts"}],"about":[{"href":"https:\/\/www.grieta.org.mx\/index.php\/wp-json\/wp\/v2\/types\/post"}],"author":[{"embeddable":true,"href":"https:\/\/www.grieta.org.mx\/index.php\/wp-json\/wp\/v2\/users\/2"}],"replies":[{"embeddable":true,"href":"https:\/\/www.grieta.org.mx\/index.php\/wp-json\/wp\/v2\/comments?post=68573"}],"version-history":[{"count":1,"href":"https:\/\/www.grieta.org.mx\/index.php\/wp-json\/wp\/v2\/posts\/68573\/revisions"}],"predecessor-version":[{"id":68575,"href":"https:\/\/www.grieta.org.mx\/index.php\/wp-json\/wp\/v2\/posts\/68573\/revisions\/68575"}],"wp:featuredmedia":[{"embeddable":true,"href":"https:\/\/www.grieta.org.mx\/index.php\/wp-json\/wp\/v2\/media\/68574"}],"wp:attachment":[{"href":"https:\/\/www.grieta.org.mx\/index.php\/wp-json\/wp\/v2\/media?parent=68573"}],"wp:term":[{"taxonomy":"category","embeddable":true,"href":"https:\/\/www.grieta.org.mx\/index.php\/wp-json\/wp\/v2\/categories?post=68573"},{"taxonomy":"post_tag","embeddable":true,"href":"https:\/\/www.grieta.org.mx\/index.php\/wp-json\/wp\/v2\/tags?post=68573"}],"curies":[{"name":"wp","href":"https:\/\/api.w.org\/{rel}","templated":true}]}}