{"id":6854,"date":"2016-01-08T03:03:51","date_gmt":"2016-01-08T03:03:51","guid":{"rendered":"http:\/\/50.22.11.12\/~grietaor\/?p=6854"},"modified":"2016-03-29T03:05:40","modified_gmt":"2016-03-29T03:05:40","slug":"reclama-villa-juarez-a-alcalde-en-la-puerta","status":"publish","type":"post","link":"https:\/\/www.grieta.org.mx\/index.php\/2016\/01\/08\/reclama-villa-juarez-a-alcalde-en-la-puerta\/","title":{"rendered":"Reclama Villa Ju\u00e1rez a alcalde \u2018en la puerta\u2019"},"content":{"rendered":"<p>Redacci\u00f3n Viva Voz, Sinaloa.<\/p>\n<p>NAVOLATO. Ayer ciudadanos de Villa Ju\u00e1rez acudieron a la puerta de la Presidencia Municipal para reclamar los dos a\u00f1os de olores f\u00e9tidos por los charcos y lagunas de aguas negras en las calles de la sindicatura.<\/p>\n<p>Minutos antes de que el mun\u00edcipe iniciara un evento p\u00fablico en el patio del Ayuntamiento, el grupo de inconformes abord\u00f3 al alcalde por el problema sanitario que afecta a 22 colonias de la segunda ciudad m\u00e1s poblada del municipio.<\/p>\n<p>Los vecinos de la colonia Margarita aseguraron que todas las familias de esa zona presentan enfermos, principalmente de las v\u00edas respiratorias y cuyos gastos m\u00e9dicos se elevan hasta los 500 pesos por atenci\u00f3n m\u00e9dica.<\/p>\n<p>\u201cSe enferman mucho los ni\u00f1os de calentura, de la misma infecci\u00f3n. El agua nos llega a la rodilla.<\/p>\n<p>\u201cLos ni\u00f1os jugando dentro del cochinero. Ni nos alcanza pa\u2019 llevarlos al doctor. Cuando no es uno es otro de infecciones\u201d, se\u00f1al\u00f3 Teresa Meza Leyva.<\/p>\n<p>\u00bfCu\u00e1ntas veces ha presentado alguna queja?<\/p>\n<p>\u201cMuch\u00edsimas veces. Va el carro (de desazolve) y no hace nada\u201d, respondi\u00f3 Aracely \u00c1vila F\u00e9lix, vecina de la calle Ignacio Ram\u00edrez.<\/p>\n<p>\u201cFuimos con el ingeniero Monz\u00f3n (oficina de Japan en Villa Ju\u00e1rez) y dijo que no pod\u00eda hacer nada\u201d, se\u00f1al\u00f3.<\/p>\n<p>\u00bfPor qu\u00e9 no pod\u00eda hacer nada?<\/p>\n<p>\u201cPorque no ten\u00eda presupuesto, seg\u00fan\u201d, respondi\u00f3 quien dijo ha presentado al menos 20 quejas junto a sus vecinos en los \u00faltimos dos a\u00f1os.<\/p>\n<p><a href=\"http:\/\/www.vivavoz.com.mx\/elevora2\/navolato\/26195-reclama-villa-juarez-a-alcalde-en-la-puerta\" target=\"_blank\">www.vivavoz.com.mx\/elevora2\/navolato\/26195-reclama-villa-juarez-a-alcalde-en-la-puerta<\/a><\/p>\n","protected":false},"excerpt":{"rendered":"<p>Redacci\u00f3n Viva Voz, Sinaloa. NAVOLATO. Ayer ciudadanos de Villa Ju\u00e1rez acudieron a la puerta de la Presidencia Municipal para reclamar los dos a\u00f1os de olores f\u00e9tidos por los charcos y &hellip; <a href=\"https:\/\/www.grieta.org.mx\/index.php\/2016\/01\/08\/reclama-villa-juarez-a-alcalde-en-la-puerta\/\" class=\"more-link\">Leer m\u00e1s<\/a><\/p>\n","protected":false},"author":2,"featured_media":21928,"comment_status":"closed","ping_status":"open","sticky":false,"template":"","format":"standard","meta":{"ngg_post_thumbnail":0,"_jetpack_newsletter_access":"","_jetpack_dont_email_post_to_subs":false,"_jetpack_newsletter_tier_id":0,"_jetpack_memberships_contains_paywalled_content":false,"_jetpack_memberships_contains_paid_content":false,"footnotes":""},"categories":[80,164],"tags":[91,149],"class_list":["post-6854","post","type-post","status-publish","format-standard","has-post-thumbnail","hentry","category-cintillo","category-sinaloa","tag-contaminacion-ambiental","tag-salud","entry"],"jetpack_featured_media_url":"https:\/\/www.grieta.org.mx\/wp-content\/uploads\/2018\/03\/14524434_1106112876131411_958039263622046936_o.jpg","jetpack_sharing_enabled":true,"jetpack_shortlink":"https:\/\/wp.me\/p7ZJR4-1My","jetpack_likes_enabled":false,"jetpack-related-posts":[{"id":6847,"url":"https:\/\/www.grieta.org.mx\/index.php\/2016\/01\/08\/vecinos-de-navolato-protestan-por-contaminacion-de-via-con-aguas-negras\/","url_meta":{"origin":6854,"position":0},"title":"Vecinos de Navolato protestan por contaminaci\u00f3n de v\u00eda con aguas negras","author":"grieta","date":"8 enero, 2016","format":false,"excerpt":"08\/01\/16. Reclama Villa Ju\u00e1rez a alcalde 'en la puerta' Viva Voz 06\/01\/16. Incumple Japan a Villa Ju\u00e1rez; permanece esti\u00e9rcol en calles Viva Voz 06\/09\/15. Drenaje, foco de infecci\u00f3n en Villa Ju\u00e1rez El Debate","rel":"","context":"En &quot;CINTILLO&quot;","block_context":{"text":"CINTILLO","link":"https:\/\/www.grieta.org.mx\/index.php\/category\/cintillo\/"},"img":{"alt_text":"","src":"https:\/\/i0.wp.com\/www.grieta.org.mx\/wp-content\/uploads\/2018\/03\/14524434_1106112876131411_958039263622046936_o.jpg?resize=350%2C200&ssl=1","width":350,"height":200,"srcset":"https:\/\/i0.wp.com\/www.grieta.org.mx\/wp-content\/uploads\/2018\/03\/14524434_1106112876131411_958039263622046936_o.jpg?resize=350%2C200&ssl=1 1x, https:\/\/i0.wp.com\/www.grieta.org.mx\/wp-content\/uploads\/2018\/03\/14524434_1106112876131411_958039263622046936_o.jpg?resize=525%2C300&ssl=1 1.5x, https:\/\/i0.wp.com\/www.grieta.org.mx\/wp-content\/uploads\/2018\/03\/14524434_1106112876131411_958039263622046936_o.jpg?resize=700%2C400&ssl=1 2x"},"classes":[]},{"id":6839,"url":"https:\/\/www.grieta.org.mx\/index.php\/2015\/09\/06\/drenaje-foco-de-infeccion-en-villa-juarez\/","url_meta":{"origin":6854,"position":1},"title":"Drenaje, foco de infecci\u00f3n en Villa Ju\u00e1rez","author":"grieta","date":"6 septiembre, 2015","format":false,"excerpt":"Redaccci\u00f3n El Debate, Sinaloa. Sinaloa.- Una gran riesgo de salud est\u00e1n sufriendo los habitantes de diversas colonias en Villa Ju\u00e1rez, Navolato, debido a que el drenaje sanitario colaps\u00f3 y los desechos se regresan a las viviendas por las tazas de los ba\u00f1os; o bien, corren por las calles ante la\u2026","rel":"","context":"En &quot;CINTILLO&quot;","block_context":{"text":"CINTILLO","link":"https:\/\/www.grieta.org.mx\/index.php\/category\/cintillo\/"},"img":{"alt_text":"","src":"https:\/\/i0.wp.com\/www.grieta.org.mx\/wp-content\/uploads\/2018\/03\/14524434_1106112876131411_958039263622046936_o.jpg?resize=350%2C200&ssl=1","width":350,"height":200,"srcset":"https:\/\/i0.wp.com\/www.grieta.org.mx\/wp-content\/uploads\/2018\/03\/14524434_1106112876131411_958039263622046936_o.jpg?resize=350%2C200&ssl=1 1x, https:\/\/i0.wp.com\/www.grieta.org.mx\/wp-content\/uploads\/2018\/03\/14524434_1106112876131411_958039263622046936_o.jpg?resize=525%2C300&ssl=1 1.5x, https:\/\/i0.wp.com\/www.grieta.org.mx\/wp-content\/uploads\/2018\/03\/14524434_1106112876131411_958039263622046936_o.jpg?resize=700%2C400&ssl=1 2x"},"classes":[]},{"id":6848,"url":"https:\/\/www.grieta.org.mx\/index.php\/2016\/01\/06\/incumple-japan-a-villa-juarez-permanece-estiercol-en-calles\/","url_meta":{"origin":6854,"position":2},"title":"Incumple Japan a Villa Ju\u00e1rez; permanece esti\u00e9rcol en calles","author":"grieta","date":"6 enero, 2016","format":false,"excerpt":"Redacci\u00f3n Viva Voz, Sinaloa. NAVOLATO. La Junta Municipal de Agua Potable y Alcantarillado de Navolato incumpli\u00f3 a su propia promesa de desaparecer de las calles de Villa Ju\u00e1rez los charcos de esti\u00e9rcol que permanecen desde hace meses. Hasta este fin de semana las colonias que a\u00fan presentan este problema son\u2026","rel":"","context":"En &quot;CINTILLO&quot;","block_context":{"text":"CINTILLO","link":"https:\/\/www.grieta.org.mx\/index.php\/category\/cintillo\/"},"img":{"alt_text":"","src":"https:\/\/i0.wp.com\/www.grieta.org.mx\/wp-content\/uploads\/2018\/03\/14524434_1106112876131411_958039263622046936_o.jpg?resize=350%2C200&ssl=1","width":350,"height":200,"srcset":"https:\/\/i0.wp.com\/www.grieta.org.mx\/wp-content\/uploads\/2018\/03\/14524434_1106112876131411_958039263622046936_o.jpg?resize=350%2C200&ssl=1 1x, https:\/\/i0.wp.com\/www.grieta.org.mx\/wp-content\/uploads\/2018\/03\/14524434_1106112876131411_958039263622046936_o.jpg?resize=525%2C300&ssl=1 1.5x, https:\/\/i0.wp.com\/www.grieta.org.mx\/wp-content\/uploads\/2018\/03\/14524434_1106112876131411_958039263622046936_o.jpg?resize=700%2C400&ssl=1 2x"},"classes":[]},{"id":68496,"url":"https:\/\/www.grieta.org.mx\/index.php\/2024\/02\/10\/jornaleros-agricolas-explotacion-y-abuso\/","url_meta":{"origin":6854,"position":3},"title":"JORNALEROS AGR\u00cdCOLAS: EXPLOTACI\u00d3N Y ABUSO","author":"grieta","date":"10 febrero, 2024","format":false,"excerpt":"Por\u00a0Mart\u00edn Gonz\u00e1lez RIODOCE En la sindicatura de Villa Benito Ju\u00e1rez, Navolato, los trabajadores del campo viven situaciones de precariedad laboral y de vivienda El coordinador del movimiento Unificaci\u00f3n Lucha Triqui en Sinaloa, Juan L\u00f3pez Garc\u00eda, lo dice con todas sus letras: el de los jornaleros agr\u00edcolas es el sector que\u2026","rel":"","context":"En &quot;Jornaleros&quot;","block_context":{"text":"Jornaleros","link":"https:\/\/www.grieta.org.mx\/index.php\/category\/temas-nacionales\/jornaleros\/"},"img":{"alt_text":"","src":"https:\/\/i0.wp.com\/www.grieta.org.mx\/wp-content\/uploads\/2024\/02\/jornaleros-villa-juarez-scaled-qi489nhecvmotvefnkz89edua49o1k33abvct494so.jpg?resize=350%2C200&ssl=1","width":350,"height":200,"srcset":"https:\/\/i0.wp.com\/www.grieta.org.mx\/wp-content\/uploads\/2024\/02\/jornaleros-villa-juarez-scaled-qi489nhecvmotvefnkz89edua49o1k33abvct494so.jpg?resize=350%2C200&ssl=1 1x, https:\/\/i0.wp.com\/www.grieta.org.mx\/wp-content\/uploads\/2024\/02\/jornaleros-villa-juarez-scaled-qi489nhecvmotvefnkz89edua49o1k33abvct494so.jpg?resize=525%2C300&ssl=1 1.5x, https:\/\/i0.wp.com\/www.grieta.org.mx\/wp-content\/uploads\/2024\/02\/jornaleros-villa-juarez-scaled-qi489nhecvmotvefnkz89edua49o1k33abvct494so.jpg?resize=700%2C400&ssl=1 2x, https:\/\/i0.wp.com\/www.grieta.org.mx\/wp-content\/uploads\/2024\/02\/jornaleros-villa-juarez-scaled-qi489nhecvmotvefnkz89edua49o1k33abvct494so.jpg?resize=1050%2C600&ssl=1 3x"},"classes":[]},{"id":39365,"url":"https:\/\/www.grieta.org.mx\/index.php\/2019\/09\/19\/escuelas-de-loma-linda-amenazadas-por-exhibicionistas-sinaloa\/","url_meta":{"origin":6854,"position":4},"title":"Escuelas de Loma Linda, amenazadas por exhibicionistas (Sinaloa)","author":"grieta","date":"19 septiembre, 2019","format":false,"excerpt":"Foto: El Debate Redacci\u00f3n \/ El Debate Culiac\u00e1n, Sinaloa.- Las escuelas del sector Loma Linda y aleda\u00f1as han sufrido ataques de uno o varios sujetos exhibicionistas que se acercan a las bardas perimetrales a mostrar sus genitales a ni\u00f1os, ni\u00f1as y j\u00f3venes. Los directores de varios planteles educativos de la\u2026","rel":"","context":"En &quot;CINTILLO&quot;","block_context":{"text":"CINTILLO","link":"https:\/\/www.grieta.org.mx\/index.php\/category\/cintillo\/"},"img":{"alt_text":"","src":"https:\/\/i0.wp.com\/www.grieta.org.mx\/wp-content\/uploads\/2019\/09\/escuelas_de_loma_lindax_amenazadas_por_exhibicionistas.jpg_219914347.jpg?resize=350%2C200&ssl=1","width":350,"height":200,"srcset":"https:\/\/i0.wp.com\/www.grieta.org.mx\/wp-content\/uploads\/2019\/09\/escuelas_de_loma_lindax_amenazadas_por_exhibicionistas.jpg_219914347.jpg?resize=350%2C200&ssl=1 1x, https:\/\/i0.wp.com\/www.grieta.org.mx\/wp-content\/uploads\/2019\/09\/escuelas_de_loma_lindax_amenazadas_por_exhibicionistas.jpg_219914347.jpg?resize=525%2C300&ssl=1 1.5x, https:\/\/i0.wp.com\/www.grieta.org.mx\/wp-content\/uploads\/2019\/09\/escuelas_de_loma_lindax_amenazadas_por_exhibicionistas.jpg_219914347.jpg?resize=700%2C400&ssl=1 2x"},"classes":[]},{"id":51223,"url":"https:\/\/www.grieta.org.mx\/index.php\/2020\/06\/25\/continuan-las-protestas-por-falta-de-quimioterapias-para-ninos-con-cancer-en-imss-de-sinaloa\/","url_meta":{"origin":6854,"position":5},"title":"Contin\u00faan las protestas por falta de quimioterapias para ni\u00f1os con c\u00e1ncer en IMSS de Sinaloa","author":"grieta","date":"25 junio, 2020","format":false,"excerpt":"Mar\u00eda Elizalde\/Debate Hace meses que no hay tratamientos completos de quimioterapia para lo ni\u00f1os y adolescentes que sufren de c\u00e1ncer y son tratados en el Hospital #1 del IMSS en Sinaloa. sta ma\u00f1ana padres de ni\u00f1os con c\u00e1ncer que son atendidos en el hospital regional n\u00famero 1 del IMSS estar\u00e1n\u2026","rel":"","context":"En &quot;CINTILLO&quot;","block_context":{"text":"CINTILLO","link":"https:\/\/www.grieta.org.mx\/index.php\/category\/cintillo\/"},"img":{"alt_text":"","src":"https:\/\/i0.wp.com\/www.grieta.org.mx\/wp-content\/uploads\/2020\/06\/Sinaloa-1.jpg?resize=350%2C200&ssl=1","width":350,"height":200,"srcset":"https:\/\/i0.wp.com\/www.grieta.org.mx\/wp-content\/uploads\/2020\/06\/Sinaloa-1.jpg?resize=350%2C200&ssl=1 1x, https:\/\/i0.wp.com\/www.grieta.org.mx\/wp-content\/uploads\/2020\/06\/Sinaloa-1.jpg?resize=525%2C300&ssl=1 1.5x, https:\/\/i0.wp.com\/www.grieta.org.mx\/wp-content\/uploads\/2020\/06\/Sinaloa-1.jpg?resize=700%2C400&ssl=1 2x"},"classes":[]}],"_links":{"self":[{"href":"https:\/\/www.grieta.org.mx\/index.php\/wp-json\/wp\/v2\/posts\/6854","targetHints":{"allow":["GET"]}}],"collection":[{"href":"https:\/\/www.grieta.org.mx\/index.php\/wp-json\/wp\/v2\/posts"}],"about":[{"href":"https:\/\/www.grieta.org.mx\/index.php\/wp-json\/wp\/v2\/types\/post"}],"author":[{"embeddable":true,"href":"https:\/\/www.grieta.org.mx\/index.php\/wp-json\/wp\/v2\/users\/2"}],"replies":[{"embeddable":true,"href":"https:\/\/www.grieta.org.mx\/index.php\/wp-json\/wp\/v2\/comments?post=6854"}],"version-history":[{"count":1,"href":"https:\/\/www.grieta.org.mx\/index.php\/wp-json\/wp\/v2\/posts\/6854\/revisions"}],"predecessor-version":[{"id":6856,"href":"https:\/\/www.grieta.org.mx\/index.php\/wp-json\/wp\/v2\/posts\/6854\/revisions\/6856"}],"wp:featuredmedia":[{"embeddable":true,"href":"https:\/\/www.grieta.org.mx\/index.php\/wp-json\/wp\/v2\/media\/21928"}],"wp:attachment":[{"href":"https:\/\/www.grieta.org.mx\/index.php\/wp-json\/wp\/v2\/media?parent=6854"}],"wp:term":[{"taxonomy":"category","embeddable":true,"href":"https:\/\/www.grieta.org.mx\/index.php\/wp-json\/wp\/v2\/categories?post=6854"},{"taxonomy":"post_tag","embeddable":true,"href":"https:\/\/www.grieta.org.mx\/index.php\/wp-json\/wp\/v2\/tags?post=6854"}],"curies":[{"name":"wp","href":"https:\/\/api.w.org\/{rel}","templated":true}]}}