{"id":68500,"date":"2024-02-16T15:06:51","date_gmt":"2024-02-16T21:06:51","guid":{"rendered":"https:\/\/www.grieta.org.mx\/?p=68500"},"modified":"2024-02-17T15:32:52","modified_gmt":"2024-02-17T21:32:52","slug":"un-tribunal-de-yucatan-paraliza-la-construccion-del-tren-maya-por-danos-al-subsuelo","status":"publish","type":"post","link":"https:\/\/www.grieta.org.mx\/index.php\/2024\/02\/16\/un-tribunal-de-yucatan-paraliza-la-construccion-del-tren-maya-por-danos-al-subsuelo\/","title":{"rendered":"Un tribunal de Yucat\u00e1n paraliza la construcci\u00f3n del Tren Maya por da\u00f1os al subsuelo"},"content":{"rendered":"<p>Jorge Vaquero Simancas \/ Foto Gladys Serrano \/ El Pa\u00eds<\/p>\n<blockquote><p>La justicia pide al Gobierno que entregue los estudios cient\u00edficos que acrediten que la infraestructura no afecta a cuevas y cenotes<\/p><\/blockquote>\n<p>Un tribunal federal de Yucat\u00e1n ha ordenado este viernes suspender las obras del tramo 5 sur del Tren Maya, en el Estado de Quintana Roo. La justicia pide la paralizaci\u00f3n por las afectaciones que las obras provocan al subsuelo. La medida es definitiva y ordena al Gobierno entregar los estudios cient\u00edficos que acrediten que no se est\u00e1n incumpliendo las leyes ambientales contra el intrincado sistema de cuevas y cenotes sobre los que se construye el transporte.<\/p>\n<p>La decisi\u00f3n, a la que ha tenido acceso el peri\u00f3dico Reforma, tiene efecto sobre el itinerario que une las localidades de Playa del Carmen y Tulum, donde el sistema de cavernas y cenotes \u00fanico en el mundo est\u00e1 siendo agujereado para colocar los pilares del Tren Maya. El tribunal yucateco ha ordenado la suspensi\u00f3n definitiva para que se \u201cparalicen las obras\u201d hasta que se acredite que se han llevado a cabo \u201cestudios geol\u00f3gicos, geof\u00edsicos y geohidrol\u00f3gicos\u201d. Los an\u00e1lisis deben cumplir varios condicionantes de la autorizaci\u00f3n ambiental que la Secretar\u00eda de Medio Ambiente y Recursos Naturales, es decir, el Gobierno, otorg\u00f3 el pasado septiembre al Tren Maya. El texto rezaba que los tramos 5 norte y sur no supon\u00edan impacto para el medioambiente. Varias organizaciones ecologistas alzaron la voz contra la autorizaci\u00f3n porque denunciaban que no se hab\u00edan presentado estudios del suelo donde se iba a construir.<\/p>\n<p>Los jueces han pedido al Gobierno que entregue todos los registros de construcci\u00f3n del tramo 5 para saber que cuevas y cenotes han sido perforados -con posible contaminaci\u00f3n del agua- y si han ocurrido derrumbes durante las obras. \u201cEste tribunal considera que los estudios son determinantes para establecer, cumpliendo con el principio de prevenci\u00f3n, que efectivamente el tramo del Tren Maya no representa un peligro real para la estabilidad de los sistemas de agua subterr\u00e1nea en la zona\u201d, han alegado los jueces.<\/p>\n<p>La sentencia supone un nuevo contratiempo para el presidente, Andr\u00e9s Manuel L\u00f3pez Obrador, que espera inaugurar el tramo 5 norte del Tren Maya el 29 de febrero, antes de que comience la campa\u00f1a electoral. El resto del itinerario tendr\u00e1 que inaugurarlo tras el 2 de junio, a pesar de que la intenci\u00f3n del mandatario era hacerlo antes de la campa\u00f1a. Es el segundo percance que sufre la construcci\u00f3n del ferrocarril en menos de una semana. El pasado viernes tres obreros resultaron heridos tras la ca\u00edda de un muro de contenci\u00f3n en el tramo 6, al sur de Quintana Roo. Un Estado en el que la cimentaci\u00f3n del tren est\u00e1 siendo dif\u00edcil por sus complejos sistemas de cavernas y cenotes, una maravilla natural que est\u00e1 en riesgo por la megainfraestructura que, seg\u00fan L\u00f3pez Obrador, pretende cambiar el sur de M\u00e9xico.<\/p>\n<p><a href=\"https:\/\/elpais.com\/mexico\/2024-02-16\/un-tribunal-de-yucatan-paraliza-la-construccion-del-tren-maya-por-danos-al-subsuelo.html\" rel=\"noopener\" target=\"_blank\">https:\/\/elpais.com\/mexico\/2024-02-16\/un-tribunal-de-yucatan-paraliza-la-construccion-del-tren-maya-por-danos-al-subsuelo.html<\/a><\/p>\n","protected":false},"excerpt":{"rendered":"<p>Jorge Vaquero Simancas \/ Foto Gladys Serrano \/ El Pa\u00eds La justicia pide al Gobierno que entregue los estudios cient\u00edficos que acrediten que la infraestructura no afecta a cuevas y &hellip; <a href=\"https:\/\/www.grieta.org.mx\/index.php\/2024\/02\/16\/un-tribunal-de-yucatan-paraliza-la-construccion-del-tren-maya-por-danos-al-subsuelo\/\" class=\"more-link\">Leer m\u00e1s<\/a><\/p>\n","protected":false},"author":2,"featured_media":68501,"comment_status":"closed","ping_status":"closed","sticky":false,"template":"","format":"standard","meta":{"ngg_post_thumbnail":0,"_jetpack_newsletter_access":"","_jetpack_dont_email_post_to_subs":false,"_jetpack_newsletter_tier_id":0,"_jetpack_memberships_contains_paywalled_content":false,"_jetpack_memberships_contains_paid_content":false,"footnotes":""},"categories":[80,2749,3,922,926,944,952,2,28,1876,2026],"tags":[4080,464,2987,3107,1878],"class_list":["post-68500","post","type-post","status-publish","format-standard","has-post-thumbnail","hentry","category-cintillo","category-destruccion-y-contaminacion-ambiental-en-quintana-roo","category-megaproyectos","category-megaproyectos-estados","category-mp-campeche","category-mp-quintana-roo","category-mp-yucatan","category-noticias-nacionales","category-quintana-roo","category-resistencia-al-tren-maya-en-la-peninsula-de-yucatan-quintana-roo","category-tren-maya","tag-cenotes","tag-impacto-ambiental","tag-impacto-ecologico-por-tren-maya","tag-suspension-del-tren-maya","tag-tren-maya","entry"],"jetpack_featured_media_url":"https:\/\/www.grieta.org.mx\/wp-content\/uploads\/2024\/02\/CenoteTren-e1708204651293.jpg","jetpack_sharing_enabled":true,"jetpack_shortlink":"https:\/\/wp.me\/p7ZJR4-hOQ","jetpack_likes_enabled":false,"jetpack-related-posts":[{"id":47874,"url":"https:\/\/www.grieta.org.mx\/index.php\/2020\/04\/13\/las-vias-torcidas-del-tren-maya-video\/","url_meta":{"origin":68500,"position":0},"title":"Las v\u00edas torcidas del tren maya (Video)","author":"grieta","date":"13 abril, 2020","format":false,"excerpt":"https:\/\/www.youtube.com\/watch?v=k8FRX9eT0YY","rel":"","context":"En &quot;16. Pueblo Maya&quot;","block_context":{"text":"16. Pueblo Maya","link":"https:\/\/www.grieta.org.mx\/index.php\/category\/espejos-de-la-resistencia\/16-pueblo-maya\/"},"img":{"alt_text":"","src":"https:\/\/i0.wp.com\/www.grieta.org.mx\/wp-content\/uploads\/2020\/04\/ViasTorcidasTrenMaya.png?resize=350%2C200&ssl=1","width":350,"height":200,"srcset":"https:\/\/i0.wp.com\/www.grieta.org.mx\/wp-content\/uploads\/2020\/04\/ViasTorcidasTrenMaya.png?resize=350%2C200&ssl=1 1x, https:\/\/i0.wp.com\/www.grieta.org.mx\/wp-content\/uploads\/2020\/04\/ViasTorcidasTrenMaya.png?resize=525%2C300&ssl=1 1.5x, https:\/\/i0.wp.com\/www.grieta.org.mx\/wp-content\/uploads\/2020\/04\/ViasTorcidasTrenMaya.png?resize=700%2C400&ssl=1 2x"},"classes":[]},{"id":68844,"url":"https:\/\/www.grieta.org.mx\/index.php\/2024\/04\/29\/ambientalistas-clausuran-las-oficinas-de-semarnat-tras-calificarla-de-ecocida-quintana-roo\/","url_meta":{"origin":68500,"position":1},"title":"Ambientalistas &#8220;clausuran&#8221; las oficinas de Semarnat tras calificarla de ecocida (Quintana Roo)","author":"grieta","date":"29 abril, 2024","format":false,"excerpt":"Leslie Gordillo \/ NOTICARIBE PENINSULAR CANC\u00daN.- Un grupo de ambientalistas, representante de diferentes organismos y asociaciones civiles, se manifestaron en la zona hotelera de Canc\u00fan y clausuraron de manera simb\u00f3lica las oficinas de la Secretar\u00eda de Medio Ambiente y Recursos Naturales (Semarnat). La denuncia es que la Semarnat ha sido\u2026","rel":"","context":"En &quot;Campeche&quot;","block_context":{"text":"Campeche","link":"https:\/\/www.grieta.org.mx\/index.php\/category\/noticias-nacionales\/campeche\/"},"img":{"alt_text":"","src":"https:\/\/i0.wp.com\/www.grieta.org.mx\/wp-content\/uploads\/2024\/04\/ambientalitas-e1715552774254.jpg?resize=350%2C200&ssl=1","width":350,"height":200,"srcset":"https:\/\/i0.wp.com\/www.grieta.org.mx\/wp-content\/uploads\/2024\/04\/ambientalitas-e1715552774254.jpg?resize=350%2C200&ssl=1 1x, https:\/\/i0.wp.com\/www.grieta.org.mx\/wp-content\/uploads\/2024\/04\/ambientalitas-e1715552774254.jpg?resize=525%2C300&ssl=1 1.5x, https:\/\/i0.wp.com\/www.grieta.org.mx\/wp-content\/uploads\/2024\/04\/ambientalitas-e1715552774254.jpg?resize=700%2C400&ssl=1 2x"},"classes":[]},{"id":64433,"url":"https:\/\/www.grieta.org.mx\/index.php\/2022\/06\/09\/con-omisiones-e-imprecisiones-la-manifestacion-de-impacto-ambiental-para-el-tren-maya-ong\/","url_meta":{"origin":68500,"position":2},"title":"Con omisiones e imprecisiones, la Manifestaci\u00f3n de Impacto Ambiental para el Tren Maya: ONG","author":"grieta","date":"9 junio, 2022","format":false,"excerpt":"Proceso CIUDAD DE M\u00c9XICO (apro).\u2013 La Manifestaci\u00f3n de Impacto Ambiental (MIA) que el Fondo Nacional de Fomento al Turismo (Fonatur) elabor\u00f3 para reiniciar las obras del Tramo 5 Sur del Tren Maya tiene \u201cuna gran cantidad de omisiones e imprecisiones\u201d en informaci\u00f3n \u201cesencial\u201d para determinar los impactos ambientales del megaproyecto\u2026","rel":"","context":"En &quot;Campeche&quot;","block_context":{"text":"Campeche","link":"https:\/\/www.grieta.org.mx\/index.php\/category\/noticias-nacionales\/campeche\/"},"img":{"alt_text":"","src":"https:\/\/i0.wp.com\/www.grieta.org.mx\/wp-content\/uploads\/2022\/06\/MIATren-e1655851330619.png?resize=350%2C200&ssl=1","width":350,"height":200,"srcset":"https:\/\/i0.wp.com\/www.grieta.org.mx\/wp-content\/uploads\/2022\/06\/MIATren-e1655851330619.png?resize=350%2C200&ssl=1 1x, https:\/\/i0.wp.com\/www.grieta.org.mx\/wp-content\/uploads\/2022\/06\/MIATren-e1655851330619.png?resize=525%2C300&ssl=1 1.5x, https:\/\/i0.wp.com\/www.grieta.org.mx\/wp-content\/uploads\/2022\/06\/MIATren-e1655851330619.png?resize=700%2C400&ssl=1 2x"},"classes":[]},{"id":67351,"url":"https:\/\/www.grieta.org.mx\/index.php\/2023\/08\/05\/paraliza-obras-de-tren-maya-quema-de-maquinaria-en-tramo-6-quintana-roo\/","url_meta":{"origin":68500,"position":3},"title":"Paraliza obras de Tren Maya quema de maquinaria en tramo 6 (Quintana Roo)","author":"grieta","date":"5 agosto, 2023","format":false,"excerpt":"antonio.hernandez.press \/ Quadrat\u00edn Quintana Roo OTH\u00d3N P. BLANCO, QRoo, 5 de agosto de 2023.- Cinco maquinarias pesadas fueron incendiadas en las obras del Tren Maya, en el frente seis del Tramo 6, muy cerca de la comunidad de Buenavista, supuestamente por parte de trabajadores inconformes por falta de pago. De\u2026","rel":"","context":"En &quot;CINTILLO&quot;","block_context":{"text":"CINTILLO","link":"https:\/\/www.grieta.org.mx\/index.php\/category\/cintillo\/"},"img":{"alt_text":"","src":"https:\/\/i0.wp.com\/www.grieta.org.mx\/wp-content\/uploads\/2023\/08\/Quema-e1691331646543.jpg?resize=350%2C200&ssl=1","width":350,"height":200,"srcset":"https:\/\/i0.wp.com\/www.grieta.org.mx\/wp-content\/uploads\/2023\/08\/Quema-e1691331646543.jpg?resize=350%2C200&ssl=1 1x, https:\/\/i0.wp.com\/www.grieta.org.mx\/wp-content\/uploads\/2023\/08\/Quema-e1691331646543.jpg?resize=525%2C300&ssl=1 1.5x, https:\/\/i0.wp.com\/www.grieta.org.mx\/wp-content\/uploads\/2023\/08\/Quema-e1691331646543.jpg?resize=700%2C400&ssl=1 2x"},"classes":[]},{"id":67075,"url":"https:\/\/www.grieta.org.mx\/index.php\/2023\/06\/04\/enrejan-obras-del-tramo-5-del-tren-maya\/","url_meta":{"origin":68500,"position":4},"title":"Enrejan obras del Tramo 5 del Tren Maya","author":"grieta","date":"4 junio, 2023","format":false,"excerpt":"Arturo Miranda\/Quadrat\u00edn Quintana Roo CANC\u00daN, QRoo, 4 de junio de 2023.- Se prohibi\u00f3 en definitiva el acceso al Tramo Cinco sur del Tren Maya mediante la colocaci\u00f3n de una reja met\u00e1lica, la cual impide transitar hacia los puntos en los que se ha denunciado el relleno de cuevas como la\u2026","rel":"","context":"En &quot;CINTILLO&quot;","block_context":{"text":"CINTILLO","link":"https:\/\/www.grieta.org.mx\/index.php\/category\/cintillo\/"},"img":{"alt_text":"","src":"https:\/\/i0.wp.com\/www.grieta.org.mx\/wp-content\/uploads\/2023\/06\/tramo5-e1687546162147.jpg?resize=350%2C200&ssl=1","width":350,"height":200,"srcset":"https:\/\/i0.wp.com\/www.grieta.org.mx\/wp-content\/uploads\/2023\/06\/tramo5-e1687546162147.jpg?resize=350%2C200&ssl=1 1x, https:\/\/i0.wp.com\/www.grieta.org.mx\/wp-content\/uploads\/2023\/06\/tramo5-e1687546162147.jpg?resize=525%2C300&ssl=1 1.5x, https:\/\/i0.wp.com\/www.grieta.org.mx\/wp-content\/uploads\/2023\/06\/tramo5-e1687546162147.jpg?resize=700%2C400&ssl=1 2x"},"classes":[]},{"id":66094,"url":"https:\/\/www.grieta.org.mx\/index.php\/2023\/01\/18\/tribunal-otorga-nueva-suspension-contra-las-obras-del-tramo-5-del-tren-maya\/","url_meta":{"origin":68500,"position":5},"title":"Tribunal otorga nueva suspensi\u00f3n contra las obras del Tramo 5 del Tren Maya","author":"grieta","date":"18 enero, 2023","format":false,"excerpt":"Octavio Mart\u00ednez \/ Revista Proceso Un Tribunal Colegiado otorg\u00f3 una suspensi\u00f3n provisional de amparo contra las obras del Tramo 5 del Tren Maya, con lo que deber\u00e1n detenerse los trabajos de desmonte en la ruta de Canc\u00fan a Tulum. CIUDAD DE M\u00c9XICO (apro).\u2013 Una suspensi\u00f3n provisional de amparo fue otorgada\u2026","rel":"","context":"En &quot;Campeche&quot;","block_context":{"text":"Campeche","link":"https:\/\/www.grieta.org.mx\/index.php\/category\/noticias-nacionales\/campeche\/"},"img":{"alt_text":"","src":"https:\/\/i0.wp.com\/www.grieta.org.mx\/wp-content\/uploads\/2023\/01\/TrenMayaAmparo-e1674338538762.jpg?resize=350%2C200&ssl=1","width":350,"height":200,"srcset":"https:\/\/i0.wp.com\/www.grieta.org.mx\/wp-content\/uploads\/2023\/01\/TrenMayaAmparo-e1674338538762.jpg?resize=350%2C200&ssl=1 1x, https:\/\/i0.wp.com\/www.grieta.org.mx\/wp-content\/uploads\/2023\/01\/TrenMayaAmparo-e1674338538762.jpg?resize=525%2C300&ssl=1 1.5x, https:\/\/i0.wp.com\/www.grieta.org.mx\/wp-content\/uploads\/2023\/01\/TrenMayaAmparo-e1674338538762.jpg?resize=700%2C400&ssl=1 2x"},"classes":[]}],"_links":{"self":[{"href":"https:\/\/www.grieta.org.mx\/index.php\/wp-json\/wp\/v2\/posts\/68500","targetHints":{"allow":["GET"]}}],"collection":[{"href":"https:\/\/www.grieta.org.mx\/index.php\/wp-json\/wp\/v2\/posts"}],"about":[{"href":"https:\/\/www.grieta.org.mx\/index.php\/wp-json\/wp\/v2\/types\/post"}],"author":[{"embeddable":true,"href":"https:\/\/www.grieta.org.mx\/index.php\/wp-json\/wp\/v2\/users\/2"}],"replies":[{"embeddable":true,"href":"https:\/\/www.grieta.org.mx\/index.php\/wp-json\/wp\/v2\/comments?post=68500"}],"version-history":[{"count":1,"href":"https:\/\/www.grieta.org.mx\/index.php\/wp-json\/wp\/v2\/posts\/68500\/revisions"}],"predecessor-version":[{"id":68502,"href":"https:\/\/www.grieta.org.mx\/index.php\/wp-json\/wp\/v2\/posts\/68500\/revisions\/68502"}],"wp:featuredmedia":[{"embeddable":true,"href":"https:\/\/www.grieta.org.mx\/index.php\/wp-json\/wp\/v2\/media\/68501"}],"wp:attachment":[{"href":"https:\/\/www.grieta.org.mx\/index.php\/wp-json\/wp\/v2\/media?parent=68500"}],"wp:term":[{"taxonomy":"category","embeddable":true,"href":"https:\/\/www.grieta.org.mx\/index.php\/wp-json\/wp\/v2\/categories?post=68500"},{"taxonomy":"post_tag","embeddable":true,"href":"https:\/\/www.grieta.org.mx\/index.php\/wp-json\/wp\/v2\/tags?post=68500"}],"curies":[{"name":"wp","href":"https:\/\/api.w.org\/{rel}","templated":true}]}}