{"id":68496,"date":"2024-02-10T13:37:35","date_gmt":"2024-02-10T19:37:35","guid":{"rendered":"https:\/\/www.grieta.org.mx\/?p=68496"},"modified":"2024-02-15T13:42:22","modified_gmt":"2024-02-15T19:42:22","slug":"jornaleros-agricolas-explotacion-y-abuso","status":"publish","type":"post","link":"https:\/\/www.grieta.org.mx\/index.php\/2024\/02\/10\/jornaleros-agricolas-explotacion-y-abuso\/","title":{"rendered":"JORNALEROS AGR\u00cdCOLAS: EXPLOTACI\u00d3N Y ABUSO"},"content":{"rendered":"<div class=\"elementor-element elementor-element-646ee2ef elementor-mobile-align-center elementor-widget elementor-widget-post-info\" data-id=\"646ee2ef\" data-element_type=\"widget\" data-widget_type=\"post-info.default\">\n<div class=\"elementor-widget-container\">\n<ul class=\"elementor-inline-items elementor-icon-list-items elementor-post-info\">\n<li class=\"elementor-icon-list-item elementor-repeater-item-a339c7b elementor-inline-item\"><span class=\"elementor-icon-list-text elementor-post-info__item elementor-post-info__item--type-author\"><span class=\"elementor-post-info__item-prefix\">Por<\/span>\u00a0Mart\u00edn Gonz\u00e1lez<\/span><\/li>\n<li>RIODOCE<\/li>\n<li class=\"elementor-icon-list-item elementor-repeater-item-d7670a7 elementor-inline-item\"><\/li>\n<\/ul>\n<\/div>\n<\/div>\n<div class=\"elementor-element elementor-element-761f1f5e elementor-widget elementor-widget-theme-post-featured-image elementor-widget-image\" data-id=\"761f1f5e\" data-element_type=\"widget\" data-widget_type=\"theme-post-featured-image.default\">\n<div class=\"elementor-widget-container\"><img decoding=\"async\" title=\"jornaleros villa juarez\" src=\"https:\/\/riodoce.mx\/wp-content\/uploads\/elementor\/thumbs\/jornaleros-villa-juarez-scaled-qi489nhecvmotvefnkz89edua49o1k33abvct494so.jpg\" alt=\"jornaleros villa juarez\" \/><\/div>\n<\/div>\n<div class=\"elementor-element elementor-element-3b08ca7b elementor-widget elementor-widget-theme-post-content\" data-id=\"3b08ca7b\" data-element_type=\"widget\" data-widget_type=\"theme-post-content.default\">\n<div class=\"elementor-widget-container\">\n<div id=\"bsf_rt_marker\">\n<p><strong><em>En la sindicatura de Villa Benito Ju\u00e1rez, Navolato, los trabajadores del campo viven situaciones de precariedad laboral y de vivienda<\/em><\/strong><\/p>\n<div class=\"wp-block-spacer\" aria-hidden=\"true\"><\/div>\n<p>El coordinador del movimiento Unificaci\u00f3n Lucha Triqui en Sinaloa, Juan L\u00f3pez Garc\u00eda, lo dice con todas sus letras: el de los jornaleros agr\u00edcolas es el sector que m\u00e1s trabaja y el m\u00e1s explotado en la entidad.<\/p>\n<p>El l\u00edder ind\u00edgena asegura que el jornalero agr\u00edcola local y for\u00e1neo sufre abusos tanto del patr\u00f3n como de los \u201cenganchadores\u201d que los traen desde San Luis Potos\u00ed, Oaxaca, Michoac\u00e1n, Zacatecas, Chihuahua, Sonora y Guerrero.<\/p>\n<p>Atractivos ofrecimientos que se desvanecen llegando a Sinaloa.<\/p>\n<p>\u201cLos contratistas les dicen que aqu\u00ed van a ganar 500 pesos diarios, con su cuarto, luz y agua, pero cuando llegan, resulta que son cuartos de l\u00e1mina, que les van a pagar 180 y no lo que les dijeron\u201d, expresa.<\/p>\n<p>La zona jornalera de Sinaloa comprende Escuinapa, Villa Uni\u00f3n, La Cruz, Navolato, Culiacancito, Guasave y Ahome, y est\u00e1 desprotegida por la Secretar\u00eda del Trabajo que no cuenta con personal para atender los casos de abusos laborales.<\/p>\n<div class=\"wp-block-spacer\" aria-hidden=\"true\"><\/div>\n<p><strong>El porfiriato en Sinaloa<\/strong><\/p>\n<p>Juan L\u00f3pez Garc\u00eda afirma que en los campos agr\u00edcolas los jornaleros se ven obligados a vivir de fiado en modernas \u201ctiendas de raya\u201d, dada las condiciones en las que son contratados por los \u201cenganchadores\u201d en sus lugares de origen, sobre todo de San Luis Potos\u00ed e Hidalgo.<\/p>\n<p>Con estos trabajadores del campo, dice, los obligan a un convenio que establece que no recibir\u00e1n remuneraci\u00f3n alguna sino hasta que concluyan los tres meses de trabajo contratados.<\/p>\n<p>Trabajadores que se ven obligados a vender sus pertenencias personales para hacer una llamada telef\u00f3nica y avisar a sus familiares que llegaron bien.<\/p>\n<p>\u201cEn las tiendas les f\u00edan. Al concluir los tres meses les sacan cuentas y lo que pidi\u00f3 prestado para mandar a su estado\u2026, les dan precios elevados y lo que ganan no les alcanza para pagar. Abonan y vuelven a sacar su mandado, y as\u00ed van. Lo que les pagan pagan a la tienda. Nunca terminan de pagar\u2026 No es posible que volvamos al tiempo del porfiriato\u2026\u201d lamenta.<\/p>\n<div class=\"wp-block-spacer\" aria-hidden=\"true\"><\/div>\n<p><strong>Los patrones<\/strong><\/p>\n<p>Los abusos de la parte patronal consisten en dar de alta al trabajador y darlos de baja de manera continua, escamote\u00e1ndoles sus derechos a la seguridad social y de antig\u00fcedad, dice L\u00f3pez Garc\u00eda.<\/p>\n<p>\u201cTenemos el caso de un velador del campo El Porvenir que ten\u00eda seis a\u00f1os trabajando. Cay\u00f3 al canal de Santa Martha y falleci\u00f3, y solo le aparecen tres a\u00f1os\u201d, cuenta.<\/p>\n<p>El movimiento Unificaci\u00f3n Lucha Triqui en Sinaloa, agrega, ha atendido casos de jornaleros en los hospitales Civil y General, en los que los patrones no se hacen responsables porque no los tienen en n\u00f3mina.<\/p>\n<div class=\"wp-block-spacer\" aria-hidden=\"true\"><\/div>\n<p><strong>Pago por salida<\/strong><\/p>\n<p>Con una poblaci\u00f3n de 10 mil 304 habitantes, seg\u00fan el Censo de Poblaci\u00f3n y Vivienda 2020, Villa Ju\u00e1rez es la sindicatura m\u00e1s grande de Navolato, y su actividad principal es la agricultura.<\/p>\n<p>A decir de algunos jornaleros, todos los d\u00edas entre las 4:00 y 5:00 horas se pueden observar entre 30 y 40 camiones estacionados a la orilla de la carretera La Cincuenta en busca de trabajadores del campo.<\/p>\n<p>Son los llamados \u201cpago por salida\u201d, es decir, los operadores ofrecen una tarifa por una jornada de determinadas horas de trabajo en el corte del chile y la cebolla.<\/p>\n<p>\u201cOfrecen 350 hasta la 1:00 \u00f3 250 hasta las 12:00\u201d, dice un trabajador que pidi\u00f3 el anonimato.<\/p>\n<p>Juan L\u00f3pez Garc\u00eda se\u00f1ala que esa modalidad, lejos de beneficiar al jornalero, lo perjudica porque exime al patr\u00f3n de responsabilidad sobre los trabajadores.<\/p>\n<p>Adem\u00e1s, agrega, los camiones no est\u00e1n en condiciones para hacer viajes largos de Villa Ju\u00e1rez a La Cruz de Elota o a Angostura.<\/p>\n<p>\u201cYa lo hemos manifestado ante (la Secretar\u00eda de) Transportes que estos camiones a veces no tienen permiso, adem\u00e1s del riesgo de un accidente\u201d, subraya.<\/p>\n<div class=\"wp-block-spacer\" aria-hidden=\"true\"><\/div>\n<p><strong>Las cuarter\u00edas<\/strong><\/p>\n<p>El \u00faltimo conteo del n\u00famero de cuarter\u00edas, hace alrededor de seis a\u00f1os, indicaba un total de 450 en la sindicatura de Villa Benito Ju\u00e1rez, Navolato, en su mayor\u00eda no cumplen con las condiciones de infraestructura, higiene y de servicio.<\/p>\n<p>\u201cHay cuarter\u00edas que cobran 350 semanales m\u00e1s el agua y la luz, en donde solo hay tres lavaderos o dos ba\u00f1os para toda la cuarter\u00eda\u201d, afirma L\u00f3pez Garc\u00eda.<\/p>\n<p>Estas viviendas son, en la mayor\u00eda de los casos, de cart\u00f3n, hules y madera, donde predominan la drogadicci\u00f3n, violencia y hasta la prostituci\u00f3n.<\/p>\n<div class=\"wp-block-spacer\" aria-hidden=\"true\"><\/div>\n<p><strong>El bando de polic\u00eda<\/strong><\/p>\n<p>En la sindicatura de Villa Benito Ju\u00e1rez, Navolato, se concentran alrededor de siete grupos \u00e9tnicos, que son los triquis, mixtecos, zapotecos, nahuas, xotziles, coras y tarahumaras, que muchos de ellos solo hablan su lengua original, lo que se presta para el abuso policial.<\/p>\n<p>Ante la constante violaci\u00f3n de los reglamentos del bando de polic\u00eda y buen gobierno, durante el trienio del alcalde Jes\u00fas Marentes Garibaldi, 2005-2007, se habl\u00f3 de la traducci\u00f3n a las lenguas ind\u00edgenas de este documento para evitar que, por usos y costumbres, los representantes de estos pueblos fueran remitidos a barandilla.<\/p>\n<p>\u201cPor los usos y costumbres all\u00e1 la cerveza se vende en cualquier tienda, pero aqu\u00ed es diferente. No puedes tomar en la v\u00eda p\u00fablica\u201d, dice el coordinador del movimiento Unificaci\u00f3n Lucha Triqui en Sinaloa.<\/p>\n<p>La traducci\u00f3n del bando a las diferentes lenguas que se hablan en la sindicatura no prosper\u00f3.<\/p>\n<p>\u201cA m\u00ed me invitaron, pero no le dieron seguimiento\u201d, recuerda el mixteco.<\/p>\n<p><strong>Art\u00edculo publicado el 07 de enero de 2024 en la edici\u00f3n 1093 del semanario R\u00edodoce<\/strong><\/p>\n<p>https:\/\/riodoce.mx\/2024\/01\/10\/jornaleros-agricolas-explotacion-y-abuso\/<\/p>\n<\/div>\n<\/div>\n<\/div>\n","protected":false},"excerpt":{"rendered":"<p>Por\u00a0Mart\u00edn Gonz\u00e1lez RIODOCE En la sindicatura de Villa Benito Ju\u00e1rez, Navolato, los trabajadores del campo viven situaciones de precariedad laboral y de vivienda El coordinador del movimiento Unificaci\u00f3n Lucha Triqui &hellip; <a href=\"https:\/\/www.grieta.org.mx\/index.php\/2024\/02\/10\/jornaleros-agricolas-explotacion-y-abuso\/\" class=\"more-link\">Leer m\u00e1s<\/a><\/p>\n","protected":false},"author":2,"featured_media":68497,"comment_status":"closed","ping_status":"closed","sticky":false,"template":"","format":"standard","meta":{"ngg_post_thumbnail":0,"_jetpack_newsletter_access":"","_jetpack_dont_email_post_to_subs":false,"_jetpack_newsletter_tier_id":0,"_jetpack_memberships_contains_paywalled_content":false,"_jetpack_memberships_contains_paid_content":false,"footnotes":""},"categories":[85,2490,30,83],"tags":[2794,1386],"class_list":["post-68496","post","type-post","status-publish","format-standard","has-post-thumbnail","hentry","category-jornaleros","category-jornaleros-en-sinaloa","category-sinaloa","category-temas-nacionales","tag-jornaleros-agricolas","tag-ninos-jornaleros","entry"],"jetpack_featured_media_url":"https:\/\/www.grieta.org.mx\/wp-content\/uploads\/2024\/02\/jornaleros-villa-juarez-scaled-qi489nhecvmotvefnkz89edua49o1k33abvct494so.jpg","jetpack_sharing_enabled":true,"jetpack_shortlink":"https:\/\/wp.me\/p7ZJR4-hOM","jetpack_likes_enabled":false,"jetpack-related-posts":[{"id":30844,"url":"https:\/\/www.grieta.org.mx\/index.php\/2019\/02\/27\/solo-7-5-de-jornaleros-agricolas-cuentan-con-seguridad-social\/","url_meta":{"origin":68496,"position":0},"title":"S\u00f3lo 7.5% de jornaleros agr\u00edcolas cuentan con seguridad social","author":"grieta","date":"27 febrero, 2019","format":false,"excerpt":"Al\u00e1n Avi\u00f1a\/UNIRADIO NOTICIAS Hermosillo.- S\u00f3lo el 7.5% de los jornaleros agr\u00edcolas del Pa\u00eds cuentan con seguridad social y existe una sobredemanda de trabajadores que ha intensificado la migraci\u00f3n temporal en el interior de M\u00e9xico, indic\u00f3 Mar\u00eda Antonieta Barr\u00f3n P\u00e9rez. La investigadora de la Facultad de Econom\u00eda de la Universidad Nacional\u2026","rel":"","context":"En &quot;Baja California&quot;","block_context":{"text":"Baja California","link":"https:\/\/www.grieta.org.mx\/index.php\/category\/noticias-nacionales\/baja-california\/"},"img":{"alt_text":"","src":"https:\/\/i0.wp.com\/www.grieta.org.mx\/wp-content\/uploads\/2019\/03\/jornaleros-sonora.jpg?resize=350%2C200&ssl=1","width":350,"height":200,"srcset":"https:\/\/i0.wp.com\/www.grieta.org.mx\/wp-content\/uploads\/2019\/03\/jornaleros-sonora.jpg?resize=350%2C200&ssl=1 1x, https:\/\/i0.wp.com\/www.grieta.org.mx\/wp-content\/uploads\/2019\/03\/jornaleros-sonora.jpg?resize=525%2C300&ssl=1 1.5x, https:\/\/i0.wp.com\/www.grieta.org.mx\/wp-content\/uploads\/2019\/03\/jornaleros-sonora.jpg?resize=700%2C400&ssl=1 2x"},"classes":[]},{"id":41875,"url":"https:\/\/www.grieta.org.mx\/index.php\/2019\/12\/03\/ninos-jornaleros-en-sinaloa-en-riesgo-de-muerte-hasta-12-fallecen-cada-temporada\/","url_meta":{"origin":68496,"position":1},"title":"Ni\u00f1os jornaleros en Sinaloa, en riesgo de muerte: hasta 12 fallecen cada temporada","author":"grieta","date":"3 diciembre, 2019","format":false,"excerpt":"Idra Cirigo\/Contral\u00ednea Cada temporada agr\u00edcola entre\u00a0siete\u00a0y\u00a0doce\u00a0ni\u00f1os\u00a0pierden la vida por causas prevenibles. Los hijos de jornaleros que trabajan en los campos de\u00a0Sinaloa\u00a0mueren\u00a0por infecciones gastrointestinales,\u00a0anemia,\u00a0desnutrici\u00f3n\u00a0o accidentes durante la temporada de recolecci\u00f3n de cosechas, advirti\u00f3 la organizaci\u00f3n internacional Save the Children. Agreg\u00f3 que de los 200 mil jornaleros que llegan al estado, casi\u2026","rel":"","context":"En &quot;CINTILLO&quot;","block_context":{"text":"CINTILLO","link":"https:\/\/www.grieta.org.mx\/index.php\/category\/cintillo\/"},"img":{"alt_text":"","src":"https:\/\/i0.wp.com\/www.grieta.org.mx\/wp-content\/uploads\/2019\/12\/Guerrero_cosecha_mai769z-1.jpg?resize=350%2C200&ssl=1","width":350,"height":200,"srcset":"https:\/\/i0.wp.com\/www.grieta.org.mx\/wp-content\/uploads\/2019\/12\/Guerrero_cosecha_mai769z-1.jpg?resize=350%2C200&ssl=1 1x, https:\/\/i0.wp.com\/www.grieta.org.mx\/wp-content\/uploads\/2019\/12\/Guerrero_cosecha_mai769z-1.jpg?resize=525%2C300&ssl=1 1.5x"},"classes":[]},{"id":4224,"url":"https:\/\/www.grieta.org.mx\/index.php\/2015\/04\/14\/jornaleros-agricolas-en-nayarit\/","url_meta":{"origin":68496,"position":2},"title":"Jornaleros agr\u00edcolas en Nayarit","author":"grieta","date":"14 abril, 2015","format":false,"excerpt":"14\/04\/15. Denuncian abusos a jornaleros agr\u00edcolas El sol de Nayarit","rel":"","context":"En &quot;Jornaleros&quot;","block_context":{"text":"Jornaleros","link":"https:\/\/www.grieta.org.mx\/index.php\/category\/temas-nacionales\/jornaleros\/"},"img":{"alt_text":"","src":"https:\/\/i0.wp.com\/www.grieta.org.mx\/wp-content\/uploads\/2018\/03\/14524434_1106112876131411_958039263622046936_o.jpg?resize=350%2C200&ssl=1","width":350,"height":200,"srcset":"https:\/\/i0.wp.com\/www.grieta.org.mx\/wp-content\/uploads\/2018\/03\/14524434_1106112876131411_958039263622046936_o.jpg?resize=350%2C200&ssl=1 1x, https:\/\/i0.wp.com\/www.grieta.org.mx\/wp-content\/uploads\/2018\/03\/14524434_1106112876131411_958039263622046936_o.jpg?resize=525%2C300&ssl=1 1.5x, https:\/\/i0.wp.com\/www.grieta.org.mx\/wp-content\/uploads\/2018\/03\/14524434_1106112876131411_958039263622046936_o.jpg?resize=700%2C400&ssl=1 2x"},"classes":[]},{"id":55684,"url":"https:\/\/www.grieta.org.mx\/index.php\/2020\/12\/04\/protesta-fiob-por-cierre-de-comedores-para-hijos-de-jornaleros-en-sinaloa\/","url_meta":{"origin":68496,"position":3},"title":"Protesta FIOB por cierre de comedores para hijos de jornaleros en Sinaloa","author":"grieta","date":"4 diciembre, 2020","format":false,"excerpt":"Diario Marca \u00a0 Huajuapan de Le\u00f3n, Oax.-\u00a0El coordinador general del Frente Ind\u00edgena de Organizaciones Binacionales (FIOB), Ezequiel Rosales Carre\u00f1o, inform\u00f3 que el cierre de 27 comedores para hijos de jornaleros en Sinaloa, fue un duro golpe a este sector migrante por parte de la Secretar\u00eda del Bienestar (SEBIEN) a nivel\u2026","rel":"","context":"En &quot;Conflictos laborales en Sinaloa&quot;","block_context":{"text":"Conflictos laborales en Sinaloa","link":"https:\/\/www.grieta.org.mx\/index.php\/category\/noticias-nacionales\/sinaloa\/conflictos-laborales-en-sinaloa\/"},"img":{"alt_text":"","src":"https:\/\/i0.wp.com\/www.grieta.org.mx\/wp-content\/uploads\/2020\/12\/60886382-8B8B-41BC-B6A3-639617418705.jpeg?resize=350%2C200&ssl=1","width":350,"height":200},"classes":[]},{"id":2763,"url":"https:\/\/www.grieta.org.mx\/index.php\/2015\/05\/19\/jornaleros-agricolas-en-colima\/","url_meta":{"origin":68496,"position":4},"title":"Jornaleros agr\u00edcolas en Colima","author":"grieta","date":"19 mayo, 2015","format":false,"excerpt":"19\/05\/15. Jornaleros agr\u00edcolas en Colima: explotados y sin nadie que los defiendaDiario Avanzada 23\/04\/15. \u2018Consiente\u2019 Colima explotaci\u00f3n de jornaleros mixtecosDiario Avanzada 31\/03\/15. Colima, entre los 18 estados donde se explota a los jornaleros agr\u00edcolas: FIOBDiario Avanzada","rel":"","context":"En &quot;Colima&quot;","block_context":{"text":"Colima","link":"https:\/\/www.grieta.org.mx\/index.php\/category\/noticias-nacionales\/colima\/"},"img":{"alt_text":"","src":"https:\/\/i0.wp.com\/www.grieta.org.mx\/wp-content\/uploads\/2018\/03\/14524434_1106112876131411_958039263622046936_o.jpg?resize=350%2C200&ssl=1","width":350,"height":200,"srcset":"https:\/\/i0.wp.com\/www.grieta.org.mx\/wp-content\/uploads\/2018\/03\/14524434_1106112876131411_958039263622046936_o.jpg?resize=350%2C200&ssl=1 1x, https:\/\/i0.wp.com\/www.grieta.org.mx\/wp-content\/uploads\/2018\/03\/14524434_1106112876131411_958039263622046936_o.jpg?resize=525%2C300&ssl=1 1.5x, https:\/\/i0.wp.com\/www.grieta.org.mx\/wp-content\/uploads\/2018\/03\/14524434_1106112876131411_958039263622046936_o.jpg?resize=700%2C400&ssl=1 2x"},"classes":[]},{"id":11219,"url":"https:\/\/www.grieta.org.mx\/index.php\/2016\/04\/20\/son-17000-jornaleros-los-que-trabajan-en-los-campos-agricolas-de-bcs-gobierno-estatal\/","url_meta":{"origin":68496,"position":5},"title":"Son 17,000 jornaleros los que trabajan en los campos agr\u00edcolas de BCS","author":"grieta","date":"20 abril, 2016","format":false,"excerpt":"Redacci\u00f3n BCS Noticias La Paz, Baja California Sur (BCS). El \u00faltimo padr\u00f3n realizado por la Secretar\u00eda de Desarrollo Social en Baja California Sur indica que hay un total de 17,000 jornaleros \u2014la mayor\u00eda de Oaxaca, Guerrero, Sinaloa y Chihuahua\u2014 los que trabajan actualmente en 84 campos agr\u00edcolas de la media\u2026","rel":"","context":"En &quot;CINTILLO&quot;","block_context":{"text":"CINTILLO","link":"https:\/\/www.grieta.org.mx\/index.php\/category\/cintillo\/"},"img":{"alt_text":"","src":"https:\/\/i0.wp.com\/www.grieta.org.mx\/wp-content\/uploads\/2018\/03\/14524434_1106112876131411_958039263622046936_o.jpg?resize=350%2C200&ssl=1","width":350,"height":200,"srcset":"https:\/\/i0.wp.com\/www.grieta.org.mx\/wp-content\/uploads\/2018\/03\/14524434_1106112876131411_958039263622046936_o.jpg?resize=350%2C200&ssl=1 1x, https:\/\/i0.wp.com\/www.grieta.org.mx\/wp-content\/uploads\/2018\/03\/14524434_1106112876131411_958039263622046936_o.jpg?resize=525%2C300&ssl=1 1.5x, https:\/\/i0.wp.com\/www.grieta.org.mx\/wp-content\/uploads\/2018\/03\/14524434_1106112876131411_958039263622046936_o.jpg?resize=700%2C400&ssl=1 2x"},"classes":[]}],"_links":{"self":[{"href":"https:\/\/www.grieta.org.mx\/index.php\/wp-json\/wp\/v2\/posts\/68496","targetHints":{"allow":["GET"]}}],"collection":[{"href":"https:\/\/www.grieta.org.mx\/index.php\/wp-json\/wp\/v2\/posts"}],"about":[{"href":"https:\/\/www.grieta.org.mx\/index.php\/wp-json\/wp\/v2\/types\/post"}],"author":[{"embeddable":true,"href":"https:\/\/www.grieta.org.mx\/index.php\/wp-json\/wp\/v2\/users\/2"}],"replies":[{"embeddable":true,"href":"https:\/\/www.grieta.org.mx\/index.php\/wp-json\/wp\/v2\/comments?post=68496"}],"version-history":[{"count":1,"href":"https:\/\/www.grieta.org.mx\/index.php\/wp-json\/wp\/v2\/posts\/68496\/revisions"}],"predecessor-version":[{"id":68498,"href":"https:\/\/www.grieta.org.mx\/index.php\/wp-json\/wp\/v2\/posts\/68496\/revisions\/68498"}],"wp:featuredmedia":[{"embeddable":true,"href":"https:\/\/www.grieta.org.mx\/index.php\/wp-json\/wp\/v2\/media\/68497"}],"wp:attachment":[{"href":"https:\/\/www.grieta.org.mx\/index.php\/wp-json\/wp\/v2\/media?parent=68496"}],"wp:term":[{"taxonomy":"category","embeddable":true,"href":"https:\/\/www.grieta.org.mx\/index.php\/wp-json\/wp\/v2\/categories?post=68496"},{"taxonomy":"post_tag","embeddable":true,"href":"https:\/\/www.grieta.org.mx\/index.php\/wp-json\/wp\/v2\/tags?post=68496"}],"curies":[{"name":"wp","href":"https:\/\/api.w.org\/{rel}","templated":true}]}}