{"id":68492,"date":"2024-02-14T12:26:58","date_gmt":"2024-02-14T18:26:58","guid":{"rendered":"https:\/\/www.grieta.org.mx\/?p=68492"},"modified":"2024-02-15T13:31:28","modified_gmt":"2024-02-15T19:31:28","slug":"porque-los-amamos-familias-marchan-en-san-valentin-por-personas-desaparecidas","status":"publish","type":"post","link":"https:\/\/www.grieta.org.mx\/index.php\/2024\/02\/14\/porque-los-amamos-familias-marchan-en-san-valentin-por-personas-desaparecidas\/","title":{"rendered":"\u201cPorque los amamos\u201d, familias marchan en San Valent\u00edn por personas desaparecidas"},"content":{"rendered":"<p><strong><em><b>Madres y familiares de personas desaparecidas en Chihuahua marcharon para recordar el amor y cari\u00f1o que a\u00fan le tienen a sus seres queridos. Exigen a las autoridades, tanto estatales como federales, que se tenga el mismo nivel de atenci\u00f3n para las b\u00fasquedas, sin importar el nivel <\/b>socioecon\u00f3mico de las personas. Al d\u00eda de hoy, se contabilizan 3,660 personas desaparecidas o no localizadas en el estado.<\/em><\/strong><\/p>\n<p><strong><em>Texto de \u00d3scar Rosales<\/em><\/strong><strong><em><br \/>\n<\/em><\/strong><strong><em>Fotograf\u00edas de Ra\u00fal F. P\u00e9rez\u00a0<\/em><\/strong><\/p>\n<p>RAICHALI<\/p>\n<p>\u201cMe quitaron a mi hijo, me lo quitaron, lo m\u00e1s querido que ten\u00eda, pero tambi\u00e9n me quitaron el miedo\u201d, con esa idea en mente, es como Lilia Garc\u00eda y una decena de madres de personas desaparecidas, marcharon la tarde de este martes de San Valent\u00edn en la ciudad de Chihuahua, para recordar el amor que le tienen a sus seres queridos y exigir a las autoridades de la entidad avances en las b\u00fasquedas.<\/p>\n<p>La marcha comenz\u00f3 en el templo Sagrado Coraz\u00f3n de Jes\u00fas y se dirigi\u00f3 de manera pac\u00edfica hasta la Catedral de Chihuahua. Durante el camino, las madres y familiares, acompa\u00f1adas por personal del Centro de Derechos Humanos de las Mujeres (CEDEHM), pegaron varias pesquisas en los edificios y sem\u00e1foros de las calles.<\/p>\n<p>Lilia, quien busca a su hijo Luis Alonso Rivera Garc\u00eda, desaparecido desde el 15 de mayo del 2015 en el municipio de Ojinaga, explic\u00f3 que desde el sexenio del exgobernador Duarte se le han \u201ccerrado las puertas\u201d cuando ha buscado ayuda. Del mismo modo, denunci\u00f3 que la Guardia Nacional le ha impedido realizar actividades durante los rastreos a los que ha acudido.<\/p>\n<p>\u201cVamos a buscar a los cerros y la Guardia Nacional nos dice que \u00aben esta parte no, en esta parte no excaven\u00bb, \u00bfCu\u00e1l es el motivo\u201d, cuestion\u00f3 Lilia.<\/p>\n<div>\n<figure><img loading=\"lazy\" decoding=\"async\" class=\"moz-reader-block-img\" src=\"https:\/\/raichali.com\/wp-content\/uploads\/2024\/02\/rfp_14_feb_marcha_personas_desaparecidas-17-683x1024.jpg\" alt=\"\" width=\"683\" height=\"1024\" \/><\/figure>\n<\/div>\n<p>La madre de Luis Alonso tambi\u00e9n se\u00f1al\u00f3 la indolencia de funcionarios de la Fiscal\u00eda, quienes le han dicho que \u201cno se preocupe\u201d por la falta de reconocimiento de los cuerpos que se encuentran en las fosas comunes ya que \u201cde todas maneras le hacen misa\u201d.<\/p>\n<p>\u201c\u00bfC\u00f3mo voy a saber si mi hijo est\u00e1 en una fosa com\u00fan y como voy a saber si el hueso que me dan tambi\u00e9n es de mi hijo. Yo ah\u00ed desconf\u00edo en todos los aspectos. A m\u00ed que no me den un hueso, a m\u00ed que me den a mi hijo completo, vivo o muerto, pero que lo reconozcan\u201d, exige. La Fiscal\u00eda solo la ha citado una vez, asegur\u00f3 Lilia.<\/p>\n<p>\u201cQue se pongan las pilas, la Fiscal\u00eda no hace nada. Estoy segur\u00edsima que la carpeta de mi hijo ya la hicieron a un lado, ya le dieron carpetazo\u201d, agreg\u00f3.<\/p>\n<h3><strong><mark>Familias piden no ser discriminadas por nivel socioecon\u00f3mico<\/mark><\/strong><\/h3>\n<p>Leslie Palacios busca a su mam\u00e1 Mar\u00eda del Carmen Palacios Nuevo, desaparecida el 22 de marzo del 2022 en el ejido Largo Maderal, tras salir de su trabajo. A casi dos a\u00f1os de eso, no hay muchos avances en la investigaci\u00f3n.<\/p>\n<p>A Leslie le preocupa que la desaparici\u00f3n de su mam\u00e1 no llame tanto la atenci\u00f3n como otras ocurridas en la zona. Tan solo hace tres semanas, cuatro integrantes de la comunidad LeBar\u00f3n fueron <a href=\"https:\/\/raichali.com\/2024\/01\/23\/secuestran-a-lebaron-en-la-sierra-de-chihuahua\/\"><mark>secuestrados<\/mark><\/a> en el Largo Maderal, sin embargo, <a href=\"https:\/\/raichali.com\/2024\/01\/23\/secuestro-familiares-lebaron-caravana-chihuahua\/\"><mark>luego de un d\u00eda de manifestaci\u00f3n<\/mark><\/a> en Palacio de Gobierno, las personas <a href=\"https:\/\/raichali.com\/2024\/01\/24\/liberan-a-otros-dos-de-los-lebaron\/\"><mark>fueron liberadas y localizadas<\/mark><\/a>. En su momento, el Fiscal General C\u00e9sar Jauregui destac\u00f3 el trabajo coordinado de las autoridades federales y estatales, y el uso total de \u201clos cinco sentidos\u201d durante la investigaci\u00f3n.<\/p>\n<div>\n<figure><img loading=\"lazy\" decoding=\"async\" class=\"moz-reader-block-img\" src=\"https:\/\/raichali.com\/wp-content\/uploads\/2024\/02\/rfp_14_feb_marcha_personas_desaparecidas-11-683x1024.jpg\" alt=\"\" width=\"683\" height=\"1024\" \/><\/figure>\n<\/div>\n<p>\u201cQuiero que la polic\u00eda la busque, la encuentre, porque he visto de muchos casos que se ha hecho ruido all\u00e1 en el Largo y salen luego luego. De mi mam\u00e1 no se escuch\u00f3 de ella, de que desapareci\u00f3\u201d, explic\u00f3 Leslie.<\/p>\n<p>\u201cHasta el d\u00eda que ella salga, vamos a seguir aqu\u00ed luchando por ella\u201d, agreg\u00f3 la hija de Mar\u00eda.<\/p>\n<div>\n<figure><img loading=\"lazy\" decoding=\"async\" class=\"moz-reader-block-img\" src=\"https:\/\/raichali.com\/wp-content\/uploads\/2024\/02\/rfp_14_feb_marcha_personas_desaparecidas-2-1024x683.jpg\" alt=\"\" width=\"1024\" height=\"683\" \/><\/figure>\n<\/div>\n<p>Por su parte, Yessenia Carrera, madre de Antonio Perales Carrera, desaparecido el 29 de agosto del 2015, exigi\u00f3 que las familias de las personas desaparecidas del pa\u00eds no sean discriminadas por su nivel socioecon\u00f3mico, y se\u00f1al\u00f3 que todas los casos deber\u00edan tener la misma prioridad para ser localizadas.<\/p>\n<p>\u201cComo nuestros hijos son pobres, por eso no los han buscado y porque somos muy poquitas. Como que si no tienes dinero, nada vales, y no te vamos a encontrar\u201d, se\u00f1al\u00f3 Yessenia, quien enfatiz\u00f3 que sale a marchar este 14 de febrero por el amor que le tiene a su hijo Carlos.<\/p>\n<div>\n<figure><img loading=\"lazy\" decoding=\"async\" class=\"moz-reader-block-img\" src=\"https:\/\/raichali.com\/wp-content\/uploads\/2024\/02\/rfp_14_feb_marcha_personas_desaparecidas-1-1024x683.jpg\" alt=\"\" width=\"1024\" height=\"683\" \/><\/figure>\n<\/div>\n<p>A Carlos lo desaparecieron junto con otros seis compa\u00f1eros de trabajo en el municipio de Galeana, el 28 de agosto del 2015, mientras instalaban una antena de la FGE con recursos de la Iniciativa M\u00e9rida, un programa de seguridad entre Estados Unidos y M\u00e9xico, durante el sexenio de Calder\u00f3n. Hasta el d\u00eda de hoy no se sabe nada de \u00e9l.<\/p>\n<p>La marcha finaliz\u00f3 en la emblem\u00e1tica Cruz de Clavos, donde las mam\u00e1s continuaron con la pega pesquisas de sus hijos e hijas. Algunos de los casos de desaparici\u00f3n tienen m\u00e1s de una d\u00e9cada sin avances.<\/p>\n<div>\n<figure><img loading=\"lazy\" decoding=\"async\" class=\"moz-reader-block-img\" src=\"https:\/\/raichali.com\/wp-content\/uploads\/2024\/02\/rfp_14_feb_marcha_personas_desaparecidas-10-1024x683.jpg\" alt=\"\" width=\"1024\" height=\"683\" \/><\/figure>\n<\/div>\n<p>De acuerdo con datos del Registro Nacional de Personas Desaparecidas y No Localizadas (RNPDNO), al d\u00eda de hoy 14 de febrero, existen 308 mil 859 personas desaparecidas o sin ser localizadas en M\u00e9xico; de esa cantidad, 3 mil 660 corresponden al estado de Chihuahua.<\/p>\n<p>&nbsp;<\/p>\n<blockquote class=\"wp-embedded-content\" data-secret=\"DJNfavhdux\"><p><a href=\"https:\/\/raichali.com\/2024\/02\/14\/marchan-familias-personas-desaparecidas-san-valentin\/\">\u201cPorque los amamos\u201d, familias marchan en San Valent\u00edn por personas desaparecidas<\/a><\/p><\/blockquote>\n<p><iframe loading=\"lazy\" class=\"wp-embedded-content\" sandbox=\"allow-scripts\" security=\"restricted\" style=\"position: absolute; clip: rect(1px, 1px, 1px, 1px);\" title=\"&#8220;\u201cPorque los amamos\u201d, familias marchan en San Valent\u00edn por personas desaparecidas&#8221; &#8212; Raichali\" src=\"https:\/\/raichali.com\/2024\/02\/14\/marchan-familias-personas-desaparecidas-san-valentin\/embed\/#?secret=mN9x2wT1nR#?secret=DJNfavhdux\" data-secret=\"DJNfavhdux\" width=\"600\" height=\"338\" frameborder=\"0\" marginwidth=\"0\" marginheight=\"0\" scrolling=\"no\"><\/iframe><\/p>\n","protected":false},"excerpt":{"rendered":"<p>Madres y familiares de personas desaparecidas en Chihuahua marcharon para recordar el amor y cari\u00f1o que a\u00fan le tienen a sus seres queridos. Exigen a las autoridades, tanto estatales como &hellip; <a href=\"https:\/\/www.grieta.org.mx\/index.php\/2024\/02\/14\/porque-los-amamos-familias-marchan-en-san-valentin-por-personas-desaparecidas\/\" class=\"more-link\">Leer m\u00e1s<\/a><\/p>\n","protected":false},"author":2,"featured_media":68493,"comment_status":"closed","ping_status":"closed","sticky":false,"template":"","format":"standard","meta":{"ngg_post_thumbnail":0,"_jetpack_newsletter_access":"","_jetpack_dont_email_post_to_subs":false,"_jetpack_newsletter_tier_id":0,"_jetpack_memberships_contains_paywalled_content":false,"_jetpack_memberships_contains_paid_content":false,"footnotes":""},"categories":[12,87,1042,2],"tags":[3791,1828,3018],"class_list":["post-68492","post","type-post","status-publish","format-standard","has-post-thumbnail","hentry","category-chihuahua","category-desaparecidos","category-desaparecidos-en-chihuahua","category-noticias-nacionales","tag-acciones-por-desaparecidos","tag-busqueda-de-desaparecidos","tag-colectivos-de-busqueda-de-desaparecidos","entry"],"jetpack_featured_media_url":"https:\/\/www.grieta.org.mx\/wp-content\/uploads\/2024\/02\/rfp_14_feb_marcha_personas_desaparecidas-11-683x1024-1.jpg","jetpack_sharing_enabled":true,"jetpack_shortlink":"https:\/\/wp.me\/p7ZJR4-hOI","jetpack_likes_enabled":false,"jetpack-related-posts":[{"id":61654,"url":"https:\/\/www.grieta.org.mx\/index.php\/2021\/09\/01\/galeria-familiares-de-personas-desaparecidas-marchan-para-no-olvidar\/","url_meta":{"origin":68492,"position":0},"title":"Galer\u00eda: Familiares de personas desaparecidas marchan para no olvidar","author":"grieta","date":"1 septiembre, 2021","format":false,"excerpt":"\u201cHoy hace seis a\u00f1os, 2,191 d\u00edas que no s\u00e9 de \u00e9l\u2026 el d\u00eda de ma\u00f1ana es el d\u00eda internacional de las personas desaparecidas, es por eso que estamos aqu\u00ed donde no deber\u00edamos de estar. Pero nos toco esto, estar aqu\u00ed, caminando con el dolor, con la rabia y con la\u2026","rel":"","context":"En &quot;Chihuahua&quot;","block_context":{"text":"Chihuahua","link":"https:\/\/www.grieta.org.mx\/index.php\/category\/noticias-nacionales\/chihuahua\/"},"img":{"alt_text":"","src":"https:\/\/i0.wp.com\/www.grieta.org.mx\/wp-content\/uploads\/2021\/09\/untitled-16-1024x684-1.jpg?resize=350%2C200&ssl=1","width":350,"height":200,"srcset":"https:\/\/i0.wp.com\/www.grieta.org.mx\/wp-content\/uploads\/2021\/09\/untitled-16-1024x684-1.jpg?resize=350%2C200&ssl=1 1x, https:\/\/i0.wp.com\/www.grieta.org.mx\/wp-content\/uploads\/2021\/09\/untitled-16-1024x684-1.jpg?resize=525%2C300&ssl=1 1.5x, https:\/\/i0.wp.com\/www.grieta.org.mx\/wp-content\/uploads\/2021\/09\/untitled-16-1024x684-1.jpg?resize=700%2C400&ssl=1 2x"},"classes":[]},{"id":67630,"url":"https:\/\/www.grieta.org.mx\/index.php\/2023\/05\/10\/un-dia-de-las-madres-diferente-madres-de-personas-desaparecidas-en-zacatecas-realizan-protesta\/","url_meta":{"origin":68492,"position":1},"title":"Un D\u00eda de las Madres diferente: Madres de personas desaparecidas en Zacatecas realizan protesta","author":"grieta","date":"10 mayo, 2023","format":false,"excerpt":"Realizaron la Marcha de la Dignidad, recorriendo el centro hist\u00f3rico hasta terminar en la Plaza de Armas Ana Vacio | El Sol de Zacatecas mi\u00e9rcoles 10 de mayo de 2023 Mujeres, madres de personas en condici\u00f3n de desaparecidas y no localizadas realizaron, la ma\u00f1ana de este mi\u00e9rcoles 10 de mayo\u2026","rel":"","context":"En &quot;B\u00fasqueda de desaparcidos en Zacatecas&quot;","block_context":{"text":"B\u00fasqueda de desaparcidos en Zacatecas","link":"https:\/\/www.grieta.org.mx\/index.php\/category\/noticias-nacionales\/zacatecas\/busqueda-de-desaparcidos-en-zacatecas\/"},"img":{"alt_text":"","src":"https:\/\/i0.wp.com\/www.grieta.org.mx\/wp-content\/uploads\/2023\/09\/Red-sangre-de-mi-sangre-en-palacio-de-gobierno-Zacatecas.jpg?resize=350%2C200&ssl=1","width":350,"height":200,"srcset":"https:\/\/i0.wp.com\/www.grieta.org.mx\/wp-content\/uploads\/2023\/09\/Red-sangre-de-mi-sangre-en-palacio-de-gobierno-Zacatecas.jpg?resize=350%2C200&ssl=1 1x, https:\/\/i0.wp.com\/www.grieta.org.mx\/wp-content\/uploads\/2023\/09\/Red-sangre-de-mi-sangre-en-palacio-de-gobierno-Zacatecas.jpg?resize=525%2C300&ssl=1 1.5x, https:\/\/i0.wp.com\/www.grieta.org.mx\/wp-content\/uploads\/2023\/09\/Red-sangre-de-mi-sangre-en-palacio-de-gobierno-Zacatecas.jpg?resize=700%2C400&ssl=1 2x"},"classes":[]},{"id":68443,"url":"https:\/\/www.grieta.org.mx\/index.php\/2024\/01\/09\/madres-buscadoras-y-familiares-realizan-busqueda-de-desaparecidos-en-el-guamuchil\/","url_meta":{"origin":68492,"position":2},"title":"Madres buscadoras y familiares realizan b\u00fasqueda de desaparecidos en El Guam\u00fachil","author":"grieta","date":"9 enero, 2024","format":false,"excerpt":"Imagen:Especial Isrrael Torres \/ Tribuna de la Bah\u00eda La Comisi\u00f3n Estatal de Personas Desaparecidas, en conjunto con familias de desaparecidos y apoyados por la Guardia Nacional y la Polic\u00eda Estatal Coordinada,\u00a0realizaron labores de b\u00fasqueda en la ribera del r\u00edo de la localidad El Guam\u00fachil, en Bah\u00eda de Banderas. Hubo excavaciones\u2026","rel":"","context":"En &quot;CINTILLO&quot;","block_context":{"text":"CINTILLO","link":"https:\/\/www.grieta.org.mx\/index.php\/category\/cintillo\/"},"img":{"alt_text":"","src":"https:\/\/i0.wp.com\/www.grieta.org.mx\/wp-content\/uploads\/2024\/02\/busqueda-personas-desaparecidas-905x613-1.jpeg?resize=350%2C200&ssl=1","width":350,"height":200,"srcset":"https:\/\/i0.wp.com\/www.grieta.org.mx\/wp-content\/uploads\/2024\/02\/busqueda-personas-desaparecidas-905x613-1.jpeg?resize=350%2C200&ssl=1 1x, https:\/\/i0.wp.com\/www.grieta.org.mx\/wp-content\/uploads\/2024\/02\/busqueda-personas-desaparecidas-905x613-1.jpeg?resize=525%2C300&ssl=1 1.5x, https:\/\/i0.wp.com\/www.grieta.org.mx\/wp-content\/uploads\/2024\/02\/busqueda-personas-desaparecidas-905x613-1.jpeg?resize=700%2C400&ssl=1 2x"},"classes":[]},{"id":427,"url":"https:\/\/www.grieta.org.mx\/index.php\/2016\/08\/31\/familiares-de-desaparecidos-exigen-justicia\/","url_meta":{"origin":68492,"position":3},"title":"Familiares de desaparecidos exigen justicia","author":"grieta","date":"31 agosto, 2016","format":false,"excerpt":"31\/08\/16. \u201c\u00a1Duarte, nos fallaste!\u201d, recriminan familiares de desaparecidos en ChihuahuaProceso 10\/05\/16. Lloran mujeres por sus hijos desaparecidosEl Diario 09\/15\/16. Chihuahua: caravana de madres de desaparecidos parte a CDMXLa jornada 14\/04\/16. Duarte encubre fosas a forenses argentinos, dicen familiasSin Embargo 13\/04\/16. Acusa AI intimidaci\u00f3n de autoridades de Chihuahua sobre familiares de\u2026","rel":"","context":"En &quot;Chihuahua&quot;","block_context":{"text":"Chihuahua","link":"https:\/\/www.grieta.org.mx\/index.php\/category\/noticias-nacionales\/chihuahua\/"},"img":{"alt_text":"","src":"https:\/\/i0.wp.com\/www.grieta.org.mx\/wp-content\/uploads\/2018\/03\/14524434_1106112876131411_958039263622046936_o.jpg?resize=350%2C200&ssl=1","width":350,"height":200,"srcset":"https:\/\/i0.wp.com\/www.grieta.org.mx\/wp-content\/uploads\/2018\/03\/14524434_1106112876131411_958039263622046936_o.jpg?resize=350%2C200&ssl=1 1x, https:\/\/i0.wp.com\/www.grieta.org.mx\/wp-content\/uploads\/2018\/03\/14524434_1106112876131411_958039263622046936_o.jpg?resize=525%2C300&ssl=1 1.5x, https:\/\/i0.wp.com\/www.grieta.org.mx\/wp-content\/uploads\/2018\/03\/14524434_1106112876131411_958039263622046936_o.jpg?resize=700%2C400&ssl=1 2x"},"classes":[]},{"id":64753,"url":"https:\/\/www.grieta.org.mx\/index.php\/2022\/05\/12\/por-falta-de-resultados-familias-de-desaparecidos-toman-la-comision-estatal-de-busqueda-michoacan\/","url_meta":{"origin":68492,"position":4},"title":"Por falta de resultados, familias de desaparecidos toman la Comisi\u00f3n Estatal de B\u00fasqueda (Michoac\u00e1n)","author":"grieta","date":"12 mayo, 2022","format":false,"excerpt":"F\u00e1tima Paz, 27 de mayo de 2022, primeraplana.mx Moelia, Michoac\u00e1n.- \u201c\u00bfY si fuera tu familiar el que estuviera desaparecido?\u201d, cuestionaron familiares y colectivos de familiares de personas desaparecidas, quienes tomaron la Comisi\u00f3n Estatal de B\u00fasqueda de Personas Desaparecidas, ante la falta de resultados que, aseveraron, presenta la instancia. Con carteles\u2026","rel":"","context":"En &quot;CINTILLO&quot;","block_context":{"text":"CINTILLO","link":"https:\/\/www.grieta.org.mx\/index.php\/category\/cintillo\/"},"img":{"alt_text":"","src":"https:\/\/i0.wp.com\/www.grieta.org.mx\/wp-content\/uploads\/2022\/08\/familiares-de-desaparecidos-toma-de-comision-1392x1044-1.jpeg?resize=350%2C200&ssl=1","width":350,"height":200,"srcset":"https:\/\/i0.wp.com\/www.grieta.org.mx\/wp-content\/uploads\/2022\/08\/familiares-de-desaparecidos-toma-de-comision-1392x1044-1.jpeg?resize=350%2C200&ssl=1 1x, https:\/\/i0.wp.com\/www.grieta.org.mx\/wp-content\/uploads\/2022\/08\/familiares-de-desaparecidos-toma-de-comision-1392x1044-1.jpeg?resize=525%2C300&ssl=1 1.5x, https:\/\/i0.wp.com\/www.grieta.org.mx\/wp-content\/uploads\/2022\/08\/familiares-de-desaparecidos-toma-de-comision-1392x1044-1.jpeg?resize=700%2C400&ssl=1 2x, https:\/\/i0.wp.com\/www.grieta.org.mx\/wp-content\/uploads\/2022\/08\/familiares-de-desaparecidos-toma-de-comision-1392x1044-1.jpeg?resize=1050%2C600&ssl=1 3x"},"classes":[]},{"id":72274,"url":"https:\/\/www.grieta.org.mx\/index.php\/2025\/08\/30\/realizan-vigilia-por-las-personas-desaparecidas-en-colima\/","url_meta":{"origin":68492,"position":5},"title":"Realizan vigilia por las personas desaparecidas en Colima","author":"grieta","date":"30 agosto, 2025","format":false,"excerpt":"Imagen: edro Zamora Brise\u00f1o Redacci\u00f3n \/ Diario Avanzada Colima, M\u00e9xico, Avanzada (30\/08\/2025).-\u00a0Familiares de personas desaparecidas realizaron la noche del viernes una vigilia en memoria de las v\u00edctimas de este delito, en la plaza que lleva su nombre, por la Calzada Galv\u00e1n,\u00a0a un costado del parque de la Piedra Lisa. Convocadas\u2026","rel":"","context":"En &quot;CINTILLO&quot;","block_context":{"text":"CINTILLO","link":"https:\/\/www.grieta.org.mx\/index.php\/category\/cintillo\/"},"img":{"alt_text":"","src":"https:\/\/i0.wp.com\/www.grieta.org.mx\/wp-content\/uploads\/2025\/08\/3cdcbd90-3d79-491c-bc72-1f726864740a-1-1536x1152-1.webp?resize=350%2C200&ssl=1","width":350,"height":200,"srcset":"https:\/\/i0.wp.com\/www.grieta.org.mx\/wp-content\/uploads\/2025\/08\/3cdcbd90-3d79-491c-bc72-1f726864740a-1-1536x1152-1.webp?resize=350%2C200&ssl=1 1x, https:\/\/i0.wp.com\/www.grieta.org.mx\/wp-content\/uploads\/2025\/08\/3cdcbd90-3d79-491c-bc72-1f726864740a-1-1536x1152-1.webp?resize=525%2C300&ssl=1 1.5x, https:\/\/i0.wp.com\/www.grieta.org.mx\/wp-content\/uploads\/2025\/08\/3cdcbd90-3d79-491c-bc72-1f726864740a-1-1536x1152-1.webp?resize=700%2C400&ssl=1 2x, https:\/\/i0.wp.com\/www.grieta.org.mx\/wp-content\/uploads\/2025\/08\/3cdcbd90-3d79-491c-bc72-1f726864740a-1-1536x1152-1.webp?resize=1050%2C600&ssl=1 3x, https:\/\/i0.wp.com\/www.grieta.org.mx\/wp-content\/uploads\/2025\/08\/3cdcbd90-3d79-491c-bc72-1f726864740a-1-1536x1152-1.webp?resize=1400%2C800&ssl=1 4x"},"classes":[]}],"_links":{"self":[{"href":"https:\/\/www.grieta.org.mx\/index.php\/wp-json\/wp\/v2\/posts\/68492","targetHints":{"allow":["GET"]}}],"collection":[{"href":"https:\/\/www.grieta.org.mx\/index.php\/wp-json\/wp\/v2\/posts"}],"about":[{"href":"https:\/\/www.grieta.org.mx\/index.php\/wp-json\/wp\/v2\/types\/post"}],"author":[{"embeddable":true,"href":"https:\/\/www.grieta.org.mx\/index.php\/wp-json\/wp\/v2\/users\/2"}],"replies":[{"embeddable":true,"href":"https:\/\/www.grieta.org.mx\/index.php\/wp-json\/wp\/v2\/comments?post=68492"}],"version-history":[{"count":1,"href":"https:\/\/www.grieta.org.mx\/index.php\/wp-json\/wp\/v2\/posts\/68492\/revisions"}],"predecessor-version":[{"id":68495,"href":"https:\/\/www.grieta.org.mx\/index.php\/wp-json\/wp\/v2\/posts\/68492\/revisions\/68495"}],"wp:featuredmedia":[{"embeddable":true,"href":"https:\/\/www.grieta.org.mx\/index.php\/wp-json\/wp\/v2\/media\/68493"}],"wp:attachment":[{"href":"https:\/\/www.grieta.org.mx\/index.php\/wp-json\/wp\/v2\/media?parent=68492"}],"wp:term":[{"taxonomy":"category","embeddable":true,"href":"https:\/\/www.grieta.org.mx\/index.php\/wp-json\/wp\/v2\/categories?post=68492"},{"taxonomy":"post_tag","embeddable":true,"href":"https:\/\/www.grieta.org.mx\/index.php\/wp-json\/wp\/v2\/tags?post=68492"}],"curies":[{"name":"wp","href":"https:\/\/api.w.org\/{rel}","templated":true}]}}