{"id":68489,"date":"2024-02-12T12:00:23","date_gmt":"2024-02-12T18:00:23","guid":{"rendered":"https:\/\/www.grieta.org.mx\/?p=68489"},"modified":"2024-02-15T12:10:44","modified_gmt":"2024-02-15T18:10:44","slug":"ya-no-nos-maten-pide-ceci-flores-a-carteles-tras-asesinato-de-angelita-almeraz-leon","status":"publish","type":"post","link":"https:\/\/www.grieta.org.mx\/index.php\/2024\/02\/12\/ya-no-nos-maten-pide-ceci-flores-a-carteles-tras-asesinato-de-angelita-almeraz-leon\/","title":{"rendered":"\u2018Ya No Nos Maten\u2019, Pide Ceci Flores a C\u00e1rteles tras Asesinato de Angelita Almeraz Le\u00f3n"},"content":{"rendered":"<header class=\"StoryPageHeadline_spHeadline__wrapper__DbYQt\">\n<h1 class=\"StoryPageHeadline_spHeadline__title__64iDI\"><strong style=\"color: #636363; font-family: Lato, 'Helvetica Neue', helvetica, arial, sans-serif; font-size: 15px;\">Ceci Flores<\/strong><span style=\"color: #636363; font-family: Lato, 'Helvetica Neue', helvetica, arial, sans-serif; font-size: 15px;\">, l\u00edder de las &#8220;<\/span><strong style=\"color: #636363; font-family: Lato, 'Helvetica Neue', helvetica, arial, sans-serif; font-size: 15px;\">Madres Buscadoras de Sonora<\/strong><span style=\"color: #636363; font-family: Lato, 'Helvetica Neue', helvetica, arial, sans-serif; font-size: 15px;\">&#8220;, envi\u00f3 un mensaje a los\u00a0<\/span><strong style=\"color: #636363; font-family: Lato, 'Helvetica Neue', helvetica, arial, sans-serif; font-size: 15px;\">c\u00e1rteles<\/strong><span style=\"color: #636363; font-family: Lato, 'Helvetica Neue', helvetica, arial, sans-serif; font-size: 15px;\">, a trav\u00e9s de su cuenta de X, tras\u00a0<\/span><span style=\"color: #636363; font-family: Lato, 'Helvetica Neue', helvetica, arial, sans-serif; font-size: 15px;\">el asesinato de Angelita Almeraz Le\u00f3n<\/span><span style=\"color: #636363; font-family: Lato, 'Helvetica Neue', helvetica, arial, sans-serif; font-size: 15px;\">, l\u00edder del Colectivo B\u00fasqueda Uni\u00f3n y Fuerza por Nuestros Desaparecidos en Tecate, Baja California.<\/span><\/h1>\n<\/header>\n<div class=\"StoryPageBody_spBody__bodyText__o0Kku\">\n<div class=\"StoryPageBody_spBody__HTMLBodyText__FEUdL\">\n<p>\u201cEl d\u00eda de hoy, como muchas veces, me atrevo a hacer este llamado, esta petici\u00f3n a los c\u00e1rteles, pedirles piedad por las madres, que no nos est\u00e9n matando porque nuestro \u00fanico pecado es amar a nuestros desaparecidos m\u00e1s que a nuestra propia vida y arriesgar nuestra vida constantemente por estar luchando por ellos\u201d, dijo Flores en un video en la red social.<\/p>\n<figure class=\"caption caption-drupal-media align-center\" role=\"group\">\n<p class=\"media media--type-n-videos media--view-mode-default\">\n<div class=\"field field--name-field-media-oembed-n-videos field--type-string field--label-hidden field__item\">\n<div class=\"EmbedPlayer_embedPlayer__nmasVideoWrapper__navAD \n\n\t\t\t\t\t\t\t\tfalse\n\t\t\t\t\t\t\t\"><\/p>\n<figure class=\"false\">\n<div>\n<div class=\"nmasVideoIcon\"><\/div>\n<\/div>\n<p><img decoding=\"async\" src=\"https:\/\/video-assets.nmas.com.mx\/1106816\/snapshot.jpg?v=1707159826\" alt=\"\" \/><\/figure>\n<\/div>\n<\/div><figcaption><strong>Video:\u00a0<\/strong>Madres Buscadoras Se\u00f1alan que su Hallazgo en Zapopan Fue Ignorado por Autoridades<\/p>\n<\/figcaption><\/figure>\n<p>La l\u00edder de las \u201cMadres Buscadoras de Sonora\u201d inform\u00f3 que recibieron la mala noticia del asesinato de<strong>\u00a0Angelita Almeraz<\/strong>, quien buscaba a su hermano Juan Jos\u00e9 desde 2018.<\/p>\n<div><\/div>\n<p>A\u00f1adi\u00f3 que colectivos de Sonora, Baja California y de todo el pa\u00eds se unen en pedir a los c\u00e1rteles \u201cque no nos desaparezcan, que no nos maten y que nos dejen seguir buscando a nuestros desaparecidos\u201d.<\/p>\n<h2>Ceci Flores hace un llamado a las autoridades<\/h2>\n<p>Ceci Flores agreg\u00f3 que la \u00fanica lucha de los colectivos de b\u00fasqueda es que las personas desaparecidas tengan paz. Pidi\u00f3 tambi\u00e9n a las autoridades que hagan investigaciones y busquen a los desaparecidos para que no sean las familias las que est\u00e1n arriesgando la vida.<\/p>\n<blockquote><p>De verdad, suplicamos piedad para que nos dejen seguir buscando a nuestros hijos, a nuestros desaparecidos porque es nuestro \u00fanico objetivo.<\/p><\/blockquote>\n<div><\/div>\n<p>Agreg\u00f3 que no buscan culpables ni justicia, solo quieren encontrar a sus desaparecidos y tener la paz que tanto buscan.<\/p>\n<p class=\"align-center media media--type-twitter media--view-mode-default\">\n<div class=\"field field--name-field-media-oembed-tw field--type-string field--label-hidden field__item\">\n<div class=\"twitter-tweet twitter-tweet-rendered\"><iframe id=\"twitter-widget-0\" class=\"\" title=\"X Post\" src=\"https:\/\/platform.twitter.com\/embed\/Tweet.html?creatorScreenName=nmas&amp;dnt=false&amp;embedId=twitter-widget-0&amp;features=eyJ0ZndfdGltZWxpbmVfbGlzdCI6eyJidWNrZXQiOltdLCJ2ZXJzaW9uIjpudWxsfSwidGZ3X2ZvbGxvd2VyX2NvdW50X3N1bnNldCI6eyJidWNrZXQiOnRydWUsInZlcnNpb24iOm51bGx9LCJ0ZndfdHdlZXRfZWRpdF9iYWNrZW5kIjp7ImJ1Y2tldCI6Im9uIiwidmVyc2lvbiI6bnVsbH0sInRmd19yZWZzcmNfc2Vzc2lvbiI6eyJidWNrZXQiOiJvbiIsInZlcnNpb24iOm51bGx9LCJ0ZndfZm9zbnJfc29mdF9pbnRlcnZlbnRpb25zX2VuYWJsZWQiOnsiYnVja2V0Ijoib24iLCJ2ZXJzaW9uIjpudWxsfSwidGZ3X21peGVkX21lZGlhXzE1ODk3Ijp7ImJ1Y2tldCI6InRyZWF0bWVudCIsInZlcnNpb24iOm51bGx9LCJ0ZndfZXhwZXJpbWVudHNfY29va2llX2V4cGlyYXRpb24iOnsiYnVja2V0IjoxMjA5NjAwLCJ2ZXJzaW9uIjpudWxsfSwidGZ3X3Nob3dfYmlyZHdhdGNoX3Bpdm90c19lbmFibGVkIjp7ImJ1Y2tldCI6Im9uIiwidmVyc2lvbiI6bnVsbH0sInRmd19kdXBsaWNhdGVfc2NyaWJlc190b19zZXR0aW5ncyI6eyJidWNrZXQiOiJvbiIsInZlcnNpb24iOm51bGx9LCJ0ZndfdXNlX3Byb2ZpbGVfaW1hZ2Vfc2hhcGVfZW5hYmxlZCI6eyJidWNrZXQiOiJvbiIsInZlcnNpb24iOm51bGx9LCJ0ZndfdmlkZW9faGxzX2R5bmFtaWNfbWFuaWZlc3RzXzE1MDgyIjp7ImJ1Y2tldCI6InRydWVfYml0cmF0ZSIsInZlcnNpb24iOm51bGx9LCJ0ZndfbGVnYWN5X3RpbWVsaW5lX3N1bnNldCI6eyJidWNrZXQiOnRydWUsInZlcnNpb24iOm51bGx9LCJ0ZndfdHdlZXRfZWRpdF9mcm9udGVuZCI6eyJidWNrZXQiOiJvbiIsInZlcnNpb24iOm51bGx9fQ%3D%3D&amp;frame=false&amp;hideCard=false&amp;hideThread=false&amp;id=1755788804118466736&amp;lang=es&amp;origin=https%3A%2F%2Fwww.nmas.com.mx%2Festados%2Fasesinato-angelita-leon-ceci-flores-pide-parar-muertes-madres-buscadoras-sonora%2F&amp;sessionId=4badd1edf9c4cfb66e602319a369225f0902af78&amp;theme=light&amp;widgetsVersion=2615f7e52b7e0%3A1702314776716&amp;width=550px\" frameborder=\"0\" scrolling=\"no\" allowfullscreen=\"allowfullscreen\" data-tweet-id=\"1755788804118466736\"><\/iframe><\/div>\n<\/div>\n<blockquote><p>C\u00e1rteles, respeten la vida de las madres buscadoras porque somos la \u00fanica oportunidad que el d\u00eda en que usted desaparezca nosotros lo vayamos a buscar porque antes de que su mam\u00e1 pida el apoyo de las autoridades va a solicitar el apoyo de las madres buscadoras.<\/p><\/blockquote>\n<p>Finalmente, Ceci Flores dijo que el matar a una madre buscadora es matar la oportunidad de que un d\u00eda \u201custedes puedan volver a casa\u201d.<\/p>\n<p>El 18 de enero pasado, Ceci Flores envi\u00f3 tambi\u00e9n un mensaje a los hombres armados que secuestraron, en Salamanca,\u00a0a la activista y buscadora Lorenza Cano,\u00a0luego de matar a su esposo e hijo.<\/p>\n<p>En un video Ceci Flores pidi\u00f3 respetar la vida de Lorenza Cano.<\/p>\n<p>https:\/\/www.nmas.com.mx\/estados\/asesinato-angelita-leon-ceci-flores-pide-parar-muertes-madres-buscadoras-sonora\/<\/p>\n<\/div>\n<\/div>\n","protected":false},"excerpt":{"rendered":"<p>Ceci Flores, l\u00edder de las &#8220;Madres Buscadoras de Sonora&#8220;, envi\u00f3 un mensaje a los\u00a0c\u00e1rteles, a trav\u00e9s de su cuenta de X, tras\u00a0el asesinato de Angelita Almeraz Le\u00f3n, l\u00edder del Colectivo &hellip; <a href=\"https:\/\/www.grieta.org.mx\/index.php\/2024\/02\/12\/ya-no-nos-maten-pide-ceci-flores-a-carteles-tras-asesinato-de-angelita-almeraz-leon\/\" class=\"more-link\">Leer m\u00e1s<\/a><\/p>\n","protected":false},"author":2,"featured_media":68490,"comment_status":"closed","ping_status":"closed","sticky":false,"template":"","format":"standard","meta":{"ngg_post_thumbnail":0,"_jetpack_newsletter_access":"","_jetpack_dont_email_post_to_subs":false,"_jetpack_newsletter_tier_id":0,"_jetpack_memberships_contains_paywalled_content":false,"_jetpack_memberships_contains_paid_content":false,"footnotes":""},"categories":[1463,2,31],"tags":[3791,2484,3018,3975],"class_list":["post-68489","post","type-post","status-publish","format-standard","has-post-thumbnail","hentry","category-desaparecidos-en-sonora","category-noticias-nacionales","category-sonora","tag-acciones-por-desaparecidos","tag-buscadoras","tag-colectivos-de-busqueda-de-desaparecidos","tag-madres-de-desaparecidos","entry"],"jetpack_featured_media_url":"https:\/\/www.grieta.org.mx\/wp-content\/uploads\/2024\/02\/gh.jpg","jetpack_sharing_enabled":true,"jetpack_shortlink":"https:\/\/wp.me\/p7ZJR4-hOF","jetpack_likes_enabled":false,"jetpack-related-posts":[{"id":64713,"url":"https:\/\/www.grieta.org.mx\/index.php\/2022\/08\/05\/temo-mas-al-gobierno-que-a-los-carteles-ceci-flores-lider-de-madres-buscadoras-de-sonora\/","url_meta":{"origin":68489,"position":0},"title":"\u201cTemo m\u00e1s al gobierno que a los c\u00e1rteles\u201d: Ceci Flores, l\u00edder de Madres Buscadoras de Sonora","author":"grieta","date":"5 agosto, 2022","format":false,"excerpt":"Latinus Ceci Flores, l\u00edder del colectivo Madres Buscadoras de Sonora, expres\u00f3 tener m\u00e1s temor del gobierno que de los c\u00e1rteles delictivos en el pa\u00eds, y asever\u00f3 \u201cque al fin de todo vienen siendo lo mismo\u201d. En sus redes sociales, la activista expres\u00f3 que las personas que defienden \u201cla raz\u00f3n\u201d en\u00a0M\u00e9xico\u00a0corren\u2026","rel":"","context":"En &quot;Desaparecidos&quot;","block_context":{"text":"Desaparecidos","link":"https:\/\/www.grieta.org.mx\/index.php\/category\/temas-nacionales\/desaparecidos\/"},"img":{"alt_text":"","src":"https:\/\/i0.wp.com\/www.grieta.org.mx\/wp-content\/uploads\/2022\/08\/ceci-flores.jpg?resize=350%2C200&ssl=1","width":350,"height":200,"srcset":"https:\/\/i0.wp.com\/www.grieta.org.mx\/wp-content\/uploads\/2022\/08\/ceci-flores.jpg?resize=350%2C200&ssl=1 1x, https:\/\/i0.wp.com\/www.grieta.org.mx\/wp-content\/uploads\/2022\/08\/ceci-flores.jpg?resize=525%2C300&ssl=1 1.5x, https:\/\/i0.wp.com\/www.grieta.org.mx\/wp-content\/uploads\/2022\/08\/ceci-flores.jpg?resize=700%2C400&ssl=1 2x, https:\/\/i0.wp.com\/www.grieta.org.mx\/wp-content\/uploads\/2022\/08\/ceci-flores.jpg?resize=1050%2C600&ssl=1 3x"},"classes":[]},{"id":60545,"url":"https:\/\/www.grieta.org.mx\/index.php\/2021\/07\/18\/usted-sigue-dejan-terrible-amenaza-a-lider-de-madres-buscadoras-de-sonora-tras-asesinato-de-aranza\/","url_meta":{"origin":68489,"position":1},"title":"&#8220;Usted sigue&#8221;: Dejan terrible amenaza a l\u00edder de Madres Buscadoras de Sonora tras asesinato de Aranza","author":"grieta","date":"18 julio, 2021","format":false,"excerpt":"Tribuna La l\u00edder de Madres Buscadoras de Sonora, Ceci Patricia Flores Armenta, denunci\u00f3 que recibi\u00f3 una amenazada de muerte a solo d\u00edas del asesinato de su compa\u00f1era de colectivo, Aranza Ramos Hermosillo Sonora.- Ceci Patricia Flores Armenta, quien es l\u00edder del colectivo\u00a0Madres Buscadoras de Sonora, denunci\u00f3 que le hab\u00edan hecho\u2026","rel":"","context":"En &quot;Desaparecidos en Sonora&quot;","block_context":{"text":"Desaparecidos en Sonora","link":"https:\/\/www.grieta.org.mx\/index.php\/category\/noticias-nacionales\/sonora\/desaparecidos-en-sonora\/"},"img":{"alt_text":"","src":"https:\/\/i0.wp.com\/www.grieta.org.mx\/wp-content\/uploads\/2021\/07\/f800x450-223287_274733_7123.jpg?resize=350%2C200&ssl=1","width":350,"height":200,"srcset":"https:\/\/i0.wp.com\/www.grieta.org.mx\/wp-content\/uploads\/2021\/07\/f800x450-223287_274733_7123.jpg?resize=350%2C200&ssl=1 1x, https:\/\/i0.wp.com\/www.grieta.org.mx\/wp-content\/uploads\/2021\/07\/f800x450-223287_274733_7123.jpg?resize=525%2C300&ssl=1 1.5x, https:\/\/i0.wp.com\/www.grieta.org.mx\/wp-content\/uploads\/2021\/07\/f800x450-223287_274733_7123.jpg?resize=700%2C400&ssl=1 2x"},"classes":[]},{"id":65443,"url":"https:\/\/www.grieta.org.mx\/index.php\/2022\/10\/07\/gobierno-de-jalisco-rechaza-a-buscadoras-por-localizar-fosas-clandestinas-jalisco-sonora\/","url_meta":{"origin":68489,"position":2},"title":"Gobierno de Jalisco rechaza a buscadoras por localizar fosas clandestinas (Jalisco, Sonora)","author":"grieta","date":"7 octubre, 2022","format":false,"excerpt":"Imagen; Lauro Rodr\u00edguez Redacci\u00f3n \/ El Diario NTR Las autoridades del estado rechazan a las Madres Buscadoras de Sonora porque les quitan el protagonismo, visibilizan las fosas clandestinas y les impiden ocultar que Jalisco es un pante\u00f3n, consider\u00f3 Ceci Flores, lideresa del colectivo sonorense. Aunque siempre hab\u00eda sido amenazada por\u2026","rel":"","context":"En &quot;CINTILLO&quot;","block_context":{"text":"CINTILLO","link":"https:\/\/www.grieta.org.mx\/index.php\/category\/cintillo\/"},"img":{"alt_text":"","src":"https:\/\/i0.wp.com\/www.grieta.org.mx\/wp-content\/uploads\/2022\/10\/2022-10-07_06-10-59___8441.jpg?resize=350%2C200&ssl=1","width":350,"height":200,"srcset":"https:\/\/i0.wp.com\/www.grieta.org.mx\/wp-content\/uploads\/2022\/10\/2022-10-07_06-10-59___8441.jpg?resize=350%2C200&ssl=1 1x, https:\/\/i0.wp.com\/www.grieta.org.mx\/wp-content\/uploads\/2022\/10\/2022-10-07_06-10-59___8441.jpg?resize=525%2C300&ssl=1 1.5x, https:\/\/i0.wp.com\/www.grieta.org.mx\/wp-content\/uploads\/2022\/10\/2022-10-07_06-10-59___8441.jpg?resize=700%2C400&ssl=1 2x"},"classes":[]},{"id":69975,"url":"https:\/\/www.grieta.org.mx\/index.php\/2024\/09\/30\/madres-buscadoras-emiten-ficha-de-busqueda-por-desaparicion-de-amlo\/","url_meta":{"origin":68489,"position":3},"title":"Madres Buscadoras emiten ficha de b\u00fasqueda por desaparici\u00f3n de AMLO","author":"grieta","date":"30 septiembre, 2024","format":false,"excerpt":"Ceci Patricia Flores Armenta, fundadora de las Madres Buscadoras de Sonora, e despidi\u00f3 del presidente con el mensaje: '...t\u00f3mese un descanso, nosotras seguiremos buscando' MVS Noticias\/Nora Bucio Ceci Flores, fundadora de las Madres Buscadoras de Sonora emiti\u00f3 una ficha de b\u00fasqueda de AMLO quien lleva 6 a\u00f1os desaparecido.Cr\u00e9ditos: Foto: X\u2026","rel":"","context":"En &quot;Desaparecidos en Sonora&quot;","block_context":{"text":"Desaparecidos en Sonora","link":"https:\/\/www.grieta.org.mx\/index.php\/category\/noticias-nacionales\/sonora\/desaparecidos-en-sonora\/"},"img":{"alt_text":"","src":"https:\/\/i0.wp.com\/www.grieta.org.mx\/wp-content\/uploads\/2024\/10\/f960x540-652122_726197_4953.jpg?resize=350%2C200&ssl=1","width":350,"height":200,"srcset":"https:\/\/i0.wp.com\/www.grieta.org.mx\/wp-content\/uploads\/2024\/10\/f960x540-652122_726197_4953.jpg?resize=350%2C200&ssl=1 1x, https:\/\/i0.wp.com\/www.grieta.org.mx\/wp-content\/uploads\/2024\/10\/f960x540-652122_726197_4953.jpg?resize=525%2C300&ssl=1 1.5x, https:\/\/i0.wp.com\/www.grieta.org.mx\/wp-content\/uploads\/2024\/10\/f960x540-652122_726197_4953.jpg?resize=700%2C400&ssl=1 2x"},"classes":[]},{"id":65446,"url":"https:\/\/www.grieta.org.mx\/index.php\/2022\/10\/07\/por-amenazas-madres-buscadoras-suspenden-busqueda-en-campo-en-jalisco\/","url_meta":{"origin":68489,"position":4},"title":"Por amenazas, Madres Buscadoras suspenden b\u00fasqueda en campo en Jalisco","author":"grieta","date":"7 octubre, 2022","format":false,"excerpt":"Imagen: Especial Lauro Rodr\u00edguez \/ El Diario NTR Tras recibir amenazas v\u00eda telef\u00f3nica, Ceci Flores Armenta, lideresa de las Madres Buscadoras de Jalisco y Sonora, suspendi\u00f3 las b\u00fasquedas que ten\u00edan contempladas en octubre. La primera de ellas planeada este fin de semana. \u201cTemporalmente quedan suspendidas las b\u00fasquedas programadas. Solamente las\u2026","rel":"","context":"En &quot;CINTILLO&quot;","block_context":{"text":"CINTILLO","link":"https:\/\/www.grieta.org.mx\/index.php\/category\/cintillo\/"},"img":{"alt_text":"","src":"https:\/\/i0.wp.com\/www.grieta.org.mx\/wp-content\/uploads\/2022\/10\/2022-10-07_11-10-34___8337.png?resize=350%2C200&ssl=1","width":350,"height":200,"srcset":"https:\/\/i0.wp.com\/www.grieta.org.mx\/wp-content\/uploads\/2022\/10\/2022-10-07_11-10-34___8337.png?resize=350%2C200&ssl=1 1x, https:\/\/i0.wp.com\/www.grieta.org.mx\/wp-content\/uploads\/2022\/10\/2022-10-07_11-10-34___8337.png?resize=525%2C300&ssl=1 1.5x, https:\/\/i0.wp.com\/www.grieta.org.mx\/wp-content\/uploads\/2022\/10\/2022-10-07_11-10-34___8337.png?resize=700%2C400&ssl=1 2x"},"classes":[]},{"id":67744,"url":"https:\/\/www.grieta.org.mx\/index.php\/2023\/09\/11\/madres-buscadoras-de-sonora-denuncian-atentado\/","url_meta":{"origin":68489,"position":5},"title":"Madres buscadoras de Sonora denuncian atentado","author":"grieta","date":"11 septiembre, 2023","format":false,"excerpt":"Imagen: Somos el Medio Cecilia Flores, Presidenta de Madres Buscadoras de Sonora y M\u00e9xico, denuncia un atentado en el sur de Hermosillo, mientras pide paz para sus almas y la oportunidad de abrazar los restos de sus hijos. Miranda Chavarr\u00eda \/ Somos el Medio Cecilia Flores, madre buscadora y Presidenta\u2026","rel":"","context":"En &quot;CINTILLO&quot;","block_context":{"text":"CINTILLO","link":"https:\/\/www.grieta.org.mx\/index.php\/category\/cintillo\/"},"img":{"alt_text":"","src":"https:\/\/i0.wp.com\/www.grieta.org.mx\/wp-content\/uploads\/2023\/09\/Captura-de-pantalla-2023-09-11-174822.png?resize=350%2C200&ssl=1","width":350,"height":200,"srcset":"https:\/\/i0.wp.com\/www.grieta.org.mx\/wp-content\/uploads\/2023\/09\/Captura-de-pantalla-2023-09-11-174822.png?resize=350%2C200&ssl=1 1x, https:\/\/i0.wp.com\/www.grieta.org.mx\/wp-content\/uploads\/2023\/09\/Captura-de-pantalla-2023-09-11-174822.png?resize=525%2C300&ssl=1 1.5x"},"classes":[]}],"_links":{"self":[{"href":"https:\/\/www.grieta.org.mx\/index.php\/wp-json\/wp\/v2\/posts\/68489","targetHints":{"allow":["GET"]}}],"collection":[{"href":"https:\/\/www.grieta.org.mx\/index.php\/wp-json\/wp\/v2\/posts"}],"about":[{"href":"https:\/\/www.grieta.org.mx\/index.php\/wp-json\/wp\/v2\/types\/post"}],"author":[{"embeddable":true,"href":"https:\/\/www.grieta.org.mx\/index.php\/wp-json\/wp\/v2\/users\/2"}],"replies":[{"embeddable":true,"href":"https:\/\/www.grieta.org.mx\/index.php\/wp-json\/wp\/v2\/comments?post=68489"}],"version-history":[{"count":1,"href":"https:\/\/www.grieta.org.mx\/index.php\/wp-json\/wp\/v2\/posts\/68489\/revisions"}],"predecessor-version":[{"id":68491,"href":"https:\/\/www.grieta.org.mx\/index.php\/wp-json\/wp\/v2\/posts\/68489\/revisions\/68491"}],"wp:featuredmedia":[{"embeddable":true,"href":"https:\/\/www.grieta.org.mx\/index.php\/wp-json\/wp\/v2\/media\/68490"}],"wp:attachment":[{"href":"https:\/\/www.grieta.org.mx\/index.php\/wp-json\/wp\/v2\/media?parent=68489"}],"wp:term":[{"taxonomy":"category","embeddable":true,"href":"https:\/\/www.grieta.org.mx\/index.php\/wp-json\/wp\/v2\/categories?post=68489"},{"taxonomy":"post_tag","embeddable":true,"href":"https:\/\/www.grieta.org.mx\/index.php\/wp-json\/wp\/v2\/tags?post=68489"}],"curies":[{"name":"wp","href":"https:\/\/api.w.org\/{rel}","templated":true}]}}