{"id":6847,"date":"2016-01-08T03:03:29","date_gmt":"2016-01-08T03:03:29","guid":{"rendered":"http:\/\/50.22.11.12\/~grietaor\/?p=6847"},"modified":"2016-03-29T03:06:20","modified_gmt":"2016-03-29T03:06:20","slug":"vecinos-de-navolato-protestan-por-contaminacion-de-via-con-aguas-negras","status":"publish","type":"post","link":"https:\/\/www.grieta.org.mx\/index.php\/2016\/01\/08\/vecinos-de-navolato-protestan-por-contaminacion-de-via-con-aguas-negras\/","title":{"rendered":"Vecinos de Navolato protestan por contaminaci\u00f3n de v\u00eda con aguas negras"},"content":{"rendered":"<p><strong>08\/01\/16. <\/strong><a href=\"http:\/\/grieta.org.mx\/index.php\/2016\/01\/08\/reclama-villa-juarez-a-alcalde-en-la-puerta\/\">Reclama Villa Ju\u00e1rez a alcalde &#8216;en la puerta&#8217;<\/a><br \/>\n<em>Viva Voz<\/em><\/p>\n<p><strong>06\/01\/16. <\/strong><a href=\"http:\/\/grieta.org.mx\/index.php\/2016\/01\/06\/incumple-japan-a-villa-juarez-permanece-estiercol-en-calles\/\">Incumple Japan a Villa Ju\u00e1rez; permanece esti\u00e9rcol en calles<\/a><br \/>\n<em>Viva Voz<\/em><\/p>\n<p><strong>06\/09\/15. <\/strong><a href=\"http:\/\/grieta.org.mx\/index.php\/2015\/09\/06\/drenaje-foco-de-infeccion-en-villa-juarez\/\">Drenaje, foco de infecci\u00f3n en Villa Ju\u00e1rez<\/a><br \/>\n<em>El Debate<\/em><\/p>\n","protected":false},"excerpt":{"rendered":"<p>08\/01\/16. Reclama Villa Ju\u00e1rez a alcalde &#8216;en la puerta&#8217; Viva Voz 06\/01\/16. Incumple Japan a Villa Ju\u00e1rez; permanece esti\u00e9rcol en calles Viva Voz 06\/09\/15. Drenaje, foco de infecci\u00f3n en Villa &hellip; <a href=\"https:\/\/www.grieta.org.mx\/index.php\/2016\/01\/08\/vecinos-de-navolato-protestan-por-contaminacion-de-via-con-aguas-negras\/\" class=\"more-link\">Leer m\u00e1s<\/a><\/p>\n","protected":false},"author":2,"featured_media":21928,"comment_status":"closed","ping_status":"open","sticky":false,"template":"","format":"standard","meta":{"ngg_post_thumbnail":0,"_jetpack_newsletter_access":"","_jetpack_dont_email_post_to_subs":false,"_jetpack_newsletter_tier_id":0,"_jetpack_memberships_contains_paywalled_content":false,"_jetpack_memberships_contains_paid_content":false,"footnotes":""},"categories":[80,2,30],"tags":[],"class_list":["post-6847","post","type-post","status-publish","format-standard","has-post-thumbnail","hentry","category-cintillo","category-noticias-nacionales","category-sinaloa","entry"],"jetpack_featured_media_url":"https:\/\/www.grieta.org.mx\/wp-content\/uploads\/2018\/03\/14524434_1106112876131411_958039263622046936_o.jpg","jetpack_sharing_enabled":true,"jetpack_shortlink":"https:\/\/wp.me\/p7ZJR4-1Mr","jetpack_likes_enabled":false,"jetpack-related-posts":[{"id":6854,"url":"https:\/\/www.grieta.org.mx\/index.php\/2016\/01\/08\/reclama-villa-juarez-a-alcalde-en-la-puerta\/","url_meta":{"origin":6847,"position":0},"title":"Reclama Villa Ju\u00e1rez a alcalde \u2018en la puerta\u2019","author":"grieta","date":"8 enero, 2016","format":false,"excerpt":"Redacci\u00f3n Viva Voz, Sinaloa. NAVOLATO. Ayer ciudadanos de Villa Ju\u00e1rez acudieron a la puerta de la Presidencia Municipal para reclamar los dos a\u00f1os de olores f\u00e9tidos por los charcos y lagunas de aguas negras en las calles de la sindicatura. Minutos antes de que el mun\u00edcipe iniciara un evento p\u00fablico\u2026","rel":"","context":"En &quot;CINTILLO&quot;","block_context":{"text":"CINTILLO","link":"https:\/\/www.grieta.org.mx\/index.php\/category\/cintillo\/"},"img":{"alt_text":"","src":"https:\/\/i0.wp.com\/www.grieta.org.mx\/wp-content\/uploads\/2018\/03\/14524434_1106112876131411_958039263622046936_o.jpg?resize=350%2C200&ssl=1","width":350,"height":200,"srcset":"https:\/\/i0.wp.com\/www.grieta.org.mx\/wp-content\/uploads\/2018\/03\/14524434_1106112876131411_958039263622046936_o.jpg?resize=350%2C200&ssl=1 1x, https:\/\/i0.wp.com\/www.grieta.org.mx\/wp-content\/uploads\/2018\/03\/14524434_1106112876131411_958039263622046936_o.jpg?resize=525%2C300&ssl=1 1.5x, https:\/\/i0.wp.com\/www.grieta.org.mx\/wp-content\/uploads\/2018\/03\/14524434_1106112876131411_958039263622046936_o.jpg?resize=700%2C400&ssl=1 2x"},"classes":[]},{"id":6848,"url":"https:\/\/www.grieta.org.mx\/index.php\/2016\/01\/06\/incumple-japan-a-villa-juarez-permanece-estiercol-en-calles\/","url_meta":{"origin":6847,"position":1},"title":"Incumple Japan a Villa Ju\u00e1rez; permanece esti\u00e9rcol en calles","author":"grieta","date":"6 enero, 2016","format":false,"excerpt":"Redacci\u00f3n Viva Voz, Sinaloa. NAVOLATO. La Junta Municipal de Agua Potable y Alcantarillado de Navolato incumpli\u00f3 a su propia promesa de desaparecer de las calles de Villa Ju\u00e1rez los charcos de esti\u00e9rcol que permanecen desde hace meses. Hasta este fin de semana las colonias que a\u00fan presentan este problema son\u2026","rel":"","context":"En &quot;CINTILLO&quot;","block_context":{"text":"CINTILLO","link":"https:\/\/www.grieta.org.mx\/index.php\/category\/cintillo\/"},"img":{"alt_text":"","src":"https:\/\/i0.wp.com\/www.grieta.org.mx\/wp-content\/uploads\/2018\/03\/14524434_1106112876131411_958039263622046936_o.jpg?resize=350%2C200&ssl=1","width":350,"height":200,"srcset":"https:\/\/i0.wp.com\/www.grieta.org.mx\/wp-content\/uploads\/2018\/03\/14524434_1106112876131411_958039263622046936_o.jpg?resize=350%2C200&ssl=1 1x, https:\/\/i0.wp.com\/www.grieta.org.mx\/wp-content\/uploads\/2018\/03\/14524434_1106112876131411_958039263622046936_o.jpg?resize=525%2C300&ssl=1 1.5x, https:\/\/i0.wp.com\/www.grieta.org.mx\/wp-content\/uploads\/2018\/03\/14524434_1106112876131411_958039263622046936_o.jpg?resize=700%2C400&ssl=1 2x"},"classes":[]},{"id":6839,"url":"https:\/\/www.grieta.org.mx\/index.php\/2015\/09\/06\/drenaje-foco-de-infeccion-en-villa-juarez\/","url_meta":{"origin":6847,"position":2},"title":"Drenaje, foco de infecci\u00f3n en Villa Ju\u00e1rez","author":"grieta","date":"6 septiembre, 2015","format":false,"excerpt":"Redaccci\u00f3n El Debate, Sinaloa. Sinaloa.- Una gran riesgo de salud est\u00e1n sufriendo los habitantes de diversas colonias en Villa Ju\u00e1rez, Navolato, debido a que el drenaje sanitario colaps\u00f3 y los desechos se regresan a las viviendas por las tazas de los ba\u00f1os; o bien, corren por las calles ante la\u2026","rel":"","context":"En &quot;CINTILLO&quot;","block_context":{"text":"CINTILLO","link":"https:\/\/www.grieta.org.mx\/index.php\/category\/cintillo\/"},"img":{"alt_text":"","src":"https:\/\/i0.wp.com\/www.grieta.org.mx\/wp-content\/uploads\/2018\/03\/14524434_1106112876131411_958039263622046936_o.jpg?resize=350%2C200&ssl=1","width":350,"height":200,"srcset":"https:\/\/i0.wp.com\/www.grieta.org.mx\/wp-content\/uploads\/2018\/03\/14524434_1106112876131411_958039263622046936_o.jpg?resize=350%2C200&ssl=1 1x, https:\/\/i0.wp.com\/www.grieta.org.mx\/wp-content\/uploads\/2018\/03\/14524434_1106112876131411_958039263622046936_o.jpg?resize=525%2C300&ssl=1 1.5x, https:\/\/i0.wp.com\/www.grieta.org.mx\/wp-content\/uploads\/2018\/03\/14524434_1106112876131411_958039263622046936_o.jpg?resize=700%2C400&ssl=1 2x"},"classes":[]},{"id":20147,"url":"https:\/\/www.grieta.org.mx\/index.php\/2016\/08\/20\/bloquean-supercarretera-trabajadores-de-invernadero-de-villa-juarez-exigen-pago-de-su-salario-slp\/","url_meta":{"origin":6847,"position":3},"title":"Bloquean supercarretera Trabajadores de invernadero de Villa Ju\u00e1rez exigen pago de su salario, SLP","author":"grieta","date":"20 agosto, 2016","format":false,"excerpt":"El Sol de San Luis Alfredo Espinosa Estrada Villa Ju\u00e1rez, San Luis Potos\u00ed.- .- Por casi una hora, unos 400 trabajadores del Invernadero Las Fincas, que se localiza en el municipio de Villa Ju\u00e1rez, bloquearon la tarde del viernes el paso de veh\u00edculos por la Supercarretera, a la altura del\u2026","rel":"","context":"En &quot;CINTILLO&quot;","block_context":{"text":"CINTILLO","link":"https:\/\/www.grieta.org.mx\/index.php\/category\/cintillo\/"},"img":{"alt_text":"","src":"https:\/\/i0.wp.com\/www.grieta.org.mx\/wp-content\/uploads\/2018\/03\/14524434_1106112876131411_958039263622046936_o.jpg?resize=350%2C200&ssl=1","width":350,"height":200,"srcset":"https:\/\/i0.wp.com\/www.grieta.org.mx\/wp-content\/uploads\/2018\/03\/14524434_1106112876131411_958039263622046936_o.jpg?resize=350%2C200&ssl=1 1x, https:\/\/i0.wp.com\/www.grieta.org.mx\/wp-content\/uploads\/2018\/03\/14524434_1106112876131411_958039263622046936_o.jpg?resize=525%2C300&ssl=1 1.5x, https:\/\/i0.wp.com\/www.grieta.org.mx\/wp-content\/uploads\/2018\/03\/14524434_1106112876131411_958039263622046936_o.jpg?resize=700%2C400&ssl=1 2x"},"classes":[]},{"id":14254,"url":"https:\/\/www.grieta.org.mx\/index.php\/2016\/08\/20\/jornaleros-en-san-luis-potosi\/","url_meta":{"origin":6847,"position":4},"title":"Jornaleros en San Luis Potos\u00ed","author":"grieta","date":"20 agosto, 2016","format":false,"excerpt":"20\/08\/16. Bloquean supercarretera Trabajadores de invernadero de Villa Ju\u00e1rez exigen pago de su salario, SLPEl Mexicano 29\/05\/16. Invernaderos del Altiplano atraen miles de jornaleros de los pueblos m\u00e1s pobres del pa\u00edsEl Sol de San Luis","rel":"","context":"En &quot;San Luis Potos\u00ed&quot;","block_context":{"text":"San Luis Potos\u00ed","link":"https:\/\/www.grieta.org.mx\/index.php\/category\/noticias-nacionales\/san-luis-potosi\/"},"img":{"alt_text":"","src":"https:\/\/i0.wp.com\/www.grieta.org.mx\/wp-content\/uploads\/2018\/03\/14524434_1106112876131411_958039263622046936_o.jpg?resize=350%2C200&ssl=1","width":350,"height":200,"srcset":"https:\/\/i0.wp.com\/www.grieta.org.mx\/wp-content\/uploads\/2018\/03\/14524434_1106112876131411_958039263622046936_o.jpg?resize=350%2C200&ssl=1 1x, https:\/\/i0.wp.com\/www.grieta.org.mx\/wp-content\/uploads\/2018\/03\/14524434_1106112876131411_958039263622046936_o.jpg?resize=525%2C300&ssl=1 1.5x, https:\/\/i0.wp.com\/www.grieta.org.mx\/wp-content\/uploads\/2018\/03\/14524434_1106112876131411_958039263622046936_o.jpg?resize=700%2C400&ssl=1 2x"},"classes":[]},{"id":4042,"url":"https:\/\/www.grieta.org.mx\/index.php\/2016\/09\/07\/feminicidios-en-chihuahua\/","url_meta":{"origin":6847,"position":5},"title":"Feminicidios en Chihuahua","author":"grieta","date":"7 septiembre, 2016","format":false,"excerpt":"01\/08\/16. A 18 a\u00f1os de la desaparici\u00f3n de joven en Cd. Ju\u00e1rez, madre realiza las investigaciones que corresponde a las autoridadesRevolucionTresPuntoCero 22\/07\/16. Chihuahua sigue siendo l\u00ecder en...feminicidiosLa Parada Digital 28\/04\/16. \u201cAy\u00fadenme, s\u00e1quenme de aqu\u00ed. Sigo viva, tengo miedo\u201d; militares los detienen y llevan 7 a\u00f1os desaparecidos Revoluci\u00f3nTresPuntoCero 11\/03\/16. Familiares de\u2026","rel":"","context":"En &quot;Chihuahua&quot;","block_context":{"text":"Chihuahua","link":"https:\/\/www.grieta.org.mx\/index.php\/category\/noticias-nacionales\/chihuahua\/"},"img":{"alt_text":"","src":"https:\/\/i0.wp.com\/www.grieta.org.mx\/wp-content\/uploads\/2018\/03\/14524434_1106112876131411_958039263622046936_o.jpg?resize=350%2C200&ssl=1","width":350,"height":200,"srcset":"https:\/\/i0.wp.com\/www.grieta.org.mx\/wp-content\/uploads\/2018\/03\/14524434_1106112876131411_958039263622046936_o.jpg?resize=350%2C200&ssl=1 1x, https:\/\/i0.wp.com\/www.grieta.org.mx\/wp-content\/uploads\/2018\/03\/14524434_1106112876131411_958039263622046936_o.jpg?resize=525%2C300&ssl=1 1.5x, https:\/\/i0.wp.com\/www.grieta.org.mx\/wp-content\/uploads\/2018\/03\/14524434_1106112876131411_958039263622046936_o.jpg?resize=700%2C400&ssl=1 2x"},"classes":[]}],"_links":{"self":[{"href":"https:\/\/www.grieta.org.mx\/index.php\/wp-json\/wp\/v2\/posts\/6847","targetHints":{"allow":["GET"]}}],"collection":[{"href":"https:\/\/www.grieta.org.mx\/index.php\/wp-json\/wp\/v2\/posts"}],"about":[{"href":"https:\/\/www.grieta.org.mx\/index.php\/wp-json\/wp\/v2\/types\/post"}],"author":[{"embeddable":true,"href":"https:\/\/www.grieta.org.mx\/index.php\/wp-json\/wp\/v2\/users\/2"}],"replies":[{"embeddable":true,"href":"https:\/\/www.grieta.org.mx\/index.php\/wp-json\/wp\/v2\/comments?post=6847"}],"version-history":[{"count":1,"href":"https:\/\/www.grieta.org.mx\/index.php\/wp-json\/wp\/v2\/posts\/6847\/revisions"}],"predecessor-version":[{"id":6859,"href":"https:\/\/www.grieta.org.mx\/index.php\/wp-json\/wp\/v2\/posts\/6847\/revisions\/6859"}],"wp:featuredmedia":[{"embeddable":true,"href":"https:\/\/www.grieta.org.mx\/index.php\/wp-json\/wp\/v2\/media\/21928"}],"wp:attachment":[{"href":"https:\/\/www.grieta.org.mx\/index.php\/wp-json\/wp\/v2\/media?parent=6847"}],"wp:term":[{"taxonomy":"category","embeddable":true,"href":"https:\/\/www.grieta.org.mx\/index.php\/wp-json\/wp\/v2\/categories?post=6847"},{"taxonomy":"post_tag","embeddable":true,"href":"https:\/\/www.grieta.org.mx\/index.php\/wp-json\/wp\/v2\/tags?post=6847"}],"curies":[{"name":"wp","href":"https:\/\/api.w.org\/{rel}","templated":true}]}}