{"id":6846,"date":"2015-10-19T03:01:18","date_gmt":"2015-10-19T03:01:18","guid":{"rendered":"http:\/\/50.22.11.12\/~grietaor\/?p=6846"},"modified":"2016-03-30T12:31:37","modified_gmt":"2016-03-30T12:31:37","slug":"la-impunidad-que-no-termina-un-ano-del-asesinato-de-ricardo-esparza","status":"publish","type":"post","link":"https:\/\/www.grieta.org.mx\/index.php\/2015\/10\/19\/la-impunidad-que-no-termina-un-ano-del-asesinato-de-ricardo-esparza\/","title":{"rendered":"La impunidad que no termina: un a\u00f1o del asesinato de Ricardo Esparza"},"content":{"rendered":"<p>Dalia Souza<\/p>\n<p>19 de octubre 2015.- \u201cJusticia\u2026 justicia ser\u00eda que mi hijo estuviera conmigo\u201d, expres\u00f3 la madre de Ricardo de Jes\u00fas Esparza Villegas, a quien hace un a\u00f1o a le arrebataron la vida. Su cuerpo fue encontrado en el callej\u00f3n Pe\u00f1a Grande dentro del terreno marcado con el n\u00famero 28 en la ciudad de Guanajuato, despu\u00e9s de que polic\u00edas estatales le detuvieran de manera arbitraria.<\/p>\n<p>Ricardo era estudiante del noveno semestre de la licenciatura en Ingenier\u00eda en Mecatr\u00f3nica en el Centro Universitario de los Lagos (CULagos) de la Universidad de Guadalajara (UdeG), en Lagos de Moreno; Jalisco. Todo sucedi\u00f3 el fin de semana del 18 y 19 de octubre de 2014 dentro de la coyuntura del Festival Internacional Cervantino en Guanajuato, cuando Ricardo junto con varios estudiantes del CULagos, salieron en una excursi\u00f3n con destino a este festival cultural.<\/p>\n<p>Horas m\u00e1s tarde de su llegada a la ciudad, mientras \u00e9l y dos de sus amigos descansaban en una fuente en la Plaza del Ropero, un par de polic\u00edas estatales (as\u00ed lo corroborar\u00eda la Procuradur\u00eda de Derechos Humanos de Guanajuato) llegaron al lugar y los detuvieron para hacer: \u201cuna revisi\u00f3n de rutina\u201d. Ricardo que hab\u00eda ido al ba\u00f1o no se percat\u00f3 de ello hasta que regres\u00f3 y vio lo que le suced\u00eda a sus amigos. \u00c9l opt\u00f3 por retirarse del lugar sin generar conflictos, sin embargo, su \u00fanico error fue decir al aire \u201cmejor v\u00e1monos, ya se van a poner perros\u201d. Acto seguido los elementos de seguridad estatal le sometieron -aseguraron los testigos- y se lo llevaron al callej\u00f3n que est\u00e1 a un costado del estacionamiento del Hinojo, sin permitir que sus amigos pudieran llegar a \u00e9l. Ah\u00ed fue la \u00faltima vez que se le vio con vida.<\/p>\n<p>Las declaraciones oficiales aseveran que Ricardo hab\u00eda orinado en v\u00eda p\u00fablica y que por esa raz\u00f3n se lo llevaron, par que \u201cpidiera disculpas\u201d al due\u00f1o de la finca donde lo hab\u00eda hecho. No obstante, una persona que se encontraba en el sitio, declar\u00f3 que hab\u00eda sido testigo de c\u00f3mo los polic\u00edas lo estaban extorsionando en el callej\u00f3n e incluso, asegur\u00f3 que pudo ver que Ricardo hab\u00eda hecho una llamada telef\u00f3nica desde su celular pidi\u00e9ndole a \u201calguien\u201d dinero.<\/p>\n<p>A un a\u00f1o de esta tragedia, para la familia de Ricardo no hay consuelo, ya que les arrebataron a un hijo, a un hermano, a un novio y hasta hace unos meses a un padre, pues Ricardo es ahora pap\u00e1 de un peque\u00f1o hijo. Para su familia no hay justicia pues la investigaci\u00f3n en torno a su muerte se ha mantenido intacta, no hay nada m\u00e1s all\u00e1 de la obtenci\u00f3n de la s\u00e1bana de llamadas del celular de Ricardo con lo cual se podr\u00e1 saber las \u00faltimas llamadas que \u00e9l realiz\u00f3 el d\u00eda de su muerte. Esta s\u00e1bana que les otorg\u00f3 la Procuradur\u00eda General de Justicia de Guanajuato se obtuvo casi un a\u00f1o despu\u00e9s siendo que \u00e9sta ser\u00e1 vital para conocer si, en efecto, Ricardo llam\u00f3 para responder a la extorsi\u00f3n de la que estaba siendo objeto de parte de los polic\u00edas de Guanajuato.<\/p>\n<p>Tanto el gobierno de Guanajuato, como el de Jalisco, la propia UdeG, as\u00ed como las organizaciones estudiantiles como la Federaci\u00f3n de Estudiantes Universitarios (FEU) que en primer momento estuvieron \u201cal tanto\u201d y \u201cpugnando\u201d para que se esclareciera su muerte, han demostrado con el paso de los meses que sus promesas han sido falsas y sus acciones son lentas y escasas.<\/p>\n<p>1<\/p>\n<p>Las promesas que nunca se cumplieron<\/p>\n<p>Tras la muerte de \u201cRichard\u201d -como le nombran aquellos que lo quieren aun en la distancia-, los gobiernos del estado de Guanajuato y de Jalisco, as\u00ed como la Universidad de Guadalajara (casa de estudios del joven) y las organizaciones de estudiantes que de ella se desprenden, estuvieron activamente coadyuvando en la investigaci\u00f3n del caso aunque con el tiempo se deslindaron, se volvieron omisas e indiferentes.<\/p>\n<p>Durante los primeros momentos, cuando se pens\u00f3 que hab\u00edan sido polic\u00edas municipales los que se lo hab\u00eda llevado, las autoridades guanajuatenses emitieron distintas declaraciones en las que presum\u00edan un dejo de justicia y apoyo a la familia para el esclarecimiento de la muerte de Ricardo pero que de apoco se esfumar\u00edan, tales como las del ahora ex Presidente Municipal de Guanajuato (2012-2015), Luis Fernando Guti\u00e9rrez M\u00e1rquez, quien aseguraba que todo estaba en manos del Ministerio P\u00fablico y que buscar\u00edan el esclarecimiento del caso: \u201cTodo est\u00e1 en manos del Ministerio P\u00fablico y nosotros no quisi\u00e9ramos dar una declaraci\u00f3n al respecto porque le corresponde a ellos. Lo que nos queda por hacer es apoyar en las investigaciones\u201d.<\/p>\n<p>Comenzar\u00eda tambi\u00e9n el deslinde de responsabilidades, pues durante la primera rueda de prensa en Guanajuato, el 21 de octubre 2014, ser\u00eda tambi\u00e9n el alcalde Guti\u00e9rrez M\u00e1rquez quien desvincular\u00eda a sus cuerpos de seguridad, advirtiendo que no exist\u00eda reporte de que elementos de la Polic\u00eda Preventiva hubiesen detenido a Ricardo, seg\u00fan se precis\u00f3 \u201cen base a una investigaci\u00f3n que realiz\u00f3 la Direcci\u00f3n General de Seguridad Ciudadana\u201d.<\/p>\n<p>Incluso, en su momento se intent\u00f3 criminalizar la causa de su muerte y hasta minimizarla presumiendo que hab\u00eda sido una \u201cca\u00edda\u201d ya que se encontraba realizando \u201cparkour\u201d.<\/p>\n<p>Es importante precisar que Ricardo no conoc\u00eda la ciudad, ya que era la primera vez que la visitaba. Es decir, resulta poco veros\u00edmil que en lugar de regresar al punto donde se encontraban sus amigos despu\u00e9s de la detenci\u00f3n (suponiendo que se le haya dejado en libertad) y lo que ello supone: miedo e incertidumbre sumada la preocupaci\u00f3n, hubiese decidido ir a realizar cualquier otra actividad.<\/p>\n<p>D\u00edas m\u00e1s tarde grupos estudiantiles de la Universidad de Guanajuato y de la UdeG llevaron a cabo una gran manifestaci\u00f3n en la que exigieron al gobierno guanajuatense justicia y esclarecimiento por la muerte de Ricardo. El contingente estuvo conformado por nueve camiones provenientes de Ocotl\u00e1n, Lagos de Moreno y Guadalajara, adem\u00e1s de 50 veh\u00edculos particulares de la Federaci\u00f3n de Estudiantes Universitarios. Aquel d\u00eda Jos\u00e9 Alberto Galarza, presidente de la FEU, y Mauricio Pi\u00f1\u00f3n Maldonado, representante de estudiantes del CULagos, entablaron el di\u00e1logo con el subprocurador de Justicia de Guanajuato, Ren\u00e9 Urrutia De la Vega, y el Secretario de Gobierno, Antonio Salvador Garc\u00eda, quienes ante la exigencia de la comunidad universitaria hablaron de la probable \u201cincorporaci\u00f3n de una comisi\u00f3n de investigaci\u00f3n en el estado de Guanajuato\u201d, esto si los familiares de Ricardo y sus representantes legales no confiaban en el trabajo de transparencia y procuraci\u00f3n de justicia de las autoridades guanajuatenses.<\/p>\n<p>En el mismo sentido y con insistencia se mencion\u00f3 sobre la importancia de que se coadyuvara a la localizaci\u00f3n de los testigos presenciales para que ellos declarasen a la brevedad. A pesar de ello s\u00f3lo tres lo han hecho y de acuerdo con la familia todas las versiones parecer ser el espejo de una sola versi\u00f3n oficial que adem\u00e1s presenta inconsistencias, las cuales a\u00fan no han sido aclaradas por nadie y de las que nadie quiere hacer ning\u00fan comentario, pese a que se propusiera de parte de la FEU, la creaci\u00f3n de una \u201cCoordinaci\u00f3n de Acompa\u00f1amiento a V\u00edctimas\u201d donde presuntamente estar\u00eda integrado el caso de Ricardo. De esta coordinaci\u00f3n la familia nada ha sabido.<\/p>\n<p>Se anunci\u00f3 tambi\u00e9n la formaci\u00f3n de una comisi\u00f3n integrada por el abogado general de la universidad y autoridades universitarias, tal y como lo declar\u00f3 el Rector General de la UdeG, Itzc\u00f3atl Tonatiuh Bravo Padilla: \u201cesta Casa de Estudio quiere conocer, de manera directa, las pruebas periciales que ellos (la Procuradur\u00eda de Guanajuato) han presentado, con el prop\u00f3sito de que la comunidad universitaria est\u00e9 informada de lo que ocurri\u00f3\u201d (27 de octubre 2014).<\/p>\n<p>Al respecto, el abogado General de la UdeG, Francisco Javier Pe\u00f1a Razo, declar\u00f3 que a un a\u00f1o de la muerte de Ricardo la investigaci\u00f3n est\u00e1 cerrada debido a que tanto las necropsias realizadas en Guanajuato como en Jalisco determinaron y coincidieron en que la causa del deceso hab\u00eda sido \u201ctraumatismo craneoencef\u00e1lico y obstrucci\u00f3n de las v\u00edas respiratorias\u201d. Sin embargo, opuesto al dicho de esta autoridad, para la familia la investigaci\u00f3n sigue abierta mientras no se esclarezca c\u00f3mo es que Ricardo lleg\u00f3 a la barda de ese patio despu\u00e9s de que los polic\u00edas lo detuvieron, ya que es importante aclarar qui\u00e9nes fueron los que le arrebataron la vida, pues para la familia de Ricardo es claro que \u00e9ste no pudo llegar s\u00f3lo al lugar de los hechos.<\/p>\n<p>La promesa que har\u00eda a la familia de Ricardo, el rector general, Tonatiuh Bravo Padilla, sobre la facilitaci\u00f3n de un abogado en la ciudad de Guanajuato para que coadyuvara en la investigaci\u00f3n no s\u00f3lo fue incumplida sino que \u00e9sta se condicion\u00f3, tal y como aseguran los familiares, pues les advirtieron que de entrar otro abogado al caso se eliminar\u00eda la asesor\u00eda que se estaba otorgando de la UdeG. Tambi\u00e9n fue echada al vac\u00edo la propuesta que les hizo el Rector del Centro Universitario de los Lagos, Armando Zacar\u00edas, sobre la facilitaci\u00f3n de los testigos, sus declaraciones y el listado de los estudiantes que asistieron aquel d\u00eda al Festival Cervantino y a un a\u00f1o nada de lo anterior ha sucedido. En lo que concierne al papel desempe\u00f1ado por el gobierno de Jalisco y por el abogado que fue designado por el gobernador, Arist\u00f3teles Sandoval, \u00e9ste s\u00f3lo ha sido un mediador entre las entidades y nunca un verdadero coadyuvante como se prometi\u00f3.<\/p>\n<p>2<\/p>\n<p>Ricardo: la siembra de un cuerpo<\/p>\n<p>Quienes aman a Ricardo en presente saben que la escena de su muerte es un montaje. Para ellos, su cuerpo fue sembrado al igual que las pruebas que intentan decir que \u00e9l simplemente se cay\u00f3 mientras bajaba la barda de una casa. El cuerpo sin vida de Ricardo fue localizado el domingo 19 de octubre de 2014 en el n\u00famero 28 del callej\u00f3n Pe\u00f1a Grande en la ciudad de Guanajuato.<\/p>\n<p>De acuerdo con la hip\u00f3tesis de la Procuradur\u00eda General de Justicia del Estado de Guanajuato, Ricardo muri\u00f3 por una ca\u00edda mientras intentaba bajar por la parte posterior de la fachada de esta casa desde la azotea. Aseguran que quiso descender agarrado de un tubo de cobre que corr\u00eda hacia un boiler \u00e9ste al no sostener el peso de Ricardo se venci\u00f3 o provoc\u00e1ndole la ca\u00edda que deriv\u00f3 en su muerte.<\/p>\n<p>Algunos de los argumentos para sostener esta hip\u00f3tesis son:<\/p>\n<p>1.-Que en una de sus manos se encontr\u00f3 una ligera coloraci\u00f3n verde proveniente dijeron del tubo por el que se desliz\u00f3.<\/p>\n<p>2.- La abolladura en el boiler, que seg\u00fan precisaron se gener\u00f3 por el impacto que tuvo Ricardo al instante de la ca\u00edda.<\/p>\n<p>3.- La fibra roja o rastros de la tela de su camisa en el boiler.<\/p>\n<p>Los m\u00e9dicos forenses sostuvieron que la causa de muerte de Ricardo fue traumatismo craneoencef\u00e1lico, de acuerdo con los resultados de la primera necropsia realizada, adem\u00e1s de que con \u00e9sta, dedujeron que la muerte \u201caconteci\u00f3 en el lugar donde se localiz\u00f3 su cuerpo\u201d. Este dicho es el que se present\u00f3 frente a la voz p\u00fablica en la ciudad de Guanajuato y hasta el momento ha sido la versi\u00f3n oficial fehaciente. Sin embargo, existe una segunda necropsia realizada por el Instituto Jalisciense de Ciencias Forenses y por la que se pugn\u00f3 insistentemente a\u00fan con las negativas del equipo jur\u00eddico responsable del caso en Jalisco.<\/p>\n<p>En ella, aunque Jalisco coincide con la causa de muerte planteada por las autoridades guanajuatense se evidenciaron por lo menos 30 puntos omitidos en el examen m\u00e9dico forense de Guanajuato, as\u00ed lo advierte la familia de Ricardo, quienes se\u00f1alaron que entre ellas estaban rasgu\u00f1os en sus mu\u00f1ecas, golpes en la entrepierna, costillas y en su cara, una fractura de nariz que -a decir de su familia- tuvo que provocarle un gran sangrado, el cual en ning\u00fan no fue evidente ni en el lugar donde se le encontr\u00f3, as\u00ed como tampoco hubo manchas en su pantal\u00f3n, camisa o zapatos. Para la familia la muerte se gener\u00f3 por algo m\u00e1s que por la ca\u00edda.<\/p>\n<p>No obstante, se\u00f1alan que el peritaje realizado en Guanajuato manifiesta que Ricardo todav\u00eda cay\u00f3 con una de sus rodillas y que al recibir la presi\u00f3n del impacto esto fue lo que ocasion\u00f3 el traumatismo y posteriormente su muerte. De manera sorprendente, la rodilla de Ricardo no result\u00f3 fracturada, ni lastimada y mucho menos herida.<\/p>\n<p>3<\/p>\n<p>La simulaci\u00f3n de las autoridades<\/p>\n<p>Una simulaci\u00f3n, un ejercicio ficticio de lo que a un a\u00f1o continua siendo la \u201cverdad\u201d oficial. Tres videos que prometieron esclarecer\u00edan los trayectos y caminos andados por Ricardo en la ciudad de Guanajuato entre la noche del 18 y la madrugada del 19 de octubre de 2014. 64 c\u00e1maras del programa Escudo del gobierno estatal revisadas, 768 horas de grabaci\u00f3n y con ellas la gran pregunta a\u00fan no resuelta \u00bfPor qu\u00e9, qui\u00e9n y c\u00f3mo lleg\u00f3 Ricardo hasta el lugar donde estaba su cuerpo?<\/p>\n<p>Sin respuestas y sin verdad. La familia de Ricardo, asegura que de los tres videos presentados s\u00f3lo en uno aparece: en el primero donde se encuentra el estacionamiento y d\u00f3nde lo retienen los polic\u00edas, en el segundo donde Ricardo aparece \u201chablando por tel\u00e9fono\u201d, como lo advierte la autoridad, la familia se\u00f1ala que es evidente que Ricardo no es el de la imagen pues la forma en la que lleva las mangas de su camisa, es decir, sin doblar, deslizadas hasta sus pu\u00f1os no es siquiera semejante a como \u00e9l las ten\u00eda cuando fue encontrado sin vida, arremangada a tres cuartos, y el tercero que ya fue eliminado de la red, estaba grabado en blanco y negro lo que dificulta el que pueda afirmarse o no que es \u00e9l.<\/p>\n<p>Los videos para la familia son la prueba de la simulaci\u00f3n y el encubrimiento de las autoridades.<\/p>\n<p>4<\/p>\n<p>Una ejecuci\u00f3n extrajudicial producto de una detenci\u00f3n arbitraria<\/p>\n<p>\u00bfC\u00f3mo explicar este crimen? \u00bfC\u00f3mo alguien puede aparecer sin vida en un patio, de una casa, en un estado donde se presume plena seguridad, y tras la detenci\u00f3n de unos polic\u00edas? La respuesta es simplemente la prueba de lo sucedido: una ejecuci\u00f3n extrajudicial. As\u00ed lo denunci\u00f3 el \u201cReporte de Pr\u00e1cticas en Derechos Humanos en 2014? del Departamento de Estado de Estados Unidos que adem\u00e1s de nombrar los casos de Tlatlaya y Ayotzinapa anuncia la muerte de Ricardo de Jes\u00fas Esparza Villegas: \u201cM\u00e9xico tiene significativos problemas relacionados con los derechos humanos, incluidos participaci\u00f3n de polic\u00edas y militares en serios abusos como ejecuciones extrajudiciales, tortura, desapariciones y abuso f\u00edsico. La impunidad y la corrupci\u00f3n siguen siendo serios problemas, particularmente a niveles del Estado y locales, en las fuerzas de seguridad y en el Poder Judicial. El crimen organizado perpet\u00faa altos niveles de secuestro y violencia contra periodistas y otras personas, lo que limita la libertad de expresi\u00f3n\u201d.<\/p>\n<p>En Guanajuato, los elementos de seguridad son los que m\u00e1s quejas acumulan ante la Procuradur\u00eda de Derechos Humanos, as\u00ed lo reconoci\u00f3 el vocero de esta instituci\u00f3n, Jos\u00e9 Luis P\u00e9rez. Detenciones arbitrarias y faltas a los derechos humanos son mayormente cometidas por los polic\u00edas municipales.<\/p>\n<p>De acuerdo con el Informe de actividades enero-diciembre 2014 de la Procuradur\u00eda de Derechos Humanos en Guanajuato, hubo 156 quejas por detenciones arbitrarias en el estado respecto al 2013 donde se presentaron 164, es decir apenas una disminuci\u00f3n del 4.88% en dos a\u00f1os y 51 expedientes abiertos por el mismo delito, adem\u00e1s, la mayor\u00eda de \u00e9stas son atribuidas a autoridades de seguridad p\u00fablica municipal (341 quejas). Respecto a casos de tortura, Guanajuato concentra 21 expedientes, 20 de ellos son hacia agentes de la polic\u00eda ministerial. Mientras que 282 recomendaciones fueron emitidas a autoridades estatales.<\/p>\n<p>Aunque las estad\u00edsticas parecen representar un patr\u00f3n com\u00fan en las pr\u00e1cticas que los elementos de seguridad ejercen en contra de los civiles, la muerte de Ricardo en Guanajuato no se investiga ni como una detenci\u00f3n arbitraria y, mucho menos, como ejecuci\u00f3n extrajudicial. Pese al informe de las autoridades norteamericanas, las autoridades locales descartaron su dicho porque para ellos no hay otra verdad que no sea la suya.<\/p>\n<p>Por su parte, la Procuradur\u00eda de Derechos Humanos en Guanajuato mantuvo el caso de Ricardo hasta mayo o junio de 2015 bajo el expediente 273\/14 A para posteriormente turnarlo a la Comisi\u00f3n Nacional de Derechos Humanos (CNHD). De ello, s\u00f3lo se desprende que quienes le detuvieron en el primer momento fueron dos polic\u00edas que portaban las siglas en su uniforme: Fuerzas de Seguridad P\u00fablica del Estado (FSPE) y que por ende fueron agentes estatales. La CNDH se neg\u00f3 a compartir informaci\u00f3n sobre el caso argumentando que era un expediente particular.<\/p>\n<p>5<\/p>\n<p>Familia de Ricardo clama justicia<\/p>\n<p>Ya ha pasado un a\u00f1o de la muerte de Ricardo y la justicia parece distante. Para su familia, las irregularidades van desde los testigos que no han declarado o que lo han hecho con inconsistencias, hasta el encubrimiento de las autoridades, omisi\u00f3n o descarte de pruebas relevantes para el avance de la investigaci\u00f3n en manos de los abogados, irregularidades en los peritajes y necropsias de ambos estados. Todo esto, para la familia, lo \u00fanico que ha generado es impunidad.<\/p>\n<p>Pero la lucha a\u00fan no ha terminado, la necesidad de justicia que siente su familia parte del gran amor que sus hermanas, su mam\u00e1, su novia y ahora su peque\u00f1o hijo (vivo reflejo de su mirada), requieren para seguir existiendo, para seguir d\u00e1ndole al mundo lo que \u00e9l le dio: un ser humano harto de las injusticias, en contra de cualquier impunidad y fuerte en la verdad.<\/p>\n<p>Por esta raz\u00f3n realizan las siguientes peticiones:<\/p>\n<p>Que se esclarezca la muerte de Ricardo<\/p>\n<p>Que las autoridades involucradas en el caso coadyuven para que se detenga a los responsables<\/p>\n<p>Que declaren los testigos que a\u00fan no declaran y que se deje de protegerles<\/p>\n<p>Que sea entregado el listado de los estudiantes que asistieron al Festival Cervantino aquel 18 de octubre de 2014.<\/p>\n<p>Que se revisen las irregularidades en los peritajes y que trasciendan en resultados.<\/p>\n<p>Que la sociedad no olvide<\/p>\n<p>Para ellos no existe explicaci\u00f3n evidente, y la pregunta permanece sin ser resuelta \u00bfc\u00f3mo Ricardo lleg\u00f3 al n\u00famero 28 del callej\u00f3n Pe\u00f1a Grande? \u00bfQui\u00e9n lo llev\u00f3 ah\u00ed y por qu\u00e9 razones?<\/p>\n<p><a href=\"http:\/\/www.proyectodiez.mx\/la-impunidad-que-no-termina-un-ano-del-asesinato-de-estudiante-de-la-udeg\/\" target=\"_blank\">www.proyectodiez.mx\/la-impunidad-que-no-termina-un-ano-del-asesinato-de-estudiante-de-la-udeg\/<\/a><\/p>\n","protected":false},"excerpt":{"rendered":"<p>Dalia Souza 19 de octubre 2015.- \u201cJusticia\u2026 justicia ser\u00eda que mi hijo estuviera conmigo\u201d, expres\u00f3 la madre de Ricardo de Jes\u00fas Esparza Villegas, a quien hace un a\u00f1o a le &hellip; <a href=\"https:\/\/www.grieta.org.mx\/index.php\/2015\/10\/19\/la-impunidad-que-no-termina-un-ano-del-asesinato-de-ricardo-esparza\/\" class=\"more-link\">Leer m\u00e1s<\/a><\/p>\n","protected":false},"author":2,"featured_media":21928,"comment_status":"closed","ping_status":"open","sticky":false,"template":"","format":"standard","meta":{"ngg_post_thumbnail":0,"_jetpack_newsletter_access":"","_jetpack_dont_email_post_to_subs":false,"_jetpack_newsletter_tier_id":0,"_jetpack_memberships_contains_paywalled_content":false,"_jetpack_memberships_contains_paid_content":false,"footnotes":""},"categories":[80],"tags":[],"class_list":["post-6846","post","type-post","status-publish","format-standard","has-post-thumbnail","hentry","category-cintillo","entry"],"jetpack_featured_media_url":"https:\/\/www.grieta.org.mx\/wp-content\/uploads\/2018\/03\/14524434_1106112876131411_958039263622046936_o.jpg","jetpack_sharing_enabled":true,"jetpack_shortlink":"https:\/\/wp.me\/p7ZJR4-1Mq","jetpack_likes_enabled":false,"jetpack-related-posts":[{"id":7787,"url":"https:\/\/www.grieta.org.mx\/index.php\/2014\/10\/23\/ovenes-de-jalisco-y-guanajuato-se-manifiestan-para-exigir-justicia-por-el-asesinato-de-ricardo-esparza\/","url_meta":{"origin":6846,"position":0},"title":"J\u00f3venes de Jalisco y Guanajuato se manifiestan para exigir justicia por el asesinato de Ricardo Esparza","author":"grieta","date":"23 octubre, 2014","format":false,"excerpt":"Carlos Garc\u00eda y Juan Carlos G. Partida Guanajuato, Gto., 23 de octubre. \u201c\u00a1No muri\u00f3, lo mataron!\u201d, gritaron unos mil 300 estudiantes de la Universidad de Guadalajara (UdeG) y de la Universidad de Guanajuato que marcharon por esta ciudad, sede del Festival Internacional Cervantino (FIC), para exigir al gobierno del estado\u2026","rel":"","context":"En &quot;CINTILLO&quot;","block_context":{"text":"CINTILLO","link":"https:\/\/www.grieta.org.mx\/index.php\/category\/cintillo\/"},"img":{"alt_text":"","src":"https:\/\/i0.wp.com\/www.grieta.org.mx\/wp-content\/uploads\/2018\/03\/14524434_1106112876131411_958039263622046936_o.jpg?resize=350%2C200&ssl=1","width":350,"height":200,"srcset":"https:\/\/i0.wp.com\/www.grieta.org.mx\/wp-content\/uploads\/2018\/03\/14524434_1106112876131411_958039263622046936_o.jpg?resize=350%2C200&ssl=1 1x, https:\/\/i0.wp.com\/www.grieta.org.mx\/wp-content\/uploads\/2018\/03\/14524434_1106112876131411_958039263622046936_o.jpg?resize=525%2C300&ssl=1 1.5x, https:\/\/i0.wp.com\/www.grieta.org.mx\/wp-content\/uploads\/2018\/03\/14524434_1106112876131411_958039263622046936_o.jpg?resize=700%2C400&ssl=1 2x"},"classes":[]},{"id":6878,"url":"https:\/\/www.grieta.org.mx\/index.php\/2014\/10\/24\/jovenes-de-jalisco-y-guanajuato-se-manifiestan-para-exigir-justicia-por-el-asesinato-de-ricardo-esparza\/","url_meta":{"origin":6846,"position":1},"title":"J\u00f3venes de Jalisco y Guanajuato se manifiestan para exigir justicia por el asesinato de Ricardo Esparza","author":"grieta","date":"24 octubre, 2014","format":false,"excerpt":"Carlos Garc\u00eda y Juan Carlos G. Partida, Guanajuato, Gto. \u201c\u00a1No muri\u00f3, lo mataron!\u201d, gritaron unos mil 300 estudiantes de la Universidad de Guadalajara (UdeG) y de la Universidad de Guanajuato que marcharon por esta ciudad, sede del Festival Internacional Cervantino (FIC), para exigir al gobierno del estado que esclarezca la\u2026","rel":"","context":"En &quot;CINTILLO&quot;","block_context":{"text":"CINTILLO","link":"https:\/\/www.grieta.org.mx\/index.php\/category\/cintillo\/"},"img":{"alt_text":"","src":"https:\/\/i0.wp.com\/www.grieta.org.mx\/wp-content\/uploads\/2018\/03\/14524434_1106112876131411_958039263622046936_o.jpg?resize=350%2C200&ssl=1","width":350,"height":200,"srcset":"https:\/\/i0.wp.com\/www.grieta.org.mx\/wp-content\/uploads\/2018\/03\/14524434_1106112876131411_958039263622046936_o.jpg?resize=350%2C200&ssl=1 1x, https:\/\/i0.wp.com\/www.grieta.org.mx\/wp-content\/uploads\/2018\/03\/14524434_1106112876131411_958039263622046936_o.jpg?resize=525%2C300&ssl=1 1.5x, https:\/\/i0.wp.com\/www.grieta.org.mx\/wp-content\/uploads\/2018\/03\/14524434_1106112876131411_958039263622046936_o.jpg?resize=700%2C400&ssl=1 2x"},"classes":[]},{"id":7777,"url":"https:\/\/www.grieta.org.mx\/index.php\/2015\/10\/19\/exigen-justicia-a-un-ano-del-asesinato-de-ricardo-esparza-en-guanajuato-2\/","url_meta":{"origin":6846,"position":2},"title":"Exigen justicia a un a\u00f1o del asesinato de Ricardo Esparza en Guanajuato","author":"grieta","date":"19 octubre, 2015","format":false,"excerpt":"Alejandra Guill\u00e9n El gobierno de Guanajuato tambi\u00e9n tiene una \u201cverdad hist\u00f3rica\u201d que desea imponer sobre la muerte de Ricardo Esparza Villegas, la cual se tambalea cuando su hermana Eunice acusa con la quijada apretada: \u201ca mi hermano lo mataron los polic\u00edas\u201d. Este lunes 19 de octubre se cumple un a\u00f1o\u2026","rel":"","context":"En &quot;CINTILLO&quot;","block_context":{"text":"CINTILLO","link":"https:\/\/www.grieta.org.mx\/index.php\/category\/cintillo\/"},"img":{"alt_text":"","src":"https:\/\/i0.wp.com\/www.grieta.org.mx\/wp-content\/uploads\/2018\/03\/14524434_1106112876131411_958039263622046936_o.jpg?resize=350%2C200&ssl=1","width":350,"height":200,"srcset":"https:\/\/i0.wp.com\/www.grieta.org.mx\/wp-content\/uploads\/2018\/03\/14524434_1106112876131411_958039263622046936_o.jpg?resize=350%2C200&ssl=1 1x, https:\/\/i0.wp.com\/www.grieta.org.mx\/wp-content\/uploads\/2018\/03\/14524434_1106112876131411_958039263622046936_o.jpg?resize=525%2C300&ssl=1 1.5x, https:\/\/i0.wp.com\/www.grieta.org.mx\/wp-content\/uploads\/2018\/03\/14524434_1106112876131411_958039263622046936_o.jpg?resize=700%2C400&ssl=1 2x"},"classes":[]},{"id":6863,"url":"https:\/\/www.grieta.org.mx\/index.php\/2015\/11\/19\/exigen-justicia-a-un-ano-del-asesinato-de-ricardo-esparza-en-guanajuato\/","url_meta":{"origin":6846,"position":3},"title":"Exigen justicia a un a\u00f1o del asesinato de Ricardo Esparza en Guanajuato","author":"grieta","date":"19 noviembre, 2015","format":false,"excerpt":"Alejandra Guill\u00e9n El gobierno de Guanajuato tambi\u00e9n tiene una \u201cverdad hist\u00f3rica\u201d que desea imponer sobre la muerte de Ricardo Esparza Villegas, la cual se tambalea cuando su hermana Eunice acusa con la quijada apretada: \u201ca mi hermano lo mataron los polic\u00edas\u201d. Este lunes 19 de octubre se cumple un a\u00f1o\u2026","rel":"","context":"En &quot;CINTILLO&quot;","block_context":{"text":"CINTILLO","link":"https:\/\/www.grieta.org.mx\/index.php\/category\/cintillo\/"},"img":{"alt_text":"","src":"https:\/\/i0.wp.com\/www.grieta.org.mx\/wp-content\/uploads\/2018\/03\/14524434_1106112876131411_958039263622046936_o.jpg?resize=350%2C200&ssl=1","width":350,"height":200,"srcset":"https:\/\/i0.wp.com\/www.grieta.org.mx\/wp-content\/uploads\/2018\/03\/14524434_1106112876131411_958039263622046936_o.jpg?resize=350%2C200&ssl=1 1x, https:\/\/i0.wp.com\/www.grieta.org.mx\/wp-content\/uploads\/2018\/03\/14524434_1106112876131411_958039263622046936_o.jpg?resize=525%2C300&ssl=1 1.5x, https:\/\/i0.wp.com\/www.grieta.org.mx\/wp-content\/uploads\/2018\/03\/14524434_1106112876131411_958039263622046936_o.jpg?resize=700%2C400&ssl=1 2x"},"classes":[]},{"id":7760,"url":"https:\/\/www.grieta.org.mx\/index.php\/2015\/10\/19\/exigen-justicia-a-un-ano-del-asesinato-de-ricardo-esparza-estudiante-de-la-udeg-en-guanajuato\/","url_meta":{"origin":6846,"position":4},"title":"Exigen justicia a un a\u00f1o del asesinato de Ricardo Esparza, estudiante de la UdeG, en Guanajuato","author":"grieta","date":"19 octubre, 2015","format":false,"excerpt":"19\/10\/15. La impunidad que no terminaP\u00e1gina 24 Jalisco 19\/19\/15. Exigen justicia a un a\u00f1o del asesinato de Ricardo Esparza en GuanajuatoM\u00e1s por m\u00e1s Guadalajara 24\/10\/14. J\u00f3venes de Jalisco y Guanajuato se manifiestan para exigir justicia por el asesinato de Ricardo EsparzaLa Jornada","rel":"","context":"En &quot;Guanajuato&quot;","block_context":{"text":"Guanajuato","link":"https:\/\/www.grieta.org.mx\/index.php\/category\/noticias-nacionales\/guanajuato\/"},"img":{"alt_text":"","src":"https:\/\/i0.wp.com\/www.grieta.org.mx\/wp-content\/uploads\/2018\/03\/14524434_1106112876131411_958039263622046936_o.jpg?resize=350%2C200&ssl=1","width":350,"height":200,"srcset":"https:\/\/i0.wp.com\/www.grieta.org.mx\/wp-content\/uploads\/2018\/03\/14524434_1106112876131411_958039263622046936_o.jpg?resize=350%2C200&ssl=1 1x, https:\/\/i0.wp.com\/www.grieta.org.mx\/wp-content\/uploads\/2018\/03\/14524434_1106112876131411_958039263622046936_o.jpg?resize=525%2C300&ssl=1 1.5x, https:\/\/i0.wp.com\/www.grieta.org.mx\/wp-content\/uploads\/2018\/03\/14524434_1106112876131411_958039263622046936_o.jpg?resize=700%2C400&ssl=1 2x"},"classes":[]},{"id":5293,"url":"https:\/\/www.grieta.org.mx\/index.php\/2016\/06\/12\/movilizaciones-y-protestas\/","url_meta":{"origin":6846,"position":5},"title":"Movilizaciones y protestas en Guanajuato","author":"grieta","date":"12 junio, 2016","format":false,"excerpt":"24\/05\/16. Detienen a manifestantes tras protestar contra contaminaci\u00f3n industrial en la Le\u00f3n-San FranciscoZona Franca 04\/04\/2016. A pesar de protestas, la tala asciende a los 100 \u00e1rboles por obras del SIT en Le\u00f3nZona Franca 22\/03\/2016. Reprime polic\u00eda protesta de vecinos contra tala de \u00e1rboles por parte del municipio en Le\u00f3nZona Franca\u2026","rel":"","context":"En &quot;Guanajuato&quot;","block_context":{"text":"Guanajuato","link":"https:\/\/www.grieta.org.mx\/index.php\/category\/noticias-nacionales\/guanajuato\/"},"img":{"alt_text":"","src":"https:\/\/i0.wp.com\/www.grieta.org.mx\/wp-content\/uploads\/2018\/03\/14524434_1106112876131411_958039263622046936_o.jpg?resize=350%2C200&ssl=1","width":350,"height":200,"srcset":"https:\/\/i0.wp.com\/www.grieta.org.mx\/wp-content\/uploads\/2018\/03\/14524434_1106112876131411_958039263622046936_o.jpg?resize=350%2C200&ssl=1 1x, https:\/\/i0.wp.com\/www.grieta.org.mx\/wp-content\/uploads\/2018\/03\/14524434_1106112876131411_958039263622046936_o.jpg?resize=525%2C300&ssl=1 1.5x, https:\/\/i0.wp.com\/www.grieta.org.mx\/wp-content\/uploads\/2018\/03\/14524434_1106112876131411_958039263622046936_o.jpg?resize=700%2C400&ssl=1 2x"},"classes":[]}],"_links":{"self":[{"href":"https:\/\/www.grieta.org.mx\/index.php\/wp-json\/wp\/v2\/posts\/6846","targetHints":{"allow":["GET"]}}],"collection":[{"href":"https:\/\/www.grieta.org.mx\/index.php\/wp-json\/wp\/v2\/posts"}],"about":[{"href":"https:\/\/www.grieta.org.mx\/index.php\/wp-json\/wp\/v2\/types\/post"}],"author":[{"embeddable":true,"href":"https:\/\/www.grieta.org.mx\/index.php\/wp-json\/wp\/v2\/users\/2"}],"replies":[{"embeddable":true,"href":"https:\/\/www.grieta.org.mx\/index.php\/wp-json\/wp\/v2\/comments?post=6846"}],"version-history":[{"count":1,"href":"https:\/\/www.grieta.org.mx\/index.php\/wp-json\/wp\/v2\/posts\/6846\/revisions"}],"predecessor-version":[{"id":6860,"href":"https:\/\/www.grieta.org.mx\/index.php\/wp-json\/wp\/v2\/posts\/6846\/revisions\/6860"}],"wp:featuredmedia":[{"embeddable":true,"href":"https:\/\/www.grieta.org.mx\/index.php\/wp-json\/wp\/v2\/media\/21928"}],"wp:attachment":[{"href":"https:\/\/www.grieta.org.mx\/index.php\/wp-json\/wp\/v2\/media?parent=6846"}],"wp:term":[{"taxonomy":"category","embeddable":true,"href":"https:\/\/www.grieta.org.mx\/index.php\/wp-json\/wp\/v2\/categories?post=6846"},{"taxonomy":"post_tag","embeddable":true,"href":"https:\/\/www.grieta.org.mx\/index.php\/wp-json\/wp\/v2\/tags?post=6846"}],"curies":[{"name":"wp","href":"https:\/\/api.w.org\/{rel}","templated":true}]}}